{"id":24265,"date":"2022-08-06T08:26:43","date_gmt":"2022-08-06T06:26:43","guid":{"rendered":"https:\/\/www.article-marketing.eu\/comunicatistampa\/?p=24265"},"modified":"2022-08-04T10:29:06","modified_gmt":"2022-08-04T08:29:06","slug":"dimissioni-draghi-ed-elezioni-anticipate-leditoriale-di-giampiero-catone","status":"publish","type":"post","link":"https:\/\/www.article-marketing.eu\/comunicatistampa\/dimissioni-draghi-ed-elezioni-anticipate-leditoriale-di-giampiero-catone\/","title":{"rendered":"Dimissioni Draghi ed elezioni anticipate: l\u2019editoriale di Giampiero Catone"},"content":{"rendered":"<p><em><strong>Con le dimissioni di Mario Draghi da Presidente del Consiglio, il Presidente della Repubblica Sergio Mattarella ha sciolto le Camere rendendo concreta la possibilit\u00e0 di un voto anticipato. L&#8217;editoriale di <a title=\"Giampiero Catone: il profilo - crunchbase\" href=\"https:\/\/www.crunchbase.com\/person\/giampiero-catone\">Giampiero Catone<\/a>.<\/strong><\/em><\/p>\n<p><img loading=\"lazy\" decoding=\"async\" class=\"alignnone\" src=\"https:\/\/h2biz.net\/images\/Plats\/crop_min_20210708145718.jpg\" alt=\"Giampiero Catone\" width=\"120\" height=\"120\" \/><\/p>\n<h2>Giampiero Catone: &#8220;Camere sciolte, si torna al voto&#8221;<\/h2>\n<p>L&#8217;attuale incertezza geopolitica che aleggia sul nostro Paese dominer\u00e0 ancora per molto lo scenario nazionale e internazionale. <em>&#8220;Il premier Mario Draghi<\/em> &#8211; scrive <strong>Giampiero Catone<\/strong> &#8211; <em>ha provato a far vibrare ogni corda da quella di un Patto sociale all&#8217;appello e invito ai partiti ad essere &#8220;pronti&#8221;, per rilanciare la sua coalizione e il percorso di Governo. Non \u00e8 bastato e le Camere saranno sciolte&#8221;<\/em>. <em>&#8220;\u00c8 la fine<\/em> &#8211; aggiunge &#8211; <em>di esperienze di maggioranze parlamentari contraddittorie e in contrasto tra loro per programmi e idee politiche&#8221;<\/em>. Ora tocca agli italiani, che il 25 settembre dovranno tornare alle urne per esprimere le proprie preferenze. L&#8217;Italia sta vivendo un periodo complicato sotto diversi aspetti, <em>&#8220;per questo<\/em> &#8211; sottolinea <strong>Giampiero Catone<\/strong> &#8211; <em>si rende necessario un Esecutivo libero, autorevole che sappia programmare e decidere&#8221;<\/em>. Le priorit\u00e0 restano l&#8217;approvazione della Legge di Bilancio e le riforme ancora aperte. Con un confronto costruttivo tra forze sociali, sindacati, Confindustria e Associazioni di Categoria, avremmo l&#8217;occasione di valorizzare le riforme del lavoro e il Patto sociale proposto da Draghi, focalizzando l&#8217;attenzione sullo sviluppo del nostro Paese.<\/p>\n<h2>Giampiero Catone: &#8220;Creare un Governo che dia garanzie di concretezza e impegno&#8221;<\/h2>\n<p><em>&#8220;Su molte cose<\/em> &#8211; continua <strong>Giampiero Catone<\/strong> &#8211; <em>il premier Draghi ha avuto un ruolo decisivo, ad iniziare dalla sua leadership europea, dalla caratura dell&#8217;economista e dell&#8217;uomo a servizio delle istituzioni, va ringraziato per questo impegno, tenacia e coerenza&#8221;<\/em>. Come conseguenza dell&#8217;attuale crisi di governo, gli italiani saranno chiamati a votare anticipatamente il prossimo 25 settembre. Per la prima volta nella storia italiana le elezioni politiche si svolgeranno quindi in autunno. La domanda ora \u00e8 una sola, quale prospettiva politica avr\u00e0 il nostro Paese? <em>&#8220;L&#8217;Italia ha bisogno della esperienza di Draghi cos\u00ec come del ritorno al voto. Lo stesso presidente del Consiglio ne era consapevole. Non si pu\u00f2 mediare su tutto, non si pu\u00f2 far vivere un Governo sul filo degli ultimatum&#8221;<\/em>. <strong>Giampiero Catone<\/strong> conferma la necessit\u00e0 di <em>&#8220;rasserenare gli animi, affrontare il voto e dare vita ad un Governo che dia garanzie di concretezza e impegno&#8221;<\/em>. <em>&#8220;Possiamo e dobbiamo<\/em> &#8211; conclude &#8211; <em>aspirare al meglio senza egoismi, litigi e intemperanze. L&#8217;Italia merita dedizione e scelte che rispettino la volont\u00e0 e le aspirazioni dei cittadini&#8221;<\/em>.<\/p>\n","protected":false},"excerpt":{"rendered":"<p>Con le dimissioni di Mario Draghi da Presidente del Consiglio, il Presidente della Repubblica Sergio Mattarella ha sciolto le Camere rendendo concreta la possibilit\u00e0 di un voto anticipato. L&#8217;editoriale di Giampiero Catone. Giampiero Catone: &#8220;Camere sciolte, si torna al voto&#8221; L&#8217;attuale incertezza geopolitica che aleggia sul nostro Paese dominer\u00e0 ancora per molto lo scenario nazionale e internazionale. &#8220;Il premier Mario Draghi &#8211; scrive Giampiero Catone &#8211; ha provato a far<\/p>\n<p><a class=\"continue-reading\" href=\"https:\/\/www.article-marketing.eu\/comunicatistampa\/dimissioni-draghi-ed-elezioni-anticipate-leditoriale-di-giampiero-catone\/\">Continue reading&#8230;<\/a><\/p>\n","protected":false},"author":6477,"featured_media":0,"comment_status":"open","ping_status":"open","sticky":false,"template":"","format":"standard","meta":{"_monsterinsights_skip_tracking":false,"_monsterinsights_sitenote_active":false,"_monsterinsights_sitenote_note":"","_monsterinsights_sitenote_category":0,"footnotes":""},"categories":[361],"tags":[9329],"class_list":["post-24265","post","type-post","status-publish","format-standard","hentry","category-politica","tag-giampiero-catone"],"yoast_head":"<!-- This site is optimized with the Yoast SEO plugin v27.3 - https:\/\/yoast.com\/product\/yoast-seo-wordpress\/ -->\n<title>Dimissioni Draghi ed elezioni anticipate: l\u2019editoriale di Giampiero Catone<\/title>\n<meta name=\"robots\" content=\"index, follow, max-snippet:-1, max-image-preview:large, max-video-preview:-1\" \/>\n<link rel=\"canonical\" href=\"https:\/\/www.article-marketing.eu\/comunicatistampa\/dimissioni-draghi-ed-elezioni-anticipate-leditoriale-di-giampiero-catone\/\" \/>\n<meta property=\"og:locale\" content=\"it_IT\" \/>\n<meta property=\"og:type\" content=\"article\" \/>\n<meta property=\"og:title\" content=\"Dimissioni Draghi ed elezioni anticipate: l\u2019editoriale di Giampiero Catone\" \/>\n<meta property=\"og:description\" content=\"Con le dimissioni di Mario Draghi da Presidente del Consiglio, il Presidente della Repubblica Sergio Mattarella ha sciolto le Camere rendendo concreta la possibilit\u00e0 di un voto anticipato. L&#8217;editoriale di Giampiero Catone. Giampiero Catone: &#8220;Camere sciolte, si torna al voto&#8221; L&#8217;attuale incertezza geopolitica che aleggia sul nostro Paese dominer\u00e0 ancora per molto lo scenario nazionale e internazionale. &#8220;Il premier Mario Draghi &#8211; scrive Giampiero Catone &#8211; ha provato a farContinue reading...\" \/>\n<meta property=\"og:url\" content=\"https:\/\/www.article-marketing.eu\/comunicatistampa\/dimissioni-draghi-ed-elezioni-anticipate-leditoriale-di-giampiero-catone\/\" \/>\n<meta property=\"og:site_name\" content=\"Article Marketing\" \/>\n<meta property=\"article:published_time\" content=\"2022-08-06T06:26:43+00:00\" \/>\n<meta property=\"og:image\" content=\"https:\/\/h2biz.net\/images\/Plats\/crop_min_20210708145718.jpg\" \/>\n<meta name=\"author\" content=\"articolinews\" \/>\n<meta name=\"twitter:card\" content=\"summary_large_image\" \/>\n<meta name=\"twitter:label1\" content=\"Scritto da\" \/>\n\t<meta name=\"twitter:data1\" content=\"articolinews\" \/>\n\t<meta name=\"twitter:label2\" content=\"Tempo di lettura stimato\" \/>\n\t<meta name=\"twitter:data2\" content=\"3 minuti\" \/>\n<script type=\"application\/ld+json\" class=\"yoast-schema-graph\">{\"@context\":\"https:\\\/\\\/schema.org\",\"@graph\":[{\"@type\":\"Article\",\"@id\":\"https:\\\/\\\/www.article-marketing.eu\\\/comunicatistampa\\\/dimissioni-draghi-ed-elezioni-anticipate-leditoriale-di-giampiero-catone\\\/#article\",\"isPartOf\":{\"@id\":\"https:\\\/\\\/www.article-marketing.eu\\\/comunicatistampa\\\/dimissioni-draghi-ed-elezioni-anticipate-leditoriale-di-giampiero-catone\\\/\"},\"author\":{\"name\":\"articolinews\",\"@id\":\"https:\\\/\\\/www.article-marketing.eu\\\/comunicatistampa\\\/#\\\/schema\\\/person\\\/2fcaf8f8f3a9eef9eb7f27532d3ca458\"},\"headline\":\"Dimissioni Draghi ed elezioni anticipate: l\u2019editoriale di Giampiero Catone\",\"datePublished\":\"2022-08-06T06:26:43+00:00\",\"mainEntityOfPage\":{\"@id\":\"https:\\\/\\\/www.article-marketing.eu\\\/comunicatistampa\\\/dimissioni-draghi-ed-elezioni-anticipate-leditoriale-di-giampiero-catone\\\/\"},\"wordCount\":412,\"commentCount\":0,\"image\":{\"@id\":\"https:\\\/\\\/www.article-marketing.eu\\\/comunicatistampa\\\/dimissioni-draghi-ed-elezioni-anticipate-leditoriale-di-giampiero-catone\\\/#primaryimage\"},\"thumbnailUrl\":\"https:\\\/\\\/h2biz.net\\\/images\\\/Plats\\\/crop_min_20210708145718.jpg\",\"keywords\":[\"Giampiero Catone\"],\"articleSection\":[\"Politica\"],\"inLanguage\":\"it-IT\",\"potentialAction\":[{\"@type\":\"CommentAction\",\"name\":\"Comment\",\"target\":[\"https:\\\/\\\/www.article-marketing.eu\\\/comunicatistampa\\\/dimissioni-draghi-ed-elezioni-anticipate-leditoriale-di-giampiero-catone\\\/#respond\"]}]},{\"@type\":\"WebPage\",\"@id\":\"https:\\\/\\\/www.article-marketing.eu\\\/comunicatistampa\\\/dimissioni-draghi-ed-elezioni-anticipate-leditoriale-di-giampiero-catone\\\/\",\"url\":\"https:\\\/\\\/www.article-marketing.eu\\\/comunicatistampa\\\/dimissioni-draghi-ed-elezioni-anticipate-leditoriale-di-giampiero-catone\\\/\",\"name\":\"Dimissioni Draghi ed elezioni anticipate: l\u2019editoriale di Giampiero Catone\",\"isPartOf\":{\"@id\":\"https:\\\/\\\/www.article-marketing.eu\\\/comunicatistampa\\\/#website\"},\"primaryImageOfPage\":{\"@id\":\"https:\\\/\\\/www.article-marketing.eu\\\/comunicatistampa\\\/dimissioni-draghi-ed-elezioni-anticipate-leditoriale-di-giampiero-catone\\\/#primaryimage\"},\"image\":{\"@id\":\"https:\\\/\\\/www.article-marketing.eu\\\/comunicatistampa\\\/dimissioni-draghi-ed-elezioni-anticipate-leditoriale-di-giampiero-catone\\\/#primaryimage\"},\"thumbnailUrl\":\"https:\\\/\\\/h2biz.net\\\/images\\\/Plats\\\/crop_min_20210708145718.jpg\",\"datePublished\":\"2022-08-06T06:26:43+00:00\",\"author\":{\"@id\":\"https:\\\/\\\/www.article-marketing.eu\\\/comunicatistampa\\\/#\\\/schema\\\/person\\\/2fcaf8f8f3a9eef9eb7f27532d3ca458\"},\"breadcrumb\":{\"@id\":\"https:\\\/\\\/www.article-marketing.eu\\\/comunicatistampa\\\/dimissioni-draghi-ed-elezioni-anticipate-leditoriale-di-giampiero-catone\\\/#breadcrumb\"},\"inLanguage\":\"it-IT\",\"potentialAction\":[{\"@type\":\"ReadAction\",\"target\":[\"https:\\\/\\\/www.article-marketing.eu\\\/comunicatistampa\\\/dimissioni-draghi-ed-elezioni-anticipate-leditoriale-di-giampiero-catone\\\/\"]}]},{\"@type\":\"ImageObject\",\"inLanguage\":\"it-IT\",\"@id\":\"https:\\\/\\\/www.article-marketing.eu\\\/comunicatistampa\\\/dimissioni-draghi-ed-elezioni-anticipate-leditoriale-di-giampiero-catone\\\/#primaryimage\",\"url\":\"https:\\\/\\\/h2biz.net\\\/images\\\/Plats\\\/crop_min_20210708145718.jpg\",\"contentUrl\":\"https:\\\/\\\/h2biz.net\\\/images\\\/Plats\\\/crop_min_20210708145718.jpg\"},{\"@type\":\"BreadcrumbList\",\"@id\":\"https:\\\/\\\/www.article-marketing.eu\\\/comunicatistampa\\\/dimissioni-draghi-ed-elezioni-anticipate-leditoriale-di-giampiero-catone\\\/#breadcrumb\",\"itemListElement\":[{\"@type\":\"ListItem\",\"position\":1,\"name\":\"Home\",\"item\":\"https:\\\/\\\/www.article-marketing.eu\\\/comunicatistampa\\\/\"},{\"@type\":\"ListItem\",\"position\":2,\"name\":\"Dimissioni Draghi ed elezioni anticipate: l\u2019editoriale di Giampiero Catone\"}]},{\"@type\":\"WebSite\",\"@id\":\"https:\\\/\\\/www.article-marketing.eu\\\/comunicatistampa\\\/#website\",\"url\":\"https:\\\/\\\/www.article-marketing.eu\\\/comunicatistampa\\\/\",\"name\":\"Article Marketing\",\"description\":\"article marketing &amp; press release\",\"potentialAction\":[{\"@type\":\"SearchAction\",\"target\":{\"@type\":\"EntryPoint\",\"urlTemplate\":\"https:\\\/\\\/www.article-marketing.eu\\\/comunicatistampa\\\/?s={search_term_string}\"},\"query-input\":{\"@type\":\"PropertyValueSpecification\",\"valueRequired\":true,\"valueName\":\"search_term_string\"}}],\"inLanguage\":\"it-IT\"},{\"@type\":\"Person\",\"@id\":\"https:\\\/\\\/www.article-marketing.eu\\\/comunicatistampa\\\/#\\\/schema\\\/person\\\/2fcaf8f8f3a9eef9eb7f27532d3ca458\",\"name\":\"articolinews\",\"image\":{\"@type\":\"ImageObject\",\"inLanguage\":\"it-IT\",\"@id\":\"https:\\\/\\\/secure.gravatar.com\\\/avatar\\\/9e2a264bab04e17dea24d937c9956304649a848cb73c46747a692ff1bdeb1cb7?s=96&d=mm&r=g\",\"url\":\"https:\\\/\\\/secure.gravatar.com\\\/avatar\\\/9e2a264bab04e17dea24d937c9956304649a848cb73c46747a692ff1bdeb1cb7?s=96&d=mm&r=g\",\"contentUrl\":\"https:\\\/\\\/secure.gravatar.com\\\/avatar\\\/9e2a264bab04e17dea24d937c9956304649a848cb73c46747a692ff1bdeb1cb7?s=96&d=mm&r=g\",\"caption\":\"articolinews\"},\"url\":\"https:\\\/\\\/www.article-marketing.eu\\\/comunicatistampa\\\/author\\\/articolinews\\\/\"}]}<\/script>\n<!-- \/ Yoast SEO plugin. -->","yoast_head_json":{"title":"Dimissioni Draghi ed elezioni anticipate: l\u2019editoriale di Giampiero Catone","robots":{"index":"index","follow":"follow","max-snippet":"max-snippet:-1","max-image-preview":"max-image-preview:large","max-video-preview":"max-video-preview:-1"},"canonical":"https:\/\/www.article-marketing.eu\/comunicatistampa\/dimissioni-draghi-ed-elezioni-anticipate-leditoriale-di-giampiero-catone\/","og_locale":"it_IT","og_type":"article","og_title":"Dimissioni Draghi ed elezioni anticipate: l\u2019editoriale di Giampiero Catone","og_description":"Con le dimissioni di Mario Draghi da Presidente del Consiglio, il Presidente della Repubblica Sergio Mattarella ha sciolto le Camere rendendo concreta la possibilit\u00e0 di un voto anticipato. L&#8217;editoriale di Giampiero Catone. Giampiero Catone: &#8220;Camere sciolte, si torna al voto&#8221; L&#8217;attuale incertezza geopolitica che aleggia sul nostro Paese dominer\u00e0 ancora per molto lo scenario nazionale e internazionale. &#8220;Il premier Mario Draghi &#8211; scrive Giampiero Catone &#8211; ha provato a farContinue reading...","og_url":"https:\/\/www.article-marketing.eu\/comunicatistampa\/dimissioni-draghi-ed-elezioni-anticipate-leditoriale-di-giampiero-catone\/","og_site_name":"Article Marketing","article_published_time":"2022-08-06T06:26:43+00:00","og_image":[{"url":"https:\/\/h2biz.net\/images\/Plats\/crop_min_20210708145718.jpg","type":"","width":"","height":""}],"author":"articolinews","twitter_card":"summary_large_image","twitter_misc":{"Scritto da":"articolinews","Tempo di lettura stimato":"3 minuti"},"schema":{"@context":"https:\/\/schema.org","@graph":[{"@type":"Article","@id":"https:\/\/www.article-marketing.eu\/comunicatistampa\/dimissioni-draghi-ed-elezioni-anticipate-leditoriale-di-giampiero-catone\/#article","isPartOf":{"@id":"https:\/\/www.article-marketing.eu\/comunicatistampa\/dimissioni-draghi-ed-elezioni-anticipate-leditoriale-di-giampiero-catone\/"},"author":{"name":"articolinews","@id":"https:\/\/www.article-marketing.eu\/comunicatistampa\/#\/schema\/person\/2fcaf8f8f3a9eef9eb7f27532d3ca458"},"headline":"Dimissioni Draghi ed elezioni anticipate: l\u2019editoriale di Giampiero Catone","datePublished":"2022-08-06T06:26:43+00:00","mainEntityOfPage":{"@id":"https:\/\/www.article-marketing.eu\/comunicatistampa\/dimissioni-draghi-ed-elezioni-anticipate-leditoriale-di-giampiero-catone\/"},"wordCount":412,"commentCount":0,"image":{"@id":"https:\/\/www.article-marketing.eu\/comunicatistampa\/dimissioni-draghi-ed-elezioni-anticipate-leditoriale-di-giampiero-catone\/#primaryimage"},"thumbnailUrl":"https:\/\/h2biz.net\/images\/Plats\/crop_min_20210708145718.jpg","keywords":["Giampiero Catone"],"articleSection":["Politica"],"inLanguage":"it-IT","potentialAction":[{"@type":"CommentAction","name":"Comment","target":["https:\/\/www.article-marketing.eu\/comunicatistampa\/dimissioni-draghi-ed-elezioni-anticipate-leditoriale-di-giampiero-catone\/#respond"]}]},{"@type":"WebPage","@id":"https:\/\/www.article-marketing.eu\/comunicatistampa\/dimissioni-draghi-ed-elezioni-anticipate-leditoriale-di-giampiero-catone\/","url":"https:\/\/www.article-marketing.eu\/comunicatistampa\/dimissioni-draghi-ed-elezioni-anticipate-leditoriale-di-giampiero-catone\/","name":"Dimissioni Draghi ed elezioni anticipate: l\u2019editoriale di Giampiero Catone","isPartOf":{"@id":"https:\/\/www.article-marketing.eu\/comunicatistampa\/#website"},"primaryImageOfPage":{"@id":"https:\/\/www.article-marketing.eu\/comunicatistampa\/dimissioni-draghi-ed-elezioni-anticipate-leditoriale-di-giampiero-catone\/#primaryimage"},"image":{"@id":"https:\/\/www.article-marketing.eu\/comunicatistampa\/dimissioni-draghi-ed-elezioni-anticipate-leditoriale-di-giampiero-catone\/#primaryimage"},"thumbnailUrl":"https:\/\/h2biz.net\/images\/Plats\/crop_min_20210708145718.jpg","datePublished":"2022-08-06T06:26:43+00:00","author":{"@id":"https:\/\/www.article-marketing.eu\/comunicatistampa\/#\/schema\/person\/2fcaf8f8f3a9eef9eb7f27532d3ca458"},"breadcrumb":{"@id":"https:\/\/www.article-marketing.eu\/comunicatistampa\/dimissioni-draghi-ed-elezioni-anticipate-leditoriale-di-giampiero-catone\/#breadcrumb"},"inLanguage":"it-IT","potentialAction":[{"@type":"ReadAction","target":["https:\/\/www.article-marketing.eu\/comunicatistampa\/dimissioni-draghi-ed-elezioni-anticipate-leditoriale-di-giampiero-catone\/"]}]},{"@type":"ImageObject","inLanguage":"it-IT","@id":"https:\/\/www.article-marketing.eu\/comunicatistampa\/dimissioni-draghi-ed-elezioni-anticipate-leditoriale-di-giampiero-catone\/#primaryimage","url":"https:\/\/h2biz.net\/images\/Plats\/crop_min_20210708145718.jpg","contentUrl":"https:\/\/h2biz.net\/images\/Plats\/crop_min_20210708145718.jpg"},{"@type":"BreadcrumbList","@id":"https:\/\/www.article-marketing.eu\/comunicatistampa\/dimissioni-draghi-ed-elezioni-anticipate-leditoriale-di-giampiero-catone\/#breadcrumb","itemListElement":[{"@type":"ListItem","position":1,"name":"Home","item":"https:\/\/www.article-marketing.eu\/comunicatistampa\/"},{"@type":"ListItem","position":2,"name":"Dimissioni Draghi ed elezioni anticipate: l\u2019editoriale di Giampiero Catone"}]},{"@type":"WebSite","@id":"https:\/\/www.article-marketing.eu\/comunicatistampa\/#website","url":"https:\/\/www.article-marketing.eu\/comunicatistampa\/","name":"Article Marketing","description":"article marketing &amp; press release","potentialAction":[{"@type":"SearchAction","target":{"@type":"EntryPoint","urlTemplate":"https:\/\/www.article-marketing.eu\/comunicatistampa\/?s={search_term_string}"},"query-input":{"@type":"PropertyValueSpecification","valueRequired":true,"valueName":"search_term_string"}}],"inLanguage":"it-IT"},{"@type":"Person","@id":"https:\/\/www.article-marketing.eu\/comunicatistampa\/#\/schema\/person\/2fcaf8f8f3a9eef9eb7f27532d3ca458","name":"articolinews","image":{"@type":"ImageObject","inLanguage":"it-IT","@id":"https:\/\/secure.gravatar.com\/avatar\/9e2a264bab04e17dea24d937c9956304649a848cb73c46747a692ff1bdeb1cb7?s=96&d=mm&r=g","url":"https:\/\/secure.gravatar.com\/avatar\/9e2a264bab04e17dea24d937c9956304649a848cb73c46747a692ff1bdeb1cb7?s=96&d=mm&r=g","contentUrl":"https:\/\/secure.gravatar.com\/avatar\/9e2a264bab04e17dea24d937c9956304649a848cb73c46747a692ff1bdeb1cb7?s=96&d=mm&r=g","caption":"articolinews"},"url":"https:\/\/www.article-marketing.eu\/comunicatistampa\/author\/articolinews\/"}]}},"_links":{"self":[{"href":"https:\/\/www.article-marketing.eu\/comunicatistampa\/wp-json\/wp\/v2\/posts\/24265","targetHints":{"allow":["GET"]}}],"collection":[{"href":"https:\/\/www.article-marketing.eu\/comunicatistampa\/wp-json\/wp\/v2\/posts"}],"about":[{"href":"https:\/\/www.article-marketing.eu\/comunicatistampa\/wp-json\/wp\/v2\/types\/post"}],"author":[{"embeddable":true,"href":"https:\/\/www.article-marketing.eu\/comunicatistampa\/wp-json\/wp\/v2\/users\/6477"}],"replies":[{"embeddable":true,"href":"https:\/\/www.article-marketing.eu\/comunicatistampa\/wp-json\/wp\/v2\/comments?post=24265"}],"version-history":[{"count":3,"href":"https:\/\/www.article-marketing.eu\/comunicatistampa\/wp-json\/wp\/v2\/posts\/24265\/revisions"}],"predecessor-version":[{"id":24322,"href":"https:\/\/www.article-marketing.eu\/comunicatistampa\/wp-json\/wp\/v2\/posts\/24265\/revisions\/24322"}],"wp:attachment":[{"href":"https:\/\/www.article-marketing.eu\/comunicatistampa\/wp-json\/wp\/v2\/media?parent=24265"}],"wp:term":[{"taxonomy":"category","embeddable":true,"href":"https:\/\/www.article-marketing.eu\/comunicatistampa\/wp-json\/wp\/v2\/categories?post=24265"},{"taxonomy":"post_tag","embeddable":true,"href":"https:\/\/www.article-marketing.eu\/comunicatistampa\/wp-json\/wp\/v2\/tags?post=24265"}],"curies":[{"name":"wp","href":"https:\/\/api.w.org\/{rel}","templated":true}]}}