{"id":24273,"date":"2022-08-06T10:26:54","date_gmt":"2022-08-06T08:26:54","guid":{"rendered":"https:\/\/www.article-marketing.eu\/comunicatistampa\/?p=24273"},"modified":"2022-08-04T10:27:38","modified_gmt":"2022-08-04T08:27:38","slug":"ares-ambiente-tra-i-protagonisti-di-waste-management-europe-2022","status":"publish","type":"post","link":"https:\/\/www.article-marketing.eu\/comunicatistampa\/ares-ambiente-tra-i-protagonisti-di-waste-management-europe-2022\/","title":{"rendered":"Ares Ambiente tra i protagonisti di Waste Management Europe 2022"},"content":{"rendered":"<p><em><strong>A Bergamo un evento dedicato a rifiuti ed economia circolare. Eccellenza italiana del settore, <a title=\"Ares Ambiente: le attivit\u00e0 - Business Post\" href=\"https:\/\/www.businesspost.eu\/tag\/ares-ambiente\/\">Ares Ambiente<\/a> offre servizi di smaltimento, recupero e trasporto di rifiuti pericolosi e non pericolosi, oltre ad essere attiva nella gestione degli impianti autorizzati.<\/strong><\/em><\/p>\n<p><img loading=\"lazy\" decoding=\"async\" class=\"alignnone\" src=\"https:\/\/www.businesspost.eu\/wp-content\/uploads\/2022\/05\/ares-ambiente-1-360x227.jpg\" alt=\"Ares Ambiente\" width=\"120\" height=\"227\" \/><\/p>\n<h2>Ares Ambiente: Waste Management Europe, gli obiettivi dell&#8217;evento<\/h2>\n<p><strong>Ares Ambiente<\/strong> \u00e8 una delle 200 aziende che dal 21 al 23 giugno scorsi hanno preso parte attivamente alla prima edizione della Waste Management Europe Exhibition &amp; Conference. Tenutasi negli spazi della Fiera di Bergamo, l&#8217;evento nasce come momento di incontro per tutta l&#8217;industria della gestione dei rifiuti, con un focus su tecnologie e soluzioni integrate nell&#8217;ambito dell&#8217;economia circolare. Quella dei rifiuti \u00e8 una delle sfide pi\u00f9 complesse del prossimo futuro: secondo le stime pi\u00f9 recenti della World Bank, entro il 2050 la popolazione mondiale produrr\u00e0 il 70% dei rifiuti solidi in pi\u00f9 rispetto alla produzione attuale. Da sempre attenta all&#8217;evoluzione del settore dei rifiuti e ai temi della sostenibilit\u00e0, <strong>Ares Ambiente<\/strong> non poteva mancare all&#8217;iniziativa. Nello stand dell&#8217;azienda i circa 8mila visitatori, italiani e internazionali, hanno avuto l&#8217;opportunit\u00e0 di conoscere le sue attivit\u00e0 e soprattutto l&#8217;impegno in tema di ambiente, abbattimento delle emissioni di CO2 e riciclo del materiale esausto.<\/p>\n<h2>Ares Ambiente: storia ed evoluzione di un&#8217;eccellenza<\/h2>\n<p>Fondata nel 2008 a Treviolo (BG) su iniziativa di <strong>Marco Nicola Domizio<\/strong>, imprenditore esperto nel settore, <strong>Ares Ambiente<\/strong> \u00e8 riuscita in breve tempo a imporsi come punto di riferimento nazionale nel settore dell&#8217;intermediazione dei rifiuti, arrivando a fornire soluzioni per il trattamento di oltre 800 codici CER\/EER. Oltre ad essere attiva su tutto il territorio nazionale nello smaltimento, recupero e trasporto, l&#8217;azienda \u00e8 specializzata anche nella gestione di impianti autorizzati. Qualit\u00e0 (UNI EN ISO 9001:2015), Ambiente (UNI EN ISO 14001:2015 e Regolamento Europeo EMAS), Sicurezza (UNI ISO 45001:2018) e Responsabilit\u00e0 Sociale (SA 8000:2014) sono solo alcune delle numerose certificazioni che testimoniano un percorso fondato su efficienza e trasparenza. Iter che non ha tardato a produrre risultati anche sul fronte economico. Negli ultimi anni, nonostante la pandemia, <strong>Ares Ambiente<\/strong> \u00e8 stata protagonista di un trend di crescita evidenziato anche dal quotidiano &#8220;LombardiaPost&#8221;, che lo scorso anno ha inserito la realt\u00e0 fondata da <strong>Marco Domizio<\/strong> nella classifica delle aziende &#8220;Best Performer&#8221; della provincia di Bergamo.<\/p>\n","protected":false},"excerpt":{"rendered":"<p>A Bergamo un evento dedicato a rifiuti ed economia circolare. Eccellenza italiana del settore, Ares Ambiente offre servizi di smaltimento, recupero e trasporto di rifiuti pericolosi e non pericolosi, oltre ad essere attiva nella gestione degli impianti autorizzati. Ares Ambiente: Waste Management Europe, gli obiettivi dell&#8217;evento Ares Ambiente \u00e8 una delle 200 aziende che dal 21 al 23 giugno scorsi hanno preso parte attivamente alla prima edizione della Waste Management<\/p>\n<p><a class=\"continue-reading\" href=\"https:\/\/www.article-marketing.eu\/comunicatistampa\/ares-ambiente-tra-i-protagonisti-di-waste-management-europe-2022\/\">Continue reading&#8230;<\/a><\/p>\n","protected":false},"author":6477,"featured_media":0,"comment_status":"open","ping_status":"open","sticky":false,"template":"","format":"standard","meta":{"_monsterinsights_skip_tracking":false,"_monsterinsights_sitenote_active":false,"_monsterinsights_sitenote_note":"","_monsterinsights_sitenote_category":0,"footnotes":""},"categories":[388],"tags":[9165],"class_list":["post-24273","post","type-post","status-publish","format-standard","hentry","category-aziende","tag-ares-ambiente"],"yoast_head":"<!-- This site is optimized with the Yoast SEO plugin v27.3 - https:\/\/yoast.com\/product\/yoast-seo-wordpress\/ -->\n<title>Ares Ambiente tra i protagonisti di Waste Management Europe 2022<\/title>\n<meta name=\"robots\" content=\"index, follow, max-snippet:-1, max-image-preview:large, max-video-preview:-1\" \/>\n<link rel=\"canonical\" href=\"https:\/\/www.article-marketing.eu\/comunicatistampa\/ares-ambiente-tra-i-protagonisti-di-waste-management-europe-2022\/\" \/>\n<meta property=\"og:locale\" content=\"it_IT\" \/>\n<meta property=\"og:type\" content=\"article\" \/>\n<meta property=\"og:title\" content=\"Ares Ambiente tra i protagonisti di Waste Management Europe 2022\" \/>\n<meta property=\"og:description\" content=\"A Bergamo un evento dedicato a rifiuti ed economia circolare. Eccellenza italiana del settore, Ares Ambiente offre servizi di smaltimento, recupero e trasporto di rifiuti pericolosi e non pericolosi, oltre ad essere attiva nella gestione degli impianti autorizzati. Ares Ambiente: Waste Management Europe, gli obiettivi dell&#8217;evento Ares Ambiente \u00e8 una delle 200 aziende che dal 21 al 23 giugno scorsi hanno preso parte attivamente alla prima edizione della Waste ManagementContinue reading...\" \/>\n<meta property=\"og:url\" content=\"https:\/\/www.article-marketing.eu\/comunicatistampa\/ares-ambiente-tra-i-protagonisti-di-waste-management-europe-2022\/\" \/>\n<meta property=\"og:site_name\" content=\"Article Marketing\" \/>\n<meta property=\"article:published_time\" content=\"2022-08-06T08:26:54+00:00\" \/>\n<meta property=\"og:image\" content=\"https:\/\/www.businesspost.eu\/wp-content\/uploads\/2022\/05\/ares-ambiente-1-360x227.jpg\" \/>\n<meta name=\"author\" content=\"articolinews\" \/>\n<meta name=\"twitter:card\" content=\"summary_large_image\" \/>\n<meta name=\"twitter:label1\" content=\"Scritto da\" \/>\n\t<meta name=\"twitter:data1\" content=\"articolinews\" \/>\n\t<meta name=\"twitter:label2\" content=\"Tempo di lettura stimato\" \/>\n\t<meta name=\"twitter:data2\" content=\"3 minuti\" \/>\n<script type=\"application\/ld+json\" class=\"yoast-schema-graph\">{\"@context\":\"https:\\\/\\\/schema.org\",\"@graph\":[{\"@type\":\"Article\",\"@id\":\"https:\\\/\\\/www.article-marketing.eu\\\/comunicatistampa\\\/ares-ambiente-tra-i-protagonisti-di-waste-management-europe-2022\\\/#article\",\"isPartOf\":{\"@id\":\"https:\\\/\\\/www.article-marketing.eu\\\/comunicatistampa\\\/ares-ambiente-tra-i-protagonisti-di-waste-management-europe-2022\\\/\"},\"author\":{\"name\":\"articolinews\",\"@id\":\"https:\\\/\\\/www.article-marketing.eu\\\/comunicatistampa\\\/#\\\/schema\\\/person\\\/2fcaf8f8f3a9eef9eb7f27532d3ca458\"},\"headline\":\"Ares Ambiente tra i protagonisti di Waste Management Europe 2022\",\"datePublished\":\"2022-08-06T08:26:54+00:00\",\"mainEntityOfPage\":{\"@id\":\"https:\\\/\\\/www.article-marketing.eu\\\/comunicatistampa\\\/ares-ambiente-tra-i-protagonisti-di-waste-management-europe-2022\\\/\"},\"wordCount\":361,\"commentCount\":0,\"image\":{\"@id\":\"https:\\\/\\\/www.article-marketing.eu\\\/comunicatistampa\\\/ares-ambiente-tra-i-protagonisti-di-waste-management-europe-2022\\\/#primaryimage\"},\"thumbnailUrl\":\"https:\\\/\\\/www.businesspost.eu\\\/wp-content\\\/uploads\\\/2022\\\/05\\\/ares-ambiente-1-360x227.jpg\",\"keywords\":[\"Ares Ambiente\"],\"articleSection\":[\"Aziende\"],\"inLanguage\":\"it-IT\",\"potentialAction\":[{\"@type\":\"CommentAction\",\"name\":\"Comment\",\"target\":[\"https:\\\/\\\/www.article-marketing.eu\\\/comunicatistampa\\\/ares-ambiente-tra-i-protagonisti-di-waste-management-europe-2022\\\/#respond\"]}]},{\"@type\":\"WebPage\",\"@id\":\"https:\\\/\\\/www.article-marketing.eu\\\/comunicatistampa\\\/ares-ambiente-tra-i-protagonisti-di-waste-management-europe-2022\\\/\",\"url\":\"https:\\\/\\\/www.article-marketing.eu\\\/comunicatistampa\\\/ares-ambiente-tra-i-protagonisti-di-waste-management-europe-2022\\\/\",\"name\":\"Ares Ambiente tra i protagonisti di Waste Management Europe 2022\",\"isPartOf\":{\"@id\":\"https:\\\/\\\/www.article-marketing.eu\\\/comunicatistampa\\\/#website\"},\"primaryImageOfPage\":{\"@id\":\"https:\\\/\\\/www.article-marketing.eu\\\/comunicatistampa\\\/ares-ambiente-tra-i-protagonisti-di-waste-management-europe-2022\\\/#primaryimage\"},\"image\":{\"@id\":\"https:\\\/\\\/www.article-marketing.eu\\\/comunicatistampa\\\/ares-ambiente-tra-i-protagonisti-di-waste-management-europe-2022\\\/#primaryimage\"},\"thumbnailUrl\":\"https:\\\/\\\/www.businesspost.eu\\\/wp-content\\\/uploads\\\/2022\\\/05\\\/ares-ambiente-1-360x227.jpg\",\"datePublished\":\"2022-08-06T08:26:54+00:00\",\"author\":{\"@id\":\"https:\\\/\\\/www.article-marketing.eu\\\/comunicatistampa\\\/#\\\/schema\\\/person\\\/2fcaf8f8f3a9eef9eb7f27532d3ca458\"},\"breadcrumb\":{\"@id\":\"https:\\\/\\\/www.article-marketing.eu\\\/comunicatistampa\\\/ares-ambiente-tra-i-protagonisti-di-waste-management-europe-2022\\\/#breadcrumb\"},\"inLanguage\":\"it-IT\",\"potentialAction\":[{\"@type\":\"ReadAction\",\"target\":[\"https:\\\/\\\/www.article-marketing.eu\\\/comunicatistampa\\\/ares-ambiente-tra-i-protagonisti-di-waste-management-europe-2022\\\/\"]}]},{\"@type\":\"ImageObject\",\"inLanguage\":\"it-IT\",\"@id\":\"https:\\\/\\\/www.article-marketing.eu\\\/comunicatistampa\\\/ares-ambiente-tra-i-protagonisti-di-waste-management-europe-2022\\\/#primaryimage\",\"url\":\"https:\\\/\\\/www.businesspost.eu\\\/wp-content\\\/uploads\\\/2022\\\/05\\\/ares-ambiente-1-360x227.jpg\",\"contentUrl\":\"https:\\\/\\\/www.businesspost.eu\\\/wp-content\\\/uploads\\\/2022\\\/05\\\/ares-ambiente-1-360x227.jpg\"},{\"@type\":\"BreadcrumbList\",\"@id\":\"https:\\\/\\\/www.article-marketing.eu\\\/comunicatistampa\\\/ares-ambiente-tra-i-protagonisti-di-waste-management-europe-2022\\\/#breadcrumb\",\"itemListElement\":[{\"@type\":\"ListItem\",\"position\":1,\"name\":\"Home\",\"item\":\"https:\\\/\\\/www.article-marketing.eu\\\/comunicatistampa\\\/\"},{\"@type\":\"ListItem\",\"position\":2,\"name\":\"Ares Ambiente tra i protagonisti di Waste Management Europe 2022\"}]},{\"@type\":\"WebSite\",\"@id\":\"https:\\\/\\\/www.article-marketing.eu\\\/comunicatistampa\\\/#website\",\"url\":\"https:\\\/\\\/www.article-marketing.eu\\\/comunicatistampa\\\/\",\"name\":\"Article Marketing\",\"description\":\"article marketing &amp; press release\",\"potentialAction\":[{\"@type\":\"SearchAction\",\"target\":{\"@type\":\"EntryPoint\",\"urlTemplate\":\"https:\\\/\\\/www.article-marketing.eu\\\/comunicatistampa\\\/?s={search_term_string}\"},\"query-input\":{\"@type\":\"PropertyValueSpecification\",\"valueRequired\":true,\"valueName\":\"search_term_string\"}}],\"inLanguage\":\"it-IT\"},{\"@type\":\"Person\",\"@id\":\"https:\\\/\\\/www.article-marketing.eu\\\/comunicatistampa\\\/#\\\/schema\\\/person\\\/2fcaf8f8f3a9eef9eb7f27532d3ca458\",\"name\":\"articolinews\",\"image\":{\"@type\":\"ImageObject\",\"inLanguage\":\"it-IT\",\"@id\":\"https:\\\/\\\/secure.gravatar.com\\\/avatar\\\/9e2a264bab04e17dea24d937c9956304649a848cb73c46747a692ff1bdeb1cb7?s=96&d=mm&r=g\",\"url\":\"https:\\\/\\\/secure.gravatar.com\\\/avatar\\\/9e2a264bab04e17dea24d937c9956304649a848cb73c46747a692ff1bdeb1cb7?s=96&d=mm&r=g\",\"contentUrl\":\"https:\\\/\\\/secure.gravatar.com\\\/avatar\\\/9e2a264bab04e17dea24d937c9956304649a848cb73c46747a692ff1bdeb1cb7?s=96&d=mm&r=g\",\"caption\":\"articolinews\"},\"url\":\"https:\\\/\\\/www.article-marketing.eu\\\/comunicatistampa\\\/author\\\/articolinews\\\/\"}]}<\/script>\n<!-- \/ Yoast SEO plugin. -->","yoast_head_json":{"title":"Ares Ambiente tra i protagonisti di Waste Management Europe 2022","robots":{"index":"index","follow":"follow","max-snippet":"max-snippet:-1","max-image-preview":"max-image-preview:large","max-video-preview":"max-video-preview:-1"},"canonical":"https:\/\/www.article-marketing.eu\/comunicatistampa\/ares-ambiente-tra-i-protagonisti-di-waste-management-europe-2022\/","og_locale":"it_IT","og_type":"article","og_title":"Ares Ambiente tra i protagonisti di Waste Management Europe 2022","og_description":"A Bergamo un evento dedicato a rifiuti ed economia circolare. Eccellenza italiana del settore, Ares Ambiente offre servizi di smaltimento, recupero e trasporto di rifiuti pericolosi e non pericolosi, oltre ad essere attiva nella gestione degli impianti autorizzati. Ares Ambiente: Waste Management Europe, gli obiettivi dell&#8217;evento Ares Ambiente \u00e8 una delle 200 aziende che dal 21 al 23 giugno scorsi hanno preso parte attivamente alla prima edizione della Waste ManagementContinue reading...","og_url":"https:\/\/www.article-marketing.eu\/comunicatistampa\/ares-ambiente-tra-i-protagonisti-di-waste-management-europe-2022\/","og_site_name":"Article Marketing","article_published_time":"2022-08-06T08:26:54+00:00","og_image":[{"url":"https:\/\/www.businesspost.eu\/wp-content\/uploads\/2022\/05\/ares-ambiente-1-360x227.jpg","type":"","width":"","height":""}],"author":"articolinews","twitter_card":"summary_large_image","twitter_misc":{"Scritto da":"articolinews","Tempo di lettura stimato":"3 minuti"},"schema":{"@context":"https:\/\/schema.org","@graph":[{"@type":"Article","@id":"https:\/\/www.article-marketing.eu\/comunicatistampa\/ares-ambiente-tra-i-protagonisti-di-waste-management-europe-2022\/#article","isPartOf":{"@id":"https:\/\/www.article-marketing.eu\/comunicatistampa\/ares-ambiente-tra-i-protagonisti-di-waste-management-europe-2022\/"},"author":{"name":"articolinews","@id":"https:\/\/www.article-marketing.eu\/comunicatistampa\/#\/schema\/person\/2fcaf8f8f3a9eef9eb7f27532d3ca458"},"headline":"Ares Ambiente tra i protagonisti di Waste Management Europe 2022","datePublished":"2022-08-06T08:26:54+00:00","mainEntityOfPage":{"@id":"https:\/\/www.article-marketing.eu\/comunicatistampa\/ares-ambiente-tra-i-protagonisti-di-waste-management-europe-2022\/"},"wordCount":361,"commentCount":0,"image":{"@id":"https:\/\/www.article-marketing.eu\/comunicatistampa\/ares-ambiente-tra-i-protagonisti-di-waste-management-europe-2022\/#primaryimage"},"thumbnailUrl":"https:\/\/www.businesspost.eu\/wp-content\/uploads\/2022\/05\/ares-ambiente-1-360x227.jpg","keywords":["Ares Ambiente"],"articleSection":["Aziende"],"inLanguage":"it-IT","potentialAction":[{"@type":"CommentAction","name":"Comment","target":["https:\/\/www.article-marketing.eu\/comunicatistampa\/ares-ambiente-tra-i-protagonisti-di-waste-management-europe-2022\/#respond"]}]},{"@type":"WebPage","@id":"https:\/\/www.article-marketing.eu\/comunicatistampa\/ares-ambiente-tra-i-protagonisti-di-waste-management-europe-2022\/","url":"https:\/\/www.article-marketing.eu\/comunicatistampa\/ares-ambiente-tra-i-protagonisti-di-waste-management-europe-2022\/","name":"Ares Ambiente tra i protagonisti di Waste Management Europe 2022","isPartOf":{"@id":"https:\/\/www.article-marketing.eu\/comunicatistampa\/#website"},"primaryImageOfPage":{"@id":"https:\/\/www.article-marketing.eu\/comunicatistampa\/ares-ambiente-tra-i-protagonisti-di-waste-management-europe-2022\/#primaryimage"},"image":{"@id":"https:\/\/www.article-marketing.eu\/comunicatistampa\/ares-ambiente-tra-i-protagonisti-di-waste-management-europe-2022\/#primaryimage"},"thumbnailUrl":"https:\/\/www.businesspost.eu\/wp-content\/uploads\/2022\/05\/ares-ambiente-1-360x227.jpg","datePublished":"2022-08-06T08:26:54+00:00","author":{"@id":"https:\/\/www.article-marketing.eu\/comunicatistampa\/#\/schema\/person\/2fcaf8f8f3a9eef9eb7f27532d3ca458"},"breadcrumb":{"@id":"https:\/\/www.article-marketing.eu\/comunicatistampa\/ares-ambiente-tra-i-protagonisti-di-waste-management-europe-2022\/#breadcrumb"},"inLanguage":"it-IT","potentialAction":[{"@type":"ReadAction","target":["https:\/\/www.article-marketing.eu\/comunicatistampa\/ares-ambiente-tra-i-protagonisti-di-waste-management-europe-2022\/"]}]},{"@type":"ImageObject","inLanguage":"it-IT","@id":"https:\/\/www.article-marketing.eu\/comunicatistampa\/ares-ambiente-tra-i-protagonisti-di-waste-management-europe-2022\/#primaryimage","url":"https:\/\/www.businesspost.eu\/wp-content\/uploads\/2022\/05\/ares-ambiente-1-360x227.jpg","contentUrl":"https:\/\/www.businesspost.eu\/wp-content\/uploads\/2022\/05\/ares-ambiente-1-360x227.jpg"},{"@type":"BreadcrumbList","@id":"https:\/\/www.article-marketing.eu\/comunicatistampa\/ares-ambiente-tra-i-protagonisti-di-waste-management-europe-2022\/#breadcrumb","itemListElement":[{"@type":"ListItem","position":1,"name":"Home","item":"https:\/\/www.article-marketing.eu\/comunicatistampa\/"},{"@type":"ListItem","position":2,"name":"Ares Ambiente tra i protagonisti di Waste Management Europe 2022"}]},{"@type":"WebSite","@id":"https:\/\/www.article-marketing.eu\/comunicatistampa\/#website","url":"https:\/\/www.article-marketing.eu\/comunicatistampa\/","name":"Article Marketing","description":"article marketing &amp; press release","potentialAction":[{"@type":"SearchAction","target":{"@type":"EntryPoint","urlTemplate":"https:\/\/www.article-marketing.eu\/comunicatistampa\/?s={search_term_string}"},"query-input":{"@type":"PropertyValueSpecification","valueRequired":true,"valueName":"search_term_string"}}],"inLanguage":"it-IT"},{"@type":"Person","@id":"https:\/\/www.article-marketing.eu\/comunicatistampa\/#\/schema\/person\/2fcaf8f8f3a9eef9eb7f27532d3ca458","name":"articolinews","image":{"@type":"ImageObject","inLanguage":"it-IT","@id":"https:\/\/secure.gravatar.com\/avatar\/9e2a264bab04e17dea24d937c9956304649a848cb73c46747a692ff1bdeb1cb7?s=96&d=mm&r=g","url":"https:\/\/secure.gravatar.com\/avatar\/9e2a264bab04e17dea24d937c9956304649a848cb73c46747a692ff1bdeb1cb7?s=96&d=mm&r=g","contentUrl":"https:\/\/secure.gravatar.com\/avatar\/9e2a264bab04e17dea24d937c9956304649a848cb73c46747a692ff1bdeb1cb7?s=96&d=mm&r=g","caption":"articolinews"},"url":"https:\/\/www.article-marketing.eu\/comunicatistampa\/author\/articolinews\/"}]}},"_links":{"self":[{"href":"https:\/\/www.article-marketing.eu\/comunicatistampa\/wp-json\/wp\/v2\/posts\/24273","targetHints":{"allow":["GET"]}}],"collection":[{"href":"https:\/\/www.article-marketing.eu\/comunicatistampa\/wp-json\/wp\/v2\/posts"}],"about":[{"href":"https:\/\/www.article-marketing.eu\/comunicatistampa\/wp-json\/wp\/v2\/types\/post"}],"author":[{"embeddable":true,"href":"https:\/\/www.article-marketing.eu\/comunicatistampa\/wp-json\/wp\/v2\/users\/6477"}],"replies":[{"embeddable":true,"href":"https:\/\/www.article-marketing.eu\/comunicatistampa\/wp-json\/wp\/v2\/comments?post=24273"}],"version-history":[{"count":2,"href":"https:\/\/www.article-marketing.eu\/comunicatistampa\/wp-json\/wp\/v2\/posts\/24273\/revisions"}],"predecessor-version":[{"id":24319,"href":"https:\/\/www.article-marketing.eu\/comunicatistampa\/wp-json\/wp\/v2\/posts\/24273\/revisions\/24319"}],"wp:attachment":[{"href":"https:\/\/www.article-marketing.eu\/comunicatistampa\/wp-json\/wp\/v2\/media?parent=24273"}],"wp:term":[{"taxonomy":"category","embeddable":true,"href":"https:\/\/www.article-marketing.eu\/comunicatistampa\/wp-json\/wp\/v2\/categories?post=24273"},{"taxonomy":"post_tag","embeddable":true,"href":"https:\/\/www.article-marketing.eu\/comunicatistampa\/wp-json\/wp\/v2\/tags?post=24273"}],"curies":[{"name":"wp","href":"https:\/\/api.w.org\/{rel}","templated":true}]}}