{"id":24275,"date":"2022-08-07T07:31:31","date_gmt":"2022-08-07T05:31:31","guid":{"rendered":"https:\/\/www.article-marketing.eu\/comunicatistampa\/?p=24275"},"modified":"2022-08-04T10:32:50","modified_gmt":"2022-08-04T08:32:50","slug":"francesco-milleri-essilorluxottica-gli-occhiali-del-futuro-nel-primo-smart-eyewear-lab","status":"publish","type":"post","link":"https:\/\/www.article-marketing.eu\/comunicatistampa\/francesco-milleri-essilorluxottica-gli-occhiali-del-futuro-nel-primo-smart-eyewear-lab\/","title":{"rendered":"Francesco Milleri: EssilorLuxottica, gli occhiali del futuro nel primo Smart Eyewear Lab"},"content":{"rendered":"<p><em><strong>EssilorLuxottica sulle orme di Leonardo Del Vecchio: l&#8217;AD <a title=\"Francesco Milleri: la vision - Repubblica\" href=\"https:\/\/www.repubblica.it\/economia\/2022\/07\/20\/news\/milleri-358411104\/\">Francesco Milleri<\/a> ne ricorda gli insegnamenti e l&#8217;impegno nel &#8220;guardare sempre agli investimenti in un&#8217;ottica industriale di lungo periodo mettendo al centro i clienti e le persone&#8221;.<\/strong><\/em><\/p>\n<p><a title=\"Francesco Milleri: l'intervento - Repubblica\" href=\"https:\/\/www.repubblica.it\/economia\/2022\/07\/20\/news\/milleri-358411104\/\"><img decoding=\"async\" src=\"https:\/\/www.topmanagers.it\/SharingFolder\/TopManager\/it\/ManagerProfilePhoto\/Photo\/francesco_milleri-topmanagers.jpg\" alt=\"Francesco Milleri\" width=\"120\" \/><\/a><\/p>\n<h2>Francesco Milleri: le basi del futuro di EssilorLuxottica sono state tracciate da Del Vecchio negli ultimi otto anni<\/h2>\n<p>Il desiderio di <strong>Francesco Milleri<\/strong> \u00e8 di riuscire a <em>&#8220;portare avanti la sua filosofia, in continuit\u00e0 con la strada tracciata in questi otto anni in EssilorLuxottica&#8221;<\/em>. Il pensiero corre a Leonardo Del Vecchio, ai suoi insegnamenti, a quanto ha costruito nel corso della sua esistenza. E soprattutto alla forza e alla lungimiranza di una vision che <strong>Francesco Milleri<\/strong> ha ricordato nella sua prima uscita pubblica a pochi giorni dalla scomparsa del fondatore di Luxottica: <em>&#8220;Guardare sempre agli investimenti in un&#8217;ottica industriale di lungo periodo mettendo al centro i clienti e le persone&#8221;<\/em>. Da qui oggi riparte EssilorLuxottica e a sancirlo non avrebbe potuto esserci iniziativa migliore: si \u00e8 tenuto infatti lo scorso 19 luglio l&#8217;evento organizzato per il lancio dell&#8217;accordo che impegner\u00e0 EssilorLuxottica e il Politecnico di Milano a realizzare il primo Smart Eyewear Lab all&#8217;interno del futuro Parco dei Gasometri. Italia, giovani, innovazione digitale: questi i pilastri del progetto che non a caso sono anche i valori a cui ha guardato da sempre anche il fondatore di Luxottica nel corso dei numerosi progetti imprenditoriali che ha portato avanti e che hanno contribuito a dare lustro al Paese su scala internazionale.<\/p>\n<h2>Francesco Milleri: tra dieci anni questo settore sar\u00e0 rivoluzionato e i nuovi wearables ne saranno i protagonisti<\/h2>\n<p>Innovazione digitale, giovani, Italia: una formula che oggi \u00e8 impressa nel Dna di EssilorLuxottica come ha ricordato <a title=\"Francesco Milleri: le dichiarazioni - Repubblica\" href=\"https:\/\/www.repubblica.it\/economia\/2022\/07\/20\/news\/milleri-358411104\/\">Francesco Milleri<\/a>, Presidente e AD del Gruppo, intervenendo all&#8217;evento del 19 luglio. <em>&#8220;Nella sede di Milano, l&#8217;et\u00e0 media \u00e8 ancora pi\u00f9 bassa: in piazza Cadorna, dove lavorano 2 mila persone, un collega su due ha meno di 30 anni. Il futuro di EssilorLuxottica \u00e8 gi\u00e0 realt\u00e0 ed \u00e8 rappresentato dalle sue persone. Non \u00e8 ancora possibile quantificare l&#8217;impatto in termini economici generabile da soluzioni come gli &#8220;smart glasses&#8221;, il digitale e il metaverso, ma so che tra dieci anni questo settore sar\u00e0 rivoluzionato e i nuovi wearables ne saranno i protagonisti&#8221;<\/em>: nelle parole di <strong>Francesco Milleri<\/strong> si riflette il carattere concreto e innovativo del progetto avviato con il Politecnico di Milano e che prevede attivit\u00e0 di ricerca e sviluppo sperimentale di dispositivi alla base di una nuova generazione di wearable in grado di connettersi alla rete in modo completamente autonomo. EssilorLuxottica investir\u00e0 nel centro di ricerca oltre 50 milioni di euro: <em>&#8220;Pochi operatori del settore possono permettersi un simile investimento&#8221;<\/em>. Ma come ha spiegato il Presidente e AD <em>&#8220;crediamo quindi che sia nostra responsabilit\u00e0 promuovere, tramite questa iniziativa, il futuro dell&#8217;intera industria mondiale dell&#8217;eyewear&#8221;<\/em>.<\/p>\n","protected":false},"excerpt":{"rendered":"<p>EssilorLuxottica sulle orme di Leonardo Del Vecchio: l&#8217;AD Francesco Milleri ne ricorda gli insegnamenti e l&#8217;impegno nel &#8220;guardare sempre agli investimenti in un&#8217;ottica industriale di lungo periodo mettendo al centro i clienti e le persone&#8221;. Francesco Milleri: le basi del futuro di EssilorLuxottica sono state tracciate da Del Vecchio negli ultimi otto anni Il desiderio di Francesco Milleri \u00e8 di riuscire a &#8220;portare avanti la sua filosofia, in continuit\u00e0 con<\/p>\n<p><a class=\"continue-reading\" href=\"https:\/\/www.article-marketing.eu\/comunicatistampa\/francesco-milleri-essilorluxottica-gli-occhiali-del-futuro-nel-primo-smart-eyewear-lab\/\">Continue reading&#8230;<\/a><\/p>\n","protected":false},"author":7201,"featured_media":0,"comment_status":"open","ping_status":"open","sticky":false,"template":"","format":"standard","meta":{"_monsterinsights_skip_tracking":false,"_monsterinsights_sitenote_active":false,"_monsterinsights_sitenote_note":"","_monsterinsights_sitenote_category":0,"footnotes":""},"categories":[78],"tags":[9537],"class_list":["post-24275","post","type-post","status-publish","format-standard","hentry","category-comunicati-stampa","tag-francesco-milleri"],"yoast_head":"<!-- This site is optimized with the Yoast SEO plugin v27.3 - https:\/\/yoast.com\/product\/yoast-seo-wordpress\/ -->\n<title>Francesco Milleri: EssilorLuxottica, gli occhiali del futuro nel primo Smart Eyewear Lab<\/title>\n<meta name=\"robots\" content=\"index, follow, max-snippet:-1, max-image-preview:large, max-video-preview:-1\" \/>\n<link rel=\"canonical\" href=\"https:\/\/www.article-marketing.eu\/comunicatistampa\/francesco-milleri-essilorluxottica-gli-occhiali-del-futuro-nel-primo-smart-eyewear-lab\/\" \/>\n<meta property=\"og:locale\" content=\"it_IT\" \/>\n<meta property=\"og:type\" content=\"article\" \/>\n<meta property=\"og:title\" content=\"Francesco Milleri: EssilorLuxottica, gli occhiali del futuro nel primo Smart Eyewear Lab\" \/>\n<meta property=\"og:description\" content=\"EssilorLuxottica sulle orme di Leonardo Del Vecchio: l&#8217;AD Francesco Milleri ne ricorda gli insegnamenti e l&#8217;impegno nel &#8220;guardare sempre agli investimenti in un&#8217;ottica industriale di lungo periodo mettendo al centro i clienti e le persone&#8221;. Francesco Milleri: le basi del futuro di EssilorLuxottica sono state tracciate da Del Vecchio negli ultimi otto anni Il desiderio di Francesco Milleri \u00e8 di riuscire a &#8220;portare avanti la sua filosofia, in continuit\u00e0 conContinue reading...\" \/>\n<meta property=\"og:url\" content=\"https:\/\/www.article-marketing.eu\/comunicatistampa\/francesco-milleri-essilorluxottica-gli-occhiali-del-futuro-nel-primo-smart-eyewear-lab\/\" \/>\n<meta property=\"og:site_name\" content=\"Article Marketing\" \/>\n<meta property=\"article:published_time\" content=\"2022-08-07T05:31:31+00:00\" \/>\n<meta property=\"og:image\" content=\"https:\/\/www.topmanagers.it\/SharingFolder\/TopManager\/it\/ManagerProfilePhoto\/Photo\/francesco_milleri-topmanagers.jpg\" \/>\n<meta name=\"author\" content=\"agencyfmnews\" \/>\n<meta name=\"twitter:card\" content=\"summary_large_image\" \/>\n<meta name=\"twitter:label1\" content=\"Scritto da\" \/>\n\t<meta name=\"twitter:data1\" content=\"agencyfmnews\" \/>\n\t<meta name=\"twitter:label2\" content=\"Tempo di lettura stimato\" \/>\n\t<meta name=\"twitter:data2\" content=\"3 minuti\" \/>\n<script type=\"application\/ld+json\" class=\"yoast-schema-graph\">{\"@context\":\"https:\\\/\\\/schema.org\",\"@graph\":[{\"@type\":\"Article\",\"@id\":\"https:\\\/\\\/www.article-marketing.eu\\\/comunicatistampa\\\/francesco-milleri-essilorluxottica-gli-occhiali-del-futuro-nel-primo-smart-eyewear-lab\\\/#article\",\"isPartOf\":{\"@id\":\"https:\\\/\\\/www.article-marketing.eu\\\/comunicatistampa\\\/francesco-milleri-essilorluxottica-gli-occhiali-del-futuro-nel-primo-smart-eyewear-lab\\\/\"},\"author\":{\"name\":\"agencyfmnews\",\"@id\":\"https:\\\/\\\/www.article-marketing.eu\\\/comunicatistampa\\\/#\\\/schema\\\/person\\\/66af7693bfb8cff6cc30b41435a1aec3\"},\"headline\":\"Francesco Milleri: EssilorLuxottica, gli occhiali del futuro nel primo Smart Eyewear Lab\",\"datePublished\":\"2022-08-07T05:31:31+00:00\",\"mainEntityOfPage\":{\"@id\":\"https:\\\/\\\/www.article-marketing.eu\\\/comunicatistampa\\\/francesco-milleri-essilorluxottica-gli-occhiali-del-futuro-nel-primo-smart-eyewear-lab\\\/\"},\"wordCount\":462,\"commentCount\":0,\"image\":{\"@id\":\"https:\\\/\\\/www.article-marketing.eu\\\/comunicatistampa\\\/francesco-milleri-essilorluxottica-gli-occhiali-del-futuro-nel-primo-smart-eyewear-lab\\\/#primaryimage\"},\"thumbnailUrl\":\"https:\\\/\\\/www.topmanagers.it\\\/SharingFolder\\\/TopManager\\\/it\\\/ManagerProfilePhoto\\\/Photo\\\/francesco_milleri-topmanagers.jpg\",\"keywords\":[\"Francesco Milleri\"],\"articleSection\":[\"Comunicati stampa\"],\"inLanguage\":\"it-IT\",\"potentialAction\":[{\"@type\":\"CommentAction\",\"name\":\"Comment\",\"target\":[\"https:\\\/\\\/www.article-marketing.eu\\\/comunicatistampa\\\/francesco-milleri-essilorluxottica-gli-occhiali-del-futuro-nel-primo-smart-eyewear-lab\\\/#respond\"]}]},{\"@type\":\"WebPage\",\"@id\":\"https:\\\/\\\/www.article-marketing.eu\\\/comunicatistampa\\\/francesco-milleri-essilorluxottica-gli-occhiali-del-futuro-nel-primo-smart-eyewear-lab\\\/\",\"url\":\"https:\\\/\\\/www.article-marketing.eu\\\/comunicatistampa\\\/francesco-milleri-essilorluxottica-gli-occhiali-del-futuro-nel-primo-smart-eyewear-lab\\\/\",\"name\":\"Francesco Milleri: EssilorLuxottica, gli occhiali del futuro nel primo Smart Eyewear Lab\",\"isPartOf\":{\"@id\":\"https:\\\/\\\/www.article-marketing.eu\\\/comunicatistampa\\\/#website\"},\"primaryImageOfPage\":{\"@id\":\"https:\\\/\\\/www.article-marketing.eu\\\/comunicatistampa\\\/francesco-milleri-essilorluxottica-gli-occhiali-del-futuro-nel-primo-smart-eyewear-lab\\\/#primaryimage\"},\"image\":{\"@id\":\"https:\\\/\\\/www.article-marketing.eu\\\/comunicatistampa\\\/francesco-milleri-essilorluxottica-gli-occhiali-del-futuro-nel-primo-smart-eyewear-lab\\\/#primaryimage\"},\"thumbnailUrl\":\"https:\\\/\\\/www.topmanagers.it\\\/SharingFolder\\\/TopManager\\\/it\\\/ManagerProfilePhoto\\\/Photo\\\/francesco_milleri-topmanagers.jpg\",\"datePublished\":\"2022-08-07T05:31:31+00:00\",\"author\":{\"@id\":\"https:\\\/\\\/www.article-marketing.eu\\\/comunicatistampa\\\/#\\\/schema\\\/person\\\/66af7693bfb8cff6cc30b41435a1aec3\"},\"breadcrumb\":{\"@id\":\"https:\\\/\\\/www.article-marketing.eu\\\/comunicatistampa\\\/francesco-milleri-essilorluxottica-gli-occhiali-del-futuro-nel-primo-smart-eyewear-lab\\\/#breadcrumb\"},\"inLanguage\":\"it-IT\",\"potentialAction\":[{\"@type\":\"ReadAction\",\"target\":[\"https:\\\/\\\/www.article-marketing.eu\\\/comunicatistampa\\\/francesco-milleri-essilorluxottica-gli-occhiali-del-futuro-nel-primo-smart-eyewear-lab\\\/\"]}]},{\"@type\":\"ImageObject\",\"inLanguage\":\"it-IT\",\"@id\":\"https:\\\/\\\/www.article-marketing.eu\\\/comunicatistampa\\\/francesco-milleri-essilorluxottica-gli-occhiali-del-futuro-nel-primo-smart-eyewear-lab\\\/#primaryimage\",\"url\":\"https:\\\/\\\/www.topmanagers.it\\\/SharingFolder\\\/TopManager\\\/it\\\/ManagerProfilePhoto\\\/Photo\\\/francesco_milleri-topmanagers.jpg\",\"contentUrl\":\"https:\\\/\\\/www.topmanagers.it\\\/SharingFolder\\\/TopManager\\\/it\\\/ManagerProfilePhoto\\\/Photo\\\/francesco_milleri-topmanagers.jpg\"},{\"@type\":\"BreadcrumbList\",\"@id\":\"https:\\\/\\\/www.article-marketing.eu\\\/comunicatistampa\\\/francesco-milleri-essilorluxottica-gli-occhiali-del-futuro-nel-primo-smart-eyewear-lab\\\/#breadcrumb\",\"itemListElement\":[{\"@type\":\"ListItem\",\"position\":1,\"name\":\"Home\",\"item\":\"https:\\\/\\\/www.article-marketing.eu\\\/comunicatistampa\\\/\"},{\"@type\":\"ListItem\",\"position\":2,\"name\":\"Francesco Milleri: EssilorLuxottica, gli occhiali del futuro nel primo Smart Eyewear Lab\"}]},{\"@type\":\"WebSite\",\"@id\":\"https:\\\/\\\/www.article-marketing.eu\\\/comunicatistampa\\\/#website\",\"url\":\"https:\\\/\\\/www.article-marketing.eu\\\/comunicatistampa\\\/\",\"name\":\"Article Marketing\",\"description\":\"article marketing &amp; press release\",\"potentialAction\":[{\"@type\":\"SearchAction\",\"target\":{\"@type\":\"EntryPoint\",\"urlTemplate\":\"https:\\\/\\\/www.article-marketing.eu\\\/comunicatistampa\\\/?s={search_term_string}\"},\"query-input\":{\"@type\":\"PropertyValueSpecification\",\"valueRequired\":true,\"valueName\":\"search_term_string\"}}],\"inLanguage\":\"it-IT\"},{\"@type\":\"Person\",\"@id\":\"https:\\\/\\\/www.article-marketing.eu\\\/comunicatistampa\\\/#\\\/schema\\\/person\\\/66af7693bfb8cff6cc30b41435a1aec3\",\"name\":\"agencyfmnews\",\"image\":{\"@type\":\"ImageObject\",\"inLanguage\":\"it-IT\",\"@id\":\"https:\\\/\\\/secure.gravatar.com\\\/avatar\\\/8e5548a62f8b6ff81a9ac11775d9d70f3acc1c790a2c05679bbfba17ff579efc?s=96&d=mm&r=g\",\"url\":\"https:\\\/\\\/secure.gravatar.com\\\/avatar\\\/8e5548a62f8b6ff81a9ac11775d9d70f3acc1c790a2c05679bbfba17ff579efc?s=96&d=mm&r=g\",\"contentUrl\":\"https:\\\/\\\/secure.gravatar.com\\\/avatar\\\/8e5548a62f8b6ff81a9ac11775d9d70f3acc1c790a2c05679bbfba17ff579efc?s=96&d=mm&r=g\",\"caption\":\"agencyfmnews\"},\"url\":\"https:\\\/\\\/www.article-marketing.eu\\\/comunicatistampa\\\/author\\\/agencyfmnews\\\/\"}]}<\/script>\n<!-- \/ Yoast SEO plugin. -->","yoast_head_json":{"title":"Francesco Milleri: EssilorLuxottica, gli occhiali del futuro nel primo Smart Eyewear Lab","robots":{"index":"index","follow":"follow","max-snippet":"max-snippet:-1","max-image-preview":"max-image-preview:large","max-video-preview":"max-video-preview:-1"},"canonical":"https:\/\/www.article-marketing.eu\/comunicatistampa\/francesco-milleri-essilorluxottica-gli-occhiali-del-futuro-nel-primo-smart-eyewear-lab\/","og_locale":"it_IT","og_type":"article","og_title":"Francesco Milleri: EssilorLuxottica, gli occhiali del futuro nel primo Smart Eyewear Lab","og_description":"EssilorLuxottica sulle orme di Leonardo Del Vecchio: l&#8217;AD Francesco Milleri ne ricorda gli insegnamenti e l&#8217;impegno nel &#8220;guardare sempre agli investimenti in un&#8217;ottica industriale di lungo periodo mettendo al centro i clienti e le persone&#8221;. Francesco Milleri: le basi del futuro di EssilorLuxottica sono state tracciate da Del Vecchio negli ultimi otto anni Il desiderio di Francesco Milleri \u00e8 di riuscire a &#8220;portare avanti la sua filosofia, in continuit\u00e0 conContinue reading...","og_url":"https:\/\/www.article-marketing.eu\/comunicatistampa\/francesco-milleri-essilorluxottica-gli-occhiali-del-futuro-nel-primo-smart-eyewear-lab\/","og_site_name":"Article Marketing","article_published_time":"2022-08-07T05:31:31+00:00","og_image":[{"url":"https:\/\/www.topmanagers.it\/SharingFolder\/TopManager\/it\/ManagerProfilePhoto\/Photo\/francesco_milleri-topmanagers.jpg","type":"","width":"","height":""}],"author":"agencyfmnews","twitter_card":"summary_large_image","twitter_misc":{"Scritto da":"agencyfmnews","Tempo di lettura stimato":"3 minuti"},"schema":{"@context":"https:\/\/schema.org","@graph":[{"@type":"Article","@id":"https:\/\/www.article-marketing.eu\/comunicatistampa\/francesco-milleri-essilorluxottica-gli-occhiali-del-futuro-nel-primo-smart-eyewear-lab\/#article","isPartOf":{"@id":"https:\/\/www.article-marketing.eu\/comunicatistampa\/francesco-milleri-essilorluxottica-gli-occhiali-del-futuro-nel-primo-smart-eyewear-lab\/"},"author":{"name":"agencyfmnews","@id":"https:\/\/www.article-marketing.eu\/comunicatistampa\/#\/schema\/person\/66af7693bfb8cff6cc30b41435a1aec3"},"headline":"Francesco Milleri: EssilorLuxottica, gli occhiali del futuro nel primo Smart Eyewear Lab","datePublished":"2022-08-07T05:31:31+00:00","mainEntityOfPage":{"@id":"https:\/\/www.article-marketing.eu\/comunicatistampa\/francesco-milleri-essilorluxottica-gli-occhiali-del-futuro-nel-primo-smart-eyewear-lab\/"},"wordCount":462,"commentCount":0,"image":{"@id":"https:\/\/www.article-marketing.eu\/comunicatistampa\/francesco-milleri-essilorluxottica-gli-occhiali-del-futuro-nel-primo-smart-eyewear-lab\/#primaryimage"},"thumbnailUrl":"https:\/\/www.topmanagers.it\/SharingFolder\/TopManager\/it\/ManagerProfilePhoto\/Photo\/francesco_milleri-topmanagers.jpg","keywords":["Francesco Milleri"],"articleSection":["Comunicati stampa"],"inLanguage":"it-IT","potentialAction":[{"@type":"CommentAction","name":"Comment","target":["https:\/\/www.article-marketing.eu\/comunicatistampa\/francesco-milleri-essilorluxottica-gli-occhiali-del-futuro-nel-primo-smart-eyewear-lab\/#respond"]}]},{"@type":"WebPage","@id":"https:\/\/www.article-marketing.eu\/comunicatistampa\/francesco-milleri-essilorluxottica-gli-occhiali-del-futuro-nel-primo-smart-eyewear-lab\/","url":"https:\/\/www.article-marketing.eu\/comunicatistampa\/francesco-milleri-essilorluxottica-gli-occhiali-del-futuro-nel-primo-smart-eyewear-lab\/","name":"Francesco Milleri: EssilorLuxottica, gli occhiali del futuro nel primo Smart Eyewear Lab","isPartOf":{"@id":"https:\/\/www.article-marketing.eu\/comunicatistampa\/#website"},"primaryImageOfPage":{"@id":"https:\/\/www.article-marketing.eu\/comunicatistampa\/francesco-milleri-essilorluxottica-gli-occhiali-del-futuro-nel-primo-smart-eyewear-lab\/#primaryimage"},"image":{"@id":"https:\/\/www.article-marketing.eu\/comunicatistampa\/francesco-milleri-essilorluxottica-gli-occhiali-del-futuro-nel-primo-smart-eyewear-lab\/#primaryimage"},"thumbnailUrl":"https:\/\/www.topmanagers.it\/SharingFolder\/TopManager\/it\/ManagerProfilePhoto\/Photo\/francesco_milleri-topmanagers.jpg","datePublished":"2022-08-07T05:31:31+00:00","author":{"@id":"https:\/\/www.article-marketing.eu\/comunicatistampa\/#\/schema\/person\/66af7693bfb8cff6cc30b41435a1aec3"},"breadcrumb":{"@id":"https:\/\/www.article-marketing.eu\/comunicatistampa\/francesco-milleri-essilorluxottica-gli-occhiali-del-futuro-nel-primo-smart-eyewear-lab\/#breadcrumb"},"inLanguage":"it-IT","potentialAction":[{"@type":"ReadAction","target":["https:\/\/www.article-marketing.eu\/comunicatistampa\/francesco-milleri-essilorluxottica-gli-occhiali-del-futuro-nel-primo-smart-eyewear-lab\/"]}]},{"@type":"ImageObject","inLanguage":"it-IT","@id":"https:\/\/www.article-marketing.eu\/comunicatistampa\/francesco-milleri-essilorluxottica-gli-occhiali-del-futuro-nel-primo-smart-eyewear-lab\/#primaryimage","url":"https:\/\/www.topmanagers.it\/SharingFolder\/TopManager\/it\/ManagerProfilePhoto\/Photo\/francesco_milleri-topmanagers.jpg","contentUrl":"https:\/\/www.topmanagers.it\/SharingFolder\/TopManager\/it\/ManagerProfilePhoto\/Photo\/francesco_milleri-topmanagers.jpg"},{"@type":"BreadcrumbList","@id":"https:\/\/www.article-marketing.eu\/comunicatistampa\/francesco-milleri-essilorluxottica-gli-occhiali-del-futuro-nel-primo-smart-eyewear-lab\/#breadcrumb","itemListElement":[{"@type":"ListItem","position":1,"name":"Home","item":"https:\/\/www.article-marketing.eu\/comunicatistampa\/"},{"@type":"ListItem","position":2,"name":"Francesco Milleri: EssilorLuxottica, gli occhiali del futuro nel primo Smart Eyewear Lab"}]},{"@type":"WebSite","@id":"https:\/\/www.article-marketing.eu\/comunicatistampa\/#website","url":"https:\/\/www.article-marketing.eu\/comunicatistampa\/","name":"Article Marketing","description":"article marketing &amp; press release","potentialAction":[{"@type":"SearchAction","target":{"@type":"EntryPoint","urlTemplate":"https:\/\/www.article-marketing.eu\/comunicatistampa\/?s={search_term_string}"},"query-input":{"@type":"PropertyValueSpecification","valueRequired":true,"valueName":"search_term_string"}}],"inLanguage":"it-IT"},{"@type":"Person","@id":"https:\/\/www.article-marketing.eu\/comunicatistampa\/#\/schema\/person\/66af7693bfb8cff6cc30b41435a1aec3","name":"agencyfmnews","image":{"@type":"ImageObject","inLanguage":"it-IT","@id":"https:\/\/secure.gravatar.com\/avatar\/8e5548a62f8b6ff81a9ac11775d9d70f3acc1c790a2c05679bbfba17ff579efc?s=96&d=mm&r=g","url":"https:\/\/secure.gravatar.com\/avatar\/8e5548a62f8b6ff81a9ac11775d9d70f3acc1c790a2c05679bbfba17ff579efc?s=96&d=mm&r=g","contentUrl":"https:\/\/secure.gravatar.com\/avatar\/8e5548a62f8b6ff81a9ac11775d9d70f3acc1c790a2c05679bbfba17ff579efc?s=96&d=mm&r=g","caption":"agencyfmnews"},"url":"https:\/\/www.article-marketing.eu\/comunicatistampa\/author\/agencyfmnews\/"}]}},"_links":{"self":[{"href":"https:\/\/www.article-marketing.eu\/comunicatistampa\/wp-json\/wp\/v2\/posts\/24275","targetHints":{"allow":["GET"]}}],"collection":[{"href":"https:\/\/www.article-marketing.eu\/comunicatistampa\/wp-json\/wp\/v2\/posts"}],"about":[{"href":"https:\/\/www.article-marketing.eu\/comunicatistampa\/wp-json\/wp\/v2\/types\/post"}],"author":[{"embeddable":true,"href":"https:\/\/www.article-marketing.eu\/comunicatistampa\/wp-json\/wp\/v2\/users\/7201"}],"replies":[{"embeddable":true,"href":"https:\/\/www.article-marketing.eu\/comunicatistampa\/wp-json\/wp\/v2\/comments?post=24275"}],"version-history":[{"count":2,"href":"https:\/\/www.article-marketing.eu\/comunicatistampa\/wp-json\/wp\/v2\/posts\/24275\/revisions"}],"predecessor-version":[{"id":24325,"href":"https:\/\/www.article-marketing.eu\/comunicatistampa\/wp-json\/wp\/v2\/posts\/24275\/revisions\/24325"}],"wp:attachment":[{"href":"https:\/\/www.article-marketing.eu\/comunicatistampa\/wp-json\/wp\/v2\/media?parent=24275"}],"wp:term":[{"taxonomy":"category","embeddable":true,"href":"https:\/\/www.article-marketing.eu\/comunicatistampa\/wp-json\/wp\/v2\/categories?post=24275"},{"taxonomy":"post_tag","embeddable":true,"href":"https:\/\/www.article-marketing.eu\/comunicatistampa\/wp-json\/wp\/v2\/tags?post=24275"}],"curies":[{"name":"wp","href":"https:\/\/api.w.org\/{rel}","templated":true}]}}