{"id":24285,"date":"2022-08-04T10:19:46","date_gmt":"2022-08-04T08:19:46","guid":{"rendered":"https:\/\/www.article-marketing.eu\/comunicatistampa\/?p=24285"},"modified":"2022-08-04T10:19:46","modified_gmt":"2022-08-04T08:19:46","slug":"gianni-lettieri-interviene-sui-temi-di-attualita-dal-mezzogiorno-al-conflitto-in-ucraina","status":"publish","type":"post","link":"https:\/\/www.article-marketing.eu\/comunicatistampa\/gianni-lettieri-interviene-sui-temi-di-attualita-dal-mezzogiorno-al-conflitto-in-ucraina\/","title":{"rendered":"Gianni Lettieri interviene sui temi di attualit\u00e0: dal Mezzogiorno al conflitto in Ucraina"},"content":{"rendered":"<p><em><strong>Intervistato dal quotidiano &#8220;La Discussione&#8221;, il Presidente di Atitech <a title=\"Gianni Lettieri: l'intervista a &quot;La Discussione&quot;\" href=\"https:\/\/ladiscussione.com\/168264\/attualita\/gianni-lettieri-se-non-crescera-il-meridione-non-crescera-litalia\/\">Gianni Lettieri<\/a> \u00e8 intervenuto sui temi di attualit\u00e0: la situazione del Mezzogiorno, la sfida del PNRR e le conseguenze del conflitto in Ucraina.<\/strong><\/em><\/p>\n<p><a title=\"Gianni Lettieri: la crescita del Mezzogiorno\" href=\"https:\/\/ladiscussione.com\/168264\/attualita\/gianni-lettieri-se-non-crescera-il-meridione-non-crescera-litalia\/\"><img loading=\"lazy\" decoding=\"async\" src=\"https:\/\/www.giannilettieri.it\/wp-content\/uploads\/2020\/08\/gianni-lettieri-7.jpg\" alt=\"Gianni Lettieri\" width=\"120\" height=\"180\" \/><\/a><\/p>\n<h2>Mezzogiorno, PNRR e conflitto in Ucraina: Gianni Lettieri interviene sui temi di attualit\u00e0<\/h2>\n<p>Dopo l&#8217;acquisizione di Atitech, il suo Patron <strong>Gianni Lettieri<\/strong> ha saputo trasformare l&#8217;azienda nella compagnia di manutenzione aeronautica indipendente pi\u00f9 grande d&#8217;Europa. Nell&#8217;intervista rilasciata alla giornalista Anna La Rosa per il quotidiano &#8220;La Discussione&#8221;, l&#8217;imprenditore ha affrontato il tema del Mezzogiorno: secondo la sua visione, il Governo dovrebbe indirizzare gli investimenti verso il Sud Italia, non solo prevedendo una serie di incentivi, ma soprattutto realizzando le infrastrutture necessarie. Per far s\u00ec che il nostro Paese cresca, \u00e8 fondamentale far crescere e puntare sul Sud Italia. \u00c8 importante, spiega il Presidente di Atitech, <em>&#8220;approfittare dei fondi del PNRR per risolvere le problematiche ataviche del Mezzogiorno&#8221;<\/em>. Le risorse messe a disposizione dal PNRR sono un&#8217;opportunit\u00e0 da cogliere e una sfida da vincere. Nell&#8217;ultimo decennio il Sud Italia non \u00e8 stato in grado di approfittare dei fondi messi a disposizione dalla Comunit\u00e0 Europea: circa 10 miliardi di euro, infatti, sono andati a beneficio delle aree che competono con il Mezzogiorno, specialmente quelle dell&#8217;est Europa. <strong>Gianni Lettieri<\/strong> ha quindi affrontato il tema del conflitto in Ucraina: <em>&#8220;\u00c8 una tragedia inaspettata&#8221;<\/em>, ha commentato. <em>&#8220;In Europa non ce la possiamo permettere, le nostre aziende, i nostri mercati, le nostre famiglie, subiranno pesanti conseguenze&#8221;<\/em>. Un errore da parte delle diplomazie \u00e8 evidente, ma \u00e8 ancora possibile agire tempestivamente presentando proposte concrete ed evitando un rapido aumento dell&#8217;inflazione.<\/p>\n<h2>Gianni Lettieri e i progetti di Atitech<\/h2>\n<p>Nel giro di dieci anni l&#8217;azienda guidata da <a title=\"Gianni Lettieri: l'intervento - La Discussione\" href=\"https:\/\/ladiscussione.com\/168264\/attualita\/gianni-lettieri-se-non-crescera-il-meridione-non-crescera-litalia\/\">Gianni Lettieri<\/a> si \u00e8 trasformata da cliente captive Alitalia in operatore del mercato delle manutenzioni aeronautiche con un ampio portfolio clienti che oggi include le migliori compagnie in Europa. Alla richiesta da parte della giornalista, il Presidente di Atitech ha esposto i progetti futuri dell&#8217;azienda, che ha recentemente firmato l&#8217;accordo con IAI, societ\u00e0 aerospaziale Israeliana, per la conversione dei 737 Boeing da passeggeri a cargo e ha inoltre concluso l&#8217;acquisizione del 70% di SEAS, societ\u00e0 di manutenzione di linea con sede a Bergamo e basi in tutta Italia. Fiumicino \u00e8 oggi il principale obiettivo: <em>&#8220;Abbiamo partecipato al bando di gara per la vendita del ramo maintenance di Alitalia in amministrazione straordinaria&#8221;<\/em>, ha confermato il Presidente. Con la conclusione del contratto, Atitech potr\u00e0 quindi rilevare il ramo manutenzione che conta circa 1.000 dipendenti. Un altro importante progetto riguarda Olbia: <em>&#8220;Stiamo lavorando per riportare in Italia una infrastruttura importante per il Paese, la manutenzione aeronautica a 360 gradi, dai motori ai componenti, dalla linea alla fusoliera&#8221;<\/em>, ha dichiarato <strong>Gianni Lettieri<\/strong>. Atitech, in seguito all&#8217;acquisto dalla liquidazione in bonis di Air Italy dei laboratori e del magazzino, ha presentato un progetto per la manutenzione e gli allestimenti di business jet.<\/p>\n","protected":false},"excerpt":{"rendered":"<p>Intervistato dal quotidiano &#8220;La Discussione&#8221;, il Presidente di Atitech Gianni Lettieri \u00e8 intervenuto sui temi di attualit\u00e0: la situazione del Mezzogiorno, la sfida del PNRR e le conseguenze del conflitto in Ucraina. Mezzogiorno, PNRR e conflitto in Ucraina: Gianni Lettieri interviene sui temi di attualit\u00e0 Dopo l&#8217;acquisizione di Atitech, il suo Patron Gianni Lettieri ha saputo trasformare l&#8217;azienda nella compagnia di manutenzione aeronautica indipendente pi\u00f9 grande d&#8217;Europa. Nell&#8217;intervista rilasciata alla<\/p>\n<p><a class=\"continue-reading\" href=\"https:\/\/www.article-marketing.eu\/comunicatistampa\/gianni-lettieri-interviene-sui-temi-di-attualita-dal-mezzogiorno-al-conflitto-in-ucraina\/\">Continue reading&#8230;<\/a><\/p>\n","protected":false},"author":7190,"featured_media":0,"comment_status":"open","ping_status":"open","sticky":false,"template":"","format":"standard","meta":{"_monsterinsights_skip_tracking":false,"_monsterinsights_sitenote_active":false,"_monsterinsights_sitenote_note":"","_monsterinsights_sitenote_category":0,"footnotes":""},"categories":[78],"tags":[9494],"class_list":["post-24285","post","type-post","status-publish","format-standard","hentry","category-comunicati-stampa","tag-gianni-lettieri"],"yoast_head":"<!-- This site is optimized with the Yoast SEO plugin v27.3 - https:\/\/yoast.com\/product\/yoast-seo-wordpress\/ -->\n<title>Gianni Lettieri interviene sui temi di attualit\u00e0: dal Mezzogiorno al conflitto in Ucraina<\/title>\n<meta name=\"robots\" content=\"index, follow, max-snippet:-1, max-image-preview:large, max-video-preview:-1\" \/>\n<link rel=\"canonical\" href=\"https:\/\/www.article-marketing.eu\/comunicatistampa\/gianni-lettieri-interviene-sui-temi-di-attualita-dal-mezzogiorno-al-conflitto-in-ucraina\/\" \/>\n<meta property=\"og:locale\" content=\"it_IT\" \/>\n<meta property=\"og:type\" content=\"article\" \/>\n<meta property=\"og:title\" content=\"Gianni Lettieri interviene sui temi di attualit\u00e0: dal Mezzogiorno al conflitto in Ucraina\" \/>\n<meta property=\"og:description\" content=\"Intervistato dal quotidiano &#8220;La Discussione&#8221;, il Presidente di Atitech Gianni Lettieri \u00e8 intervenuto sui temi di attualit\u00e0: la situazione del Mezzogiorno, la sfida del PNRR e le conseguenze del conflitto in Ucraina. Mezzogiorno, PNRR e conflitto in Ucraina: Gianni Lettieri interviene sui temi di attualit\u00e0 Dopo l&#8217;acquisizione di Atitech, il suo Patron Gianni Lettieri ha saputo trasformare l&#8217;azienda nella compagnia di manutenzione aeronautica indipendente pi\u00f9 grande d&#8217;Europa. Nell&#8217;intervista rilasciata allaContinue reading...\" \/>\n<meta property=\"og:url\" content=\"https:\/\/www.article-marketing.eu\/comunicatistampa\/gianni-lettieri-interviene-sui-temi-di-attualita-dal-mezzogiorno-al-conflitto-in-ucraina\/\" \/>\n<meta property=\"og:site_name\" content=\"Article Marketing\" \/>\n<meta property=\"article:published_time\" content=\"2022-08-04T08:19:46+00:00\" \/>\n<meta property=\"og:image\" content=\"https:\/\/www.giannilettieri.it\/wp-content\/uploads\/2020\/08\/gianni-lettieri-7.jpg\" \/>\n<meta name=\"author\" content=\"glofficeprnews\" \/>\n<meta name=\"twitter:card\" content=\"summary_large_image\" \/>\n<meta name=\"twitter:label1\" content=\"Scritto da\" \/>\n\t<meta name=\"twitter:data1\" content=\"glofficeprnews\" \/>\n\t<meta name=\"twitter:label2\" content=\"Tempo di lettura stimato\" \/>\n\t<meta name=\"twitter:data2\" content=\"3 minuti\" \/>\n<script type=\"application\/ld+json\" class=\"yoast-schema-graph\">{\"@context\":\"https:\\\/\\\/schema.org\",\"@graph\":[{\"@type\":\"Article\",\"@id\":\"https:\\\/\\\/www.article-marketing.eu\\\/comunicatistampa\\\/gianni-lettieri-interviene-sui-temi-di-attualita-dal-mezzogiorno-al-conflitto-in-ucraina\\\/#article\",\"isPartOf\":{\"@id\":\"https:\\\/\\\/www.article-marketing.eu\\\/comunicatistampa\\\/gianni-lettieri-interviene-sui-temi-di-attualita-dal-mezzogiorno-al-conflitto-in-ucraina\\\/\"},\"author\":{\"name\":\"glofficeprnews\",\"@id\":\"https:\\\/\\\/www.article-marketing.eu\\\/comunicatistampa\\\/#\\\/schema\\\/person\\\/e671b60aab591381d585023cd318a080\"},\"headline\":\"Gianni Lettieri interviene sui temi di attualit\u00e0: dal Mezzogiorno al conflitto in Ucraina\",\"datePublished\":\"2022-08-04T08:19:46+00:00\",\"mainEntityOfPage\":{\"@id\":\"https:\\\/\\\/www.article-marketing.eu\\\/comunicatistampa\\\/gianni-lettieri-interviene-sui-temi-di-attualita-dal-mezzogiorno-al-conflitto-in-ucraina\\\/\"},\"wordCount\":476,\"commentCount\":0,\"image\":{\"@id\":\"https:\\\/\\\/www.article-marketing.eu\\\/comunicatistampa\\\/gianni-lettieri-interviene-sui-temi-di-attualita-dal-mezzogiorno-al-conflitto-in-ucraina\\\/#primaryimage\"},\"thumbnailUrl\":\"https:\\\/\\\/www.giannilettieri.it\\\/wp-content\\\/uploads\\\/2020\\\/08\\\/gianni-lettieri-7.jpg\",\"keywords\":[\"Gianni Lettieri\"],\"articleSection\":[\"Comunicati stampa\"],\"inLanguage\":\"it-IT\",\"potentialAction\":[{\"@type\":\"CommentAction\",\"name\":\"Comment\",\"target\":[\"https:\\\/\\\/www.article-marketing.eu\\\/comunicatistampa\\\/gianni-lettieri-interviene-sui-temi-di-attualita-dal-mezzogiorno-al-conflitto-in-ucraina\\\/#respond\"]}]},{\"@type\":\"WebPage\",\"@id\":\"https:\\\/\\\/www.article-marketing.eu\\\/comunicatistampa\\\/gianni-lettieri-interviene-sui-temi-di-attualita-dal-mezzogiorno-al-conflitto-in-ucraina\\\/\",\"url\":\"https:\\\/\\\/www.article-marketing.eu\\\/comunicatistampa\\\/gianni-lettieri-interviene-sui-temi-di-attualita-dal-mezzogiorno-al-conflitto-in-ucraina\\\/\",\"name\":\"Gianni Lettieri interviene sui temi di attualit\u00e0: dal Mezzogiorno al conflitto in Ucraina\",\"isPartOf\":{\"@id\":\"https:\\\/\\\/www.article-marketing.eu\\\/comunicatistampa\\\/#website\"},\"primaryImageOfPage\":{\"@id\":\"https:\\\/\\\/www.article-marketing.eu\\\/comunicatistampa\\\/gianni-lettieri-interviene-sui-temi-di-attualita-dal-mezzogiorno-al-conflitto-in-ucraina\\\/#primaryimage\"},\"image\":{\"@id\":\"https:\\\/\\\/www.article-marketing.eu\\\/comunicatistampa\\\/gianni-lettieri-interviene-sui-temi-di-attualita-dal-mezzogiorno-al-conflitto-in-ucraina\\\/#primaryimage\"},\"thumbnailUrl\":\"https:\\\/\\\/www.giannilettieri.it\\\/wp-content\\\/uploads\\\/2020\\\/08\\\/gianni-lettieri-7.jpg\",\"datePublished\":\"2022-08-04T08:19:46+00:00\",\"author\":{\"@id\":\"https:\\\/\\\/www.article-marketing.eu\\\/comunicatistampa\\\/#\\\/schema\\\/person\\\/e671b60aab591381d585023cd318a080\"},\"breadcrumb\":{\"@id\":\"https:\\\/\\\/www.article-marketing.eu\\\/comunicatistampa\\\/gianni-lettieri-interviene-sui-temi-di-attualita-dal-mezzogiorno-al-conflitto-in-ucraina\\\/#breadcrumb\"},\"inLanguage\":\"it-IT\",\"potentialAction\":[{\"@type\":\"ReadAction\",\"target\":[\"https:\\\/\\\/www.article-marketing.eu\\\/comunicatistampa\\\/gianni-lettieri-interviene-sui-temi-di-attualita-dal-mezzogiorno-al-conflitto-in-ucraina\\\/\"]}]},{\"@type\":\"ImageObject\",\"inLanguage\":\"it-IT\",\"@id\":\"https:\\\/\\\/www.article-marketing.eu\\\/comunicatistampa\\\/gianni-lettieri-interviene-sui-temi-di-attualita-dal-mezzogiorno-al-conflitto-in-ucraina\\\/#primaryimage\",\"url\":\"https:\\\/\\\/www.giannilettieri.it\\\/wp-content\\\/uploads\\\/2020\\\/08\\\/gianni-lettieri-7.jpg\",\"contentUrl\":\"https:\\\/\\\/www.giannilettieri.it\\\/wp-content\\\/uploads\\\/2020\\\/08\\\/gianni-lettieri-7.jpg\"},{\"@type\":\"BreadcrumbList\",\"@id\":\"https:\\\/\\\/www.article-marketing.eu\\\/comunicatistampa\\\/gianni-lettieri-interviene-sui-temi-di-attualita-dal-mezzogiorno-al-conflitto-in-ucraina\\\/#breadcrumb\",\"itemListElement\":[{\"@type\":\"ListItem\",\"position\":1,\"name\":\"Home\",\"item\":\"https:\\\/\\\/www.article-marketing.eu\\\/comunicatistampa\\\/\"},{\"@type\":\"ListItem\",\"position\":2,\"name\":\"Gianni Lettieri interviene sui temi di attualit\u00e0: dal Mezzogiorno al conflitto in Ucraina\"}]},{\"@type\":\"WebSite\",\"@id\":\"https:\\\/\\\/www.article-marketing.eu\\\/comunicatistampa\\\/#website\",\"url\":\"https:\\\/\\\/www.article-marketing.eu\\\/comunicatistampa\\\/\",\"name\":\"Article Marketing\",\"description\":\"article marketing &amp; press release\",\"potentialAction\":[{\"@type\":\"SearchAction\",\"target\":{\"@type\":\"EntryPoint\",\"urlTemplate\":\"https:\\\/\\\/www.article-marketing.eu\\\/comunicatistampa\\\/?s={search_term_string}\"},\"query-input\":{\"@type\":\"PropertyValueSpecification\",\"valueRequired\":true,\"valueName\":\"search_term_string\"}}],\"inLanguage\":\"it-IT\"},{\"@type\":\"Person\",\"@id\":\"https:\\\/\\\/www.article-marketing.eu\\\/comunicatistampa\\\/#\\\/schema\\\/person\\\/e671b60aab591381d585023cd318a080\",\"name\":\"glofficeprnews\",\"image\":{\"@type\":\"ImageObject\",\"inLanguage\":\"it-IT\",\"@id\":\"https:\\\/\\\/secure.gravatar.com\\\/avatar\\\/8c63f677859ecaebf1cc4c53ba163fd5a5836461425fd7fc8231273fff4dfb68?s=96&d=mm&r=g\",\"url\":\"https:\\\/\\\/secure.gravatar.com\\\/avatar\\\/8c63f677859ecaebf1cc4c53ba163fd5a5836461425fd7fc8231273fff4dfb68?s=96&d=mm&r=g\",\"contentUrl\":\"https:\\\/\\\/secure.gravatar.com\\\/avatar\\\/8c63f677859ecaebf1cc4c53ba163fd5a5836461425fd7fc8231273fff4dfb68?s=96&d=mm&r=g\",\"caption\":\"glofficeprnews\"},\"url\":\"https:\\\/\\\/www.article-marketing.eu\\\/comunicatistampa\\\/author\\\/glofficeprnews\\\/\"}]}<\/script>\n<!-- \/ Yoast SEO plugin. -->","yoast_head_json":{"title":"Gianni Lettieri interviene sui temi di attualit\u00e0: dal Mezzogiorno al conflitto in Ucraina","robots":{"index":"index","follow":"follow","max-snippet":"max-snippet:-1","max-image-preview":"max-image-preview:large","max-video-preview":"max-video-preview:-1"},"canonical":"https:\/\/www.article-marketing.eu\/comunicatistampa\/gianni-lettieri-interviene-sui-temi-di-attualita-dal-mezzogiorno-al-conflitto-in-ucraina\/","og_locale":"it_IT","og_type":"article","og_title":"Gianni Lettieri interviene sui temi di attualit\u00e0: dal Mezzogiorno al conflitto in Ucraina","og_description":"Intervistato dal quotidiano &#8220;La Discussione&#8221;, il Presidente di Atitech Gianni Lettieri \u00e8 intervenuto sui temi di attualit\u00e0: la situazione del Mezzogiorno, la sfida del PNRR e le conseguenze del conflitto in Ucraina. Mezzogiorno, PNRR e conflitto in Ucraina: Gianni Lettieri interviene sui temi di attualit\u00e0 Dopo l&#8217;acquisizione di Atitech, il suo Patron Gianni Lettieri ha saputo trasformare l&#8217;azienda nella compagnia di manutenzione aeronautica indipendente pi\u00f9 grande d&#8217;Europa. Nell&#8217;intervista rilasciata allaContinue reading...","og_url":"https:\/\/www.article-marketing.eu\/comunicatistampa\/gianni-lettieri-interviene-sui-temi-di-attualita-dal-mezzogiorno-al-conflitto-in-ucraina\/","og_site_name":"Article Marketing","article_published_time":"2022-08-04T08:19:46+00:00","og_image":[{"url":"https:\/\/www.giannilettieri.it\/wp-content\/uploads\/2020\/08\/gianni-lettieri-7.jpg","type":"","width":"","height":""}],"author":"glofficeprnews","twitter_card":"summary_large_image","twitter_misc":{"Scritto da":"glofficeprnews","Tempo di lettura stimato":"3 minuti"},"schema":{"@context":"https:\/\/schema.org","@graph":[{"@type":"Article","@id":"https:\/\/www.article-marketing.eu\/comunicatistampa\/gianni-lettieri-interviene-sui-temi-di-attualita-dal-mezzogiorno-al-conflitto-in-ucraina\/#article","isPartOf":{"@id":"https:\/\/www.article-marketing.eu\/comunicatistampa\/gianni-lettieri-interviene-sui-temi-di-attualita-dal-mezzogiorno-al-conflitto-in-ucraina\/"},"author":{"name":"glofficeprnews","@id":"https:\/\/www.article-marketing.eu\/comunicatistampa\/#\/schema\/person\/e671b60aab591381d585023cd318a080"},"headline":"Gianni Lettieri interviene sui temi di attualit\u00e0: dal Mezzogiorno al conflitto in Ucraina","datePublished":"2022-08-04T08:19:46+00:00","mainEntityOfPage":{"@id":"https:\/\/www.article-marketing.eu\/comunicatistampa\/gianni-lettieri-interviene-sui-temi-di-attualita-dal-mezzogiorno-al-conflitto-in-ucraina\/"},"wordCount":476,"commentCount":0,"image":{"@id":"https:\/\/www.article-marketing.eu\/comunicatistampa\/gianni-lettieri-interviene-sui-temi-di-attualita-dal-mezzogiorno-al-conflitto-in-ucraina\/#primaryimage"},"thumbnailUrl":"https:\/\/www.giannilettieri.it\/wp-content\/uploads\/2020\/08\/gianni-lettieri-7.jpg","keywords":["Gianni Lettieri"],"articleSection":["Comunicati stampa"],"inLanguage":"it-IT","potentialAction":[{"@type":"CommentAction","name":"Comment","target":["https:\/\/www.article-marketing.eu\/comunicatistampa\/gianni-lettieri-interviene-sui-temi-di-attualita-dal-mezzogiorno-al-conflitto-in-ucraina\/#respond"]}]},{"@type":"WebPage","@id":"https:\/\/www.article-marketing.eu\/comunicatistampa\/gianni-lettieri-interviene-sui-temi-di-attualita-dal-mezzogiorno-al-conflitto-in-ucraina\/","url":"https:\/\/www.article-marketing.eu\/comunicatistampa\/gianni-lettieri-interviene-sui-temi-di-attualita-dal-mezzogiorno-al-conflitto-in-ucraina\/","name":"Gianni Lettieri interviene sui temi di attualit\u00e0: dal Mezzogiorno al conflitto in Ucraina","isPartOf":{"@id":"https:\/\/www.article-marketing.eu\/comunicatistampa\/#website"},"primaryImageOfPage":{"@id":"https:\/\/www.article-marketing.eu\/comunicatistampa\/gianni-lettieri-interviene-sui-temi-di-attualita-dal-mezzogiorno-al-conflitto-in-ucraina\/#primaryimage"},"image":{"@id":"https:\/\/www.article-marketing.eu\/comunicatistampa\/gianni-lettieri-interviene-sui-temi-di-attualita-dal-mezzogiorno-al-conflitto-in-ucraina\/#primaryimage"},"thumbnailUrl":"https:\/\/www.giannilettieri.it\/wp-content\/uploads\/2020\/08\/gianni-lettieri-7.jpg","datePublished":"2022-08-04T08:19:46+00:00","author":{"@id":"https:\/\/www.article-marketing.eu\/comunicatistampa\/#\/schema\/person\/e671b60aab591381d585023cd318a080"},"breadcrumb":{"@id":"https:\/\/www.article-marketing.eu\/comunicatistampa\/gianni-lettieri-interviene-sui-temi-di-attualita-dal-mezzogiorno-al-conflitto-in-ucraina\/#breadcrumb"},"inLanguage":"it-IT","potentialAction":[{"@type":"ReadAction","target":["https:\/\/www.article-marketing.eu\/comunicatistampa\/gianni-lettieri-interviene-sui-temi-di-attualita-dal-mezzogiorno-al-conflitto-in-ucraina\/"]}]},{"@type":"ImageObject","inLanguage":"it-IT","@id":"https:\/\/www.article-marketing.eu\/comunicatistampa\/gianni-lettieri-interviene-sui-temi-di-attualita-dal-mezzogiorno-al-conflitto-in-ucraina\/#primaryimage","url":"https:\/\/www.giannilettieri.it\/wp-content\/uploads\/2020\/08\/gianni-lettieri-7.jpg","contentUrl":"https:\/\/www.giannilettieri.it\/wp-content\/uploads\/2020\/08\/gianni-lettieri-7.jpg"},{"@type":"BreadcrumbList","@id":"https:\/\/www.article-marketing.eu\/comunicatistampa\/gianni-lettieri-interviene-sui-temi-di-attualita-dal-mezzogiorno-al-conflitto-in-ucraina\/#breadcrumb","itemListElement":[{"@type":"ListItem","position":1,"name":"Home","item":"https:\/\/www.article-marketing.eu\/comunicatistampa\/"},{"@type":"ListItem","position":2,"name":"Gianni Lettieri interviene sui temi di attualit\u00e0: dal Mezzogiorno al conflitto in Ucraina"}]},{"@type":"WebSite","@id":"https:\/\/www.article-marketing.eu\/comunicatistampa\/#website","url":"https:\/\/www.article-marketing.eu\/comunicatistampa\/","name":"Article Marketing","description":"article marketing &amp; press release","potentialAction":[{"@type":"SearchAction","target":{"@type":"EntryPoint","urlTemplate":"https:\/\/www.article-marketing.eu\/comunicatistampa\/?s={search_term_string}"},"query-input":{"@type":"PropertyValueSpecification","valueRequired":true,"valueName":"search_term_string"}}],"inLanguage":"it-IT"},{"@type":"Person","@id":"https:\/\/www.article-marketing.eu\/comunicatistampa\/#\/schema\/person\/e671b60aab591381d585023cd318a080","name":"glofficeprnews","image":{"@type":"ImageObject","inLanguage":"it-IT","@id":"https:\/\/secure.gravatar.com\/avatar\/8c63f677859ecaebf1cc4c53ba163fd5a5836461425fd7fc8231273fff4dfb68?s=96&d=mm&r=g","url":"https:\/\/secure.gravatar.com\/avatar\/8c63f677859ecaebf1cc4c53ba163fd5a5836461425fd7fc8231273fff4dfb68?s=96&d=mm&r=g","contentUrl":"https:\/\/secure.gravatar.com\/avatar\/8c63f677859ecaebf1cc4c53ba163fd5a5836461425fd7fc8231273fff4dfb68?s=96&d=mm&r=g","caption":"glofficeprnews"},"url":"https:\/\/www.article-marketing.eu\/comunicatistampa\/author\/glofficeprnews\/"}]}},"_links":{"self":[{"href":"https:\/\/www.article-marketing.eu\/comunicatistampa\/wp-json\/wp\/v2\/posts\/24285","targetHints":{"allow":["GET"]}}],"collection":[{"href":"https:\/\/www.article-marketing.eu\/comunicatistampa\/wp-json\/wp\/v2\/posts"}],"about":[{"href":"https:\/\/www.article-marketing.eu\/comunicatistampa\/wp-json\/wp\/v2\/types\/post"}],"author":[{"embeddable":true,"href":"https:\/\/www.article-marketing.eu\/comunicatistampa\/wp-json\/wp\/v2\/users\/7190"}],"replies":[{"embeddable":true,"href":"https:\/\/www.article-marketing.eu\/comunicatistampa\/wp-json\/wp\/v2\/comments?post=24285"}],"version-history":[{"count":2,"href":"https:\/\/www.article-marketing.eu\/comunicatistampa\/wp-json\/wp\/v2\/posts\/24285\/revisions"}],"predecessor-version":[{"id":24308,"href":"https:\/\/www.article-marketing.eu\/comunicatistampa\/wp-json\/wp\/v2\/posts\/24285\/revisions\/24308"}],"wp:attachment":[{"href":"https:\/\/www.article-marketing.eu\/comunicatistampa\/wp-json\/wp\/v2\/media?parent=24285"}],"wp:term":[{"taxonomy":"category","embeddable":true,"href":"https:\/\/www.article-marketing.eu\/comunicatistampa\/wp-json\/wp\/v2\/categories?post=24285"},{"taxonomy":"post_tag","embeddable":true,"href":"https:\/\/www.article-marketing.eu\/comunicatistampa\/wp-json\/wp\/v2\/tags?post=24285"}],"curies":[{"name":"wp","href":"https:\/\/api.w.org\/{rel}","templated":true}]}}