{"id":24287,"date":"2022-08-04T10:21:49","date_gmt":"2022-08-04T08:21:49","guid":{"rendered":"https:\/\/www.article-marketing.eu\/comunicatistampa\/?p=24287"},"modified":"2022-08-04T10:21:49","modified_gmt":"2022-08-04T08:21:49","slug":"ideal-standard-con-design-shooting-una-mostra-fotografica-dedicata-allarchitettura","status":"publish","type":"post","link":"https:\/\/www.article-marketing.eu\/comunicatistampa\/ideal-standard-con-design-shooting-una-mostra-fotografica-dedicata-allarchitettura\/","title":{"rendered":"Ideal Standard: con \u201cDesign Shooting\u201d una mostra fotografica dedicata all\u2019architettura"},"content":{"rendered":"<p><em><strong>17 i fotografi che hanno preso parte al progetto culturale lanciato da <a title=\"Ideal Standard: la storia aziendale\" href=\"https:\/\/h2biz.net\/Azienda\/ideal-standard-12133\">Ideal Standard<\/a>. Gli scatti, esposti durante l&#8217;ultima Milano Design Week, provano a raccontare il making of dell&#8217;architettura contemporanea.<\/strong><\/em><\/p>\n<p><a title=\"Ideal Standard, il profilo dell'azienda\" href=\"https:\/\/h2biz.net\/Azienda\/ideal-standard-12133\"><img loading=\"lazy\" decoding=\"async\" src=\"https:\/\/h2biz.net\/images\/Plats\/crop_min_20211210101456.jpg\" alt=\"Ideal Standard\" width=\"120\" height=\"40\" \/><\/a><\/p>\n<h2>Ideal Standard: dettagli e obiettivi dell&#8217;iniziativa &#8220;Design Shooting&#8221;<\/h2>\n<p>Leader mondiale nella produzione di soluzioni per il bagno, <strong>Ideal Standard<\/strong> deve gran parte del suo successo alle collaborazioni portate avanti in oltre 100 anni di attivit\u00e0 con i grandi maestri del design e dell&#8217;architettura. Un dialogo continuo in grado di influenzare e dare forma all&#8217;intero settore. Il progetto fotografico &#8220;Design Shooting&#8221; nasce sotto questo segno. Lanciata in primavera in collaborazione con TOWANT, l&#8217;iniziativa ha visto la partecipazione di 17 fotografi abbinati ad altrettanti studi milanesi di progettazione. L&#8217;obiettivo: raccontare l&#8217;architettura contemporanea realizzando uno scatto inedito, dal design ricercato e soprattutto capace di catturare l&#8217;idea e l&#8217;ispirazione di un progetto. Le fotografie sono state esibite nella mostra &#8220;Design Shooting&#8221;, promossa da <strong>Ideal Standard<\/strong> e TOWANT dal 30 maggio al 12 giugno, in contemporanea con l&#8217;ultima edizione della Milano Design Week. Nella cornice dello Straf Hotel&amp;Bar i visitatori hanno avuto l&#8217;opportunit\u00e0 di votare lo scatto preferito: alla fase finale parteciperanno le tre fotografie pi\u00f9 votate durante la kermesse, insieme ad una quarta scelta direttamente dagli organizzatori.<\/p>\n<h2>Ideal Standard: il debutto al Salone internazionale del Bagno<\/h2>\n<p>La mostra fotografica promossa durante la Design Week non \u00e8 stata l&#8217;unica novit\u00e0 targata <a title=\"Ideal Standard: la storia ultra-centennale\" href=\"https:\/\/h2biz.net\/Azienda\/ideal-standard-12133\">Ideal Standard<\/a>. Per la prima volta nella sua storia l&#8217;azienda ha infatti preso parte al 60esimo Salone del Mobile di Milano. Un&#8217;area di 400mq dove Roberto Palomba, Chief Designer Officer, \u00e8 riuscito a trasmettere l&#8217;eleganza e la raffinatezza delle collezioni Atelier Collections. Calla e i nuovi miscelatori Joy Neo le proposte scelte per la kermesse, alle quali si aggiunge l&#8217;innovativo lavabo-miscelatore Solos. I visitatori hanno inoltre dimostrato un ampio interesse per Singular\u2122. Sviluppato da <strong>Ideal Standard<\/strong>, si tratta di un approccio inedito alla progettazione per il bagno che si contraddistingue per l&#8217;estrema scalabilit\u00e0, flessibilit\u00e0 e semplicit\u00e0. Con Singular\u2122 progettisti, rivenditori e utenti hanno la possibilit\u00e0 di combinare prodotti di diverse collezioni dando spazio alla creativit\u00e0, senza tuttavia rinunciare a design e performance.<\/p>\n","protected":false},"excerpt":{"rendered":"<p>17 i fotografi che hanno preso parte al progetto culturale lanciato da Ideal Standard. Gli scatti, esposti durante l&#8217;ultima Milano Design Week, provano a raccontare il making of dell&#8217;architettura contemporanea. Ideal Standard: dettagli e obiettivi dell&#8217;iniziativa &#8220;Design Shooting&#8221; Leader mondiale nella produzione di soluzioni per il bagno, Ideal Standard deve gran parte del suo successo alle collaborazioni portate avanti in oltre 100 anni di attivit\u00e0 con i grandi maestri del<\/p>\n<p><a class=\"continue-reading\" href=\"https:\/\/www.article-marketing.eu\/comunicatistampa\/ideal-standard-con-design-shooting-una-mostra-fotografica-dedicata-allarchitettura\/\">Continue reading&#8230;<\/a><\/p>\n","protected":false},"author":6477,"featured_media":0,"comment_status":"open","ping_status":"open","sticky":false,"template":"","format":"standard","meta":{"_monsterinsights_skip_tracking":false,"_monsterinsights_sitenote_active":false,"_monsterinsights_sitenote_note":"","_monsterinsights_sitenote_category":0,"footnotes":""},"categories":[78],"tags":[9145],"class_list":["post-24287","post","type-post","status-publish","format-standard","hentry","category-comunicati-stampa","tag-ideal-standard"],"yoast_head":"<!-- This site is optimized with the Yoast SEO plugin v27.3 - https:\/\/yoast.com\/product\/yoast-seo-wordpress\/ -->\n<title>Ideal Standard: con \u201cDesign Shooting\u201d una mostra fotografica dedicata all\u2019architettura<\/title>\n<meta name=\"robots\" content=\"index, follow, max-snippet:-1, max-image-preview:large, max-video-preview:-1\" \/>\n<link rel=\"canonical\" href=\"https:\/\/www.article-marketing.eu\/comunicatistampa\/ideal-standard-con-design-shooting-una-mostra-fotografica-dedicata-allarchitettura\/\" \/>\n<meta property=\"og:locale\" content=\"it_IT\" \/>\n<meta property=\"og:type\" content=\"article\" \/>\n<meta property=\"og:title\" content=\"Ideal Standard: con \u201cDesign Shooting\u201d una mostra fotografica dedicata all\u2019architettura\" \/>\n<meta property=\"og:description\" content=\"17 i fotografi che hanno preso parte al progetto culturale lanciato da Ideal Standard. Gli scatti, esposti durante l&#8217;ultima Milano Design Week, provano a raccontare il making of dell&#8217;architettura contemporanea. Ideal Standard: dettagli e obiettivi dell&#8217;iniziativa &#8220;Design Shooting&#8221; Leader mondiale nella produzione di soluzioni per il bagno, Ideal Standard deve gran parte del suo successo alle collaborazioni portate avanti in oltre 100 anni di attivit\u00e0 con i grandi maestri delContinue reading...\" \/>\n<meta property=\"og:url\" content=\"https:\/\/www.article-marketing.eu\/comunicatistampa\/ideal-standard-con-design-shooting-una-mostra-fotografica-dedicata-allarchitettura\/\" \/>\n<meta property=\"og:site_name\" content=\"Article Marketing\" \/>\n<meta property=\"article:published_time\" content=\"2022-08-04T08:21:49+00:00\" \/>\n<meta property=\"og:image\" content=\"https:\/\/h2biz.net\/images\/Plats\/crop_min_20211210101456.jpg\" \/>\n<meta name=\"author\" content=\"articolinews\" \/>\n<meta name=\"twitter:card\" content=\"summary_large_image\" \/>\n<meta name=\"twitter:label1\" content=\"Scritto da\" \/>\n\t<meta name=\"twitter:data1\" content=\"articolinews\" \/>\n\t<meta name=\"twitter:label2\" content=\"Tempo di lettura stimato\" \/>\n\t<meta name=\"twitter:data2\" content=\"3 minuti\" \/>\n<script type=\"application\/ld+json\" class=\"yoast-schema-graph\">{\"@context\":\"https:\\\/\\\/schema.org\",\"@graph\":[{\"@type\":\"Article\",\"@id\":\"https:\\\/\\\/www.article-marketing.eu\\\/comunicatistampa\\\/ideal-standard-con-design-shooting-una-mostra-fotografica-dedicata-allarchitettura\\\/#article\",\"isPartOf\":{\"@id\":\"https:\\\/\\\/www.article-marketing.eu\\\/comunicatistampa\\\/ideal-standard-con-design-shooting-una-mostra-fotografica-dedicata-allarchitettura\\\/\"},\"author\":{\"name\":\"articolinews\",\"@id\":\"https:\\\/\\\/www.article-marketing.eu\\\/comunicatistampa\\\/#\\\/schema\\\/person\\\/2fcaf8f8f3a9eef9eb7f27532d3ca458\"},\"headline\":\"Ideal Standard: con \u201cDesign Shooting\u201d una mostra fotografica dedicata all\u2019architettura\",\"datePublished\":\"2022-08-04T08:21:49+00:00\",\"mainEntityOfPage\":{\"@id\":\"https:\\\/\\\/www.article-marketing.eu\\\/comunicatistampa\\\/ideal-standard-con-design-shooting-una-mostra-fotografica-dedicata-allarchitettura\\\/\"},\"wordCount\":354,\"commentCount\":0,\"image\":{\"@id\":\"https:\\\/\\\/www.article-marketing.eu\\\/comunicatistampa\\\/ideal-standard-con-design-shooting-una-mostra-fotografica-dedicata-allarchitettura\\\/#primaryimage\"},\"thumbnailUrl\":\"https:\\\/\\\/h2biz.net\\\/images\\\/Plats\\\/crop_min_20211210101456.jpg\",\"keywords\":[\"Ideal Standard\"],\"articleSection\":[\"Comunicati stampa\"],\"inLanguage\":\"it-IT\",\"potentialAction\":[{\"@type\":\"CommentAction\",\"name\":\"Comment\",\"target\":[\"https:\\\/\\\/www.article-marketing.eu\\\/comunicatistampa\\\/ideal-standard-con-design-shooting-una-mostra-fotografica-dedicata-allarchitettura\\\/#respond\"]}]},{\"@type\":\"WebPage\",\"@id\":\"https:\\\/\\\/www.article-marketing.eu\\\/comunicatistampa\\\/ideal-standard-con-design-shooting-una-mostra-fotografica-dedicata-allarchitettura\\\/\",\"url\":\"https:\\\/\\\/www.article-marketing.eu\\\/comunicatistampa\\\/ideal-standard-con-design-shooting-una-mostra-fotografica-dedicata-allarchitettura\\\/\",\"name\":\"Ideal Standard: con \u201cDesign Shooting\u201d una mostra fotografica dedicata all\u2019architettura\",\"isPartOf\":{\"@id\":\"https:\\\/\\\/www.article-marketing.eu\\\/comunicatistampa\\\/#website\"},\"primaryImageOfPage\":{\"@id\":\"https:\\\/\\\/www.article-marketing.eu\\\/comunicatistampa\\\/ideal-standard-con-design-shooting-una-mostra-fotografica-dedicata-allarchitettura\\\/#primaryimage\"},\"image\":{\"@id\":\"https:\\\/\\\/www.article-marketing.eu\\\/comunicatistampa\\\/ideal-standard-con-design-shooting-una-mostra-fotografica-dedicata-allarchitettura\\\/#primaryimage\"},\"thumbnailUrl\":\"https:\\\/\\\/h2biz.net\\\/images\\\/Plats\\\/crop_min_20211210101456.jpg\",\"datePublished\":\"2022-08-04T08:21:49+00:00\",\"author\":{\"@id\":\"https:\\\/\\\/www.article-marketing.eu\\\/comunicatistampa\\\/#\\\/schema\\\/person\\\/2fcaf8f8f3a9eef9eb7f27532d3ca458\"},\"breadcrumb\":{\"@id\":\"https:\\\/\\\/www.article-marketing.eu\\\/comunicatistampa\\\/ideal-standard-con-design-shooting-una-mostra-fotografica-dedicata-allarchitettura\\\/#breadcrumb\"},\"inLanguage\":\"it-IT\",\"potentialAction\":[{\"@type\":\"ReadAction\",\"target\":[\"https:\\\/\\\/www.article-marketing.eu\\\/comunicatistampa\\\/ideal-standard-con-design-shooting-una-mostra-fotografica-dedicata-allarchitettura\\\/\"]}]},{\"@type\":\"ImageObject\",\"inLanguage\":\"it-IT\",\"@id\":\"https:\\\/\\\/www.article-marketing.eu\\\/comunicatistampa\\\/ideal-standard-con-design-shooting-una-mostra-fotografica-dedicata-allarchitettura\\\/#primaryimage\",\"url\":\"https:\\\/\\\/h2biz.net\\\/images\\\/Plats\\\/crop_min_20211210101456.jpg\",\"contentUrl\":\"https:\\\/\\\/h2biz.net\\\/images\\\/Plats\\\/crop_min_20211210101456.jpg\"},{\"@type\":\"BreadcrumbList\",\"@id\":\"https:\\\/\\\/www.article-marketing.eu\\\/comunicatistampa\\\/ideal-standard-con-design-shooting-una-mostra-fotografica-dedicata-allarchitettura\\\/#breadcrumb\",\"itemListElement\":[{\"@type\":\"ListItem\",\"position\":1,\"name\":\"Home\",\"item\":\"https:\\\/\\\/www.article-marketing.eu\\\/comunicatistampa\\\/\"},{\"@type\":\"ListItem\",\"position\":2,\"name\":\"Ideal Standard: con \u201cDesign Shooting\u201d una mostra fotografica dedicata all\u2019architettura\"}]},{\"@type\":\"WebSite\",\"@id\":\"https:\\\/\\\/www.article-marketing.eu\\\/comunicatistampa\\\/#website\",\"url\":\"https:\\\/\\\/www.article-marketing.eu\\\/comunicatistampa\\\/\",\"name\":\"Article Marketing\",\"description\":\"article marketing &amp; press release\",\"potentialAction\":[{\"@type\":\"SearchAction\",\"target\":{\"@type\":\"EntryPoint\",\"urlTemplate\":\"https:\\\/\\\/www.article-marketing.eu\\\/comunicatistampa\\\/?s={search_term_string}\"},\"query-input\":{\"@type\":\"PropertyValueSpecification\",\"valueRequired\":true,\"valueName\":\"search_term_string\"}}],\"inLanguage\":\"it-IT\"},{\"@type\":\"Person\",\"@id\":\"https:\\\/\\\/www.article-marketing.eu\\\/comunicatistampa\\\/#\\\/schema\\\/person\\\/2fcaf8f8f3a9eef9eb7f27532d3ca458\",\"name\":\"articolinews\",\"image\":{\"@type\":\"ImageObject\",\"inLanguage\":\"it-IT\",\"@id\":\"https:\\\/\\\/secure.gravatar.com\\\/avatar\\\/9e2a264bab04e17dea24d937c9956304649a848cb73c46747a692ff1bdeb1cb7?s=96&d=mm&r=g\",\"url\":\"https:\\\/\\\/secure.gravatar.com\\\/avatar\\\/9e2a264bab04e17dea24d937c9956304649a848cb73c46747a692ff1bdeb1cb7?s=96&d=mm&r=g\",\"contentUrl\":\"https:\\\/\\\/secure.gravatar.com\\\/avatar\\\/9e2a264bab04e17dea24d937c9956304649a848cb73c46747a692ff1bdeb1cb7?s=96&d=mm&r=g\",\"caption\":\"articolinews\"},\"url\":\"https:\\\/\\\/www.article-marketing.eu\\\/comunicatistampa\\\/author\\\/articolinews\\\/\"}]}<\/script>\n<!-- \/ Yoast SEO plugin. -->","yoast_head_json":{"title":"Ideal Standard: con \u201cDesign Shooting\u201d una mostra fotografica dedicata all\u2019architettura","robots":{"index":"index","follow":"follow","max-snippet":"max-snippet:-1","max-image-preview":"max-image-preview:large","max-video-preview":"max-video-preview:-1"},"canonical":"https:\/\/www.article-marketing.eu\/comunicatistampa\/ideal-standard-con-design-shooting-una-mostra-fotografica-dedicata-allarchitettura\/","og_locale":"it_IT","og_type":"article","og_title":"Ideal Standard: con \u201cDesign Shooting\u201d una mostra fotografica dedicata all\u2019architettura","og_description":"17 i fotografi che hanno preso parte al progetto culturale lanciato da Ideal Standard. Gli scatti, esposti durante l&#8217;ultima Milano Design Week, provano a raccontare il making of dell&#8217;architettura contemporanea. Ideal Standard: dettagli e obiettivi dell&#8217;iniziativa &#8220;Design Shooting&#8221; Leader mondiale nella produzione di soluzioni per il bagno, Ideal Standard deve gran parte del suo successo alle collaborazioni portate avanti in oltre 100 anni di attivit\u00e0 con i grandi maestri delContinue reading...","og_url":"https:\/\/www.article-marketing.eu\/comunicatistampa\/ideal-standard-con-design-shooting-una-mostra-fotografica-dedicata-allarchitettura\/","og_site_name":"Article Marketing","article_published_time":"2022-08-04T08:21:49+00:00","og_image":[{"url":"https:\/\/h2biz.net\/images\/Plats\/crop_min_20211210101456.jpg","type":"","width":"","height":""}],"author":"articolinews","twitter_card":"summary_large_image","twitter_misc":{"Scritto da":"articolinews","Tempo di lettura stimato":"3 minuti"},"schema":{"@context":"https:\/\/schema.org","@graph":[{"@type":"Article","@id":"https:\/\/www.article-marketing.eu\/comunicatistampa\/ideal-standard-con-design-shooting-una-mostra-fotografica-dedicata-allarchitettura\/#article","isPartOf":{"@id":"https:\/\/www.article-marketing.eu\/comunicatistampa\/ideal-standard-con-design-shooting-una-mostra-fotografica-dedicata-allarchitettura\/"},"author":{"name":"articolinews","@id":"https:\/\/www.article-marketing.eu\/comunicatistampa\/#\/schema\/person\/2fcaf8f8f3a9eef9eb7f27532d3ca458"},"headline":"Ideal Standard: con \u201cDesign Shooting\u201d una mostra fotografica dedicata all\u2019architettura","datePublished":"2022-08-04T08:21:49+00:00","mainEntityOfPage":{"@id":"https:\/\/www.article-marketing.eu\/comunicatistampa\/ideal-standard-con-design-shooting-una-mostra-fotografica-dedicata-allarchitettura\/"},"wordCount":354,"commentCount":0,"image":{"@id":"https:\/\/www.article-marketing.eu\/comunicatistampa\/ideal-standard-con-design-shooting-una-mostra-fotografica-dedicata-allarchitettura\/#primaryimage"},"thumbnailUrl":"https:\/\/h2biz.net\/images\/Plats\/crop_min_20211210101456.jpg","keywords":["Ideal Standard"],"articleSection":["Comunicati stampa"],"inLanguage":"it-IT","potentialAction":[{"@type":"CommentAction","name":"Comment","target":["https:\/\/www.article-marketing.eu\/comunicatistampa\/ideal-standard-con-design-shooting-una-mostra-fotografica-dedicata-allarchitettura\/#respond"]}]},{"@type":"WebPage","@id":"https:\/\/www.article-marketing.eu\/comunicatistampa\/ideal-standard-con-design-shooting-una-mostra-fotografica-dedicata-allarchitettura\/","url":"https:\/\/www.article-marketing.eu\/comunicatistampa\/ideal-standard-con-design-shooting-una-mostra-fotografica-dedicata-allarchitettura\/","name":"Ideal Standard: con \u201cDesign Shooting\u201d una mostra fotografica dedicata all\u2019architettura","isPartOf":{"@id":"https:\/\/www.article-marketing.eu\/comunicatistampa\/#website"},"primaryImageOfPage":{"@id":"https:\/\/www.article-marketing.eu\/comunicatistampa\/ideal-standard-con-design-shooting-una-mostra-fotografica-dedicata-allarchitettura\/#primaryimage"},"image":{"@id":"https:\/\/www.article-marketing.eu\/comunicatistampa\/ideal-standard-con-design-shooting-una-mostra-fotografica-dedicata-allarchitettura\/#primaryimage"},"thumbnailUrl":"https:\/\/h2biz.net\/images\/Plats\/crop_min_20211210101456.jpg","datePublished":"2022-08-04T08:21:49+00:00","author":{"@id":"https:\/\/www.article-marketing.eu\/comunicatistampa\/#\/schema\/person\/2fcaf8f8f3a9eef9eb7f27532d3ca458"},"breadcrumb":{"@id":"https:\/\/www.article-marketing.eu\/comunicatistampa\/ideal-standard-con-design-shooting-una-mostra-fotografica-dedicata-allarchitettura\/#breadcrumb"},"inLanguage":"it-IT","potentialAction":[{"@type":"ReadAction","target":["https:\/\/www.article-marketing.eu\/comunicatistampa\/ideal-standard-con-design-shooting-una-mostra-fotografica-dedicata-allarchitettura\/"]}]},{"@type":"ImageObject","inLanguage":"it-IT","@id":"https:\/\/www.article-marketing.eu\/comunicatistampa\/ideal-standard-con-design-shooting-una-mostra-fotografica-dedicata-allarchitettura\/#primaryimage","url":"https:\/\/h2biz.net\/images\/Plats\/crop_min_20211210101456.jpg","contentUrl":"https:\/\/h2biz.net\/images\/Plats\/crop_min_20211210101456.jpg"},{"@type":"BreadcrumbList","@id":"https:\/\/www.article-marketing.eu\/comunicatistampa\/ideal-standard-con-design-shooting-una-mostra-fotografica-dedicata-allarchitettura\/#breadcrumb","itemListElement":[{"@type":"ListItem","position":1,"name":"Home","item":"https:\/\/www.article-marketing.eu\/comunicatistampa\/"},{"@type":"ListItem","position":2,"name":"Ideal Standard: con \u201cDesign Shooting\u201d una mostra fotografica dedicata all\u2019architettura"}]},{"@type":"WebSite","@id":"https:\/\/www.article-marketing.eu\/comunicatistampa\/#website","url":"https:\/\/www.article-marketing.eu\/comunicatistampa\/","name":"Article Marketing","description":"article marketing &amp; press release","potentialAction":[{"@type":"SearchAction","target":{"@type":"EntryPoint","urlTemplate":"https:\/\/www.article-marketing.eu\/comunicatistampa\/?s={search_term_string}"},"query-input":{"@type":"PropertyValueSpecification","valueRequired":true,"valueName":"search_term_string"}}],"inLanguage":"it-IT"},{"@type":"Person","@id":"https:\/\/www.article-marketing.eu\/comunicatistampa\/#\/schema\/person\/2fcaf8f8f3a9eef9eb7f27532d3ca458","name":"articolinews","image":{"@type":"ImageObject","inLanguage":"it-IT","@id":"https:\/\/secure.gravatar.com\/avatar\/9e2a264bab04e17dea24d937c9956304649a848cb73c46747a692ff1bdeb1cb7?s=96&d=mm&r=g","url":"https:\/\/secure.gravatar.com\/avatar\/9e2a264bab04e17dea24d937c9956304649a848cb73c46747a692ff1bdeb1cb7?s=96&d=mm&r=g","contentUrl":"https:\/\/secure.gravatar.com\/avatar\/9e2a264bab04e17dea24d937c9956304649a848cb73c46747a692ff1bdeb1cb7?s=96&d=mm&r=g","caption":"articolinews"},"url":"https:\/\/www.article-marketing.eu\/comunicatistampa\/author\/articolinews\/"}]}},"_links":{"self":[{"href":"https:\/\/www.article-marketing.eu\/comunicatistampa\/wp-json\/wp\/v2\/posts\/24287","targetHints":{"allow":["GET"]}}],"collection":[{"href":"https:\/\/www.article-marketing.eu\/comunicatistampa\/wp-json\/wp\/v2\/posts"}],"about":[{"href":"https:\/\/www.article-marketing.eu\/comunicatistampa\/wp-json\/wp\/v2\/types\/post"}],"author":[{"embeddable":true,"href":"https:\/\/www.article-marketing.eu\/comunicatistampa\/wp-json\/wp\/v2\/users\/6477"}],"replies":[{"embeddable":true,"href":"https:\/\/www.article-marketing.eu\/comunicatistampa\/wp-json\/wp\/v2\/comments?post=24287"}],"version-history":[{"count":2,"href":"https:\/\/www.article-marketing.eu\/comunicatistampa\/wp-json\/wp\/v2\/posts\/24287\/revisions"}],"predecessor-version":[{"id":24313,"href":"https:\/\/www.article-marketing.eu\/comunicatistampa\/wp-json\/wp\/v2\/posts\/24287\/revisions\/24313"}],"wp:attachment":[{"href":"https:\/\/www.article-marketing.eu\/comunicatistampa\/wp-json\/wp\/v2\/media?parent=24287"}],"wp:term":[{"taxonomy":"category","embeddable":true,"href":"https:\/\/www.article-marketing.eu\/comunicatistampa\/wp-json\/wp\/v2\/categories?post=24287"},{"taxonomy":"post_tag","embeddable":true,"href":"https:\/\/www.article-marketing.eu\/comunicatistampa\/wp-json\/wp\/v2\/tags?post=24287"}],"curies":[{"name":"wp","href":"https:\/\/api.w.org\/{rel}","templated":true}]}}