{"id":24289,"date":"2022-08-04T10:21:27","date_gmt":"2022-08-04T08:21:27","guid":{"rendered":"https:\/\/www.article-marketing.eu\/comunicatistampa\/?p=24289"},"modified":"2022-08-04T10:21:27","modified_gmt":"2022-08-04T08:21:27","slug":"pierroberto-folgiero-fincantieri-lad-nel-cantiere-di-ancona-per-il-varo-della-viking-saturn","status":"publish","type":"post","link":"https:\/\/www.article-marketing.eu\/comunicatistampa\/pierroberto-folgiero-fincantieri-lad-nel-cantiere-di-ancona-per-il-varo-della-viking-saturn\/","title":{"rendered":"Pierroberto Folgiero: Fincantieri, l\u2019AD nel cantiere di Ancona per il varo della \u201cViking Saturn\u201d"},"content":{"rendered":"<p><em><strong>&#8220;Le infrastrutture come i cantieri creano occupazione e Pil. Noi ci lavoreremo e ci crediamo&#8221;: la vision dell&#8217;AD di Fincantieri <a title=\"Pierroberto Folgiero: i progetti di Fincantieri per Ancona\" href=\"https:\/\/www.corriereadriatico.it\/marche\/fincantieri_pierroberto_folgiero_amministratore_delegato_marche_porto_ancona-6772081.html?refresh_ce\">Pierroberto Folgiero<\/a>, intervenuto lo scorso 23 giugno al varo della &#8220;Viking Saturn&#8221;.<\/strong><\/em><\/p>\n<p><a title=\"Pierroberto Folgiero: le dichiarazioni - Corriere Adriatico\" href=\"https:\/\/www.corriereadriatico.it\/marche\/fincantieri_pierroberto_folgiero_amministratore_delegato_marche_porto_ancona-6772081.html?refresh_ce\"><img decoding=\"async\" src=\"https:\/\/www.topmanagers.it\/SharingFolder\/TopManager\/it\/ManagerProfilePhoto\/Photo\/Pierroberto-Folgiero-topmanagers.jpg\" alt=\"Pierroberto Folgiero\" width=\"120\" \/><\/a><\/p>\n<h2>Fincantieri punta su innovazione green e digitale: l&#8217;AD Pierroberto Folgiero al varo della &#8220;Viking Saturn&#8221;<\/h2>\n<p>\u00c8 stata varata lo scorso 23 giugno ad Ancona la &#8220;Viking Saturn&#8221;, decima nave da crociera di Fincantieri per la societ\u00e0 armatrice Viking. Presenti alla cerimonia l&#8217;AD di Fincantieri <strong>Pierroberto Folgiero<\/strong> e l&#8217;armatore della finlandese Viking Torstein Hagen. La nave, con una stazza di 47.800 tonnellate lorde, si posizioner\u00e0 nel segmento di mercato di unit\u00e0 di piccole dimensioni come le unit\u00e0 gemelle: dotata di 465 cabine, potr\u00e0 ospitare a bordo 930 passeggeri. Le navi Viking sono progettate secondo le pi\u00f9 recenti normative in tema di navigazione e fornite dei pi\u00f9 moderni sistemi di sicurezza, compreso il &#8220;safe return to port&#8221;: dispongono inoltre di motori ad alta efficienza, idrodinamica e carena ottimizzate con conseguente abbattimento dei consumi e sistemi che riducono al minimo l&#8217;inquinamento dei gas di scarico e che soddisfano le pi\u00f9 severe normative ambientali. Non a caso proprio nelle scorse settimane l&#8217;AD <strong>Pierroberto Folgiero<\/strong>, nel delineare la Fincantieri del futuro, aveva espressamente ribadito l&#8217;intenzione di investire sempre pi\u00f9 su innovazione green e digitale.<\/p>\n<h2>Pierroberto Folgiero: l&#8217;AD di Fincantieri traccia le linee di sviluppo per il cantiere di Ancona<\/h2>\n<p>Ha le idee chiare l&#8217;AD di Fincantieri <a title=\"Pierroberto Folgiero: l'intervento - Corriere Adriatico\" href=\"https:\/\/www.corriereadriatico.it\/marche\/fincantieri_pierroberto_folgiero_amministratore_delegato_marche_porto_ancona-6772081.html?refresh_ce\">Pierroberto Folgiero<\/a>: <em>&#8220;Questo cantiere ha la possibilit\u00e0 di essere ingrandito e sar\u00e0 il cuore della strategia sulle navi di lusso&#8221;<\/em>. Lo ha assicurato a margine della cerimonia per il varo della &#8220;Viking Saturn&#8221;. L&#8217;AD ha parlato di <em>&#8220;belle performance e tanto futuro&#8221;<\/em> per il cantiere di Ancona: <em>&#8220;Penso che nel prossimo ciclo industriale di questo Paese le infrastrutture siano importanti e i fondi per le infrastrutture ci saranno. Far accadere le cose \u00e8 un esercizio di concertazione, non bastano le risorse, bisogna scaricarle a terra&#8221;<\/em>. L&#8217;AD <strong>Pierroberto Folgiero<\/strong> ha quindi sottolineato il valore di infrastrutture e cantieri nel creare occupazione e Pil: <em>&#8220;Noi ci lavoreremo e ci crediamo. Pensiamo che nei prossimi anni le filiere nazionali, soprattutto sui settori strategici saranno fondamentali, certo che per tenere forti queste filiere, come quelle della cantieristica civile e militare, c&#8217;\u00e8 bisogno di fare investimenti che significano occupazione. \u00c8 una bella storia&#8221;<\/em>.<\/p>\n","protected":false},"excerpt":{"rendered":"<p>&#8220;Le infrastrutture come i cantieri creano occupazione e Pil. Noi ci lavoreremo e ci crediamo&#8221;: la vision dell&#8217;AD di Fincantieri Pierroberto Folgiero, intervenuto lo scorso 23 giugno al varo della &#8220;Viking Saturn&#8221;. Fincantieri punta su innovazione green e digitale: l&#8217;AD Pierroberto Folgiero al varo della &#8220;Viking Saturn&#8221; \u00c8 stata varata lo scorso 23 giugno ad Ancona la &#8220;Viking Saturn&#8221;, decima nave da crociera di Fincantieri per la societ\u00e0 armatrice Viking.<\/p>\n<p><a class=\"continue-reading\" href=\"https:\/\/www.article-marketing.eu\/comunicatistampa\/pierroberto-folgiero-fincantieri-lad-nel-cantiere-di-ancona-per-il-varo-della-viking-saturn\/\">Continue reading&#8230;<\/a><\/p>\n","protected":false},"author":6477,"featured_media":0,"comment_status":"open","ping_status":"open","sticky":false,"template":"","format":"standard","meta":{"_monsterinsights_skip_tracking":false,"_monsterinsights_sitenote_active":false,"_monsterinsights_sitenote_note":"","_monsterinsights_sitenote_category":0,"footnotes":""},"categories":[386],"tags":[10004],"class_list":["post-24289","post","type-post","status-publish","format-standard","hentry","category-economia-e-lavoro","tag-pierroberto-folgiero"],"yoast_head":"<!-- This site is optimized with the Yoast SEO plugin v27.3 - https:\/\/yoast.com\/product\/yoast-seo-wordpress\/ -->\n<title>Pierroberto Folgiero: Fincantieri, l\u2019AD nel cantiere di Ancona per il varo della \u201cViking Saturn\u201d<\/title>\n<meta name=\"robots\" content=\"index, follow, max-snippet:-1, max-image-preview:large, max-video-preview:-1\" \/>\n<link rel=\"canonical\" href=\"https:\/\/www.article-marketing.eu\/comunicatistampa\/pierroberto-folgiero-fincantieri-lad-nel-cantiere-di-ancona-per-il-varo-della-viking-saturn\/\" \/>\n<meta property=\"og:locale\" content=\"it_IT\" \/>\n<meta property=\"og:type\" content=\"article\" \/>\n<meta property=\"og:title\" content=\"Pierroberto Folgiero: Fincantieri, l\u2019AD nel cantiere di Ancona per il varo della \u201cViking Saturn\u201d\" \/>\n<meta property=\"og:description\" content=\"&#8220;Le infrastrutture come i cantieri creano occupazione e Pil. Noi ci lavoreremo e ci crediamo&#8221;: la vision dell&#8217;AD di Fincantieri Pierroberto Folgiero, intervenuto lo scorso 23 giugno al varo della &#8220;Viking Saturn&#8221;. Fincantieri punta su innovazione green e digitale: l&#8217;AD Pierroberto Folgiero al varo della &#8220;Viking Saturn&#8221; \u00c8 stata varata lo scorso 23 giugno ad Ancona la &#8220;Viking Saturn&#8221;, decima nave da crociera di Fincantieri per la societ\u00e0 armatrice Viking.Continue reading...\" \/>\n<meta property=\"og:url\" content=\"https:\/\/www.article-marketing.eu\/comunicatistampa\/pierroberto-folgiero-fincantieri-lad-nel-cantiere-di-ancona-per-il-varo-della-viking-saturn\/\" \/>\n<meta property=\"og:site_name\" content=\"Article Marketing\" \/>\n<meta property=\"article:published_time\" content=\"2022-08-04T08:21:27+00:00\" \/>\n<meta property=\"og:image\" content=\"https:\/\/www.topmanagers.it\/SharingFolder\/TopManager\/it\/ManagerProfilePhoto\/Photo\/Pierroberto-Folgiero-topmanagers.jpg\" \/>\n<meta name=\"author\" content=\"articolinews\" \/>\n<meta name=\"twitter:card\" content=\"summary_large_image\" \/>\n<meta name=\"twitter:label1\" content=\"Scritto da\" \/>\n\t<meta name=\"twitter:data1\" content=\"articolinews\" \/>\n\t<meta name=\"twitter:label2\" content=\"Tempo di lettura stimato\" \/>\n\t<meta name=\"twitter:data2\" content=\"3 minuti\" \/>\n<script type=\"application\/ld+json\" class=\"yoast-schema-graph\">{\"@context\":\"https:\\\/\\\/schema.org\",\"@graph\":[{\"@type\":\"Article\",\"@id\":\"https:\\\/\\\/www.article-marketing.eu\\\/comunicatistampa\\\/pierroberto-folgiero-fincantieri-lad-nel-cantiere-di-ancona-per-il-varo-della-viking-saturn\\\/#article\",\"isPartOf\":{\"@id\":\"https:\\\/\\\/www.article-marketing.eu\\\/comunicatistampa\\\/pierroberto-folgiero-fincantieri-lad-nel-cantiere-di-ancona-per-il-varo-della-viking-saturn\\\/\"},\"author\":{\"name\":\"articolinews\",\"@id\":\"https:\\\/\\\/www.article-marketing.eu\\\/comunicatistampa\\\/#\\\/schema\\\/person\\\/2fcaf8f8f3a9eef9eb7f27532d3ca458\"},\"headline\":\"Pierroberto Folgiero: Fincantieri, l\u2019AD nel cantiere di Ancona per il varo della \u201cViking Saturn\u201d\",\"datePublished\":\"2022-08-04T08:21:27+00:00\",\"mainEntityOfPage\":{\"@id\":\"https:\\\/\\\/www.article-marketing.eu\\\/comunicatistampa\\\/pierroberto-folgiero-fincantieri-lad-nel-cantiere-di-ancona-per-il-varo-della-viking-saturn\\\/\"},\"wordCount\":388,\"commentCount\":0,\"image\":{\"@id\":\"https:\\\/\\\/www.article-marketing.eu\\\/comunicatistampa\\\/pierroberto-folgiero-fincantieri-lad-nel-cantiere-di-ancona-per-il-varo-della-viking-saturn\\\/#primaryimage\"},\"thumbnailUrl\":\"https:\\\/\\\/www.topmanagers.it\\\/SharingFolder\\\/TopManager\\\/it\\\/ManagerProfilePhoto\\\/Photo\\\/Pierroberto-Folgiero-topmanagers.jpg\",\"keywords\":[\"Pierroberto Folgiero\"],\"articleSection\":[\"Economia e lavoro\"],\"inLanguage\":\"it-IT\",\"potentialAction\":[{\"@type\":\"CommentAction\",\"name\":\"Comment\",\"target\":[\"https:\\\/\\\/www.article-marketing.eu\\\/comunicatistampa\\\/pierroberto-folgiero-fincantieri-lad-nel-cantiere-di-ancona-per-il-varo-della-viking-saturn\\\/#respond\"]}]},{\"@type\":\"WebPage\",\"@id\":\"https:\\\/\\\/www.article-marketing.eu\\\/comunicatistampa\\\/pierroberto-folgiero-fincantieri-lad-nel-cantiere-di-ancona-per-il-varo-della-viking-saturn\\\/\",\"url\":\"https:\\\/\\\/www.article-marketing.eu\\\/comunicatistampa\\\/pierroberto-folgiero-fincantieri-lad-nel-cantiere-di-ancona-per-il-varo-della-viking-saturn\\\/\",\"name\":\"Pierroberto Folgiero: Fincantieri, l\u2019AD nel cantiere di Ancona per il varo della \u201cViking Saturn\u201d\",\"isPartOf\":{\"@id\":\"https:\\\/\\\/www.article-marketing.eu\\\/comunicatistampa\\\/#website\"},\"primaryImageOfPage\":{\"@id\":\"https:\\\/\\\/www.article-marketing.eu\\\/comunicatistampa\\\/pierroberto-folgiero-fincantieri-lad-nel-cantiere-di-ancona-per-il-varo-della-viking-saturn\\\/#primaryimage\"},\"image\":{\"@id\":\"https:\\\/\\\/www.article-marketing.eu\\\/comunicatistampa\\\/pierroberto-folgiero-fincantieri-lad-nel-cantiere-di-ancona-per-il-varo-della-viking-saturn\\\/#primaryimage\"},\"thumbnailUrl\":\"https:\\\/\\\/www.topmanagers.it\\\/SharingFolder\\\/TopManager\\\/it\\\/ManagerProfilePhoto\\\/Photo\\\/Pierroberto-Folgiero-topmanagers.jpg\",\"datePublished\":\"2022-08-04T08:21:27+00:00\",\"author\":{\"@id\":\"https:\\\/\\\/www.article-marketing.eu\\\/comunicatistampa\\\/#\\\/schema\\\/person\\\/2fcaf8f8f3a9eef9eb7f27532d3ca458\"},\"breadcrumb\":{\"@id\":\"https:\\\/\\\/www.article-marketing.eu\\\/comunicatistampa\\\/pierroberto-folgiero-fincantieri-lad-nel-cantiere-di-ancona-per-il-varo-della-viking-saturn\\\/#breadcrumb\"},\"inLanguage\":\"it-IT\",\"potentialAction\":[{\"@type\":\"ReadAction\",\"target\":[\"https:\\\/\\\/www.article-marketing.eu\\\/comunicatistampa\\\/pierroberto-folgiero-fincantieri-lad-nel-cantiere-di-ancona-per-il-varo-della-viking-saturn\\\/\"]}]},{\"@type\":\"ImageObject\",\"inLanguage\":\"it-IT\",\"@id\":\"https:\\\/\\\/www.article-marketing.eu\\\/comunicatistampa\\\/pierroberto-folgiero-fincantieri-lad-nel-cantiere-di-ancona-per-il-varo-della-viking-saturn\\\/#primaryimage\",\"url\":\"https:\\\/\\\/www.topmanagers.it\\\/SharingFolder\\\/TopManager\\\/it\\\/ManagerProfilePhoto\\\/Photo\\\/Pierroberto-Folgiero-topmanagers.jpg\",\"contentUrl\":\"https:\\\/\\\/www.topmanagers.it\\\/SharingFolder\\\/TopManager\\\/it\\\/ManagerProfilePhoto\\\/Photo\\\/Pierroberto-Folgiero-topmanagers.jpg\"},{\"@type\":\"BreadcrumbList\",\"@id\":\"https:\\\/\\\/www.article-marketing.eu\\\/comunicatistampa\\\/pierroberto-folgiero-fincantieri-lad-nel-cantiere-di-ancona-per-il-varo-della-viking-saturn\\\/#breadcrumb\",\"itemListElement\":[{\"@type\":\"ListItem\",\"position\":1,\"name\":\"Home\",\"item\":\"https:\\\/\\\/www.article-marketing.eu\\\/comunicatistampa\\\/\"},{\"@type\":\"ListItem\",\"position\":2,\"name\":\"Pierroberto Folgiero: Fincantieri, l\u2019AD nel cantiere di Ancona per il varo della \u201cViking Saturn\u201d\"}]},{\"@type\":\"WebSite\",\"@id\":\"https:\\\/\\\/www.article-marketing.eu\\\/comunicatistampa\\\/#website\",\"url\":\"https:\\\/\\\/www.article-marketing.eu\\\/comunicatistampa\\\/\",\"name\":\"Article Marketing\",\"description\":\"article marketing &amp; press release\",\"potentialAction\":[{\"@type\":\"SearchAction\",\"target\":{\"@type\":\"EntryPoint\",\"urlTemplate\":\"https:\\\/\\\/www.article-marketing.eu\\\/comunicatistampa\\\/?s={search_term_string}\"},\"query-input\":{\"@type\":\"PropertyValueSpecification\",\"valueRequired\":true,\"valueName\":\"search_term_string\"}}],\"inLanguage\":\"it-IT\"},{\"@type\":\"Person\",\"@id\":\"https:\\\/\\\/www.article-marketing.eu\\\/comunicatistampa\\\/#\\\/schema\\\/person\\\/2fcaf8f8f3a9eef9eb7f27532d3ca458\",\"name\":\"articolinews\",\"image\":{\"@type\":\"ImageObject\",\"inLanguage\":\"it-IT\",\"@id\":\"https:\\\/\\\/secure.gravatar.com\\\/avatar\\\/9e2a264bab04e17dea24d937c9956304649a848cb73c46747a692ff1bdeb1cb7?s=96&d=mm&r=g\",\"url\":\"https:\\\/\\\/secure.gravatar.com\\\/avatar\\\/9e2a264bab04e17dea24d937c9956304649a848cb73c46747a692ff1bdeb1cb7?s=96&d=mm&r=g\",\"contentUrl\":\"https:\\\/\\\/secure.gravatar.com\\\/avatar\\\/9e2a264bab04e17dea24d937c9956304649a848cb73c46747a692ff1bdeb1cb7?s=96&d=mm&r=g\",\"caption\":\"articolinews\"},\"url\":\"https:\\\/\\\/www.article-marketing.eu\\\/comunicatistampa\\\/author\\\/articolinews\\\/\"}]}<\/script>\n<!-- \/ Yoast SEO plugin. -->","yoast_head_json":{"title":"Pierroberto Folgiero: Fincantieri, l\u2019AD nel cantiere di Ancona per il varo della \u201cViking Saturn\u201d","robots":{"index":"index","follow":"follow","max-snippet":"max-snippet:-1","max-image-preview":"max-image-preview:large","max-video-preview":"max-video-preview:-1"},"canonical":"https:\/\/www.article-marketing.eu\/comunicatistampa\/pierroberto-folgiero-fincantieri-lad-nel-cantiere-di-ancona-per-il-varo-della-viking-saturn\/","og_locale":"it_IT","og_type":"article","og_title":"Pierroberto Folgiero: Fincantieri, l\u2019AD nel cantiere di Ancona per il varo della \u201cViking Saturn\u201d","og_description":"&#8220;Le infrastrutture come i cantieri creano occupazione e Pil. Noi ci lavoreremo e ci crediamo&#8221;: la vision dell&#8217;AD di Fincantieri Pierroberto Folgiero, intervenuto lo scorso 23 giugno al varo della &#8220;Viking Saturn&#8221;. Fincantieri punta su innovazione green e digitale: l&#8217;AD Pierroberto Folgiero al varo della &#8220;Viking Saturn&#8221; \u00c8 stata varata lo scorso 23 giugno ad Ancona la &#8220;Viking Saturn&#8221;, decima nave da crociera di Fincantieri per la societ\u00e0 armatrice Viking.Continue reading...","og_url":"https:\/\/www.article-marketing.eu\/comunicatistampa\/pierroberto-folgiero-fincantieri-lad-nel-cantiere-di-ancona-per-il-varo-della-viking-saturn\/","og_site_name":"Article Marketing","article_published_time":"2022-08-04T08:21:27+00:00","og_image":[{"url":"https:\/\/www.topmanagers.it\/SharingFolder\/TopManager\/it\/ManagerProfilePhoto\/Photo\/Pierroberto-Folgiero-topmanagers.jpg","type":"","width":"","height":""}],"author":"articolinews","twitter_card":"summary_large_image","twitter_misc":{"Scritto da":"articolinews","Tempo di lettura stimato":"3 minuti"},"schema":{"@context":"https:\/\/schema.org","@graph":[{"@type":"Article","@id":"https:\/\/www.article-marketing.eu\/comunicatistampa\/pierroberto-folgiero-fincantieri-lad-nel-cantiere-di-ancona-per-il-varo-della-viking-saturn\/#article","isPartOf":{"@id":"https:\/\/www.article-marketing.eu\/comunicatistampa\/pierroberto-folgiero-fincantieri-lad-nel-cantiere-di-ancona-per-il-varo-della-viking-saturn\/"},"author":{"name":"articolinews","@id":"https:\/\/www.article-marketing.eu\/comunicatistampa\/#\/schema\/person\/2fcaf8f8f3a9eef9eb7f27532d3ca458"},"headline":"Pierroberto Folgiero: Fincantieri, l\u2019AD nel cantiere di Ancona per il varo della \u201cViking Saturn\u201d","datePublished":"2022-08-04T08:21:27+00:00","mainEntityOfPage":{"@id":"https:\/\/www.article-marketing.eu\/comunicatistampa\/pierroberto-folgiero-fincantieri-lad-nel-cantiere-di-ancona-per-il-varo-della-viking-saturn\/"},"wordCount":388,"commentCount":0,"image":{"@id":"https:\/\/www.article-marketing.eu\/comunicatistampa\/pierroberto-folgiero-fincantieri-lad-nel-cantiere-di-ancona-per-il-varo-della-viking-saturn\/#primaryimage"},"thumbnailUrl":"https:\/\/www.topmanagers.it\/SharingFolder\/TopManager\/it\/ManagerProfilePhoto\/Photo\/Pierroberto-Folgiero-topmanagers.jpg","keywords":["Pierroberto Folgiero"],"articleSection":["Economia e lavoro"],"inLanguage":"it-IT","potentialAction":[{"@type":"CommentAction","name":"Comment","target":["https:\/\/www.article-marketing.eu\/comunicatistampa\/pierroberto-folgiero-fincantieri-lad-nel-cantiere-di-ancona-per-il-varo-della-viking-saturn\/#respond"]}]},{"@type":"WebPage","@id":"https:\/\/www.article-marketing.eu\/comunicatistampa\/pierroberto-folgiero-fincantieri-lad-nel-cantiere-di-ancona-per-il-varo-della-viking-saturn\/","url":"https:\/\/www.article-marketing.eu\/comunicatistampa\/pierroberto-folgiero-fincantieri-lad-nel-cantiere-di-ancona-per-il-varo-della-viking-saturn\/","name":"Pierroberto Folgiero: Fincantieri, l\u2019AD nel cantiere di Ancona per il varo della \u201cViking Saturn\u201d","isPartOf":{"@id":"https:\/\/www.article-marketing.eu\/comunicatistampa\/#website"},"primaryImageOfPage":{"@id":"https:\/\/www.article-marketing.eu\/comunicatistampa\/pierroberto-folgiero-fincantieri-lad-nel-cantiere-di-ancona-per-il-varo-della-viking-saturn\/#primaryimage"},"image":{"@id":"https:\/\/www.article-marketing.eu\/comunicatistampa\/pierroberto-folgiero-fincantieri-lad-nel-cantiere-di-ancona-per-il-varo-della-viking-saturn\/#primaryimage"},"thumbnailUrl":"https:\/\/www.topmanagers.it\/SharingFolder\/TopManager\/it\/ManagerProfilePhoto\/Photo\/Pierroberto-Folgiero-topmanagers.jpg","datePublished":"2022-08-04T08:21:27+00:00","author":{"@id":"https:\/\/www.article-marketing.eu\/comunicatistampa\/#\/schema\/person\/2fcaf8f8f3a9eef9eb7f27532d3ca458"},"breadcrumb":{"@id":"https:\/\/www.article-marketing.eu\/comunicatistampa\/pierroberto-folgiero-fincantieri-lad-nel-cantiere-di-ancona-per-il-varo-della-viking-saturn\/#breadcrumb"},"inLanguage":"it-IT","potentialAction":[{"@type":"ReadAction","target":["https:\/\/www.article-marketing.eu\/comunicatistampa\/pierroberto-folgiero-fincantieri-lad-nel-cantiere-di-ancona-per-il-varo-della-viking-saturn\/"]}]},{"@type":"ImageObject","inLanguage":"it-IT","@id":"https:\/\/www.article-marketing.eu\/comunicatistampa\/pierroberto-folgiero-fincantieri-lad-nel-cantiere-di-ancona-per-il-varo-della-viking-saturn\/#primaryimage","url":"https:\/\/www.topmanagers.it\/SharingFolder\/TopManager\/it\/ManagerProfilePhoto\/Photo\/Pierroberto-Folgiero-topmanagers.jpg","contentUrl":"https:\/\/www.topmanagers.it\/SharingFolder\/TopManager\/it\/ManagerProfilePhoto\/Photo\/Pierroberto-Folgiero-topmanagers.jpg"},{"@type":"BreadcrumbList","@id":"https:\/\/www.article-marketing.eu\/comunicatistampa\/pierroberto-folgiero-fincantieri-lad-nel-cantiere-di-ancona-per-il-varo-della-viking-saturn\/#breadcrumb","itemListElement":[{"@type":"ListItem","position":1,"name":"Home","item":"https:\/\/www.article-marketing.eu\/comunicatistampa\/"},{"@type":"ListItem","position":2,"name":"Pierroberto Folgiero: Fincantieri, l\u2019AD nel cantiere di Ancona per il varo della \u201cViking Saturn\u201d"}]},{"@type":"WebSite","@id":"https:\/\/www.article-marketing.eu\/comunicatistampa\/#website","url":"https:\/\/www.article-marketing.eu\/comunicatistampa\/","name":"Article Marketing","description":"article marketing &amp; press release","potentialAction":[{"@type":"SearchAction","target":{"@type":"EntryPoint","urlTemplate":"https:\/\/www.article-marketing.eu\/comunicatistampa\/?s={search_term_string}"},"query-input":{"@type":"PropertyValueSpecification","valueRequired":true,"valueName":"search_term_string"}}],"inLanguage":"it-IT"},{"@type":"Person","@id":"https:\/\/www.article-marketing.eu\/comunicatistampa\/#\/schema\/person\/2fcaf8f8f3a9eef9eb7f27532d3ca458","name":"articolinews","image":{"@type":"ImageObject","inLanguage":"it-IT","@id":"https:\/\/secure.gravatar.com\/avatar\/9e2a264bab04e17dea24d937c9956304649a848cb73c46747a692ff1bdeb1cb7?s=96&d=mm&r=g","url":"https:\/\/secure.gravatar.com\/avatar\/9e2a264bab04e17dea24d937c9956304649a848cb73c46747a692ff1bdeb1cb7?s=96&d=mm&r=g","contentUrl":"https:\/\/secure.gravatar.com\/avatar\/9e2a264bab04e17dea24d937c9956304649a848cb73c46747a692ff1bdeb1cb7?s=96&d=mm&r=g","caption":"articolinews"},"url":"https:\/\/www.article-marketing.eu\/comunicatistampa\/author\/articolinews\/"}]}},"_links":{"self":[{"href":"https:\/\/www.article-marketing.eu\/comunicatistampa\/wp-json\/wp\/v2\/posts\/24289","targetHints":{"allow":["GET"]}}],"collection":[{"href":"https:\/\/www.article-marketing.eu\/comunicatistampa\/wp-json\/wp\/v2\/posts"}],"about":[{"href":"https:\/\/www.article-marketing.eu\/comunicatistampa\/wp-json\/wp\/v2\/types\/post"}],"author":[{"embeddable":true,"href":"https:\/\/www.article-marketing.eu\/comunicatistampa\/wp-json\/wp\/v2\/users\/6477"}],"replies":[{"embeddable":true,"href":"https:\/\/www.article-marketing.eu\/comunicatistampa\/wp-json\/wp\/v2\/comments?post=24289"}],"version-history":[{"count":2,"href":"https:\/\/www.article-marketing.eu\/comunicatistampa\/wp-json\/wp\/v2\/posts\/24289\/revisions"}],"predecessor-version":[{"id":24312,"href":"https:\/\/www.article-marketing.eu\/comunicatistampa\/wp-json\/wp\/v2\/posts\/24289\/revisions\/24312"}],"wp:attachment":[{"href":"https:\/\/www.article-marketing.eu\/comunicatistampa\/wp-json\/wp\/v2\/media?parent=24289"}],"wp:term":[{"taxonomy":"category","embeddable":true,"href":"https:\/\/www.article-marketing.eu\/comunicatistampa\/wp-json\/wp\/v2\/categories?post=24289"},{"taxonomy":"post_tag","embeddable":true,"href":"https:\/\/www.article-marketing.eu\/comunicatistampa\/wp-json\/wp\/v2\/tags?post=24289"}],"curies":[{"name":"wp","href":"https:\/\/api.w.org\/{rel}","templated":true}]}}