{"id":24419,"date":"2022-08-11T21:10:23","date_gmt":"2022-08-11T19:10:23","guid":{"rendered":"https:\/\/www.article-marketing.eu\/comunicatistampa\/?p=24419"},"modified":"2022-08-11T21:10:23","modified_gmt":"2022-08-11T19:10:23","slug":"ares-ambiente-perche-la-classificazione-dei-rifiuti-e-un-tema-fondamentale","status":"publish","type":"post","link":"https:\/\/www.article-marketing.eu\/comunicatistampa\/ares-ambiente-perche-la-classificazione-dei-rifiuti-e-un-tema-fondamentale\/","title":{"rendered":"Ares Ambiente, perch\u00e9 la classificazione dei rifiuti \u00e8 un tema fondamentale"},"content":{"rendered":"<p><em><strong>Esperienza e soprattutto un&#8217;attenzione costante agli standard del settore hanno consentito ad <a title=\"Ares Ambiente, l'analisi - hype.news\" href=\"https:\/\/hype.news\/articlenews\/ares-ambiente-rifiuti-speciali-e-rifiuti-urbani-lapprofondimento-px1zyfdt\">Ares Ambiente<\/a> di imporsi come uno dei punti di riferimento del panorama italiano della gestione dei rifiuti.<\/strong><\/em><\/p>\n<p><img loading=\"lazy\" decoding=\"async\" class=\"alignnone\" src=\"https:\/\/h2biz.net\/images\/Plats\/crop_min_20211203102317.jpg\" alt=\"Ares Ambiente\" width=\"120\" height=\"120\" \/><\/p>\n<h2>Ares Ambiente: classificazione dei rifiuti, cosa dice la legge italiana in merito<\/h2>\n<p>Quello dei rifiuti \u00e8 da sempre uno dei settori pi\u00f9 coinvolti nella tutela ambientale. Basti pensare all&#8217;importanza che riciclo e riuso rivestono nella transizione verso un&#8217;economia di tipo circolare. Un esempio lampante \u00e8 la classificazione dei rifiuti, considerata uno degli strumenti fondamentali per attuare il cambio di paradigma. A parlare dell&#8217;argomento sul suo sito ufficiale \u00e8 <strong>Ares Ambiente<\/strong>, societ\u00e0 specializzata nell&#8217;intermediazione dei rifiuti e nella gestione di impianti autorizzati. L&#8217;Italia si \u00e8 via via adeguata alle direttive europee in materia e oggi la normativa vigente \u00e8 contenuta nel D.Lgs. 116\/2020. In termini di classificazione, il decreto prende in considerazione criteri di origine e pericolosit\u00e0 dei rifiuti. Nel primo caso si fa distinzione tra rifiuti urbani e rifiuti speciali, mentre nel secondo tra pericolosi e non pericolosi. Quelli provenienti dalle abitazioni rientrano nella categoria urbani, con i servizi di smaltimento e raccolta a carico delle PA. I rifiuti provenienti da attivit\u00e0 produttive rientrano invece nella categoria speciali. Sia i primi che i secondi, spiega <strong>Ares Ambiente<\/strong>, vengono poi suddivisi in pericolosi e non pericolosi.<\/p>\n<h2>Ares Ambiente: l&#8217;Elenco Europeo dei Rifiuti, i dettagli<\/h2>\n<p>Identificare i rifiuti speciali provenienti dalle diverse attivit\u00e0 in maniera univoca \u00e8 il passaggio successivo sul quale \u00e8 intervenuto il decreto del 2020. Il testo, che si rif\u00e0 al codice presente nell&#8217;Elenco Europeo dei Rifiuti (EER), meglio conosciuto come Codice Europeo dei Rifiuti (CER), definisce infatti la provenienza dei rifiuti speciali. Come evidenzia il focus a cura di <strong>Ares Ambiente<\/strong>, si tratta di rifiuti provenienti da attivit\u00e0 agricole e agro-industriali; attivit\u00e0 sanitarie; attivit\u00e0 di costruzione e demolizione; lavorazioni artigianali; lavorazioni industriali; attivit\u00e0 commerciali; veicoli fuori uso; attivit\u00e0 di recupero e smaltimento di rifiuti e fanghi. Fondata nel 2008 da <strong>Marco Nicola Domizio<\/strong>, esperto del settore, oggi <strong>Ares Ambiente<\/strong> \u00e8 in grado di fornire soluzioni efficienti per il trattamento di rifiuti caratterizzati in oltre 830 codici CER\/EER. L&#8217;attenzione da sempre rivolta al miglioramento degli standard di qualit\u00e0, ambiente, responsabilit\u00e0 sociale e sicurezza \u00e8 inoltre testimoniata dalle numerose certificazioni in possesso (UNI EN ISO 9001:2015; UNI EN ISO 14001:2015 e Regolamento Europeo EMAS; SA 8000:2014; UNI ISO 45001:2018).<\/p>\n","protected":false},"excerpt":{"rendered":"<p>Esperienza e soprattutto un&#8217;attenzione costante agli standard del settore hanno consentito ad Ares Ambiente di imporsi come uno dei punti di riferimento del panorama italiano della gestione dei rifiuti. Ares Ambiente: classificazione dei rifiuti, cosa dice la legge italiana in merito Quello dei rifiuti \u00e8 da sempre uno dei settori pi\u00f9 coinvolti nella tutela ambientale. Basti pensare all&#8217;importanza che riciclo e riuso rivestono nella transizione verso un&#8217;economia di tipo circolare.<\/p>\n<p><a class=\"continue-reading\" href=\"https:\/\/www.article-marketing.eu\/comunicatistampa\/ares-ambiente-perche-la-classificazione-dei-rifiuti-e-un-tema-fondamentale\/\">Continue reading&#8230;<\/a><\/p>\n","protected":false},"author":6477,"featured_media":0,"comment_status":"open","ping_status":"open","sticky":false,"template":"","format":"standard","meta":{"_monsterinsights_skip_tracking":false,"_monsterinsights_sitenote_active":false,"_monsterinsights_sitenote_note":"","_monsterinsights_sitenote_category":0,"footnotes":""},"categories":[388],"tags":[9165],"class_list":["post-24419","post","type-post","status-publish","format-standard","hentry","category-aziende","tag-ares-ambiente"],"yoast_head":"<!-- This site is optimized with the Yoast SEO plugin v27.3 - https:\/\/yoast.com\/product\/yoast-seo-wordpress\/ -->\n<title>Ares Ambiente, perch\u00e9 la classificazione dei rifiuti \u00e8 un tema fondamentale<\/title>\n<meta name=\"robots\" content=\"index, follow, max-snippet:-1, max-image-preview:large, max-video-preview:-1\" \/>\n<link rel=\"canonical\" href=\"https:\/\/www.article-marketing.eu\/comunicatistampa\/ares-ambiente-perche-la-classificazione-dei-rifiuti-e-un-tema-fondamentale\/\" \/>\n<meta property=\"og:locale\" content=\"it_IT\" \/>\n<meta property=\"og:type\" content=\"article\" \/>\n<meta property=\"og:title\" content=\"Ares Ambiente, perch\u00e9 la classificazione dei rifiuti \u00e8 un tema fondamentale\" \/>\n<meta property=\"og:description\" content=\"Esperienza e soprattutto un&#8217;attenzione costante agli standard del settore hanno consentito ad Ares Ambiente di imporsi come uno dei punti di riferimento del panorama italiano della gestione dei rifiuti. Ares Ambiente: classificazione dei rifiuti, cosa dice la legge italiana in merito Quello dei rifiuti \u00e8 da sempre uno dei settori pi\u00f9 coinvolti nella tutela ambientale. Basti pensare all&#8217;importanza che riciclo e riuso rivestono nella transizione verso un&#8217;economia di tipo circolare.Continue reading...\" \/>\n<meta property=\"og:url\" content=\"https:\/\/www.article-marketing.eu\/comunicatistampa\/ares-ambiente-perche-la-classificazione-dei-rifiuti-e-un-tema-fondamentale\/\" \/>\n<meta property=\"og:site_name\" content=\"Article Marketing\" \/>\n<meta property=\"article:published_time\" content=\"2022-08-11T19:10:23+00:00\" \/>\n<meta property=\"og:image\" content=\"https:\/\/h2biz.net\/images\/Plats\/crop_min_20211203102317.jpg\" \/>\n<meta name=\"author\" content=\"articolinews\" \/>\n<meta name=\"twitter:card\" content=\"summary_large_image\" \/>\n<meta name=\"twitter:label1\" content=\"Scritto da\" \/>\n\t<meta name=\"twitter:data1\" content=\"articolinews\" \/>\n\t<meta name=\"twitter:label2\" content=\"Tempo di lettura stimato\" \/>\n\t<meta name=\"twitter:data2\" content=\"3 minuti\" \/>\n<script type=\"application\/ld+json\" class=\"yoast-schema-graph\">{\"@context\":\"https:\\\/\\\/schema.org\",\"@graph\":[{\"@type\":\"Article\",\"@id\":\"https:\\\/\\\/www.article-marketing.eu\\\/comunicatistampa\\\/ares-ambiente-perche-la-classificazione-dei-rifiuti-e-un-tema-fondamentale\\\/#article\",\"isPartOf\":{\"@id\":\"https:\\\/\\\/www.article-marketing.eu\\\/comunicatistampa\\\/ares-ambiente-perche-la-classificazione-dei-rifiuti-e-un-tema-fondamentale\\\/\"},\"author\":{\"name\":\"articolinews\",\"@id\":\"https:\\\/\\\/www.article-marketing.eu\\\/comunicatistampa\\\/#\\\/schema\\\/person\\\/2fcaf8f8f3a9eef9eb7f27532d3ca458\"},\"headline\":\"Ares Ambiente, perch\u00e9 la classificazione dei rifiuti \u00e8 un tema fondamentale\",\"datePublished\":\"2022-08-11T19:10:23+00:00\",\"mainEntityOfPage\":{\"@id\":\"https:\\\/\\\/www.article-marketing.eu\\\/comunicatistampa\\\/ares-ambiente-perche-la-classificazione-dei-rifiuti-e-un-tema-fondamentale\\\/\"},\"wordCount\":383,\"commentCount\":0,\"image\":{\"@id\":\"https:\\\/\\\/www.article-marketing.eu\\\/comunicatistampa\\\/ares-ambiente-perche-la-classificazione-dei-rifiuti-e-un-tema-fondamentale\\\/#primaryimage\"},\"thumbnailUrl\":\"https:\\\/\\\/h2biz.net\\\/images\\\/Plats\\\/crop_min_20211203102317.jpg\",\"keywords\":[\"Ares Ambiente\"],\"articleSection\":[\"Aziende\"],\"inLanguage\":\"it-IT\",\"potentialAction\":[{\"@type\":\"CommentAction\",\"name\":\"Comment\",\"target\":[\"https:\\\/\\\/www.article-marketing.eu\\\/comunicatistampa\\\/ares-ambiente-perche-la-classificazione-dei-rifiuti-e-un-tema-fondamentale\\\/#respond\"]}]},{\"@type\":\"WebPage\",\"@id\":\"https:\\\/\\\/www.article-marketing.eu\\\/comunicatistampa\\\/ares-ambiente-perche-la-classificazione-dei-rifiuti-e-un-tema-fondamentale\\\/\",\"url\":\"https:\\\/\\\/www.article-marketing.eu\\\/comunicatistampa\\\/ares-ambiente-perche-la-classificazione-dei-rifiuti-e-un-tema-fondamentale\\\/\",\"name\":\"Ares Ambiente, perch\u00e9 la classificazione dei rifiuti \u00e8 un tema fondamentale\",\"isPartOf\":{\"@id\":\"https:\\\/\\\/www.article-marketing.eu\\\/comunicatistampa\\\/#website\"},\"primaryImageOfPage\":{\"@id\":\"https:\\\/\\\/www.article-marketing.eu\\\/comunicatistampa\\\/ares-ambiente-perche-la-classificazione-dei-rifiuti-e-un-tema-fondamentale\\\/#primaryimage\"},\"image\":{\"@id\":\"https:\\\/\\\/www.article-marketing.eu\\\/comunicatistampa\\\/ares-ambiente-perche-la-classificazione-dei-rifiuti-e-un-tema-fondamentale\\\/#primaryimage\"},\"thumbnailUrl\":\"https:\\\/\\\/h2biz.net\\\/images\\\/Plats\\\/crop_min_20211203102317.jpg\",\"datePublished\":\"2022-08-11T19:10:23+00:00\",\"author\":{\"@id\":\"https:\\\/\\\/www.article-marketing.eu\\\/comunicatistampa\\\/#\\\/schema\\\/person\\\/2fcaf8f8f3a9eef9eb7f27532d3ca458\"},\"breadcrumb\":{\"@id\":\"https:\\\/\\\/www.article-marketing.eu\\\/comunicatistampa\\\/ares-ambiente-perche-la-classificazione-dei-rifiuti-e-un-tema-fondamentale\\\/#breadcrumb\"},\"inLanguage\":\"it-IT\",\"potentialAction\":[{\"@type\":\"ReadAction\",\"target\":[\"https:\\\/\\\/www.article-marketing.eu\\\/comunicatistampa\\\/ares-ambiente-perche-la-classificazione-dei-rifiuti-e-un-tema-fondamentale\\\/\"]}]},{\"@type\":\"ImageObject\",\"inLanguage\":\"it-IT\",\"@id\":\"https:\\\/\\\/www.article-marketing.eu\\\/comunicatistampa\\\/ares-ambiente-perche-la-classificazione-dei-rifiuti-e-un-tema-fondamentale\\\/#primaryimage\",\"url\":\"https:\\\/\\\/h2biz.net\\\/images\\\/Plats\\\/crop_min_20211203102317.jpg\",\"contentUrl\":\"https:\\\/\\\/h2biz.net\\\/images\\\/Plats\\\/crop_min_20211203102317.jpg\"},{\"@type\":\"BreadcrumbList\",\"@id\":\"https:\\\/\\\/www.article-marketing.eu\\\/comunicatistampa\\\/ares-ambiente-perche-la-classificazione-dei-rifiuti-e-un-tema-fondamentale\\\/#breadcrumb\",\"itemListElement\":[{\"@type\":\"ListItem\",\"position\":1,\"name\":\"Home\",\"item\":\"https:\\\/\\\/www.article-marketing.eu\\\/comunicatistampa\\\/\"},{\"@type\":\"ListItem\",\"position\":2,\"name\":\"Ares Ambiente, perch\u00e9 la classificazione dei rifiuti \u00e8 un tema fondamentale\"}]},{\"@type\":\"WebSite\",\"@id\":\"https:\\\/\\\/www.article-marketing.eu\\\/comunicatistampa\\\/#website\",\"url\":\"https:\\\/\\\/www.article-marketing.eu\\\/comunicatistampa\\\/\",\"name\":\"Article Marketing\",\"description\":\"article marketing &amp; press release\",\"potentialAction\":[{\"@type\":\"SearchAction\",\"target\":{\"@type\":\"EntryPoint\",\"urlTemplate\":\"https:\\\/\\\/www.article-marketing.eu\\\/comunicatistampa\\\/?s={search_term_string}\"},\"query-input\":{\"@type\":\"PropertyValueSpecification\",\"valueRequired\":true,\"valueName\":\"search_term_string\"}}],\"inLanguage\":\"it-IT\"},{\"@type\":\"Person\",\"@id\":\"https:\\\/\\\/www.article-marketing.eu\\\/comunicatistampa\\\/#\\\/schema\\\/person\\\/2fcaf8f8f3a9eef9eb7f27532d3ca458\",\"name\":\"articolinews\",\"image\":{\"@type\":\"ImageObject\",\"inLanguage\":\"it-IT\",\"@id\":\"https:\\\/\\\/secure.gravatar.com\\\/avatar\\\/9e2a264bab04e17dea24d937c9956304649a848cb73c46747a692ff1bdeb1cb7?s=96&d=mm&r=g\",\"url\":\"https:\\\/\\\/secure.gravatar.com\\\/avatar\\\/9e2a264bab04e17dea24d937c9956304649a848cb73c46747a692ff1bdeb1cb7?s=96&d=mm&r=g\",\"contentUrl\":\"https:\\\/\\\/secure.gravatar.com\\\/avatar\\\/9e2a264bab04e17dea24d937c9956304649a848cb73c46747a692ff1bdeb1cb7?s=96&d=mm&r=g\",\"caption\":\"articolinews\"},\"url\":\"https:\\\/\\\/www.article-marketing.eu\\\/comunicatistampa\\\/author\\\/articolinews\\\/\"}]}<\/script>\n<!-- \/ Yoast SEO plugin. -->","yoast_head_json":{"title":"Ares Ambiente, perch\u00e9 la classificazione dei rifiuti \u00e8 un tema fondamentale","robots":{"index":"index","follow":"follow","max-snippet":"max-snippet:-1","max-image-preview":"max-image-preview:large","max-video-preview":"max-video-preview:-1"},"canonical":"https:\/\/www.article-marketing.eu\/comunicatistampa\/ares-ambiente-perche-la-classificazione-dei-rifiuti-e-un-tema-fondamentale\/","og_locale":"it_IT","og_type":"article","og_title":"Ares Ambiente, perch\u00e9 la classificazione dei rifiuti \u00e8 un tema fondamentale","og_description":"Esperienza e soprattutto un&#8217;attenzione costante agli standard del settore hanno consentito ad Ares Ambiente di imporsi come uno dei punti di riferimento del panorama italiano della gestione dei rifiuti. Ares Ambiente: classificazione dei rifiuti, cosa dice la legge italiana in merito Quello dei rifiuti \u00e8 da sempre uno dei settori pi\u00f9 coinvolti nella tutela ambientale. Basti pensare all&#8217;importanza che riciclo e riuso rivestono nella transizione verso un&#8217;economia di tipo circolare.Continue reading...","og_url":"https:\/\/www.article-marketing.eu\/comunicatistampa\/ares-ambiente-perche-la-classificazione-dei-rifiuti-e-un-tema-fondamentale\/","og_site_name":"Article Marketing","article_published_time":"2022-08-11T19:10:23+00:00","og_image":[{"url":"https:\/\/h2biz.net\/images\/Plats\/crop_min_20211203102317.jpg","type":"","width":"","height":""}],"author":"articolinews","twitter_card":"summary_large_image","twitter_misc":{"Scritto da":"articolinews","Tempo di lettura stimato":"3 minuti"},"schema":{"@context":"https:\/\/schema.org","@graph":[{"@type":"Article","@id":"https:\/\/www.article-marketing.eu\/comunicatistampa\/ares-ambiente-perche-la-classificazione-dei-rifiuti-e-un-tema-fondamentale\/#article","isPartOf":{"@id":"https:\/\/www.article-marketing.eu\/comunicatistampa\/ares-ambiente-perche-la-classificazione-dei-rifiuti-e-un-tema-fondamentale\/"},"author":{"name":"articolinews","@id":"https:\/\/www.article-marketing.eu\/comunicatistampa\/#\/schema\/person\/2fcaf8f8f3a9eef9eb7f27532d3ca458"},"headline":"Ares Ambiente, perch\u00e9 la classificazione dei rifiuti \u00e8 un tema fondamentale","datePublished":"2022-08-11T19:10:23+00:00","mainEntityOfPage":{"@id":"https:\/\/www.article-marketing.eu\/comunicatistampa\/ares-ambiente-perche-la-classificazione-dei-rifiuti-e-un-tema-fondamentale\/"},"wordCount":383,"commentCount":0,"image":{"@id":"https:\/\/www.article-marketing.eu\/comunicatistampa\/ares-ambiente-perche-la-classificazione-dei-rifiuti-e-un-tema-fondamentale\/#primaryimage"},"thumbnailUrl":"https:\/\/h2biz.net\/images\/Plats\/crop_min_20211203102317.jpg","keywords":["Ares Ambiente"],"articleSection":["Aziende"],"inLanguage":"it-IT","potentialAction":[{"@type":"CommentAction","name":"Comment","target":["https:\/\/www.article-marketing.eu\/comunicatistampa\/ares-ambiente-perche-la-classificazione-dei-rifiuti-e-un-tema-fondamentale\/#respond"]}]},{"@type":"WebPage","@id":"https:\/\/www.article-marketing.eu\/comunicatistampa\/ares-ambiente-perche-la-classificazione-dei-rifiuti-e-un-tema-fondamentale\/","url":"https:\/\/www.article-marketing.eu\/comunicatistampa\/ares-ambiente-perche-la-classificazione-dei-rifiuti-e-un-tema-fondamentale\/","name":"Ares Ambiente, perch\u00e9 la classificazione dei rifiuti \u00e8 un tema fondamentale","isPartOf":{"@id":"https:\/\/www.article-marketing.eu\/comunicatistampa\/#website"},"primaryImageOfPage":{"@id":"https:\/\/www.article-marketing.eu\/comunicatistampa\/ares-ambiente-perche-la-classificazione-dei-rifiuti-e-un-tema-fondamentale\/#primaryimage"},"image":{"@id":"https:\/\/www.article-marketing.eu\/comunicatistampa\/ares-ambiente-perche-la-classificazione-dei-rifiuti-e-un-tema-fondamentale\/#primaryimage"},"thumbnailUrl":"https:\/\/h2biz.net\/images\/Plats\/crop_min_20211203102317.jpg","datePublished":"2022-08-11T19:10:23+00:00","author":{"@id":"https:\/\/www.article-marketing.eu\/comunicatistampa\/#\/schema\/person\/2fcaf8f8f3a9eef9eb7f27532d3ca458"},"breadcrumb":{"@id":"https:\/\/www.article-marketing.eu\/comunicatistampa\/ares-ambiente-perche-la-classificazione-dei-rifiuti-e-un-tema-fondamentale\/#breadcrumb"},"inLanguage":"it-IT","potentialAction":[{"@type":"ReadAction","target":["https:\/\/www.article-marketing.eu\/comunicatistampa\/ares-ambiente-perche-la-classificazione-dei-rifiuti-e-un-tema-fondamentale\/"]}]},{"@type":"ImageObject","inLanguage":"it-IT","@id":"https:\/\/www.article-marketing.eu\/comunicatistampa\/ares-ambiente-perche-la-classificazione-dei-rifiuti-e-un-tema-fondamentale\/#primaryimage","url":"https:\/\/h2biz.net\/images\/Plats\/crop_min_20211203102317.jpg","contentUrl":"https:\/\/h2biz.net\/images\/Plats\/crop_min_20211203102317.jpg"},{"@type":"BreadcrumbList","@id":"https:\/\/www.article-marketing.eu\/comunicatistampa\/ares-ambiente-perche-la-classificazione-dei-rifiuti-e-un-tema-fondamentale\/#breadcrumb","itemListElement":[{"@type":"ListItem","position":1,"name":"Home","item":"https:\/\/www.article-marketing.eu\/comunicatistampa\/"},{"@type":"ListItem","position":2,"name":"Ares Ambiente, perch\u00e9 la classificazione dei rifiuti \u00e8 un tema fondamentale"}]},{"@type":"WebSite","@id":"https:\/\/www.article-marketing.eu\/comunicatistampa\/#website","url":"https:\/\/www.article-marketing.eu\/comunicatistampa\/","name":"Article Marketing","description":"article marketing &amp; press release","potentialAction":[{"@type":"SearchAction","target":{"@type":"EntryPoint","urlTemplate":"https:\/\/www.article-marketing.eu\/comunicatistampa\/?s={search_term_string}"},"query-input":{"@type":"PropertyValueSpecification","valueRequired":true,"valueName":"search_term_string"}}],"inLanguage":"it-IT"},{"@type":"Person","@id":"https:\/\/www.article-marketing.eu\/comunicatistampa\/#\/schema\/person\/2fcaf8f8f3a9eef9eb7f27532d3ca458","name":"articolinews","image":{"@type":"ImageObject","inLanguage":"it-IT","@id":"https:\/\/secure.gravatar.com\/avatar\/9e2a264bab04e17dea24d937c9956304649a848cb73c46747a692ff1bdeb1cb7?s=96&d=mm&r=g","url":"https:\/\/secure.gravatar.com\/avatar\/9e2a264bab04e17dea24d937c9956304649a848cb73c46747a692ff1bdeb1cb7?s=96&d=mm&r=g","contentUrl":"https:\/\/secure.gravatar.com\/avatar\/9e2a264bab04e17dea24d937c9956304649a848cb73c46747a692ff1bdeb1cb7?s=96&d=mm&r=g","caption":"articolinews"},"url":"https:\/\/www.article-marketing.eu\/comunicatistampa\/author\/articolinews\/"}]}},"_links":{"self":[{"href":"https:\/\/www.article-marketing.eu\/comunicatistampa\/wp-json\/wp\/v2\/posts\/24419","targetHints":{"allow":["GET"]}}],"collection":[{"href":"https:\/\/www.article-marketing.eu\/comunicatistampa\/wp-json\/wp\/v2\/posts"}],"about":[{"href":"https:\/\/www.article-marketing.eu\/comunicatistampa\/wp-json\/wp\/v2\/types\/post"}],"author":[{"embeddable":true,"href":"https:\/\/www.article-marketing.eu\/comunicatistampa\/wp-json\/wp\/v2\/users\/6477"}],"replies":[{"embeddable":true,"href":"https:\/\/www.article-marketing.eu\/comunicatistampa\/wp-json\/wp\/v2\/comments?post=24419"}],"version-history":[{"count":2,"href":"https:\/\/www.article-marketing.eu\/comunicatistampa\/wp-json\/wp\/v2\/posts\/24419\/revisions"}],"predecessor-version":[{"id":24425,"href":"https:\/\/www.article-marketing.eu\/comunicatistampa\/wp-json\/wp\/v2\/posts\/24419\/revisions\/24425"}],"wp:attachment":[{"href":"https:\/\/www.article-marketing.eu\/comunicatistampa\/wp-json\/wp\/v2\/media?parent=24419"}],"wp:term":[{"taxonomy":"category","embeddable":true,"href":"https:\/\/www.article-marketing.eu\/comunicatistampa\/wp-json\/wp\/v2\/categories?post=24419"},{"taxonomy":"post_tag","embeddable":true,"href":"https:\/\/www.article-marketing.eu\/comunicatistampa\/wp-json\/wp\/v2\/tags?post=24419"}],"curies":[{"name":"wp","href":"https:\/\/api.w.org\/{rel}","templated":true}]}}