{"id":24440,"date":"2022-08-23T17:35:32","date_gmt":"2022-08-23T15:35:32","guid":{"rendered":"https:\/\/www.article-marketing.eu\/comunicatistampa\/?p=24440"},"modified":"2022-08-23T17:35:32","modified_gmt":"2022-08-23T15:35:32","slug":"lombalgia-e-incidenza-sulla-popolazione-mondiale","status":"publish","type":"post","link":"https:\/\/www.article-marketing.eu\/comunicatistampa\/lombalgia-e-incidenza-sulla-popolazione-mondiale\/","title":{"rendered":"Lombalgia e incidenza sulla popolazione mondiale"},"content":{"rendered":"<p><img loading=\"lazy\" decoding=\"async\" class=\"aligncenter\" src=\"https:\/\/images.pexels.com\/photos\/7298408\/pexels-photo-7298408.jpeg?auto=compress&amp;cs=tinysrgb&amp;w=1260&amp;h=750&amp;dpr=1\" alt=\"\" width=\"747\" height=\"421\" \/><\/p>\n<p>In medicina e in riabilitazione, una delle cause pi\u00f9 comuni di consultazione \u00e8 il dolore nella parte bassa della schiena, meglio noto come <em>lombalgia<\/em>. \u00c8 un fastidio che presenta molteplici manifestazioni cliniche e sintomi diversi, che dipendono in gran parte dalla soggettivit\u00e0 del paziente, dalla sua tolleranza al dolore, dal suo ambiente sociale, dal suo stile di vita e dalla sua causa.<\/p>\n<p>Questo tipo di condizione <strong>colpisce pi\u00f9 dell&#8217;80% della popolazione mondiale<\/strong> e in qualsiasi momento della loro vita, indipendentemente dall&#8217;et\u00e0. Si tratta di un problema di salute abbastanza comune e, nella maggior parte dei casi, invalidante per la sua elevata incidenza e bassa specificit\u00e0, poich\u00e9 \u00e8 influenzato dalla postura, dal movimento e dallo sforzo, oltre che pu\u00f2 essere dovuto a cause neoplastiche, infettive, traumatiche, etc.<\/p>\n<p>&nbsp;<\/p>\n<p>La zona lombare \u00e8 quella che <strong>corrisponde all&#8217;estremit\u00e0 della colonna vertebrale<\/strong> ed \u00e8 direttamente correlata al bacino e all&#8217;osso sacro. \u00c8 caratterizzata da una curvatura lordotica , cio\u00e8 a forma di &#8220;C&#8221; rovesciata e le vertebre pi\u00f9 grandi, necessarie per sostenere il peso del tronco, degli arti superiori e del cranio.<\/p>\n<p>&nbsp;<\/p>\n<h2>Che cos&#8217;\u00e8 la lombalgia?<\/h2>\n<p>\u00c8 la manifestazione del <strong>dolore nella parte bassa della schiena<\/strong> o nella regione lombare. Il termine \u00e8 usato per indicare un sintomo e come coadiuvante per determinare una diagnosi. Tuttavia, poich\u00e9 \u00e8 cos\u00ec generalizzato e poco specifico, non \u00e8 considerato una diagnosi di per s\u00e9.<\/p>\n<p>D&#8217;altra parte, \u00e8 uno dei sintomi pi\u00f9 frequenti al mondo, che colpisce sia uomini che donne e persone di qualsiasi et\u00e0. Allo stesso modo pu\u00f2 essere associato a sindromi posturali, processi degenerativi, traumi, malattie congenite, metaboliche e infettive, in cui, a seconda della tipologia, \u00e8 accompagnato da manifestazioni cliniche quali dolore irradiato o riferito, limitazione funzionale, rigidit\u00e0 articolare, iperalgesia , infiammazione o perdita di forza muscolare.<\/p>\n<p>Epidemiologicamente, tra l&#8217;80-85% della popolazione , in qualsiasi momento della propria vita, ha sofferto di lombalgia, con la popolazione maschile tra i 30 e i 60 anni pi\u00f9 incline, dove il 90% dei casi \u00e8 il prodotto di lombalgia e il restante 10% corrisponde a malattie infiammatorie o non vertebrali.<\/p>\n<p>La lombalgia, invece, causa tra il 30 e il 50% delle assenze per malattia, con un impatto, a seconda della causa, di circa 41 giorni di assenza dal lavoro a persona ogni anno.<\/p>\n<p>&nbsp;<\/p>\n<h2>Caratteristiche della lombalgia<\/h2>\n<p>Trattandosi di un dolore di origine multifattoriale, le sue caratteristiche cliniche sono altrettanto varie, quindi \u00e8 fondamentale eseguire un&#8217;<strong>anamnesi approfondita <\/strong>e un esame fisico. I principali sintomi della lombalgia includono:<\/p>\n<p><u>Dolore di origine meccanica<\/u>: corrisponde al 90% dei casi, ed \u00e8 caratterizzato da dolore durante il movimento, sovraccarico di tensione o disadattamento posturale. Il sollievo si ha invece durante il riposo, la riduzione del carico e la rieducazione posturale. Questo tipo di dolore \u00e8 associato ad alterazioni strutturali della colonna lombare.<\/p>\n<p><u>Dolore irradiato<\/u>: \u00e8 quello che ha origine dalla parte bassa della schiena ma segue la direzione di un nervo verso i glutei o gli arti inferiori, si produce quando si fanno movimenti in determinate direzioni e in alcuni casi \u00e8 esacerbato dalla tosse, parlando a voce molto alta , ridendo o defecando.<\/p>\n<p>Allo stesso modo, questo tipo di dolore pu\u00f2 essere accompagnato da alterazioni della sensibilit\u00e0 come parestesie, iperalgesia o disestesia e disturbi motori. \u00c8 anche associato a ernie o protrusioni del disco, radicolopatie, lombosciatalgia, stenosi del canale spinale, tra gli altri.<\/p>\n<p><u>Dolore di origine non meccanica<\/u>:\u00a0 si caratterizza per essere un dolore persistente e intenso, che compare durante il giorno o la notte, che impedisce anche il riposo e provoca difficolt\u00e0 a dormire. Pu\u00f2 essere dovuto a molteplici fattori, come malattie infiammatorie, dolore riferito da una lesione viscerale, presenza di tumori o infezioni. Rappresenta i casi pi\u00f9 gravi e in cui \u00e8 necessario essere attenti alle bandiere rosse.<\/p>\n<p><u>Dolore miofasciale<\/u>:\u00a0 \u00e8 direttamente correlato alla componente osteoartromuscolare e alle sue disfunzioni, che portano ad un aumento del dolore con il riposo e i climi freddi, che favoriscono la rigidit\u00e0 articolare, al contrario i sintomi sono mitigati quando si fanno movimenti, riscaldarsi e flessibilit\u00e0 lavorativa.<\/p>\n<p>&nbsp;<\/p>\n<h2>Come si risolve la lombalgia?<\/h2>\n<p>Certamente \u00e8 opportuno consultare il proprio medico, il quale potr\u00e0 suggerire l\u2019assunzione di specifici farmaci volti a diminuire il dolore. A questo \u00e8 possibile abbinare delle sedute da uno specialista nel trattare mediante massaggi i muscoli della schiena, come un massoterapista.<\/p>\n<p>Questi professionisti hanno la capacit\u00e0 di distendere muscoli e lavorare sull\u2019apparato scheletrico grazie al movimento delle mani sul corpo del paziente, facolt\u00e0 che apprendono nel tempo grazie anche agli studi e agli eventuali <span style=\"color: #0000ff;\"><a style=\"color: #0000ff;\" href=\"https:\/\/www.manual-therapy-improvement.com\/\">corso terapia manuale<\/a><\/span> che hanno seguito, e che rappresentano per questo un\u2019ottima risorsa a disposizione di quanti sono interessati da questo tipo di problema.<\/p>\n","protected":false},"excerpt":{"rendered":"<p>In medicina e in riabilitazione, una delle cause pi\u00f9 comuni di consultazione \u00e8 il dolore nella parte bassa della schiena, meglio noto come lombalgia. \u00c8 un fastidio che presenta molteplici manifestazioni cliniche e sintomi diversi, che dipendono in gran parte dalla soggettivit\u00e0 del paziente, dalla sua tolleranza al dolore, dal suo ambiente sociale, dal suo stile di vita e dalla sua causa. Questo tipo di condizione colpisce pi\u00f9 dell&#8217;80% della<\/p>\n<p><a class=\"continue-reading\" href=\"https:\/\/www.article-marketing.eu\/comunicatistampa\/lombalgia-e-incidenza-sulla-popolazione-mondiale\/\">Continue reading&#8230;<\/a><\/p>\n","protected":false},"author":6045,"featured_media":0,"comment_status":"open","ping_status":"open","sticky":false,"template":"","format":"standard","meta":{"_monsterinsights_skip_tracking":false,"_monsterinsights_sitenote_active":false,"_monsterinsights_sitenote_note":"","_monsterinsights_sitenote_category":0,"footnotes":""},"categories":[371],"tags":[],"class_list":["post-24440","post","type-post","status-publish","format-standard","hentry","category-medicina"],"yoast_head":"<!-- This site is optimized with the Yoast SEO plugin v27.3 - https:\/\/yoast.com\/product\/yoast-seo-wordpress\/ -->\n<title>Lombalgia e incidenza sulla popolazione mondiale<\/title>\n<meta name=\"robots\" content=\"index, follow, max-snippet:-1, max-image-preview:large, max-video-preview:-1\" \/>\n<link rel=\"canonical\" href=\"https:\/\/www.article-marketing.eu\/comunicatistampa\/lombalgia-e-incidenza-sulla-popolazione-mondiale\/\" \/>\n<meta property=\"og:locale\" content=\"it_IT\" \/>\n<meta property=\"og:type\" content=\"article\" \/>\n<meta property=\"og:title\" content=\"Lombalgia e incidenza sulla popolazione mondiale\" \/>\n<meta property=\"og:description\" content=\"In medicina e in riabilitazione, una delle cause pi\u00f9 comuni di consultazione \u00e8 il dolore nella parte bassa della schiena, meglio noto come lombalgia. \u00c8 un fastidio che presenta molteplici manifestazioni cliniche e sintomi diversi, che dipendono in gran parte dalla soggettivit\u00e0 del paziente, dalla sua tolleranza al dolore, dal suo ambiente sociale, dal suo stile di vita e dalla sua causa. Questo tipo di condizione colpisce pi\u00f9 dell&#8217;80% dellaContinue reading...\" \/>\n<meta property=\"og:url\" content=\"https:\/\/www.article-marketing.eu\/comunicatistampa\/lombalgia-e-incidenza-sulla-popolazione-mondiale\/\" \/>\n<meta property=\"og:site_name\" content=\"Article Marketing\" \/>\n<meta property=\"article:published_time\" content=\"2022-08-23T15:35:32+00:00\" \/>\n<meta property=\"og:image\" content=\"https:\/\/images.pexels.com\/photos\/7298408\/pexels-photo-7298408.jpeg?auto=compress&amp;cs=tinysrgb&amp;w=1260&amp;h=750&amp;dpr=1\" \/>\n<meta name=\"author\" content=\"choku\" \/>\n<meta name=\"twitter:card\" content=\"summary_large_image\" \/>\n<meta name=\"twitter:label1\" content=\"Scritto da\" \/>\n\t<meta name=\"twitter:data1\" content=\"choku\" \/>\n\t<meta name=\"twitter:label2\" content=\"Tempo di lettura stimato\" \/>\n\t<meta name=\"twitter:data2\" content=\"5 minuti\" \/>\n<script type=\"application\/ld+json\" class=\"yoast-schema-graph\">{\"@context\":\"https:\\\/\\\/schema.org\",\"@graph\":[{\"@type\":\"Article\",\"@id\":\"https:\\\/\\\/www.article-marketing.eu\\\/comunicatistampa\\\/lombalgia-e-incidenza-sulla-popolazione-mondiale\\\/#article\",\"isPartOf\":{\"@id\":\"https:\\\/\\\/www.article-marketing.eu\\\/comunicatistampa\\\/lombalgia-e-incidenza-sulla-popolazione-mondiale\\\/\"},\"author\":{\"name\":\"choku\",\"@id\":\"https:\\\/\\\/www.article-marketing.eu\\\/comunicatistampa\\\/#\\\/schema\\\/person\\\/66014a94dd443c88d1b7965dfa35b9ab\"},\"headline\":\"Lombalgia e incidenza sulla popolazione mondiale\",\"datePublished\":\"2022-08-23T15:35:32+00:00\",\"mainEntityOfPage\":{\"@id\":\"https:\\\/\\\/www.article-marketing.eu\\\/comunicatistampa\\\/lombalgia-e-incidenza-sulla-popolazione-mondiale\\\/\"},\"wordCount\":745,\"commentCount\":0,\"image\":{\"@id\":\"https:\\\/\\\/www.article-marketing.eu\\\/comunicatistampa\\\/lombalgia-e-incidenza-sulla-popolazione-mondiale\\\/#primaryimage\"},\"thumbnailUrl\":\"https:\\\/\\\/images.pexels.com\\\/photos\\\/7298408\\\/pexels-photo-7298408.jpeg?auto=compress&amp;cs=tinysrgb&amp;w=1260&amp;h=750&amp;dpr=1\",\"articleSection\":[\"Medicina\"],\"inLanguage\":\"it-IT\",\"potentialAction\":[{\"@type\":\"CommentAction\",\"name\":\"Comment\",\"target\":[\"https:\\\/\\\/www.article-marketing.eu\\\/comunicatistampa\\\/lombalgia-e-incidenza-sulla-popolazione-mondiale\\\/#respond\"]}]},{\"@type\":\"WebPage\",\"@id\":\"https:\\\/\\\/www.article-marketing.eu\\\/comunicatistampa\\\/lombalgia-e-incidenza-sulla-popolazione-mondiale\\\/\",\"url\":\"https:\\\/\\\/www.article-marketing.eu\\\/comunicatistampa\\\/lombalgia-e-incidenza-sulla-popolazione-mondiale\\\/\",\"name\":\"Lombalgia e incidenza sulla popolazione mondiale\",\"isPartOf\":{\"@id\":\"https:\\\/\\\/www.article-marketing.eu\\\/comunicatistampa\\\/#website\"},\"primaryImageOfPage\":{\"@id\":\"https:\\\/\\\/www.article-marketing.eu\\\/comunicatistampa\\\/lombalgia-e-incidenza-sulla-popolazione-mondiale\\\/#primaryimage\"},\"image\":{\"@id\":\"https:\\\/\\\/www.article-marketing.eu\\\/comunicatistampa\\\/lombalgia-e-incidenza-sulla-popolazione-mondiale\\\/#primaryimage\"},\"thumbnailUrl\":\"https:\\\/\\\/images.pexels.com\\\/photos\\\/7298408\\\/pexels-photo-7298408.jpeg?auto=compress&amp;cs=tinysrgb&amp;w=1260&amp;h=750&amp;dpr=1\",\"datePublished\":\"2022-08-23T15:35:32+00:00\",\"author\":{\"@id\":\"https:\\\/\\\/www.article-marketing.eu\\\/comunicatistampa\\\/#\\\/schema\\\/person\\\/66014a94dd443c88d1b7965dfa35b9ab\"},\"breadcrumb\":{\"@id\":\"https:\\\/\\\/www.article-marketing.eu\\\/comunicatistampa\\\/lombalgia-e-incidenza-sulla-popolazione-mondiale\\\/#breadcrumb\"},\"inLanguage\":\"it-IT\",\"potentialAction\":[{\"@type\":\"ReadAction\",\"target\":[\"https:\\\/\\\/www.article-marketing.eu\\\/comunicatistampa\\\/lombalgia-e-incidenza-sulla-popolazione-mondiale\\\/\"]}]},{\"@type\":\"ImageObject\",\"inLanguage\":\"it-IT\",\"@id\":\"https:\\\/\\\/www.article-marketing.eu\\\/comunicatistampa\\\/lombalgia-e-incidenza-sulla-popolazione-mondiale\\\/#primaryimage\",\"url\":\"https:\\\/\\\/images.pexels.com\\\/photos\\\/7298408\\\/pexels-photo-7298408.jpeg?auto=compress&amp;cs=tinysrgb&amp;w=1260&amp;h=750&amp;dpr=1\",\"contentUrl\":\"https:\\\/\\\/images.pexels.com\\\/photos\\\/7298408\\\/pexels-photo-7298408.jpeg?auto=compress&amp;cs=tinysrgb&amp;w=1260&amp;h=750&amp;dpr=1\"},{\"@type\":\"BreadcrumbList\",\"@id\":\"https:\\\/\\\/www.article-marketing.eu\\\/comunicatistampa\\\/lombalgia-e-incidenza-sulla-popolazione-mondiale\\\/#breadcrumb\",\"itemListElement\":[{\"@type\":\"ListItem\",\"position\":1,\"name\":\"Home\",\"item\":\"https:\\\/\\\/www.article-marketing.eu\\\/comunicatistampa\\\/\"},{\"@type\":\"ListItem\",\"position\":2,\"name\":\"Lombalgia e incidenza sulla popolazione mondiale\"}]},{\"@type\":\"WebSite\",\"@id\":\"https:\\\/\\\/www.article-marketing.eu\\\/comunicatistampa\\\/#website\",\"url\":\"https:\\\/\\\/www.article-marketing.eu\\\/comunicatistampa\\\/\",\"name\":\"Article Marketing\",\"description\":\"article marketing &amp; press release\",\"potentialAction\":[{\"@type\":\"SearchAction\",\"target\":{\"@type\":\"EntryPoint\",\"urlTemplate\":\"https:\\\/\\\/www.article-marketing.eu\\\/comunicatistampa\\\/?s={search_term_string}\"},\"query-input\":{\"@type\":\"PropertyValueSpecification\",\"valueRequired\":true,\"valueName\":\"search_term_string\"}}],\"inLanguage\":\"it-IT\"},{\"@type\":\"Person\",\"@id\":\"https:\\\/\\\/www.article-marketing.eu\\\/comunicatistampa\\\/#\\\/schema\\\/person\\\/66014a94dd443c88d1b7965dfa35b9ab\",\"name\":\"choku\",\"image\":{\"@type\":\"ImageObject\",\"inLanguage\":\"it-IT\",\"@id\":\"https:\\\/\\\/secure.gravatar.com\\\/avatar\\\/4640bd84e9ff9ff692894d564910fbeb6594dbd45e1eb088aa1f2e88d8b3d043?s=96&d=mm&r=g\",\"url\":\"https:\\\/\\\/secure.gravatar.com\\\/avatar\\\/4640bd84e9ff9ff692894d564910fbeb6594dbd45e1eb088aa1f2e88d8b3d043?s=96&d=mm&r=g\",\"contentUrl\":\"https:\\\/\\\/secure.gravatar.com\\\/avatar\\\/4640bd84e9ff9ff692894d564910fbeb6594dbd45e1eb088aa1f2e88d8b3d043?s=96&d=mm&r=g\",\"caption\":\"choku\"},\"url\":\"https:\\\/\\\/www.article-marketing.eu\\\/comunicatistampa\\\/author\\\/choku\\\/\"}]}<\/script>\n<!-- \/ Yoast SEO plugin. -->","yoast_head_json":{"title":"Lombalgia e incidenza sulla popolazione mondiale","robots":{"index":"index","follow":"follow","max-snippet":"max-snippet:-1","max-image-preview":"max-image-preview:large","max-video-preview":"max-video-preview:-1"},"canonical":"https:\/\/www.article-marketing.eu\/comunicatistampa\/lombalgia-e-incidenza-sulla-popolazione-mondiale\/","og_locale":"it_IT","og_type":"article","og_title":"Lombalgia e incidenza sulla popolazione mondiale","og_description":"In medicina e in riabilitazione, una delle cause pi\u00f9 comuni di consultazione \u00e8 il dolore nella parte bassa della schiena, meglio noto come lombalgia. \u00c8 un fastidio che presenta molteplici manifestazioni cliniche e sintomi diversi, che dipendono in gran parte dalla soggettivit\u00e0 del paziente, dalla sua tolleranza al dolore, dal suo ambiente sociale, dal suo stile di vita e dalla sua causa. Questo tipo di condizione colpisce pi\u00f9 dell&#8217;80% dellaContinue reading...","og_url":"https:\/\/www.article-marketing.eu\/comunicatistampa\/lombalgia-e-incidenza-sulla-popolazione-mondiale\/","og_site_name":"Article Marketing","article_published_time":"2022-08-23T15:35:32+00:00","og_image":[{"url":"https:\/\/images.pexels.com\/photos\/7298408\/pexels-photo-7298408.jpeg?auto=compress&amp;cs=tinysrgb&amp;w=1260&amp;h=750&amp;dpr=1","type":"","width":"","height":""}],"author":"choku","twitter_card":"summary_large_image","twitter_misc":{"Scritto da":"choku","Tempo di lettura stimato":"5 minuti"},"schema":{"@context":"https:\/\/schema.org","@graph":[{"@type":"Article","@id":"https:\/\/www.article-marketing.eu\/comunicatistampa\/lombalgia-e-incidenza-sulla-popolazione-mondiale\/#article","isPartOf":{"@id":"https:\/\/www.article-marketing.eu\/comunicatistampa\/lombalgia-e-incidenza-sulla-popolazione-mondiale\/"},"author":{"name":"choku","@id":"https:\/\/www.article-marketing.eu\/comunicatistampa\/#\/schema\/person\/66014a94dd443c88d1b7965dfa35b9ab"},"headline":"Lombalgia e incidenza sulla popolazione mondiale","datePublished":"2022-08-23T15:35:32+00:00","mainEntityOfPage":{"@id":"https:\/\/www.article-marketing.eu\/comunicatistampa\/lombalgia-e-incidenza-sulla-popolazione-mondiale\/"},"wordCount":745,"commentCount":0,"image":{"@id":"https:\/\/www.article-marketing.eu\/comunicatistampa\/lombalgia-e-incidenza-sulla-popolazione-mondiale\/#primaryimage"},"thumbnailUrl":"https:\/\/images.pexels.com\/photos\/7298408\/pexels-photo-7298408.jpeg?auto=compress&amp;cs=tinysrgb&amp;w=1260&amp;h=750&amp;dpr=1","articleSection":["Medicina"],"inLanguage":"it-IT","potentialAction":[{"@type":"CommentAction","name":"Comment","target":["https:\/\/www.article-marketing.eu\/comunicatistampa\/lombalgia-e-incidenza-sulla-popolazione-mondiale\/#respond"]}]},{"@type":"WebPage","@id":"https:\/\/www.article-marketing.eu\/comunicatistampa\/lombalgia-e-incidenza-sulla-popolazione-mondiale\/","url":"https:\/\/www.article-marketing.eu\/comunicatistampa\/lombalgia-e-incidenza-sulla-popolazione-mondiale\/","name":"Lombalgia e incidenza sulla popolazione mondiale","isPartOf":{"@id":"https:\/\/www.article-marketing.eu\/comunicatistampa\/#website"},"primaryImageOfPage":{"@id":"https:\/\/www.article-marketing.eu\/comunicatistampa\/lombalgia-e-incidenza-sulla-popolazione-mondiale\/#primaryimage"},"image":{"@id":"https:\/\/www.article-marketing.eu\/comunicatistampa\/lombalgia-e-incidenza-sulla-popolazione-mondiale\/#primaryimage"},"thumbnailUrl":"https:\/\/images.pexels.com\/photos\/7298408\/pexels-photo-7298408.jpeg?auto=compress&amp;cs=tinysrgb&amp;w=1260&amp;h=750&amp;dpr=1","datePublished":"2022-08-23T15:35:32+00:00","author":{"@id":"https:\/\/www.article-marketing.eu\/comunicatistampa\/#\/schema\/person\/66014a94dd443c88d1b7965dfa35b9ab"},"breadcrumb":{"@id":"https:\/\/www.article-marketing.eu\/comunicatistampa\/lombalgia-e-incidenza-sulla-popolazione-mondiale\/#breadcrumb"},"inLanguage":"it-IT","potentialAction":[{"@type":"ReadAction","target":["https:\/\/www.article-marketing.eu\/comunicatistampa\/lombalgia-e-incidenza-sulla-popolazione-mondiale\/"]}]},{"@type":"ImageObject","inLanguage":"it-IT","@id":"https:\/\/www.article-marketing.eu\/comunicatistampa\/lombalgia-e-incidenza-sulla-popolazione-mondiale\/#primaryimage","url":"https:\/\/images.pexels.com\/photos\/7298408\/pexels-photo-7298408.jpeg?auto=compress&amp;cs=tinysrgb&amp;w=1260&amp;h=750&amp;dpr=1","contentUrl":"https:\/\/images.pexels.com\/photos\/7298408\/pexels-photo-7298408.jpeg?auto=compress&amp;cs=tinysrgb&amp;w=1260&amp;h=750&amp;dpr=1"},{"@type":"BreadcrumbList","@id":"https:\/\/www.article-marketing.eu\/comunicatistampa\/lombalgia-e-incidenza-sulla-popolazione-mondiale\/#breadcrumb","itemListElement":[{"@type":"ListItem","position":1,"name":"Home","item":"https:\/\/www.article-marketing.eu\/comunicatistampa\/"},{"@type":"ListItem","position":2,"name":"Lombalgia e incidenza sulla popolazione mondiale"}]},{"@type":"WebSite","@id":"https:\/\/www.article-marketing.eu\/comunicatistampa\/#website","url":"https:\/\/www.article-marketing.eu\/comunicatistampa\/","name":"Article Marketing","description":"article marketing &amp; press release","potentialAction":[{"@type":"SearchAction","target":{"@type":"EntryPoint","urlTemplate":"https:\/\/www.article-marketing.eu\/comunicatistampa\/?s={search_term_string}"},"query-input":{"@type":"PropertyValueSpecification","valueRequired":true,"valueName":"search_term_string"}}],"inLanguage":"it-IT"},{"@type":"Person","@id":"https:\/\/www.article-marketing.eu\/comunicatistampa\/#\/schema\/person\/66014a94dd443c88d1b7965dfa35b9ab","name":"choku","image":{"@type":"ImageObject","inLanguage":"it-IT","@id":"https:\/\/secure.gravatar.com\/avatar\/4640bd84e9ff9ff692894d564910fbeb6594dbd45e1eb088aa1f2e88d8b3d043?s=96&d=mm&r=g","url":"https:\/\/secure.gravatar.com\/avatar\/4640bd84e9ff9ff692894d564910fbeb6594dbd45e1eb088aa1f2e88d8b3d043?s=96&d=mm&r=g","contentUrl":"https:\/\/secure.gravatar.com\/avatar\/4640bd84e9ff9ff692894d564910fbeb6594dbd45e1eb088aa1f2e88d8b3d043?s=96&d=mm&r=g","caption":"choku"},"url":"https:\/\/www.article-marketing.eu\/comunicatistampa\/author\/choku\/"}]}},"_links":{"self":[{"href":"https:\/\/www.article-marketing.eu\/comunicatistampa\/wp-json\/wp\/v2\/posts\/24440","targetHints":{"allow":["GET"]}}],"collection":[{"href":"https:\/\/www.article-marketing.eu\/comunicatistampa\/wp-json\/wp\/v2\/posts"}],"about":[{"href":"https:\/\/www.article-marketing.eu\/comunicatistampa\/wp-json\/wp\/v2\/types\/post"}],"author":[{"embeddable":true,"href":"https:\/\/www.article-marketing.eu\/comunicatistampa\/wp-json\/wp\/v2\/users\/6045"}],"replies":[{"embeddable":true,"href":"https:\/\/www.article-marketing.eu\/comunicatistampa\/wp-json\/wp\/v2\/comments?post=24440"}],"version-history":[{"count":3,"href":"https:\/\/www.article-marketing.eu\/comunicatistampa\/wp-json\/wp\/v2\/posts\/24440\/revisions"}],"predecessor-version":[{"id":24480,"href":"https:\/\/www.article-marketing.eu\/comunicatistampa\/wp-json\/wp\/v2\/posts\/24440\/revisions\/24480"}],"wp:attachment":[{"href":"https:\/\/www.article-marketing.eu\/comunicatistampa\/wp-json\/wp\/v2\/media?parent=24440"}],"wp:term":[{"taxonomy":"category","embeddable":true,"href":"https:\/\/www.article-marketing.eu\/comunicatistampa\/wp-json\/wp\/v2\/categories?post=24440"},{"taxonomy":"post_tag","embeddable":true,"href":"https:\/\/www.article-marketing.eu\/comunicatistampa\/wp-json\/wp\/v2\/tags?post=24440"}],"curies":[{"name":"wp","href":"https:\/\/api.w.org\/{rel}","templated":true}]}}