{"id":24467,"date":"2022-08-23T17:38:31","date_gmt":"2022-08-23T15:38:31","guid":{"rendered":"https:\/\/www.article-marketing.eu\/comunicatistampa\/?p=24467"},"modified":"2022-08-23T17:38:31","modified_gmt":"2022-08-23T15:38:31","slug":"la-carriera-di-marco-domizio-dagli-esordi-alla-fondazione-di-ares-ambiente","status":"publish","type":"post","link":"https:\/\/www.article-marketing.eu\/comunicatistampa\/la-carriera-di-marco-domizio-dagli-esordi-alla-fondazione-di-ares-ambiente\/","title":{"rendered":"La carriera di Marco Domizio: dagli esordi alla fondazione di Ares Ambiente"},"content":{"rendered":"<p><em><strong>Fondatore di Ares Ambiente, societ\u00e0 specializzata nel servizio di intermediazione dei rifiuti e nella gestione di impianti autorizzati, <a title=\"Marco Domizio: la storia professionale\" href=\"https:\/\/www.executivemanager.it\/Marco-Nicola-Domizio\/\">Marco Nicola Domizio<\/a> ha maturato un&#8217;esperienza consolidata nel settore.<\/strong><\/em><\/p>\n<p><img loading=\"lazy\" decoding=\"async\" class=\"alignnone\" src=\"https:\/\/www.executivemanager.it\/images\/comprofiler\/0_623b49c36ebcd.jpg\" alt=\"Marco Domizio\" width=\"120\" height=\"350\" \/><\/p>\n<h2>Le esperienze professionali di Marco Domizio, fondatore di Ares Ambiente<\/h2>\n<p>Nato a Bergamo nel 1974, <strong>Marco Domizio<\/strong> si diploma nel 1995 e poco dopo avvia il suo percorso professionale presso un&#8217;azienda lombarda di intermediazione rifiuti in cui resta per sei anni e in cui si occupa della partecipazione alle gare d&#8217;appalto. Successivamente ricopre il ruolo di Responsabile Commerciale per una societ\u00e0 specializzata in attivit\u00e0 di spurghi e pulizie industriali, collaborando, tra l&#8217;altro, all&#8217;espansione della clientela e alla realizzazione di un impianto di compostaggio in provincia di Bergamo, attivo tutt&#8217;oggi. Passa poi a una primaria azienda milanese, contribuendo, sempre in qualit\u00e0 di Responsabile Commerciale, all&#8217;installazione di sette impianti di trito-vagliatura nella Regione Campania. \u00c8 in quegli stessi anni che si avvicina all&#8217;attivit\u00e0 di trasporto transfrontaliero di rifiuti a mezzo gomma\/intermodale e a mezzo nave. Conclusa una breve esperienza come Responsabile Commerciale di un impianto di compostaggio in provincia di Bergamo, <strong>Marco Nicola Domizio<\/strong> si occupa, in qualit\u00e0 di Responsabile, della gestione di una cava di estrazione di minerali naturali. Successivamente collabora con due societ\u00e0 sempre attive in ambito ambientale (una di trasporti conto terzi e una di intermediazione).<\/p>\n<h2>Marco Nicola Domizio: la nascita di Ares Ambiente<\/h2>\n<p>\u00c8 il 2008 quando <strong>Marco Domizio<\/strong> fonda a Treviolo, in provincia di Bergamo, <strong>Ares Ambiente<\/strong>. Iscritta presso l&#8217;Albo Nazionale Gestori Ambientali &#8211; Sezione Regionale della Lombardia, l&#8217;azienda \u00e8 attiva su tutto il territorio nazionale e si occupa di smaltimento, recupero e trasporto di rifiuti urbani, speciali non pericolosi e speciali pericolosi. L&#8217;azienda \u00e8 in possesso di diverse certificazioni in tema di Qualit\u00e0 (UNI EN ISO 9001:2015), Ambiente (UNI EN ISO 14001:2015 e Regolamento Europeo EMAS), Sicurezza (UNI ISO 45001:2018) e Responsabilit\u00e0 Sociale (SA 8000:2014). A queste si aggiungono il &#8220;Certificato di eccellenza&#8221; e la &#8220;Convalida dichiarazione ambientale&#8221;. Secondo il &#8220;Lombardia Post&#8221;, <strong>Ares Ambiente<\/strong> rientra tra le imprese &#8220;Best Performer&#8221; della provincia di Bergamo. Per il suo impegno dimostrato contro i rischi di infiltrazione mafiosa, l&#8217;azienda ha inoltre ottenuto le tre stelle nel Rating di Legalit\u00e0 concesso dall&#8217;Autorit\u00e0 Garante della Concorrenza e del Mercato (AGCM), in accordo con i Ministeri degli Interni e della Giustizia. Nel corso della sua carriera, <strong>Marco Domizio<\/strong> ha contribuito alla realizzazione di numerosi impianti su tutto il territorio italiano, acquisendo solide competenze non solo per quanto riguarda il profilo del trattamento, del deposito e della conoscenza chimico fisica dei rifiuti, ma anche in ambito gestionale e autorizzativo.<\/p>\n","protected":false},"excerpt":{"rendered":"<p>Fondatore di Ares Ambiente, societ\u00e0 specializzata nel servizio di intermediazione dei rifiuti e nella gestione di impianti autorizzati, Marco Nicola Domizio ha maturato un&#8217;esperienza consolidata nel settore. Le esperienze professionali di Marco Domizio, fondatore di Ares Ambiente Nato a Bergamo nel 1974, Marco Domizio si diploma nel 1995 e poco dopo avvia il suo percorso professionale presso un&#8217;azienda lombarda di intermediazione rifiuti in cui resta per sei anni e in<\/p>\n<p><a class=\"continue-reading\" href=\"https:\/\/www.article-marketing.eu\/comunicatistampa\/la-carriera-di-marco-domizio-dagli-esordi-alla-fondazione-di-ares-ambiente\/\">Continue reading&#8230;<\/a><\/p>\n","protected":false},"author":6477,"featured_media":0,"comment_status":"open","ping_status":"open","sticky":false,"template":"","format":"standard","meta":{"_monsterinsights_skip_tracking":false,"_monsterinsights_sitenote_active":false,"_monsterinsights_sitenote_note":"","_monsterinsights_sitenote_category":0,"footnotes":""},"categories":[78],"tags":[9620],"class_list":["post-24467","post","type-post","status-publish","format-standard","hentry","category-comunicati-stampa","tag-marco-domizio"],"yoast_head":"<!-- This site is optimized with the Yoast SEO plugin v27.3 - https:\/\/yoast.com\/product\/yoast-seo-wordpress\/ -->\n<title>La carriera di Marco Domizio: dagli esordi alla fondazione di Ares Ambiente<\/title>\n<meta name=\"robots\" content=\"index, follow, max-snippet:-1, max-image-preview:large, max-video-preview:-1\" \/>\n<link rel=\"canonical\" href=\"https:\/\/www.article-marketing.eu\/comunicatistampa\/la-carriera-di-marco-domizio-dagli-esordi-alla-fondazione-di-ares-ambiente\/\" \/>\n<meta property=\"og:locale\" content=\"it_IT\" \/>\n<meta property=\"og:type\" content=\"article\" \/>\n<meta property=\"og:title\" content=\"La carriera di Marco Domizio: dagli esordi alla fondazione di Ares Ambiente\" \/>\n<meta property=\"og:description\" content=\"Fondatore di Ares Ambiente, societ\u00e0 specializzata nel servizio di intermediazione dei rifiuti e nella gestione di impianti autorizzati, Marco Nicola Domizio ha maturato un&#8217;esperienza consolidata nel settore. Le esperienze professionali di Marco Domizio, fondatore di Ares Ambiente Nato a Bergamo nel 1974, Marco Domizio si diploma nel 1995 e poco dopo avvia il suo percorso professionale presso un&#8217;azienda lombarda di intermediazione rifiuti in cui resta per sei anni e inContinue reading...\" \/>\n<meta property=\"og:url\" content=\"https:\/\/www.article-marketing.eu\/comunicatistampa\/la-carriera-di-marco-domizio-dagli-esordi-alla-fondazione-di-ares-ambiente\/\" \/>\n<meta property=\"og:site_name\" content=\"Article Marketing\" \/>\n<meta property=\"article:published_time\" content=\"2022-08-23T15:38:31+00:00\" \/>\n<meta property=\"og:image\" content=\"https:\/\/www.executivemanager.it\/images\/comprofiler\/0_623b49c36ebcd.jpg\" \/>\n<meta name=\"author\" content=\"articolinews\" \/>\n<meta name=\"twitter:card\" content=\"summary_large_image\" \/>\n<meta name=\"twitter:label1\" content=\"Scritto da\" \/>\n\t<meta name=\"twitter:data1\" content=\"articolinews\" \/>\n\t<meta name=\"twitter:label2\" content=\"Tempo di lettura stimato\" \/>\n\t<meta name=\"twitter:data2\" content=\"3 minuti\" \/>\n<script type=\"application\/ld+json\" class=\"yoast-schema-graph\">{\"@context\":\"https:\\\/\\\/schema.org\",\"@graph\":[{\"@type\":\"Article\",\"@id\":\"https:\\\/\\\/www.article-marketing.eu\\\/comunicatistampa\\\/la-carriera-di-marco-domizio-dagli-esordi-alla-fondazione-di-ares-ambiente\\\/#article\",\"isPartOf\":{\"@id\":\"https:\\\/\\\/www.article-marketing.eu\\\/comunicatistampa\\\/la-carriera-di-marco-domizio-dagli-esordi-alla-fondazione-di-ares-ambiente\\\/\"},\"author\":{\"name\":\"articolinews\",\"@id\":\"https:\\\/\\\/www.article-marketing.eu\\\/comunicatistampa\\\/#\\\/schema\\\/person\\\/2fcaf8f8f3a9eef9eb7f27532d3ca458\"},\"headline\":\"La carriera di Marco Domizio: dagli esordi alla fondazione di Ares Ambiente\",\"datePublished\":\"2022-08-23T15:38:31+00:00\",\"mainEntityOfPage\":{\"@id\":\"https:\\\/\\\/www.article-marketing.eu\\\/comunicatistampa\\\/la-carriera-di-marco-domizio-dagli-esordi-alla-fondazione-di-ares-ambiente\\\/\"},\"wordCount\":425,\"commentCount\":0,\"image\":{\"@id\":\"https:\\\/\\\/www.article-marketing.eu\\\/comunicatistampa\\\/la-carriera-di-marco-domizio-dagli-esordi-alla-fondazione-di-ares-ambiente\\\/#primaryimage\"},\"thumbnailUrl\":\"https:\\\/\\\/www.executivemanager.it\\\/images\\\/comprofiler\\\/0_623b49c36ebcd.jpg\",\"keywords\":[\"Marco Domizio\"],\"articleSection\":[\"Comunicati stampa\"],\"inLanguage\":\"it-IT\",\"potentialAction\":[{\"@type\":\"CommentAction\",\"name\":\"Comment\",\"target\":[\"https:\\\/\\\/www.article-marketing.eu\\\/comunicatistampa\\\/la-carriera-di-marco-domizio-dagli-esordi-alla-fondazione-di-ares-ambiente\\\/#respond\"]}]},{\"@type\":\"WebPage\",\"@id\":\"https:\\\/\\\/www.article-marketing.eu\\\/comunicatistampa\\\/la-carriera-di-marco-domizio-dagli-esordi-alla-fondazione-di-ares-ambiente\\\/\",\"url\":\"https:\\\/\\\/www.article-marketing.eu\\\/comunicatistampa\\\/la-carriera-di-marco-domizio-dagli-esordi-alla-fondazione-di-ares-ambiente\\\/\",\"name\":\"La carriera di Marco Domizio: dagli esordi alla fondazione di Ares Ambiente\",\"isPartOf\":{\"@id\":\"https:\\\/\\\/www.article-marketing.eu\\\/comunicatistampa\\\/#website\"},\"primaryImageOfPage\":{\"@id\":\"https:\\\/\\\/www.article-marketing.eu\\\/comunicatistampa\\\/la-carriera-di-marco-domizio-dagli-esordi-alla-fondazione-di-ares-ambiente\\\/#primaryimage\"},\"image\":{\"@id\":\"https:\\\/\\\/www.article-marketing.eu\\\/comunicatistampa\\\/la-carriera-di-marco-domizio-dagli-esordi-alla-fondazione-di-ares-ambiente\\\/#primaryimage\"},\"thumbnailUrl\":\"https:\\\/\\\/www.executivemanager.it\\\/images\\\/comprofiler\\\/0_623b49c36ebcd.jpg\",\"datePublished\":\"2022-08-23T15:38:31+00:00\",\"author\":{\"@id\":\"https:\\\/\\\/www.article-marketing.eu\\\/comunicatistampa\\\/#\\\/schema\\\/person\\\/2fcaf8f8f3a9eef9eb7f27532d3ca458\"},\"breadcrumb\":{\"@id\":\"https:\\\/\\\/www.article-marketing.eu\\\/comunicatistampa\\\/la-carriera-di-marco-domizio-dagli-esordi-alla-fondazione-di-ares-ambiente\\\/#breadcrumb\"},\"inLanguage\":\"it-IT\",\"potentialAction\":[{\"@type\":\"ReadAction\",\"target\":[\"https:\\\/\\\/www.article-marketing.eu\\\/comunicatistampa\\\/la-carriera-di-marco-domizio-dagli-esordi-alla-fondazione-di-ares-ambiente\\\/\"]}]},{\"@type\":\"ImageObject\",\"inLanguage\":\"it-IT\",\"@id\":\"https:\\\/\\\/www.article-marketing.eu\\\/comunicatistampa\\\/la-carriera-di-marco-domizio-dagli-esordi-alla-fondazione-di-ares-ambiente\\\/#primaryimage\",\"url\":\"https:\\\/\\\/www.executivemanager.it\\\/images\\\/comprofiler\\\/0_623b49c36ebcd.jpg\",\"contentUrl\":\"https:\\\/\\\/www.executivemanager.it\\\/images\\\/comprofiler\\\/0_623b49c36ebcd.jpg\"},{\"@type\":\"BreadcrumbList\",\"@id\":\"https:\\\/\\\/www.article-marketing.eu\\\/comunicatistampa\\\/la-carriera-di-marco-domizio-dagli-esordi-alla-fondazione-di-ares-ambiente\\\/#breadcrumb\",\"itemListElement\":[{\"@type\":\"ListItem\",\"position\":1,\"name\":\"Home\",\"item\":\"https:\\\/\\\/www.article-marketing.eu\\\/comunicatistampa\\\/\"},{\"@type\":\"ListItem\",\"position\":2,\"name\":\"La carriera di Marco Domizio: dagli esordi alla fondazione di Ares Ambiente\"}]},{\"@type\":\"WebSite\",\"@id\":\"https:\\\/\\\/www.article-marketing.eu\\\/comunicatistampa\\\/#website\",\"url\":\"https:\\\/\\\/www.article-marketing.eu\\\/comunicatistampa\\\/\",\"name\":\"Article Marketing\",\"description\":\"article marketing &amp; press release\",\"potentialAction\":[{\"@type\":\"SearchAction\",\"target\":{\"@type\":\"EntryPoint\",\"urlTemplate\":\"https:\\\/\\\/www.article-marketing.eu\\\/comunicatistampa\\\/?s={search_term_string}\"},\"query-input\":{\"@type\":\"PropertyValueSpecification\",\"valueRequired\":true,\"valueName\":\"search_term_string\"}}],\"inLanguage\":\"it-IT\"},{\"@type\":\"Person\",\"@id\":\"https:\\\/\\\/www.article-marketing.eu\\\/comunicatistampa\\\/#\\\/schema\\\/person\\\/2fcaf8f8f3a9eef9eb7f27532d3ca458\",\"name\":\"articolinews\",\"image\":{\"@type\":\"ImageObject\",\"inLanguage\":\"it-IT\",\"@id\":\"https:\\\/\\\/secure.gravatar.com\\\/avatar\\\/9e2a264bab04e17dea24d937c9956304649a848cb73c46747a692ff1bdeb1cb7?s=96&d=mm&r=g\",\"url\":\"https:\\\/\\\/secure.gravatar.com\\\/avatar\\\/9e2a264bab04e17dea24d937c9956304649a848cb73c46747a692ff1bdeb1cb7?s=96&d=mm&r=g\",\"contentUrl\":\"https:\\\/\\\/secure.gravatar.com\\\/avatar\\\/9e2a264bab04e17dea24d937c9956304649a848cb73c46747a692ff1bdeb1cb7?s=96&d=mm&r=g\",\"caption\":\"articolinews\"},\"url\":\"https:\\\/\\\/www.article-marketing.eu\\\/comunicatistampa\\\/author\\\/articolinews\\\/\"}]}<\/script>\n<!-- \/ Yoast SEO plugin. -->","yoast_head_json":{"title":"La carriera di Marco Domizio: dagli esordi alla fondazione di Ares Ambiente","robots":{"index":"index","follow":"follow","max-snippet":"max-snippet:-1","max-image-preview":"max-image-preview:large","max-video-preview":"max-video-preview:-1"},"canonical":"https:\/\/www.article-marketing.eu\/comunicatistampa\/la-carriera-di-marco-domizio-dagli-esordi-alla-fondazione-di-ares-ambiente\/","og_locale":"it_IT","og_type":"article","og_title":"La carriera di Marco Domizio: dagli esordi alla fondazione di Ares Ambiente","og_description":"Fondatore di Ares Ambiente, societ\u00e0 specializzata nel servizio di intermediazione dei rifiuti e nella gestione di impianti autorizzati, Marco Nicola Domizio ha maturato un&#8217;esperienza consolidata nel settore. Le esperienze professionali di Marco Domizio, fondatore di Ares Ambiente Nato a Bergamo nel 1974, Marco Domizio si diploma nel 1995 e poco dopo avvia il suo percorso professionale presso un&#8217;azienda lombarda di intermediazione rifiuti in cui resta per sei anni e inContinue reading...","og_url":"https:\/\/www.article-marketing.eu\/comunicatistampa\/la-carriera-di-marco-domizio-dagli-esordi-alla-fondazione-di-ares-ambiente\/","og_site_name":"Article Marketing","article_published_time":"2022-08-23T15:38:31+00:00","og_image":[{"url":"https:\/\/www.executivemanager.it\/images\/comprofiler\/0_623b49c36ebcd.jpg","type":"","width":"","height":""}],"author":"articolinews","twitter_card":"summary_large_image","twitter_misc":{"Scritto da":"articolinews","Tempo di lettura stimato":"3 minuti"},"schema":{"@context":"https:\/\/schema.org","@graph":[{"@type":"Article","@id":"https:\/\/www.article-marketing.eu\/comunicatistampa\/la-carriera-di-marco-domizio-dagli-esordi-alla-fondazione-di-ares-ambiente\/#article","isPartOf":{"@id":"https:\/\/www.article-marketing.eu\/comunicatistampa\/la-carriera-di-marco-domizio-dagli-esordi-alla-fondazione-di-ares-ambiente\/"},"author":{"name":"articolinews","@id":"https:\/\/www.article-marketing.eu\/comunicatistampa\/#\/schema\/person\/2fcaf8f8f3a9eef9eb7f27532d3ca458"},"headline":"La carriera di Marco Domizio: dagli esordi alla fondazione di Ares Ambiente","datePublished":"2022-08-23T15:38:31+00:00","mainEntityOfPage":{"@id":"https:\/\/www.article-marketing.eu\/comunicatistampa\/la-carriera-di-marco-domizio-dagli-esordi-alla-fondazione-di-ares-ambiente\/"},"wordCount":425,"commentCount":0,"image":{"@id":"https:\/\/www.article-marketing.eu\/comunicatistampa\/la-carriera-di-marco-domizio-dagli-esordi-alla-fondazione-di-ares-ambiente\/#primaryimage"},"thumbnailUrl":"https:\/\/www.executivemanager.it\/images\/comprofiler\/0_623b49c36ebcd.jpg","keywords":["Marco Domizio"],"articleSection":["Comunicati stampa"],"inLanguage":"it-IT","potentialAction":[{"@type":"CommentAction","name":"Comment","target":["https:\/\/www.article-marketing.eu\/comunicatistampa\/la-carriera-di-marco-domizio-dagli-esordi-alla-fondazione-di-ares-ambiente\/#respond"]}]},{"@type":"WebPage","@id":"https:\/\/www.article-marketing.eu\/comunicatistampa\/la-carriera-di-marco-domizio-dagli-esordi-alla-fondazione-di-ares-ambiente\/","url":"https:\/\/www.article-marketing.eu\/comunicatistampa\/la-carriera-di-marco-domizio-dagli-esordi-alla-fondazione-di-ares-ambiente\/","name":"La carriera di Marco Domizio: dagli esordi alla fondazione di Ares Ambiente","isPartOf":{"@id":"https:\/\/www.article-marketing.eu\/comunicatistampa\/#website"},"primaryImageOfPage":{"@id":"https:\/\/www.article-marketing.eu\/comunicatistampa\/la-carriera-di-marco-domizio-dagli-esordi-alla-fondazione-di-ares-ambiente\/#primaryimage"},"image":{"@id":"https:\/\/www.article-marketing.eu\/comunicatistampa\/la-carriera-di-marco-domizio-dagli-esordi-alla-fondazione-di-ares-ambiente\/#primaryimage"},"thumbnailUrl":"https:\/\/www.executivemanager.it\/images\/comprofiler\/0_623b49c36ebcd.jpg","datePublished":"2022-08-23T15:38:31+00:00","author":{"@id":"https:\/\/www.article-marketing.eu\/comunicatistampa\/#\/schema\/person\/2fcaf8f8f3a9eef9eb7f27532d3ca458"},"breadcrumb":{"@id":"https:\/\/www.article-marketing.eu\/comunicatistampa\/la-carriera-di-marco-domizio-dagli-esordi-alla-fondazione-di-ares-ambiente\/#breadcrumb"},"inLanguage":"it-IT","potentialAction":[{"@type":"ReadAction","target":["https:\/\/www.article-marketing.eu\/comunicatistampa\/la-carriera-di-marco-domizio-dagli-esordi-alla-fondazione-di-ares-ambiente\/"]}]},{"@type":"ImageObject","inLanguage":"it-IT","@id":"https:\/\/www.article-marketing.eu\/comunicatistampa\/la-carriera-di-marco-domizio-dagli-esordi-alla-fondazione-di-ares-ambiente\/#primaryimage","url":"https:\/\/www.executivemanager.it\/images\/comprofiler\/0_623b49c36ebcd.jpg","contentUrl":"https:\/\/www.executivemanager.it\/images\/comprofiler\/0_623b49c36ebcd.jpg"},{"@type":"BreadcrumbList","@id":"https:\/\/www.article-marketing.eu\/comunicatistampa\/la-carriera-di-marco-domizio-dagli-esordi-alla-fondazione-di-ares-ambiente\/#breadcrumb","itemListElement":[{"@type":"ListItem","position":1,"name":"Home","item":"https:\/\/www.article-marketing.eu\/comunicatistampa\/"},{"@type":"ListItem","position":2,"name":"La carriera di Marco Domizio: dagli esordi alla fondazione di Ares Ambiente"}]},{"@type":"WebSite","@id":"https:\/\/www.article-marketing.eu\/comunicatistampa\/#website","url":"https:\/\/www.article-marketing.eu\/comunicatistampa\/","name":"Article Marketing","description":"article marketing &amp; press release","potentialAction":[{"@type":"SearchAction","target":{"@type":"EntryPoint","urlTemplate":"https:\/\/www.article-marketing.eu\/comunicatistampa\/?s={search_term_string}"},"query-input":{"@type":"PropertyValueSpecification","valueRequired":true,"valueName":"search_term_string"}}],"inLanguage":"it-IT"},{"@type":"Person","@id":"https:\/\/www.article-marketing.eu\/comunicatistampa\/#\/schema\/person\/2fcaf8f8f3a9eef9eb7f27532d3ca458","name":"articolinews","image":{"@type":"ImageObject","inLanguage":"it-IT","@id":"https:\/\/secure.gravatar.com\/avatar\/9e2a264bab04e17dea24d937c9956304649a848cb73c46747a692ff1bdeb1cb7?s=96&d=mm&r=g","url":"https:\/\/secure.gravatar.com\/avatar\/9e2a264bab04e17dea24d937c9956304649a848cb73c46747a692ff1bdeb1cb7?s=96&d=mm&r=g","contentUrl":"https:\/\/secure.gravatar.com\/avatar\/9e2a264bab04e17dea24d937c9956304649a848cb73c46747a692ff1bdeb1cb7?s=96&d=mm&r=g","caption":"articolinews"},"url":"https:\/\/www.article-marketing.eu\/comunicatistampa\/author\/articolinews\/"}]}},"_links":{"self":[{"href":"https:\/\/www.article-marketing.eu\/comunicatistampa\/wp-json\/wp\/v2\/posts\/24467","targetHints":{"allow":["GET"]}}],"collection":[{"href":"https:\/\/www.article-marketing.eu\/comunicatistampa\/wp-json\/wp\/v2\/posts"}],"about":[{"href":"https:\/\/www.article-marketing.eu\/comunicatistampa\/wp-json\/wp\/v2\/types\/post"}],"author":[{"embeddable":true,"href":"https:\/\/www.article-marketing.eu\/comunicatistampa\/wp-json\/wp\/v2\/users\/6477"}],"replies":[{"embeddable":true,"href":"https:\/\/www.article-marketing.eu\/comunicatistampa\/wp-json\/wp\/v2\/comments?post=24467"}],"version-history":[{"count":2,"href":"https:\/\/www.article-marketing.eu\/comunicatistampa\/wp-json\/wp\/v2\/posts\/24467\/revisions"}],"predecessor-version":[{"id":24488,"href":"https:\/\/www.article-marketing.eu\/comunicatistampa\/wp-json\/wp\/v2\/posts\/24467\/revisions\/24488"}],"wp:attachment":[{"href":"https:\/\/www.article-marketing.eu\/comunicatistampa\/wp-json\/wp\/v2\/media?parent=24467"}],"wp:term":[{"taxonomy":"category","embeddable":true,"href":"https:\/\/www.article-marketing.eu\/comunicatistampa\/wp-json\/wp\/v2\/categories?post=24467"},{"taxonomy":"post_tag","embeddable":true,"href":"https:\/\/www.article-marketing.eu\/comunicatistampa\/wp-json\/wp\/v2\/tags?post=24467"}],"curies":[{"name":"wp","href":"https:\/\/api.w.org\/{rel}","templated":true}]}}