{"id":24503,"date":"2022-08-27T21:17:21","date_gmt":"2022-08-27T19:17:21","guid":{"rendered":"https:\/\/www.article-marketing.eu\/comunicatistampa\/?p=24503"},"modified":"2022-08-27T21:17:21","modified_gmt":"2022-08-27T19:17:21","slug":"francesco-milleri-la-carriera-del-neo-presidente-di-essilorluxottica","status":"publish","type":"post","link":"https:\/\/www.article-marketing.eu\/comunicatistampa\/francesco-milleri-la-carriera-del-neo-presidente-di-essilorluxottica\/","title":{"rendered":"Francesco Milleri, la carriera del neo Presidente di EssilorLuxottica"},"content":{"rendered":"<p><em><strong>La vision di <a title=\"Francesco Milleri: il profilo professionale\" href=\"https:\/\/www.millionaire.it\/francesco-milleri-da-consulente-it-a-ceo-di-essilorluxottica\/\">Francesco Milleri<\/a>, i traguardi professionali, l&#8217;apporto significativo nella nascita di EssilorLuxottica: l&#8217;articolo di &#8220;Millionaire&#8221; dedicato all&#8217;attuale Presidente e AD del Gruppo.<\/strong><\/em><\/p>\n<p><a title=\"Francesco Milleri: la formazione e la carriera\" href=\"https:\/\/www.millionaire.it\/francesco-milleri-da-consulente-it-a-ceo-di-essilorluxottica\/\"><img decoding=\"async\" src=\"https:\/\/www.millionaire.it\/wp-content\/uploads\/2022\/08\/grandiXimpreditoriXXGioiaXXWEB-696x505.jpg\" alt=\"Francesco Milleri\" width=\"120\" \/><\/a><\/p>\n<h2>Francesco Milleri: formazione e prime esperienze professionali<\/h2>\n<p>&#8220;Millionaire&#8221; lo ha inserito tra i grandi imprenditori dedicando un articolo al suo percorso professionale. <strong>Francesco Milleri<\/strong>, oggi guida di EsislorLuxottica in qualit\u00e0 di Presidente e Amministratore Delegato, nasce a Citt\u00e0 di Castello (Perugia) nel 1959. Dopo la laurea in Giurisprudenza conferita dall&#8217;Universit\u00e0 degli Studi di Firenze, inizia a lavorare in ambito accademico e al contempo consegue un MBA in Business Administration presso l&#8217;Universit\u00e0 Bocconi di Milano e si specializza in Corporate Finance presso la Stern School of Business della New York University. &#8220;Millionaire&#8221; ne ripercorre le prime esperienze come consulente aziendale e racconta la nascita, nel 1996, di Milleri &amp; Associati, ancora oggi attiva nel settore dei software. La svolta imprenditoriale segna l&#8217;inizio della sua attivit\u00e0 di consulenza in campo digitale che lo porter\u00e0 diversi anni dopo a collaborare con Leonardo Del Vecchio: sar\u00e0 <strong>Francesco Milleri<\/strong> infatti a coordinare i lavori nell&#8217;ambito dei progetti di digitalizzazione di Luxottica.<\/p>\n<h2>Francesco Milleri: la crescita in Luxottica e la nascita di EssilorLuxottica<\/h2>\n<p>La trasformazione digitale di Luxottica \u00e8 solo la prima di una lunga serie di attivit\u00e0 che occuperanno <a title=\"Francesco Milleri: le esperienze professionali\" href=\"https:\/\/www.millionaire.it\/francesco-milleri-da-consulente-it-a-ceo-di-essilorluxottica\/\">Francesco Milleri<\/a> negli anni a seguire e che lo porteranno a contribuire anche all&#8217;espansione delle attivit\u00e0 di impresa e di retail store nei territori europei. Nel 2016 viene ufficialmente designato Amministratore con funzioni vicarie. In questi anni inizia a lavorare anche al progetto che porter\u00e0 nel 2018 alla nascita di EssilorLuxottica, di cui diventer\u00e0 Amministratore Delegato e poi, nel 2022, Presidente. Sotto la sua guida, EssilorLuxottica ha concluso con successo il percorso di sviluppo in Europa con la storica acquisizione di GrandVision e ha dato il via ad una nuova partnership con Meta. Dopo la scomparsa di Leonardo Del Vecchio, su indicazione dello stesso fondatore, <strong>Francesco Milleri<\/strong> \u00e8 stato anche nominato Presidente della holding Delfin, che attualmente detiene la maggioranza del colosso italo-francese.<\/p>\n","protected":false},"excerpt":{"rendered":"<p>La vision di Francesco Milleri, i traguardi professionali, l&#8217;apporto significativo nella nascita di EssilorLuxottica: l&#8217;articolo di &#8220;Millionaire&#8221; dedicato all&#8217;attuale Presidente e AD del Gruppo. Francesco Milleri: formazione e prime esperienze professionali &#8220;Millionaire&#8221; lo ha inserito tra i grandi imprenditori dedicando un articolo al suo percorso professionale. Francesco Milleri, oggi guida di EsislorLuxottica in qualit\u00e0 di Presidente e Amministratore Delegato, nasce a Citt\u00e0 di Castello (Perugia) nel 1959. Dopo la laurea<\/p>\n<p><a class=\"continue-reading\" href=\"https:\/\/www.article-marketing.eu\/comunicatistampa\/francesco-milleri-la-carriera-del-neo-presidente-di-essilorluxottica\/\">Continue reading&#8230;<\/a><\/p>\n","protected":false},"author":7201,"featured_media":0,"comment_status":"open","ping_status":"open","sticky":false,"template":"","format":"standard","meta":{"_monsterinsights_skip_tracking":false,"_monsterinsights_sitenote_active":false,"_monsterinsights_sitenote_note":"","_monsterinsights_sitenote_category":0,"footnotes":""},"categories":[386],"tags":[9537],"class_list":["post-24503","post","type-post","status-publish","format-standard","hentry","category-economia-e-lavoro","tag-francesco-milleri"],"yoast_head":"<!-- This site is optimized with the Yoast SEO plugin v27.3 - https:\/\/yoast.com\/product\/yoast-seo-wordpress\/ -->\n<title>Francesco Milleri, la carriera del neo Presidente di EssilorLuxottica<\/title>\n<meta name=\"robots\" content=\"index, follow, max-snippet:-1, max-image-preview:large, max-video-preview:-1\" \/>\n<link rel=\"canonical\" href=\"https:\/\/www.article-marketing.eu\/comunicatistampa\/francesco-milleri-la-carriera-del-neo-presidente-di-essilorluxottica\/\" \/>\n<meta property=\"og:locale\" content=\"it_IT\" \/>\n<meta property=\"og:type\" content=\"article\" \/>\n<meta property=\"og:title\" content=\"Francesco Milleri, la carriera del neo Presidente di EssilorLuxottica\" \/>\n<meta property=\"og:description\" content=\"La vision di Francesco Milleri, i traguardi professionali, l&#8217;apporto significativo nella nascita di EssilorLuxottica: l&#8217;articolo di &#8220;Millionaire&#8221; dedicato all&#8217;attuale Presidente e AD del Gruppo. Francesco Milleri: formazione e prime esperienze professionali &#8220;Millionaire&#8221; lo ha inserito tra i grandi imprenditori dedicando un articolo al suo percorso professionale. Francesco Milleri, oggi guida di EsislorLuxottica in qualit\u00e0 di Presidente e Amministratore Delegato, nasce a Citt\u00e0 di Castello (Perugia) nel 1959. Dopo la laureaContinue reading...\" \/>\n<meta property=\"og:url\" content=\"https:\/\/www.article-marketing.eu\/comunicatistampa\/francesco-milleri-la-carriera-del-neo-presidente-di-essilorluxottica\/\" \/>\n<meta property=\"og:site_name\" content=\"Article Marketing\" \/>\n<meta property=\"article:published_time\" content=\"2022-08-27T19:17:21+00:00\" \/>\n<meta property=\"og:image\" content=\"https:\/\/www.millionaire.it\/wp-content\/uploads\/2022\/08\/grandiXimpreditoriXXGioiaXXWEB-696x505.jpg\" \/>\n<meta name=\"author\" content=\"agencyfmnews\" \/>\n<meta name=\"twitter:card\" content=\"summary_large_image\" \/>\n<meta name=\"twitter:label1\" content=\"Scritto da\" \/>\n\t<meta name=\"twitter:data1\" content=\"agencyfmnews\" \/>\n\t<meta name=\"twitter:label2\" content=\"Tempo di lettura stimato\" \/>\n\t<meta name=\"twitter:data2\" content=\"2 minuti\" \/>\n<script type=\"application\/ld+json\" class=\"yoast-schema-graph\">{\"@context\":\"https:\\\/\\\/schema.org\",\"@graph\":[{\"@type\":\"Article\",\"@id\":\"https:\\\/\\\/www.article-marketing.eu\\\/comunicatistampa\\\/francesco-milleri-la-carriera-del-neo-presidente-di-essilorluxottica\\\/#article\",\"isPartOf\":{\"@id\":\"https:\\\/\\\/www.article-marketing.eu\\\/comunicatistampa\\\/francesco-milleri-la-carriera-del-neo-presidente-di-essilorluxottica\\\/\"},\"author\":{\"name\":\"agencyfmnews\",\"@id\":\"https:\\\/\\\/www.article-marketing.eu\\\/comunicatistampa\\\/#\\\/schema\\\/person\\\/66af7693bfb8cff6cc30b41435a1aec3\"},\"headline\":\"Francesco Milleri, la carriera del neo Presidente di EssilorLuxottica\",\"datePublished\":\"2022-08-27T19:17:21+00:00\",\"mainEntityOfPage\":{\"@id\":\"https:\\\/\\\/www.article-marketing.eu\\\/comunicatistampa\\\/francesco-milleri-la-carriera-del-neo-presidente-di-essilorluxottica\\\/\"},\"wordCount\":333,\"commentCount\":0,\"image\":{\"@id\":\"https:\\\/\\\/www.article-marketing.eu\\\/comunicatistampa\\\/francesco-milleri-la-carriera-del-neo-presidente-di-essilorluxottica\\\/#primaryimage\"},\"thumbnailUrl\":\"https:\\\/\\\/www.millionaire.it\\\/wp-content\\\/uploads\\\/2022\\\/08\\\/grandiXimpreditoriXXGioiaXXWEB-696x505.jpg\",\"keywords\":[\"Francesco Milleri\"],\"articleSection\":[\"Economia e lavoro\"],\"inLanguage\":\"it-IT\",\"potentialAction\":[{\"@type\":\"CommentAction\",\"name\":\"Comment\",\"target\":[\"https:\\\/\\\/www.article-marketing.eu\\\/comunicatistampa\\\/francesco-milleri-la-carriera-del-neo-presidente-di-essilorluxottica\\\/#respond\"]}]},{\"@type\":\"WebPage\",\"@id\":\"https:\\\/\\\/www.article-marketing.eu\\\/comunicatistampa\\\/francesco-milleri-la-carriera-del-neo-presidente-di-essilorluxottica\\\/\",\"url\":\"https:\\\/\\\/www.article-marketing.eu\\\/comunicatistampa\\\/francesco-milleri-la-carriera-del-neo-presidente-di-essilorluxottica\\\/\",\"name\":\"Francesco Milleri, la carriera del neo Presidente di EssilorLuxottica\",\"isPartOf\":{\"@id\":\"https:\\\/\\\/www.article-marketing.eu\\\/comunicatistampa\\\/#website\"},\"primaryImageOfPage\":{\"@id\":\"https:\\\/\\\/www.article-marketing.eu\\\/comunicatistampa\\\/francesco-milleri-la-carriera-del-neo-presidente-di-essilorluxottica\\\/#primaryimage\"},\"image\":{\"@id\":\"https:\\\/\\\/www.article-marketing.eu\\\/comunicatistampa\\\/francesco-milleri-la-carriera-del-neo-presidente-di-essilorluxottica\\\/#primaryimage\"},\"thumbnailUrl\":\"https:\\\/\\\/www.millionaire.it\\\/wp-content\\\/uploads\\\/2022\\\/08\\\/grandiXimpreditoriXXGioiaXXWEB-696x505.jpg\",\"datePublished\":\"2022-08-27T19:17:21+00:00\",\"author\":{\"@id\":\"https:\\\/\\\/www.article-marketing.eu\\\/comunicatistampa\\\/#\\\/schema\\\/person\\\/66af7693bfb8cff6cc30b41435a1aec3\"},\"breadcrumb\":{\"@id\":\"https:\\\/\\\/www.article-marketing.eu\\\/comunicatistampa\\\/francesco-milleri-la-carriera-del-neo-presidente-di-essilorluxottica\\\/#breadcrumb\"},\"inLanguage\":\"it-IT\",\"potentialAction\":[{\"@type\":\"ReadAction\",\"target\":[\"https:\\\/\\\/www.article-marketing.eu\\\/comunicatistampa\\\/francesco-milleri-la-carriera-del-neo-presidente-di-essilorluxottica\\\/\"]}]},{\"@type\":\"ImageObject\",\"inLanguage\":\"it-IT\",\"@id\":\"https:\\\/\\\/www.article-marketing.eu\\\/comunicatistampa\\\/francesco-milleri-la-carriera-del-neo-presidente-di-essilorluxottica\\\/#primaryimage\",\"url\":\"https:\\\/\\\/www.millionaire.it\\\/wp-content\\\/uploads\\\/2022\\\/08\\\/grandiXimpreditoriXXGioiaXXWEB-696x505.jpg\",\"contentUrl\":\"https:\\\/\\\/www.millionaire.it\\\/wp-content\\\/uploads\\\/2022\\\/08\\\/grandiXimpreditoriXXGioiaXXWEB-696x505.jpg\"},{\"@type\":\"BreadcrumbList\",\"@id\":\"https:\\\/\\\/www.article-marketing.eu\\\/comunicatistampa\\\/francesco-milleri-la-carriera-del-neo-presidente-di-essilorluxottica\\\/#breadcrumb\",\"itemListElement\":[{\"@type\":\"ListItem\",\"position\":1,\"name\":\"Home\",\"item\":\"https:\\\/\\\/www.article-marketing.eu\\\/comunicatistampa\\\/\"},{\"@type\":\"ListItem\",\"position\":2,\"name\":\"Francesco Milleri, la carriera del neo Presidente di EssilorLuxottica\"}]},{\"@type\":\"WebSite\",\"@id\":\"https:\\\/\\\/www.article-marketing.eu\\\/comunicatistampa\\\/#website\",\"url\":\"https:\\\/\\\/www.article-marketing.eu\\\/comunicatistampa\\\/\",\"name\":\"Article Marketing\",\"description\":\"article marketing &amp; press release\",\"potentialAction\":[{\"@type\":\"SearchAction\",\"target\":{\"@type\":\"EntryPoint\",\"urlTemplate\":\"https:\\\/\\\/www.article-marketing.eu\\\/comunicatistampa\\\/?s={search_term_string}\"},\"query-input\":{\"@type\":\"PropertyValueSpecification\",\"valueRequired\":true,\"valueName\":\"search_term_string\"}}],\"inLanguage\":\"it-IT\"},{\"@type\":\"Person\",\"@id\":\"https:\\\/\\\/www.article-marketing.eu\\\/comunicatistampa\\\/#\\\/schema\\\/person\\\/66af7693bfb8cff6cc30b41435a1aec3\",\"name\":\"agencyfmnews\",\"image\":{\"@type\":\"ImageObject\",\"inLanguage\":\"it-IT\",\"@id\":\"https:\\\/\\\/secure.gravatar.com\\\/avatar\\\/8e5548a62f8b6ff81a9ac11775d9d70f3acc1c790a2c05679bbfba17ff579efc?s=96&d=mm&r=g\",\"url\":\"https:\\\/\\\/secure.gravatar.com\\\/avatar\\\/8e5548a62f8b6ff81a9ac11775d9d70f3acc1c790a2c05679bbfba17ff579efc?s=96&d=mm&r=g\",\"contentUrl\":\"https:\\\/\\\/secure.gravatar.com\\\/avatar\\\/8e5548a62f8b6ff81a9ac11775d9d70f3acc1c790a2c05679bbfba17ff579efc?s=96&d=mm&r=g\",\"caption\":\"agencyfmnews\"},\"url\":\"https:\\\/\\\/www.article-marketing.eu\\\/comunicatistampa\\\/author\\\/agencyfmnews\\\/\"}]}<\/script>\n<!-- \/ Yoast SEO plugin. -->","yoast_head_json":{"title":"Francesco Milleri, la carriera del neo Presidente di EssilorLuxottica","robots":{"index":"index","follow":"follow","max-snippet":"max-snippet:-1","max-image-preview":"max-image-preview:large","max-video-preview":"max-video-preview:-1"},"canonical":"https:\/\/www.article-marketing.eu\/comunicatistampa\/francesco-milleri-la-carriera-del-neo-presidente-di-essilorluxottica\/","og_locale":"it_IT","og_type":"article","og_title":"Francesco Milleri, la carriera del neo Presidente di EssilorLuxottica","og_description":"La vision di Francesco Milleri, i traguardi professionali, l&#8217;apporto significativo nella nascita di EssilorLuxottica: l&#8217;articolo di &#8220;Millionaire&#8221; dedicato all&#8217;attuale Presidente e AD del Gruppo. Francesco Milleri: formazione e prime esperienze professionali &#8220;Millionaire&#8221; lo ha inserito tra i grandi imprenditori dedicando un articolo al suo percorso professionale. Francesco Milleri, oggi guida di EsislorLuxottica in qualit\u00e0 di Presidente e Amministratore Delegato, nasce a Citt\u00e0 di Castello (Perugia) nel 1959. Dopo la laureaContinue reading...","og_url":"https:\/\/www.article-marketing.eu\/comunicatistampa\/francesco-milleri-la-carriera-del-neo-presidente-di-essilorluxottica\/","og_site_name":"Article Marketing","article_published_time":"2022-08-27T19:17:21+00:00","og_image":[{"url":"https:\/\/www.millionaire.it\/wp-content\/uploads\/2022\/08\/grandiXimpreditoriXXGioiaXXWEB-696x505.jpg","type":"","width":"","height":""}],"author":"agencyfmnews","twitter_card":"summary_large_image","twitter_misc":{"Scritto da":"agencyfmnews","Tempo di lettura stimato":"2 minuti"},"schema":{"@context":"https:\/\/schema.org","@graph":[{"@type":"Article","@id":"https:\/\/www.article-marketing.eu\/comunicatistampa\/francesco-milleri-la-carriera-del-neo-presidente-di-essilorluxottica\/#article","isPartOf":{"@id":"https:\/\/www.article-marketing.eu\/comunicatistampa\/francesco-milleri-la-carriera-del-neo-presidente-di-essilorluxottica\/"},"author":{"name":"agencyfmnews","@id":"https:\/\/www.article-marketing.eu\/comunicatistampa\/#\/schema\/person\/66af7693bfb8cff6cc30b41435a1aec3"},"headline":"Francesco Milleri, la carriera del neo Presidente di EssilorLuxottica","datePublished":"2022-08-27T19:17:21+00:00","mainEntityOfPage":{"@id":"https:\/\/www.article-marketing.eu\/comunicatistampa\/francesco-milleri-la-carriera-del-neo-presidente-di-essilorluxottica\/"},"wordCount":333,"commentCount":0,"image":{"@id":"https:\/\/www.article-marketing.eu\/comunicatistampa\/francesco-milleri-la-carriera-del-neo-presidente-di-essilorluxottica\/#primaryimage"},"thumbnailUrl":"https:\/\/www.millionaire.it\/wp-content\/uploads\/2022\/08\/grandiXimpreditoriXXGioiaXXWEB-696x505.jpg","keywords":["Francesco Milleri"],"articleSection":["Economia e lavoro"],"inLanguage":"it-IT","potentialAction":[{"@type":"CommentAction","name":"Comment","target":["https:\/\/www.article-marketing.eu\/comunicatistampa\/francesco-milleri-la-carriera-del-neo-presidente-di-essilorluxottica\/#respond"]}]},{"@type":"WebPage","@id":"https:\/\/www.article-marketing.eu\/comunicatistampa\/francesco-milleri-la-carriera-del-neo-presidente-di-essilorluxottica\/","url":"https:\/\/www.article-marketing.eu\/comunicatistampa\/francesco-milleri-la-carriera-del-neo-presidente-di-essilorluxottica\/","name":"Francesco Milleri, la carriera del neo Presidente di EssilorLuxottica","isPartOf":{"@id":"https:\/\/www.article-marketing.eu\/comunicatistampa\/#website"},"primaryImageOfPage":{"@id":"https:\/\/www.article-marketing.eu\/comunicatistampa\/francesco-milleri-la-carriera-del-neo-presidente-di-essilorluxottica\/#primaryimage"},"image":{"@id":"https:\/\/www.article-marketing.eu\/comunicatistampa\/francesco-milleri-la-carriera-del-neo-presidente-di-essilorluxottica\/#primaryimage"},"thumbnailUrl":"https:\/\/www.millionaire.it\/wp-content\/uploads\/2022\/08\/grandiXimpreditoriXXGioiaXXWEB-696x505.jpg","datePublished":"2022-08-27T19:17:21+00:00","author":{"@id":"https:\/\/www.article-marketing.eu\/comunicatistampa\/#\/schema\/person\/66af7693bfb8cff6cc30b41435a1aec3"},"breadcrumb":{"@id":"https:\/\/www.article-marketing.eu\/comunicatistampa\/francesco-milleri-la-carriera-del-neo-presidente-di-essilorluxottica\/#breadcrumb"},"inLanguage":"it-IT","potentialAction":[{"@type":"ReadAction","target":["https:\/\/www.article-marketing.eu\/comunicatistampa\/francesco-milleri-la-carriera-del-neo-presidente-di-essilorluxottica\/"]}]},{"@type":"ImageObject","inLanguage":"it-IT","@id":"https:\/\/www.article-marketing.eu\/comunicatistampa\/francesco-milleri-la-carriera-del-neo-presidente-di-essilorluxottica\/#primaryimage","url":"https:\/\/www.millionaire.it\/wp-content\/uploads\/2022\/08\/grandiXimpreditoriXXGioiaXXWEB-696x505.jpg","contentUrl":"https:\/\/www.millionaire.it\/wp-content\/uploads\/2022\/08\/grandiXimpreditoriXXGioiaXXWEB-696x505.jpg"},{"@type":"BreadcrumbList","@id":"https:\/\/www.article-marketing.eu\/comunicatistampa\/francesco-milleri-la-carriera-del-neo-presidente-di-essilorluxottica\/#breadcrumb","itemListElement":[{"@type":"ListItem","position":1,"name":"Home","item":"https:\/\/www.article-marketing.eu\/comunicatistampa\/"},{"@type":"ListItem","position":2,"name":"Francesco Milleri, la carriera del neo Presidente di EssilorLuxottica"}]},{"@type":"WebSite","@id":"https:\/\/www.article-marketing.eu\/comunicatistampa\/#website","url":"https:\/\/www.article-marketing.eu\/comunicatistampa\/","name":"Article Marketing","description":"article marketing &amp; press release","potentialAction":[{"@type":"SearchAction","target":{"@type":"EntryPoint","urlTemplate":"https:\/\/www.article-marketing.eu\/comunicatistampa\/?s={search_term_string}"},"query-input":{"@type":"PropertyValueSpecification","valueRequired":true,"valueName":"search_term_string"}}],"inLanguage":"it-IT"},{"@type":"Person","@id":"https:\/\/www.article-marketing.eu\/comunicatistampa\/#\/schema\/person\/66af7693bfb8cff6cc30b41435a1aec3","name":"agencyfmnews","image":{"@type":"ImageObject","inLanguage":"it-IT","@id":"https:\/\/secure.gravatar.com\/avatar\/8e5548a62f8b6ff81a9ac11775d9d70f3acc1c790a2c05679bbfba17ff579efc?s=96&d=mm&r=g","url":"https:\/\/secure.gravatar.com\/avatar\/8e5548a62f8b6ff81a9ac11775d9d70f3acc1c790a2c05679bbfba17ff579efc?s=96&d=mm&r=g","contentUrl":"https:\/\/secure.gravatar.com\/avatar\/8e5548a62f8b6ff81a9ac11775d9d70f3acc1c790a2c05679bbfba17ff579efc?s=96&d=mm&r=g","caption":"agencyfmnews"},"url":"https:\/\/www.article-marketing.eu\/comunicatistampa\/author\/agencyfmnews\/"}]}},"_links":{"self":[{"href":"https:\/\/www.article-marketing.eu\/comunicatistampa\/wp-json\/wp\/v2\/posts\/24503","targetHints":{"allow":["GET"]}}],"collection":[{"href":"https:\/\/www.article-marketing.eu\/comunicatistampa\/wp-json\/wp\/v2\/posts"}],"about":[{"href":"https:\/\/www.article-marketing.eu\/comunicatistampa\/wp-json\/wp\/v2\/types\/post"}],"author":[{"embeddable":true,"href":"https:\/\/www.article-marketing.eu\/comunicatistampa\/wp-json\/wp\/v2\/users\/7201"}],"replies":[{"embeddable":true,"href":"https:\/\/www.article-marketing.eu\/comunicatistampa\/wp-json\/wp\/v2\/comments?post=24503"}],"version-history":[{"count":2,"href":"https:\/\/www.article-marketing.eu\/comunicatistampa\/wp-json\/wp\/v2\/posts\/24503\/revisions"}],"predecessor-version":[{"id":24523,"href":"https:\/\/www.article-marketing.eu\/comunicatistampa\/wp-json\/wp\/v2\/posts\/24503\/revisions\/24523"}],"wp:attachment":[{"href":"https:\/\/www.article-marketing.eu\/comunicatistampa\/wp-json\/wp\/v2\/media?parent=24503"}],"wp:term":[{"taxonomy":"category","embeddable":true,"href":"https:\/\/www.article-marketing.eu\/comunicatistampa\/wp-json\/wp\/v2\/categories?post=24503"},{"taxonomy":"post_tag","embeddable":true,"href":"https:\/\/www.article-marketing.eu\/comunicatistampa\/wp-json\/wp\/v2\/tags?post=24503"}],"curies":[{"name":"wp","href":"https:\/\/api.w.org\/{rel}","templated":true}]}}