{"id":24543,"date":"2022-09-01T11:43:56","date_gmt":"2022-09-01T09:43:56","guid":{"rendered":"https:\/\/www.article-marketing.eu\/comunicatistampa\/?p=24543"},"modified":"2022-09-01T11:43:56","modified_gmt":"2022-09-01T09:43:56","slug":"cose-il-formato-immagine-webp-e-perche-dovremmo-utilizzarlo","status":"publish","type":"post","link":"https:\/\/www.article-marketing.eu\/comunicatistampa\/cose-il-formato-immagine-webp-e-perche-dovremmo-utilizzarlo\/","title":{"rendered":"Cos&#8217;\u00e8 il formato immagine WebP e perch\u00e9 dovremmo utilizzarlo?"},"content":{"rendered":"<p>Il nuovo <strong>formato di immagine WebP<\/strong> rientra tra le innovazioni che possono aiutarci a migliorare il posizionamento del nostro sito web sia esso un blog personale o il nostro sito aziendale. Vediamo insieme cos&#8217;\u00e8 nello specifico questa innovazione.<!--more--><\/p>\n<h2>I formati delle immagini digitali<\/h2>\n<p>Il WebP \u00e8 un formato relativamente recente. \u00c8 probabile che non vi siate imbattuti in questo tipo di immagini molto frequentemente. Fino ad ora le maggiori estensioni per le immagini digitali utilizzate sul web sono:<\/p>\n<ul>\n<li><strong>JEPG<\/strong>: il formato fino a oggi pi\u00f9 utilizzato per le immagini web, prevede una compressione del file con una conseguente perdita di risoluzione e di alcune informazioni interne ma una significativa riduzione del peso;<\/li>\n<li><strong>GIF<\/strong>: meno usato rispetto al passato, utilizza una compressione di tipo <strong>LZW<\/strong>, <strong>losses<\/strong>, senza perdita di dettagli; questo tipo di immagini, per\u00f2, pu\u00f2 utilizzare al massimo una <strong>palette di 256 colori<\/strong>, questo tipo di immagine gestisce<strong> trasparenze e semitrasparenze e le animazioni<\/strong>;<\/li>\n<li><strong>PNG<\/strong>: progettato come alternativa al GIF, utilizza la stessa compressione LZW; il PNG presenta una minore perdita della qualit\u00e0 dell&#8217;immagine e supporta le trasparenze, di contro le sue dimensioni sono maggiori rispetto a quelle degli altri formati.<\/li>\n<\/ul>\n<p>Altri tipi di formati sono stati progettati per migliorare la vita agli sviluppatori e ai web designers, si tratta del <strong>WebP<\/strong> e <strong>SVG<\/strong>.<\/p>\n<p>L&#8217;SVG \u00e8 un <strong>formato vettoriale<\/strong> sviluppato dal World Wide Web Consortium (W3C) e andremo a illustrarlo in un prossimo articolo, il WebP, invece, \u00e8 un <strong>formato bitmap<\/strong>, pensato specificatamente per il web.<\/p>\n<h2>Google sviluppa il formato WebP<\/h2>\n<p>Il <strong>WebP<\/strong> viene rilasciato il <strong>30 settembre del 2010<\/strong> ed \u00e8 sviluppato dalla societ\u00e0 <strong>On2 Technologies<\/strong>. Il modello da cui \u00e8 tratto \u00e8 il <strong>formato video VP8<\/strong>. <strong>Google<\/strong> acquista l&#8217;azienda lo stesso anno dell&#8217;uscita di questo nuovo prodotto.<\/p>\n<p>Il colosso del web ha provveduto a svilupparne il codice, ampliandolo per renderlo adatto alla compressione senza perdita di dati, trasparenza (canale alfa) e animazioni. Lo scopo di Google \u00e8 quello di spingere i webmaster e gli sviluppatori a migliorare ulteriormente l&#8217;ottimizzazione del proprio sito web partendo dalle immagini caricate.<\/p>\n<p>Trattandosi di un formato sviluppato da Google, il WebP \u00e8 nativamente compatibile per il <strong>browser Chrome<\/strong>. Con il tempo anche gli altri maggiori browser hanno iniziato a supportare questo formato con la sola esclusione di Internet Explorer che sta venendo sostituito da Edge e Safari che ne ha offerto un supporto soltanto parziale.<\/p>\n<h2>Quali sono i vantaggi delle immagini WebP?<\/h2>\n<p>Questo nuovo formato permette la <strong>compressione con o senza perdita di dati<\/strong>, sfruttando i punti di forza di entrambi i suoi predecessori, mantiene trasparenze e semitrasparenze, metadati, profili colore e permette di gestire animazioni.<\/p>\n<p>Come detto, il WebP \u00e8 un formato ideale per ridurre la dimensione delle immagini sul web. Secondo le informazioni ufficiali fornite di Google, a parit\u00e0 di qualit\u00e0 dell&#8217;immagine, foto e grafiche realizzate con questo formato, sono <strong>pi\u00f9 leggere del 30%<\/strong> rispetto ai loro omologhi JPEG o PNG.<\/p>\n<p>In questo modo i tempi di caricamento si accorciano rendendo pi\u00f9 <strong>rapida<\/strong> la fruizione di siti e piattaforme online. Un vantaggio notevole in termini di <strong>user experience<\/strong> degli utenti.<\/p>\n<p>Google sta spingendo per l&#8217;utilizzo di queste immagini nella <a href=\"https:\/\/www.avgraficadesign.com\/creazione-siti-web-milano\" target=\"_blank\" rel=\"noopener\">creazione di siti web<\/a> per rendere pi\u00f9 rapida e fruibile la ricerca. Il motore di ricerca infatti premia in maniera &#8220;indiretta&#8221; i siti dalle performances migliori con un <strong>migliore posizionamento sul web<\/strong>. Siti pi\u00f9 leggeri consumano anche meno banda, riducendo i rischi di un <strong>errore 509<\/strong> per Bandwidth Limit Exceeded e si risparmia spazio occupato sull&#8217;hosting.<\/p>\n<h2>Gli svantaggi dell&#8217;uso del formato WebP<\/h2>\n<p>Anche se questo formato sembra ideale per il <a href=\"https:\/\/www.avgraficadesign.com\/posizionamento-siti-web\/consulenza-seo\" target=\"_blank\" rel=\"noopener\">posizionamento del sito sui motori di ricerca<\/a>, presenta ancora alcuni <strong>svantaggi<\/strong>:<\/p>\n<ul>\n<li>Non ha ancora una compatibilit\u00e0 del 100% su tutti i browser esistenti;<\/li>\n<li>Le immagini ridotte con perdita dei dati possono presentare una diminuzione di risoluzione considerevole;<\/li>\n<li>Non tutti gli editor di immagini ancora supportano questo tipo di formato;<\/li>\n<li>Non \u00e8 ancora disponibile nativamente per i maggiori CMS come Joomla o WordPress, ma pu\u00f2 essere utilizzato con componenti di terze parti.<\/li>\n<\/ul>\n","protected":false},"excerpt":{"rendered":"<p>Il nuovo formato di immagine WebP rientra tra le innovazioni che possono aiutarci a migliorare il posizionamento del nostro sito web sia esso un blog personale o il nostro sito aziendale. Vediamo insieme cos&#8217;\u00e8 nello specifico questa innovazione.<\/p>\n","protected":false},"author":20,"featured_media":0,"comment_status":"open","ping_status":"open","sticky":false,"template":"","format":"standard","meta":{"_monsterinsights_skip_tracking":false,"_monsterinsights_sitenote_active":false,"_monsterinsights_sitenote_note":"","_monsterinsights_sitenote_category":0,"footnotes":""},"categories":[384],"tags":[2598,9663,10051],"class_list":["post-24543","post","type-post","status-publish","format-standard","hentry","category-web-design","tag-grafica","tag-immagini","tag-webp"],"yoast_head":"<!-- This site is optimized with the Yoast SEO plugin v27.3 - https:\/\/yoast.com\/product\/yoast-seo-wordpress\/ -->\n<title>Cos&#039;\u00e8 il formato immagine WebP e perch\u00e9 dovremmo utilizzarlo?<\/title>\n<meta name=\"description\" content=\"La tecnologia per il web continua a evolversi e da Google arriva l&#039;ultima novit\u00e0: il formato WebP per le immagini di sui siti internet.\" \/>\n<meta name=\"robots\" content=\"index, follow, max-snippet:-1, max-image-preview:large, max-video-preview:-1\" \/>\n<link rel=\"canonical\" href=\"https:\/\/www.article-marketing.eu\/comunicatistampa\/cose-il-formato-immagine-webp-e-perche-dovremmo-utilizzarlo\/\" \/>\n<meta property=\"og:locale\" content=\"it_IT\" \/>\n<meta property=\"og:type\" content=\"article\" \/>\n<meta property=\"og:title\" content=\"Cos&#039;\u00e8 il formato immagine WebP e perch\u00e9 dovremmo utilizzarlo?\" \/>\n<meta property=\"og:description\" content=\"La tecnologia per il web continua a evolversi e da Google arriva l&#039;ultima novit\u00e0: il formato WebP per le immagini di sui siti internet.\" \/>\n<meta property=\"og:url\" content=\"https:\/\/www.article-marketing.eu\/comunicatistampa\/cose-il-formato-immagine-webp-e-perche-dovremmo-utilizzarlo\/\" \/>\n<meta property=\"og:site_name\" content=\"Article Marketing\" \/>\n<meta property=\"article:published_time\" content=\"2022-09-01T09:43:56+00:00\" \/>\n<meta name=\"author\" content=\"ictadmin\" \/>\n<meta name=\"twitter:card\" content=\"summary_large_image\" \/>\n<meta name=\"twitter:label1\" content=\"Scritto da\" \/>\n\t<meta name=\"twitter:data1\" content=\"ictadmin\" \/>\n\t<meta name=\"twitter:label2\" content=\"Tempo di lettura stimato\" \/>\n\t<meta name=\"twitter:data2\" content=\"4 minuti\" \/>\n<script type=\"application\/ld+json\" class=\"yoast-schema-graph\">{\"@context\":\"https:\\\/\\\/schema.org\",\"@graph\":[{\"@type\":\"Article\",\"@id\":\"https:\\\/\\\/www.article-marketing.eu\\\/comunicatistampa\\\/cose-il-formato-immagine-webp-e-perche-dovremmo-utilizzarlo\\\/#article\",\"isPartOf\":{\"@id\":\"https:\\\/\\\/www.article-marketing.eu\\\/comunicatistampa\\\/cose-il-formato-immagine-webp-e-perche-dovremmo-utilizzarlo\\\/\"},\"author\":{\"name\":\"ictadmin\",\"@id\":\"https:\\\/\\\/www.article-marketing.eu\\\/comunicatistampa\\\/#\\\/schema\\\/person\\\/b3bcdff9e011a199a2a599263f766107\"},\"headline\":\"Cos&#8217;\u00e8 il formato immagine WebP e perch\u00e9 dovremmo utilizzarlo?\",\"datePublished\":\"2022-09-01T09:43:56+00:00\",\"mainEntityOfPage\":{\"@id\":\"https:\\\/\\\/www.article-marketing.eu\\\/comunicatistampa\\\/cose-il-formato-immagine-webp-e-perche-dovremmo-utilizzarlo\\\/\"},\"wordCount\":652,\"commentCount\":0,\"keywords\":[\"grafica\",\"immagini\",\"webp\"],\"articleSection\":[\"Web design\"],\"inLanguage\":\"it-IT\",\"potentialAction\":[{\"@type\":\"CommentAction\",\"name\":\"Comment\",\"target\":[\"https:\\\/\\\/www.article-marketing.eu\\\/comunicatistampa\\\/cose-il-formato-immagine-webp-e-perche-dovremmo-utilizzarlo\\\/#respond\"]}]},{\"@type\":\"WebPage\",\"@id\":\"https:\\\/\\\/www.article-marketing.eu\\\/comunicatistampa\\\/cose-il-formato-immagine-webp-e-perche-dovremmo-utilizzarlo\\\/\",\"url\":\"https:\\\/\\\/www.article-marketing.eu\\\/comunicatistampa\\\/cose-il-formato-immagine-webp-e-perche-dovremmo-utilizzarlo\\\/\",\"name\":\"Cos'\u00e8 il formato immagine WebP e perch\u00e9 dovremmo utilizzarlo?\",\"isPartOf\":{\"@id\":\"https:\\\/\\\/www.article-marketing.eu\\\/comunicatistampa\\\/#website\"},\"datePublished\":\"2022-09-01T09:43:56+00:00\",\"author\":{\"@id\":\"https:\\\/\\\/www.article-marketing.eu\\\/comunicatistampa\\\/#\\\/schema\\\/person\\\/b3bcdff9e011a199a2a599263f766107\"},\"description\":\"La tecnologia per il web continua a evolversi e da Google arriva l'ultima novit\u00e0: il formato WebP per le immagini di sui siti internet.\",\"breadcrumb\":{\"@id\":\"https:\\\/\\\/www.article-marketing.eu\\\/comunicatistampa\\\/cose-il-formato-immagine-webp-e-perche-dovremmo-utilizzarlo\\\/#breadcrumb\"},\"inLanguage\":\"it-IT\",\"potentialAction\":[{\"@type\":\"ReadAction\",\"target\":[\"https:\\\/\\\/www.article-marketing.eu\\\/comunicatistampa\\\/cose-il-formato-immagine-webp-e-perche-dovremmo-utilizzarlo\\\/\"]}]},{\"@type\":\"BreadcrumbList\",\"@id\":\"https:\\\/\\\/www.article-marketing.eu\\\/comunicatistampa\\\/cose-il-formato-immagine-webp-e-perche-dovremmo-utilizzarlo\\\/#breadcrumb\",\"itemListElement\":[{\"@type\":\"ListItem\",\"position\":1,\"name\":\"Home\",\"item\":\"https:\\\/\\\/www.article-marketing.eu\\\/comunicatistampa\\\/\"},{\"@type\":\"ListItem\",\"position\":2,\"name\":\"Cos&#8217;\u00e8 il formato immagine WebP e perch\u00e9 dovremmo utilizzarlo?\"}]},{\"@type\":\"WebSite\",\"@id\":\"https:\\\/\\\/www.article-marketing.eu\\\/comunicatistampa\\\/#website\",\"url\":\"https:\\\/\\\/www.article-marketing.eu\\\/comunicatistampa\\\/\",\"name\":\"Article Marketing\",\"description\":\"article marketing &amp; press release\",\"potentialAction\":[{\"@type\":\"SearchAction\",\"target\":{\"@type\":\"EntryPoint\",\"urlTemplate\":\"https:\\\/\\\/www.article-marketing.eu\\\/comunicatistampa\\\/?s={search_term_string}\"},\"query-input\":{\"@type\":\"PropertyValueSpecification\",\"valueRequired\":true,\"valueName\":\"search_term_string\"}}],\"inLanguage\":\"it-IT\"},{\"@type\":\"Person\",\"@id\":\"https:\\\/\\\/www.article-marketing.eu\\\/comunicatistampa\\\/#\\\/schema\\\/person\\\/b3bcdff9e011a199a2a599263f766107\",\"name\":\"ictadmin\",\"image\":{\"@type\":\"ImageObject\",\"inLanguage\":\"it-IT\",\"@id\":\"https:\\\/\\\/secure.gravatar.com\\\/avatar\\\/4781f1aabadd09b0a8a9ebb8a05baf20204aa27c12ab5ca92f17e612775150e9?s=96&d=mm&r=g\",\"url\":\"https:\\\/\\\/secure.gravatar.com\\\/avatar\\\/4781f1aabadd09b0a8a9ebb8a05baf20204aa27c12ab5ca92f17e612775150e9?s=96&d=mm&r=g\",\"contentUrl\":\"https:\\\/\\\/secure.gravatar.com\\\/avatar\\\/4781f1aabadd09b0a8a9ebb8a05baf20204aa27c12ab5ca92f17e612775150e9?s=96&d=mm&r=g\",\"caption\":\"ictadmin\"},\"description\":\"IDRA TECNOLOGIE INFORMATICHE \u00e8 un Gruppo di consulenti con decennale esperienza, nei Servizi e nelle Soluzioni per il business in ambito Information &amp; Communication Technology (ICT). In particolare, il Gruppo si compone di tre segmenti operativi: Consulenza - progettazione, gestione e valorizzazione delle risorse ICT aziendali; Web - sviluppo siti web e soluzioni evolute per il posizionamento CRM - progettazione e implementazione di strategie per il customers relationship management\",\"sameAs\":[\"http:\\\/\\\/www.idratech.eu\\\/\"],\"url\":\"https:\\\/\\\/www.article-marketing.eu\\\/comunicatistampa\\\/author\\\/ictadmin\\\/\"}]}<\/script>\n<!-- \/ Yoast SEO plugin. -->","yoast_head_json":{"title":"Cos'\u00e8 il formato immagine WebP e perch\u00e9 dovremmo utilizzarlo?","description":"La tecnologia per il web continua a evolversi e da Google arriva l'ultima novit\u00e0: il formato WebP per le immagini di sui siti internet.","robots":{"index":"index","follow":"follow","max-snippet":"max-snippet:-1","max-image-preview":"max-image-preview:large","max-video-preview":"max-video-preview:-1"},"canonical":"https:\/\/www.article-marketing.eu\/comunicatistampa\/cose-il-formato-immagine-webp-e-perche-dovremmo-utilizzarlo\/","og_locale":"it_IT","og_type":"article","og_title":"Cos'\u00e8 il formato immagine WebP e perch\u00e9 dovremmo utilizzarlo?","og_description":"La tecnologia per il web continua a evolversi e da Google arriva l'ultima novit\u00e0: il formato WebP per le immagini di sui siti internet.","og_url":"https:\/\/www.article-marketing.eu\/comunicatistampa\/cose-il-formato-immagine-webp-e-perche-dovremmo-utilizzarlo\/","og_site_name":"Article Marketing","article_published_time":"2022-09-01T09:43:56+00:00","author":"ictadmin","twitter_card":"summary_large_image","twitter_misc":{"Scritto da":"ictadmin","Tempo di lettura stimato":"4 minuti"},"schema":{"@context":"https:\/\/schema.org","@graph":[{"@type":"Article","@id":"https:\/\/www.article-marketing.eu\/comunicatistampa\/cose-il-formato-immagine-webp-e-perche-dovremmo-utilizzarlo\/#article","isPartOf":{"@id":"https:\/\/www.article-marketing.eu\/comunicatistampa\/cose-il-formato-immagine-webp-e-perche-dovremmo-utilizzarlo\/"},"author":{"name":"ictadmin","@id":"https:\/\/www.article-marketing.eu\/comunicatistampa\/#\/schema\/person\/b3bcdff9e011a199a2a599263f766107"},"headline":"Cos&#8217;\u00e8 il formato immagine WebP e perch\u00e9 dovremmo utilizzarlo?","datePublished":"2022-09-01T09:43:56+00:00","mainEntityOfPage":{"@id":"https:\/\/www.article-marketing.eu\/comunicatistampa\/cose-il-formato-immagine-webp-e-perche-dovremmo-utilizzarlo\/"},"wordCount":652,"commentCount":0,"keywords":["grafica","immagini","webp"],"articleSection":["Web design"],"inLanguage":"it-IT","potentialAction":[{"@type":"CommentAction","name":"Comment","target":["https:\/\/www.article-marketing.eu\/comunicatistampa\/cose-il-formato-immagine-webp-e-perche-dovremmo-utilizzarlo\/#respond"]}]},{"@type":"WebPage","@id":"https:\/\/www.article-marketing.eu\/comunicatistampa\/cose-il-formato-immagine-webp-e-perche-dovremmo-utilizzarlo\/","url":"https:\/\/www.article-marketing.eu\/comunicatistampa\/cose-il-formato-immagine-webp-e-perche-dovremmo-utilizzarlo\/","name":"Cos'\u00e8 il formato immagine WebP e perch\u00e9 dovremmo utilizzarlo?","isPartOf":{"@id":"https:\/\/www.article-marketing.eu\/comunicatistampa\/#website"},"datePublished":"2022-09-01T09:43:56+00:00","author":{"@id":"https:\/\/www.article-marketing.eu\/comunicatistampa\/#\/schema\/person\/b3bcdff9e011a199a2a599263f766107"},"description":"La tecnologia per il web continua a evolversi e da Google arriva l'ultima novit\u00e0: il formato WebP per le immagini di sui siti internet.","breadcrumb":{"@id":"https:\/\/www.article-marketing.eu\/comunicatistampa\/cose-il-formato-immagine-webp-e-perche-dovremmo-utilizzarlo\/#breadcrumb"},"inLanguage":"it-IT","potentialAction":[{"@type":"ReadAction","target":["https:\/\/www.article-marketing.eu\/comunicatistampa\/cose-il-formato-immagine-webp-e-perche-dovremmo-utilizzarlo\/"]}]},{"@type":"BreadcrumbList","@id":"https:\/\/www.article-marketing.eu\/comunicatistampa\/cose-il-formato-immagine-webp-e-perche-dovremmo-utilizzarlo\/#breadcrumb","itemListElement":[{"@type":"ListItem","position":1,"name":"Home","item":"https:\/\/www.article-marketing.eu\/comunicatistampa\/"},{"@type":"ListItem","position":2,"name":"Cos&#8217;\u00e8 il formato immagine WebP e perch\u00e9 dovremmo utilizzarlo?"}]},{"@type":"WebSite","@id":"https:\/\/www.article-marketing.eu\/comunicatistampa\/#website","url":"https:\/\/www.article-marketing.eu\/comunicatistampa\/","name":"Article Marketing","description":"article marketing &amp; press release","potentialAction":[{"@type":"SearchAction","target":{"@type":"EntryPoint","urlTemplate":"https:\/\/www.article-marketing.eu\/comunicatistampa\/?s={search_term_string}"},"query-input":{"@type":"PropertyValueSpecification","valueRequired":true,"valueName":"search_term_string"}}],"inLanguage":"it-IT"},{"@type":"Person","@id":"https:\/\/www.article-marketing.eu\/comunicatistampa\/#\/schema\/person\/b3bcdff9e011a199a2a599263f766107","name":"ictadmin","image":{"@type":"ImageObject","inLanguage":"it-IT","@id":"https:\/\/secure.gravatar.com\/avatar\/4781f1aabadd09b0a8a9ebb8a05baf20204aa27c12ab5ca92f17e612775150e9?s=96&d=mm&r=g","url":"https:\/\/secure.gravatar.com\/avatar\/4781f1aabadd09b0a8a9ebb8a05baf20204aa27c12ab5ca92f17e612775150e9?s=96&d=mm&r=g","contentUrl":"https:\/\/secure.gravatar.com\/avatar\/4781f1aabadd09b0a8a9ebb8a05baf20204aa27c12ab5ca92f17e612775150e9?s=96&d=mm&r=g","caption":"ictadmin"},"description":"IDRA TECNOLOGIE INFORMATICHE \u00e8 un Gruppo di consulenti con decennale esperienza, nei Servizi e nelle Soluzioni per il business in ambito Information &amp; Communication Technology (ICT). In particolare, il Gruppo si compone di tre segmenti operativi: Consulenza - progettazione, gestione e valorizzazione delle risorse ICT aziendali; Web - sviluppo siti web e soluzioni evolute per il posizionamento CRM - progettazione e implementazione di strategie per il customers relationship management","sameAs":["http:\/\/www.idratech.eu\/"],"url":"https:\/\/www.article-marketing.eu\/comunicatistampa\/author\/ictadmin\/"}]}},"_links":{"self":[{"href":"https:\/\/www.article-marketing.eu\/comunicatistampa\/wp-json\/wp\/v2\/posts\/24543","targetHints":{"allow":["GET"]}}],"collection":[{"href":"https:\/\/www.article-marketing.eu\/comunicatistampa\/wp-json\/wp\/v2\/posts"}],"about":[{"href":"https:\/\/www.article-marketing.eu\/comunicatistampa\/wp-json\/wp\/v2\/types\/post"}],"author":[{"embeddable":true,"href":"https:\/\/www.article-marketing.eu\/comunicatistampa\/wp-json\/wp\/v2\/users\/20"}],"replies":[{"embeddable":true,"href":"https:\/\/www.article-marketing.eu\/comunicatistampa\/wp-json\/wp\/v2\/comments?post=24543"}],"version-history":[{"count":2,"href":"https:\/\/www.article-marketing.eu\/comunicatistampa\/wp-json\/wp\/v2\/posts\/24543\/revisions"}],"predecessor-version":[{"id":24559,"href":"https:\/\/www.article-marketing.eu\/comunicatistampa\/wp-json\/wp\/v2\/posts\/24543\/revisions\/24559"}],"wp:attachment":[{"href":"https:\/\/www.article-marketing.eu\/comunicatistampa\/wp-json\/wp\/v2\/media?parent=24543"}],"wp:term":[{"taxonomy":"category","embeddable":true,"href":"https:\/\/www.article-marketing.eu\/comunicatistampa\/wp-json\/wp\/v2\/categories?post=24543"},{"taxonomy":"post_tag","embeddable":true,"href":"https:\/\/www.article-marketing.eu\/comunicatistampa\/wp-json\/wp\/v2\/tags?post=24543"}],"curies":[{"name":"wp","href":"https:\/\/api.w.org\/{rel}","templated":true}]}}