{"id":2460,"date":"2017-05-10T15:02:45","date_gmt":"2017-05-10T13:02:45","guid":{"rendered":"http:\/\/www.article-marketing.eu\/comunicatistampa\/?p=2460"},"modified":"2017-05-10T15:02:45","modified_gmt":"2017-05-10T13:02:45","slug":"gli-instagramers-fiorentini-a-cena-al-ristorante-lesserre-di-spazio-reale","status":"publish","type":"post","link":"https:\/\/www.article-marketing.eu\/comunicatistampa\/gli-instagramers-fiorentini-a-cena-al-ristorante-lesserre-di-spazio-reale\/","title":{"rendered":"Gli Instagramers fiorentini a cena al Ristorante LesSeRre di Spazio Reale"},"content":{"rendered":"<p><strong><em>Una serata dedicata al social di foto pi\u00f9 famoso al mondo con Igers Toscana, Igers Firenze e una rappresentanza dei pi\u00f9 influenti intagramers dell\u2019area fiorentina.<\/em><\/strong><em> Si \u00e8 tenuta ieri sera al ristorante <a href=\"http:\/\/www.lesserre.it\/\">LesSeRre<\/a> di <a href=\"http:\/\/www.spazioreale.it\/\">Spazio Reale<\/a> una degustazione che ha permesso di presentare i migliori piatti dello Chef Raimondo Mendolia e le pizze di Jonny, napoletano doc. Una cena caratterizzata dalla buona cucina e dalle bellissime fotografie che \u00e8 possibile ammirare sui profili Instagram dei partecipanti. <\/em><\/p>\n<p>L\u2019idea \u00e8 nata dalla volont\u00e0 di mostrare, tramite i social, la qualit\u00e0 dei piatti che \u00e8 possibile degustare al Ristorante LesSeRre di Spazio Reale e<strong> quale percorso migliore se non usufruire delle competenze e delle capacit\u00e0 di chi della fotografia ne ha fatto una passione di vita?<\/strong> Dagli antipasti di norcineria alla pasta fresca fatta in casa, dalla carne di alta qualit\u00e0 ai dolci del pasticcere del ristorante fino alle varie pizze frutto della vera tradizione napoletana.<\/p>\n<p>Il tutto \u00e8 avvenuto al ristorante LesSeRre che fa parte del Centro Congressuale di Spazio Reale e che \u00e8 stato, di recente, completamente rinnovato cos\u00ec da offrire al pubblico un luogo in cui l\u2019attenzione alla qualit\u00e0 la si pu\u00f2 respirare gi\u00e0 nell\u2019entrare. <strong>Lo stile Food&amp;Garden e l\u2019attenzione ai dettagli \u00e8 ci\u00f2 che caratterizza anche i piatti serviti a tavola. Tutti prodotti freschi e un\u2019attenzione costante alle necessit\u00e0 e bisogni del cliente. <\/strong><\/p>\n<p>Se numerosi sono stati i piatti portati in tavola ancora di pi\u00f9 gli scatti effettuati accompagnati da un live che ha seguito passo passo tutta la serata. <strong>Gi\u00e0 da oggi \u00e8 possibile ammirare alcune foto sui profili Instagram dei partecipanti all\u2019evento.<\/strong> Tutto lo staff di Spazio Reale e del Ristorante LesSeRre ci tengono a ringraziare personalmente: <strong>Laura Masi<\/strong> \u2013 <a href=\"https:\/\/www.instagram.com\/ruberry\/\">@ruberry<\/a> \u2013 <strong>(Igers Toscana<\/strong>), <strong>Marco Vanni<\/strong> \u2013 @mrvannenstein &#8211; e <strong>Lorenzo Marchi<\/strong> \u2013 @thisisdax \u2013 (<strong>Igers Firenze<\/strong>), <strong>Tommaso Baldi<\/strong> \u2013 @tommiiib<strong>, e\u00a0 <\/strong>@il_condominio di cui fanno parte: <strong>Valentina Veneziano<\/strong> &#8211; @val_ina, <strong>Valentina Gambicorti<\/strong> &#8211; @valegamby, <strong>Mirco Farnetani <\/strong>&#8211; @mirconfuso, <strong>Leonardo\u00a0 Cerini \u2013 <\/strong>@eonardo, <strong>Claudia Altavilla<\/strong> \u2013 @claudianilla, ed <strong>Emanuele Terreno<\/strong> &#8211; @manu_te per aver accettato il nostro invito e per aver condiviso questa bellissima esperienza. @il_condominio<\/p>\n<p>Per rimanere aggiornato su tutti gli eventi e le attivit\u00e0 della\u00a0Fondazione Spazio Reale, s<em>eguici\u00a0su<\/em><em>\u00a0<\/em><strong><em>Facebook<\/em><\/strong><em>,<\/em><em>\u00a0<\/em><em><strong>Twitter<\/strong><\/em><em>,\u00a0<\/em><em><strong>Instagram<\/strong><\/em><em><strong>\u00a0<\/strong><\/em><em>e\u00a0<\/em><em><strong>YouTube<\/strong><\/em><em>.\u00a0<\/em><\/p>\n<p><strong><em>Dr. Michele Pasotti<\/em><\/strong><em>, Segreteria Comunicazione Fondazione Spazio Reale Impresa Sociale, 055 8991336 &#8211; e-mail: <\/em><em>segreteriacomunicazione@spazioreale.it<\/em><\/p>\n","protected":false},"excerpt":{"rendered":"<p>Una serata dedicata al social di foto pi\u00f9 famoso al mondo con Igers Toscana, Igers Firenze e una rappresentanza dei pi\u00f9 influenti intagramers dell\u2019area fiorentina. Si \u00e8 tenuta ieri sera al ristorante LesSeRre di Spazio Reale una degustazione che ha permesso di presentare i migliori piatti dello Chef Raimondo Mendolia e le pizze di Jonny, napoletano doc. Una cena caratterizzata dalla buona cucina e dalle bellissime fotografie che \u00e8 possibile<\/p>\n<p><a class=\"continue-reading\" href=\"https:\/\/www.article-marketing.eu\/comunicatistampa\/gli-instagramers-fiorentini-a-cena-al-ristorante-lesserre-di-spazio-reale\/\">Continue reading&#8230;<\/a><\/p>\n","protected":false},"author":50,"featured_media":0,"comment_status":"open","ping_status":"open","sticky":false,"template":"","format":"standard","meta":{"_monsterinsights_skip_tracking":false,"_monsterinsights_sitenote_active":false,"_monsterinsights_sitenote_note":"","_monsterinsights_sitenote_category":0,"footnotes":""},"categories":[78],"tags":[1472,1470,1118,505,1471,1474,1473,303,513,1475,504,510],"class_list":["post-2460","post","type-post","status-publish","format-standard","hentry","category-comunicati-stampa","tag-bere","tag-cibo","tag-divertimento","tag-firenze","tag-food","tag-foto","tag-instagram","tag-pubblicita","tag-ristorante","tag-scatti","tag-spazio-reale","tag-toscana"],"yoast_head":"<!-- This site is optimized with the Yoast SEO plugin v27.3 - https:\/\/yoast.com\/product\/yoast-seo-wordpress\/ -->\n<title>Gli Instagramers fiorentini a cena al Ristorante LesSeRre di Spazio Reale - Article Marketing<\/title>\n<meta name=\"robots\" content=\"index, follow, max-snippet:-1, max-image-preview:large, max-video-preview:-1\" \/>\n<link rel=\"canonical\" href=\"https:\/\/www.article-marketing.eu\/comunicatistampa\/gli-instagramers-fiorentini-a-cena-al-ristorante-lesserre-di-spazio-reale\/\" \/>\n<meta property=\"og:locale\" content=\"it_IT\" \/>\n<meta property=\"og:type\" content=\"article\" \/>\n<meta property=\"og:title\" content=\"Gli Instagramers fiorentini a cena al Ristorante LesSeRre di Spazio Reale - Article Marketing\" \/>\n<meta property=\"og:description\" content=\"Una serata dedicata al social di foto pi\u00f9 famoso al mondo con Igers Toscana, Igers Firenze e una rappresentanza dei pi\u00f9 influenti intagramers dell\u2019area fiorentina. Si \u00e8 tenuta ieri sera al ristorante LesSeRre di Spazio Reale una degustazione che ha permesso di presentare i migliori piatti dello Chef Raimondo Mendolia e le pizze di Jonny, napoletano doc. Una cena caratterizzata dalla buona cucina e dalle bellissime fotografie che \u00e8 possibileContinue reading...\" \/>\n<meta property=\"og:url\" content=\"https:\/\/www.article-marketing.eu\/comunicatistampa\/gli-instagramers-fiorentini-a-cena-al-ristorante-lesserre-di-spazio-reale\/\" \/>\n<meta property=\"og:site_name\" content=\"Article Marketing\" \/>\n<meta property=\"article:published_time\" content=\"2017-05-10T13:02:45+00:00\" \/>\n<meta name=\"author\" content=\"Spazio Reale\" \/>\n<meta name=\"twitter:card\" content=\"summary_large_image\" \/>\n<meta name=\"twitter:label1\" content=\"Scritto da\" \/>\n\t<meta name=\"twitter:data1\" content=\"Spazio Reale\" \/>\n\t<meta name=\"twitter:label2\" content=\"Tempo di lettura stimato\" \/>\n\t<meta name=\"twitter:data2\" content=\"2 minuti\" \/>\n<script type=\"application\/ld+json\" class=\"yoast-schema-graph\">{\"@context\":\"https:\\\/\\\/schema.org\",\"@graph\":[{\"@type\":\"Article\",\"@id\":\"https:\\\/\\\/www.article-marketing.eu\\\/comunicatistampa\\\/gli-instagramers-fiorentini-a-cena-al-ristorante-lesserre-di-spazio-reale\\\/#article\",\"isPartOf\":{\"@id\":\"https:\\\/\\\/www.article-marketing.eu\\\/comunicatistampa\\\/gli-instagramers-fiorentini-a-cena-al-ristorante-lesserre-di-spazio-reale\\\/\"},\"author\":{\"name\":\"Spazio Reale\",\"@id\":\"https:\\\/\\\/www.article-marketing.eu\\\/comunicatistampa\\\/#\\\/schema\\\/person\\\/e9bf0845c46f90c5a1f241b03d7c9359\"},\"headline\":\"Gli Instagramers fiorentini a cena al Ristorante LesSeRre di Spazio Reale\",\"datePublished\":\"2017-05-10T13:02:45+00:00\",\"mainEntityOfPage\":{\"@id\":\"https:\\\/\\\/www.article-marketing.eu\\\/comunicatistampa\\\/gli-instagramers-fiorentini-a-cena-al-ristorante-lesserre-di-spazio-reale\\\/\"},\"wordCount\":393,\"commentCount\":0,\"keywords\":[\"bere\",\"cibo\",\"divertimento\",\"firenze\",\"food\",\"foto\",\"instagram\",\"pubblicit\u00e0\",\"ristorante\",\"scatti\",\"spazio reale\",\"toscana\"],\"articleSection\":[\"Comunicati stampa\"],\"inLanguage\":\"it-IT\",\"potentialAction\":[{\"@type\":\"CommentAction\",\"name\":\"Comment\",\"target\":[\"https:\\\/\\\/www.article-marketing.eu\\\/comunicatistampa\\\/gli-instagramers-fiorentini-a-cena-al-ristorante-lesserre-di-spazio-reale\\\/#respond\"]}]},{\"@type\":\"WebPage\",\"@id\":\"https:\\\/\\\/www.article-marketing.eu\\\/comunicatistampa\\\/gli-instagramers-fiorentini-a-cena-al-ristorante-lesserre-di-spazio-reale\\\/\",\"url\":\"https:\\\/\\\/www.article-marketing.eu\\\/comunicatistampa\\\/gli-instagramers-fiorentini-a-cena-al-ristorante-lesserre-di-spazio-reale\\\/\",\"name\":\"Gli Instagramers fiorentini a cena al Ristorante LesSeRre di Spazio Reale - Article Marketing\",\"isPartOf\":{\"@id\":\"https:\\\/\\\/www.article-marketing.eu\\\/comunicatistampa\\\/#website\"},\"datePublished\":\"2017-05-10T13:02:45+00:00\",\"author\":{\"@id\":\"https:\\\/\\\/www.article-marketing.eu\\\/comunicatistampa\\\/#\\\/schema\\\/person\\\/e9bf0845c46f90c5a1f241b03d7c9359\"},\"breadcrumb\":{\"@id\":\"https:\\\/\\\/www.article-marketing.eu\\\/comunicatistampa\\\/gli-instagramers-fiorentini-a-cena-al-ristorante-lesserre-di-spazio-reale\\\/#breadcrumb\"},\"inLanguage\":\"it-IT\",\"potentialAction\":[{\"@type\":\"ReadAction\",\"target\":[\"https:\\\/\\\/www.article-marketing.eu\\\/comunicatistampa\\\/gli-instagramers-fiorentini-a-cena-al-ristorante-lesserre-di-spazio-reale\\\/\"]}]},{\"@type\":\"BreadcrumbList\",\"@id\":\"https:\\\/\\\/www.article-marketing.eu\\\/comunicatistampa\\\/gli-instagramers-fiorentini-a-cena-al-ristorante-lesserre-di-spazio-reale\\\/#breadcrumb\",\"itemListElement\":[{\"@type\":\"ListItem\",\"position\":1,\"name\":\"Home\",\"item\":\"https:\\\/\\\/www.article-marketing.eu\\\/comunicatistampa\\\/\"},{\"@type\":\"ListItem\",\"position\":2,\"name\":\"Gli Instagramers fiorentini a cena al Ristorante LesSeRre di Spazio Reale\"}]},{\"@type\":\"WebSite\",\"@id\":\"https:\\\/\\\/www.article-marketing.eu\\\/comunicatistampa\\\/#website\",\"url\":\"https:\\\/\\\/www.article-marketing.eu\\\/comunicatistampa\\\/\",\"name\":\"Article Marketing\",\"description\":\"article marketing &amp; press release\",\"potentialAction\":[{\"@type\":\"SearchAction\",\"target\":{\"@type\":\"EntryPoint\",\"urlTemplate\":\"https:\\\/\\\/www.article-marketing.eu\\\/comunicatistampa\\\/?s={search_term_string}\"},\"query-input\":{\"@type\":\"PropertyValueSpecification\",\"valueRequired\":true,\"valueName\":\"search_term_string\"}}],\"inLanguage\":\"it-IT\"},{\"@type\":\"Person\",\"@id\":\"https:\\\/\\\/www.article-marketing.eu\\\/comunicatistampa\\\/#\\\/schema\\\/person\\\/e9bf0845c46f90c5a1f241b03d7c9359\",\"name\":\"Spazio Reale\",\"image\":{\"@type\":\"ImageObject\",\"inLanguage\":\"it-IT\",\"@id\":\"https:\\\/\\\/secure.gravatar.com\\\/avatar\\\/de27c856b5a7e55054c1cb4f5043371dc937bc0803e57a7c576fe03530928179?s=96&d=mm&r=g\",\"url\":\"https:\\\/\\\/secure.gravatar.com\\\/avatar\\\/de27c856b5a7e55054c1cb4f5043371dc937bc0803e57a7c576fe03530928179?s=96&d=mm&r=g\",\"contentUrl\":\"https:\\\/\\\/secure.gravatar.com\\\/avatar\\\/de27c856b5a7e55054c1cb4f5043371dc937bc0803e57a7c576fe03530928179?s=96&d=mm&r=g\",\"caption\":\"Spazio Reale\"},\"description\":\"A pochi chilometri da Firenze, nel 1995 \u00e8 sorto Spazio Reale, un centro polifunzionale di coesione sociale e intercultura che ha avuto la capacit\u00e0 e il merito di riqualificare un\u2019area pi\u00f9 volte definita \u201cperiferia delle periferie\u201d. Spazio Reale ha integrato i servizi offerti, senza tralasciare l\u2019essenza della propria mission: promuovere la coesione sociale attraverso l\u2019interazione tra persone di diverse generazioni, abilita e culture, diffondere conoscenza e saperi ospitando ed organizzando eventi culturali, aziendali, sportivi e ludici, valorizzando l\u2019identit\u00e0 delle persone e del territorio. Oggi Spazio Reale \u00e8 un centro congressuale, sportivo, formativo e ristorativo orientato alla cultura della socializzazione, formazione e organizzazione di eventi di ogni tipologia. Parliamo della vasta gamma di attivit\u00e0 realizzabili sui 5000 mq dedicati agli eventi, di cui 900 della Main Hall, sui 4000 degli impianti sportivi e nelle aule dell\u2019agenzia formativa accreditata dal Miur e da Regione Toscana. A cui aggiungere: lo sportello di orientamento al lavoro, il coworking, la terrazza panoramica, il bar\\\/ristorante, i 2500mq di parco Oltregioco dedicato ai bambini e la parte ricettiva con i suoi 75 posti letto. In pratica Spazio Reale offre tutte le comodit\u00e0 di un grande campus con servizi a 360\u00b0 compreso l\u2019enorme parcheggio a disposizione. Di recente \u00e8 stato dato un nuovo look agli spazi esterni e all\u2019area ristorativa per far emergere i punti di forza della struttura quali la flessibilit\u00e0, la ricchezza degli spazi e il supporto messi a disposizione di chi organizza qui il proprio evento.\",\"sameAs\":[\"http:\\\/\\\/www.spazioreale.it\"],\"url\":\"https:\\\/\\\/www.article-marketing.eu\\\/comunicatistampa\\\/author\\\/spazio-reale\\\/\"}]}<\/script>\n<!-- \/ Yoast SEO plugin. -->","yoast_head_json":{"title":"Gli Instagramers fiorentini a cena al Ristorante LesSeRre di Spazio Reale - Article Marketing","robots":{"index":"index","follow":"follow","max-snippet":"max-snippet:-1","max-image-preview":"max-image-preview:large","max-video-preview":"max-video-preview:-1"},"canonical":"https:\/\/www.article-marketing.eu\/comunicatistampa\/gli-instagramers-fiorentini-a-cena-al-ristorante-lesserre-di-spazio-reale\/","og_locale":"it_IT","og_type":"article","og_title":"Gli Instagramers fiorentini a cena al Ristorante LesSeRre di Spazio Reale - Article Marketing","og_description":"Una serata dedicata al social di foto pi\u00f9 famoso al mondo con Igers Toscana, Igers Firenze e una rappresentanza dei pi\u00f9 influenti intagramers dell\u2019area fiorentina. Si \u00e8 tenuta ieri sera al ristorante LesSeRre di Spazio Reale una degustazione che ha permesso di presentare i migliori piatti dello Chef Raimondo Mendolia e le pizze di Jonny, napoletano doc. Una cena caratterizzata dalla buona cucina e dalle bellissime fotografie che \u00e8 possibileContinue reading...","og_url":"https:\/\/www.article-marketing.eu\/comunicatistampa\/gli-instagramers-fiorentini-a-cena-al-ristorante-lesserre-di-spazio-reale\/","og_site_name":"Article Marketing","article_published_time":"2017-05-10T13:02:45+00:00","author":"Spazio Reale","twitter_card":"summary_large_image","twitter_misc":{"Scritto da":"Spazio Reale","Tempo di lettura stimato":"2 minuti"},"schema":{"@context":"https:\/\/schema.org","@graph":[{"@type":"Article","@id":"https:\/\/www.article-marketing.eu\/comunicatistampa\/gli-instagramers-fiorentini-a-cena-al-ristorante-lesserre-di-spazio-reale\/#article","isPartOf":{"@id":"https:\/\/www.article-marketing.eu\/comunicatistampa\/gli-instagramers-fiorentini-a-cena-al-ristorante-lesserre-di-spazio-reale\/"},"author":{"name":"Spazio Reale","@id":"https:\/\/www.article-marketing.eu\/comunicatistampa\/#\/schema\/person\/e9bf0845c46f90c5a1f241b03d7c9359"},"headline":"Gli Instagramers fiorentini a cena al Ristorante LesSeRre di Spazio Reale","datePublished":"2017-05-10T13:02:45+00:00","mainEntityOfPage":{"@id":"https:\/\/www.article-marketing.eu\/comunicatistampa\/gli-instagramers-fiorentini-a-cena-al-ristorante-lesserre-di-spazio-reale\/"},"wordCount":393,"commentCount":0,"keywords":["bere","cibo","divertimento","firenze","food","foto","instagram","pubblicit\u00e0","ristorante","scatti","spazio reale","toscana"],"articleSection":["Comunicati stampa"],"inLanguage":"it-IT","potentialAction":[{"@type":"CommentAction","name":"Comment","target":["https:\/\/www.article-marketing.eu\/comunicatistampa\/gli-instagramers-fiorentini-a-cena-al-ristorante-lesserre-di-spazio-reale\/#respond"]}]},{"@type":"WebPage","@id":"https:\/\/www.article-marketing.eu\/comunicatistampa\/gli-instagramers-fiorentini-a-cena-al-ristorante-lesserre-di-spazio-reale\/","url":"https:\/\/www.article-marketing.eu\/comunicatistampa\/gli-instagramers-fiorentini-a-cena-al-ristorante-lesserre-di-spazio-reale\/","name":"Gli Instagramers fiorentini a cena al Ristorante LesSeRre di Spazio Reale - Article Marketing","isPartOf":{"@id":"https:\/\/www.article-marketing.eu\/comunicatistampa\/#website"},"datePublished":"2017-05-10T13:02:45+00:00","author":{"@id":"https:\/\/www.article-marketing.eu\/comunicatistampa\/#\/schema\/person\/e9bf0845c46f90c5a1f241b03d7c9359"},"breadcrumb":{"@id":"https:\/\/www.article-marketing.eu\/comunicatistampa\/gli-instagramers-fiorentini-a-cena-al-ristorante-lesserre-di-spazio-reale\/#breadcrumb"},"inLanguage":"it-IT","potentialAction":[{"@type":"ReadAction","target":["https:\/\/www.article-marketing.eu\/comunicatistampa\/gli-instagramers-fiorentini-a-cena-al-ristorante-lesserre-di-spazio-reale\/"]}]},{"@type":"BreadcrumbList","@id":"https:\/\/www.article-marketing.eu\/comunicatistampa\/gli-instagramers-fiorentini-a-cena-al-ristorante-lesserre-di-spazio-reale\/#breadcrumb","itemListElement":[{"@type":"ListItem","position":1,"name":"Home","item":"https:\/\/www.article-marketing.eu\/comunicatistampa\/"},{"@type":"ListItem","position":2,"name":"Gli Instagramers fiorentini a cena al Ristorante LesSeRre di Spazio Reale"}]},{"@type":"WebSite","@id":"https:\/\/www.article-marketing.eu\/comunicatistampa\/#website","url":"https:\/\/www.article-marketing.eu\/comunicatistampa\/","name":"Article Marketing","description":"article marketing &amp; press release","potentialAction":[{"@type":"SearchAction","target":{"@type":"EntryPoint","urlTemplate":"https:\/\/www.article-marketing.eu\/comunicatistampa\/?s={search_term_string}"},"query-input":{"@type":"PropertyValueSpecification","valueRequired":true,"valueName":"search_term_string"}}],"inLanguage":"it-IT"},{"@type":"Person","@id":"https:\/\/www.article-marketing.eu\/comunicatistampa\/#\/schema\/person\/e9bf0845c46f90c5a1f241b03d7c9359","name":"Spazio Reale","image":{"@type":"ImageObject","inLanguage":"it-IT","@id":"https:\/\/secure.gravatar.com\/avatar\/de27c856b5a7e55054c1cb4f5043371dc937bc0803e57a7c576fe03530928179?s=96&d=mm&r=g","url":"https:\/\/secure.gravatar.com\/avatar\/de27c856b5a7e55054c1cb4f5043371dc937bc0803e57a7c576fe03530928179?s=96&d=mm&r=g","contentUrl":"https:\/\/secure.gravatar.com\/avatar\/de27c856b5a7e55054c1cb4f5043371dc937bc0803e57a7c576fe03530928179?s=96&d=mm&r=g","caption":"Spazio Reale"},"description":"A pochi chilometri da Firenze, nel 1995 \u00e8 sorto Spazio Reale, un centro polifunzionale di coesione sociale e intercultura che ha avuto la capacit\u00e0 e il merito di riqualificare un\u2019area pi\u00f9 volte definita \u201cperiferia delle periferie\u201d. Spazio Reale ha integrato i servizi offerti, senza tralasciare l\u2019essenza della propria mission: promuovere la coesione sociale attraverso l\u2019interazione tra persone di diverse generazioni, abilita e culture, diffondere conoscenza e saperi ospitando ed organizzando eventi culturali, aziendali, sportivi e ludici, valorizzando l\u2019identit\u00e0 delle persone e del territorio. Oggi Spazio Reale \u00e8 un centro congressuale, sportivo, formativo e ristorativo orientato alla cultura della socializzazione, formazione e organizzazione di eventi di ogni tipologia. Parliamo della vasta gamma di attivit\u00e0 realizzabili sui 5000 mq dedicati agli eventi, di cui 900 della Main Hall, sui 4000 degli impianti sportivi e nelle aule dell\u2019agenzia formativa accreditata dal Miur e da Regione Toscana. A cui aggiungere: lo sportello di orientamento al lavoro, il coworking, la terrazza panoramica, il bar\/ristorante, i 2500mq di parco Oltregioco dedicato ai bambini e la parte ricettiva con i suoi 75 posti letto. In pratica Spazio Reale offre tutte le comodit\u00e0 di un grande campus con servizi a 360\u00b0 compreso l\u2019enorme parcheggio a disposizione. Di recente \u00e8 stato dato un nuovo look agli spazi esterni e all\u2019area ristorativa per far emergere i punti di forza della struttura quali la flessibilit\u00e0, la ricchezza degli spazi e il supporto messi a disposizione di chi organizza qui il proprio evento.","sameAs":["http:\/\/www.spazioreale.it"],"url":"https:\/\/www.article-marketing.eu\/comunicatistampa\/author\/spazio-reale\/"}]}},"_links":{"self":[{"href":"https:\/\/www.article-marketing.eu\/comunicatistampa\/wp-json\/wp\/v2\/posts\/2460","targetHints":{"allow":["GET"]}}],"collection":[{"href":"https:\/\/www.article-marketing.eu\/comunicatistampa\/wp-json\/wp\/v2\/posts"}],"about":[{"href":"https:\/\/www.article-marketing.eu\/comunicatistampa\/wp-json\/wp\/v2\/types\/post"}],"author":[{"embeddable":true,"href":"https:\/\/www.article-marketing.eu\/comunicatistampa\/wp-json\/wp\/v2\/users\/50"}],"replies":[{"embeddable":true,"href":"https:\/\/www.article-marketing.eu\/comunicatistampa\/wp-json\/wp\/v2\/comments?post=2460"}],"version-history":[{"count":2,"href":"https:\/\/www.article-marketing.eu\/comunicatistampa\/wp-json\/wp\/v2\/posts\/2460\/revisions"}],"predecessor-version":[{"id":2464,"href":"https:\/\/www.article-marketing.eu\/comunicatistampa\/wp-json\/wp\/v2\/posts\/2460\/revisions\/2464"}],"wp:attachment":[{"href":"https:\/\/www.article-marketing.eu\/comunicatistampa\/wp-json\/wp\/v2\/media?parent=2460"}],"wp:term":[{"taxonomy":"category","embeddable":true,"href":"https:\/\/www.article-marketing.eu\/comunicatistampa\/wp-json\/wp\/v2\/categories?post=2460"},{"taxonomy":"post_tag","embeddable":true,"href":"https:\/\/www.article-marketing.eu\/comunicatistampa\/wp-json\/wp\/v2\/tags?post=2460"}],"curies":[{"name":"wp","href":"https:\/\/api.w.org\/{rel}","templated":true}]}}