{"id":24604,"date":"2022-09-06T09:09:26","date_gmt":"2022-09-06T07:09:26","guid":{"rendered":"https:\/\/www.article-marketing.eu\/comunicatistampa\/?p=24604"},"modified":"2022-09-06T09:09:26","modified_gmt":"2022-09-06T07:09:26","slug":"davide-darcangelo-impatta4equity-unisce-criteri-esg-con-la-dottrina-sociale-della-chiesa","status":"publish","type":"post","link":"https:\/\/www.article-marketing.eu\/comunicatistampa\/davide-darcangelo-impatta4equity-unisce-criteri-esg-con-la-dottrina-sociale-della-chiesa\/","title":{"rendered":"Davide D\u2019Arcangelo: Impatta4Equity unisce criteri ESG con la Dottrina Sociale della Chiesa"},"content":{"rendered":"<p><em><strong><a title=\"Davide D'Arcangelo: i progetti - comunicativamente\" href=\"https:\/\/www.comunicativamente.com\/Aziende\/82228\/Davide+DArcangelo+Impatta4Equity+i+dettagli+del+programma+di+investimento.html\">Davide D&#8217;Arcangelo<\/a>, Pierluigi Sassi e Angelo Paletta hanno recentemente presentato a Roma i dettagli di Impatta4Equity. L&#8217;investment company ha l&#8217;obiettivo di finanziare l&#8217;innovability italiana ispirandosi ai valori espressi da Papa Francesco.<\/strong><\/em><\/p>\n<h2>Davide D&#8217;Arcangelo: presentati a Roma gli obiettivi di Impatta4Equity<\/h2>\n<p>Lo scorso 23 giugno lo spazio Facebook &#8220;Binario F&#8221; della Stazione Termini di Roma ha fatto da cornice alla presentazione di Impatta4Equity. Il programma di investimento, che si ispira ai valori dell&#8217;Enciclica Laudato si&#8217; di Papa Francesco, \u00e8 stato presentato dai fondatori <strong>Davide D&#8217;Arcangelo<\/strong>, Pierluigi Sassi e Angelo Paletta. Promossa dal network di imprese e professionisti IMPATTA, l&#8217;<em>investment company<\/em> punta all&#8217;<em>innovability<\/em> italiana e alla transizione ecologica, coniugando i criteri ESG e la Dottrina Sociale della Chiesa. <em>&#8220;Di fronte all&#8217;escalation della crisi climatica e alle evidenti difficolt\u00e0 delle istituzioni, che nonostante 26 Conferenze sul Clima non riescono a invertire la rotta e a fermare il costante aumento delle emissioni di CO2 in atmosfera<\/em> &#8211; ha commentato il CEO di Impatta4Equity Pierluigi Sassi &#8211; <em>Papa Francesco ha invitato ogni cittadino responsabile a fare la propria parte e ha lanciato una piattaforma d&#8217;azione globale, Laudato si&#8217; Action Platform, grazie alla quale possiamo tutti contribuire a generare il cambiamento di cui l&#8217;umanit\u00e0 e il pianeta hanno sempre pi\u00f9 urgente bisogno&#8221;<\/em>. L&#8217;evento ha consentito ai fondatori di presentare agli oltre 100 investitori i dettagli del nuovo programma di investimento.<\/p>\n<h2>Davide D&#8217;Arcangelo: i progetti pilota di Impatta4Equity<\/h2>\n<p>La presentazione \u00e8 stata inoltre l&#8217;occasione per svelare i due attuali progetti pilota avviati da Impatta4Equity. Il primo mira a finanziare la realizzazione di una piattaforma in grado di certificare, attraverso blockchain, la riduzione delle emissioni di CO2 delle flotte aziendali. Il secondo \u00e8 invece rivolto alle future Comunit\u00e0 Energetiche: lo sviluppo di una piattaforma digitale consentir\u00e0 di certificare la produzione e l&#8217;autoconsumo di energia sempre tramite blockchain. Il programma lanciato dai fondatori <strong>Davide D&#8217;Arcangelo<\/strong>, Pierluigi Sassi e Angelo Paletta intende puntare su aziende e start-up, gi\u00e0 attive in un percorso di economia sostenibile, finanziando la migliore innovazione italiana. Impatta4Equity valuter\u00e0 gli investimenti tramite Values Metrics, ovvero lo strumento di misurazione nato dalla collaborazione tra Core Values, PWC, Anima e Movimento per l&#8217;Economia del Bene Comune. Attraverso l&#8217;unione di criteri ESG e valori sociali, <strong>Davide D&#8217;Arcangelo<\/strong>, Pierluigi Sassi e Angelo Paletta puntano a ripetere i risultati ottenuti dal primo programma d&#8217;investimento di Next4 dedicato alla Sanit\u00e0 Digitale: il club deal investor \u00e8 stato capace di triplicare il proprio valore in soli due anni.<\/p>\n","protected":false},"excerpt":{"rendered":"<p>Davide D&#8217;Arcangelo, Pierluigi Sassi e Angelo Paletta hanno recentemente presentato a Roma i dettagli di Impatta4Equity. L&#8217;investment company ha l&#8217;obiettivo di finanziare l&#8217;innovability italiana ispirandosi ai valori espressi da Papa Francesco. Davide D&#8217;Arcangelo: presentati a Roma gli obiettivi di Impatta4Equity Lo scorso 23 giugno lo spazio Facebook &#8220;Binario F&#8221; della Stazione Termini di Roma ha fatto da cornice alla presentazione di Impatta4Equity. Il programma di investimento, che si ispira ai<\/p>\n<p><a class=\"continue-reading\" href=\"https:\/\/www.article-marketing.eu\/comunicatistampa\/davide-darcangelo-impatta4equity-unisce-criteri-esg-con-la-dottrina-sociale-della-chiesa\/\">Continue reading&#8230;<\/a><\/p>\n","protected":false},"author":6477,"featured_media":0,"comment_status":"open","ping_status":"open","sticky":false,"template":"","format":"standard","meta":{"_monsterinsights_skip_tracking":false,"_monsterinsights_sitenote_active":false,"_monsterinsights_sitenote_note":"","_monsterinsights_sitenote_category":0,"footnotes":""},"categories":[78],"tags":[9346],"class_list":["post-24604","post","type-post","status-publish","format-standard","hentry","category-comunicati-stampa","tag-davide-darcangelo"],"yoast_head":"<!-- This site is optimized with the Yoast SEO plugin v27.3 - https:\/\/yoast.com\/product\/yoast-seo-wordpress\/ -->\n<title>Davide D\u2019Arcangelo: Impatta4Equity unisce criteri ESG con la Dottrina Sociale della Chiesa<\/title>\n<meta name=\"robots\" content=\"index, follow, max-snippet:-1, max-image-preview:large, max-video-preview:-1\" \/>\n<link rel=\"canonical\" href=\"https:\/\/www.article-marketing.eu\/comunicatistampa\/davide-darcangelo-impatta4equity-unisce-criteri-esg-con-la-dottrina-sociale-della-chiesa\/\" \/>\n<meta property=\"og:locale\" content=\"it_IT\" \/>\n<meta property=\"og:type\" content=\"article\" \/>\n<meta property=\"og:title\" content=\"Davide D\u2019Arcangelo: Impatta4Equity unisce criteri ESG con la Dottrina Sociale della Chiesa\" \/>\n<meta property=\"og:description\" content=\"Davide D&#8217;Arcangelo, Pierluigi Sassi e Angelo Paletta hanno recentemente presentato a Roma i dettagli di Impatta4Equity. L&#8217;investment company ha l&#8217;obiettivo di finanziare l&#8217;innovability italiana ispirandosi ai valori espressi da Papa Francesco. Davide D&#8217;Arcangelo: presentati a Roma gli obiettivi di Impatta4Equity Lo scorso 23 giugno lo spazio Facebook &#8220;Binario F&#8221; della Stazione Termini di Roma ha fatto da cornice alla presentazione di Impatta4Equity. Il programma di investimento, che si ispira aiContinue reading...\" \/>\n<meta property=\"og:url\" content=\"https:\/\/www.article-marketing.eu\/comunicatistampa\/davide-darcangelo-impatta4equity-unisce-criteri-esg-con-la-dottrina-sociale-della-chiesa\/\" \/>\n<meta property=\"og:site_name\" content=\"Article Marketing\" \/>\n<meta property=\"article:published_time\" content=\"2022-09-06T07:09:26+00:00\" \/>\n<meta name=\"author\" content=\"articolinews\" \/>\n<meta name=\"twitter:card\" content=\"summary_large_image\" \/>\n<meta name=\"twitter:label1\" content=\"Scritto da\" \/>\n\t<meta name=\"twitter:data1\" content=\"articolinews\" \/>\n\t<meta name=\"twitter:label2\" content=\"Tempo di lettura stimato\" \/>\n\t<meta name=\"twitter:data2\" content=\"3 minuti\" \/>\n<script type=\"application\/ld+json\" class=\"yoast-schema-graph\">{\"@context\":\"https:\\\/\\\/schema.org\",\"@graph\":[{\"@type\":\"Article\",\"@id\":\"https:\\\/\\\/www.article-marketing.eu\\\/comunicatistampa\\\/davide-darcangelo-impatta4equity-unisce-criteri-esg-con-la-dottrina-sociale-della-chiesa\\\/#article\",\"isPartOf\":{\"@id\":\"https:\\\/\\\/www.article-marketing.eu\\\/comunicatistampa\\\/davide-darcangelo-impatta4equity-unisce-criteri-esg-con-la-dottrina-sociale-della-chiesa\\\/\"},\"author\":{\"name\":\"articolinews\",\"@id\":\"https:\\\/\\\/www.article-marketing.eu\\\/comunicatistampa\\\/#\\\/schema\\\/person\\\/2fcaf8f8f3a9eef9eb7f27532d3ca458\"},\"headline\":\"Davide D\u2019Arcangelo: Impatta4Equity unisce criteri ESG con la Dottrina Sociale della Chiesa\",\"datePublished\":\"2022-09-06T07:09:26+00:00\",\"mainEntityOfPage\":{\"@id\":\"https:\\\/\\\/www.article-marketing.eu\\\/comunicatistampa\\\/davide-darcangelo-impatta4equity-unisce-criteri-esg-con-la-dottrina-sociale-della-chiesa\\\/\"},\"wordCount\":418,\"commentCount\":0,\"keywords\":[\"Davide D\u2019Arcangelo\"],\"articleSection\":[\"Comunicati stampa\"],\"inLanguage\":\"it-IT\",\"potentialAction\":[{\"@type\":\"CommentAction\",\"name\":\"Comment\",\"target\":[\"https:\\\/\\\/www.article-marketing.eu\\\/comunicatistampa\\\/davide-darcangelo-impatta4equity-unisce-criteri-esg-con-la-dottrina-sociale-della-chiesa\\\/#respond\"]}]},{\"@type\":\"WebPage\",\"@id\":\"https:\\\/\\\/www.article-marketing.eu\\\/comunicatistampa\\\/davide-darcangelo-impatta4equity-unisce-criteri-esg-con-la-dottrina-sociale-della-chiesa\\\/\",\"url\":\"https:\\\/\\\/www.article-marketing.eu\\\/comunicatistampa\\\/davide-darcangelo-impatta4equity-unisce-criteri-esg-con-la-dottrina-sociale-della-chiesa\\\/\",\"name\":\"Davide D\u2019Arcangelo: Impatta4Equity unisce criteri ESG con la Dottrina Sociale della Chiesa\",\"isPartOf\":{\"@id\":\"https:\\\/\\\/www.article-marketing.eu\\\/comunicatistampa\\\/#website\"},\"datePublished\":\"2022-09-06T07:09:26+00:00\",\"author\":{\"@id\":\"https:\\\/\\\/www.article-marketing.eu\\\/comunicatistampa\\\/#\\\/schema\\\/person\\\/2fcaf8f8f3a9eef9eb7f27532d3ca458\"},\"breadcrumb\":{\"@id\":\"https:\\\/\\\/www.article-marketing.eu\\\/comunicatistampa\\\/davide-darcangelo-impatta4equity-unisce-criteri-esg-con-la-dottrina-sociale-della-chiesa\\\/#breadcrumb\"},\"inLanguage\":\"it-IT\",\"potentialAction\":[{\"@type\":\"ReadAction\",\"target\":[\"https:\\\/\\\/www.article-marketing.eu\\\/comunicatistampa\\\/davide-darcangelo-impatta4equity-unisce-criteri-esg-con-la-dottrina-sociale-della-chiesa\\\/\"]}]},{\"@type\":\"BreadcrumbList\",\"@id\":\"https:\\\/\\\/www.article-marketing.eu\\\/comunicatistampa\\\/davide-darcangelo-impatta4equity-unisce-criteri-esg-con-la-dottrina-sociale-della-chiesa\\\/#breadcrumb\",\"itemListElement\":[{\"@type\":\"ListItem\",\"position\":1,\"name\":\"Home\",\"item\":\"https:\\\/\\\/www.article-marketing.eu\\\/comunicatistampa\\\/\"},{\"@type\":\"ListItem\",\"position\":2,\"name\":\"Davide D\u2019Arcangelo: Impatta4Equity unisce criteri ESG con la Dottrina Sociale della Chiesa\"}]},{\"@type\":\"WebSite\",\"@id\":\"https:\\\/\\\/www.article-marketing.eu\\\/comunicatistampa\\\/#website\",\"url\":\"https:\\\/\\\/www.article-marketing.eu\\\/comunicatistampa\\\/\",\"name\":\"Article Marketing\",\"description\":\"article marketing &amp; press release\",\"potentialAction\":[{\"@type\":\"SearchAction\",\"target\":{\"@type\":\"EntryPoint\",\"urlTemplate\":\"https:\\\/\\\/www.article-marketing.eu\\\/comunicatistampa\\\/?s={search_term_string}\"},\"query-input\":{\"@type\":\"PropertyValueSpecification\",\"valueRequired\":true,\"valueName\":\"search_term_string\"}}],\"inLanguage\":\"it-IT\"},{\"@type\":\"Person\",\"@id\":\"https:\\\/\\\/www.article-marketing.eu\\\/comunicatistampa\\\/#\\\/schema\\\/person\\\/2fcaf8f8f3a9eef9eb7f27532d3ca458\",\"name\":\"articolinews\",\"image\":{\"@type\":\"ImageObject\",\"inLanguage\":\"it-IT\",\"@id\":\"https:\\\/\\\/secure.gravatar.com\\\/avatar\\\/9e2a264bab04e17dea24d937c9956304649a848cb73c46747a692ff1bdeb1cb7?s=96&d=mm&r=g\",\"url\":\"https:\\\/\\\/secure.gravatar.com\\\/avatar\\\/9e2a264bab04e17dea24d937c9956304649a848cb73c46747a692ff1bdeb1cb7?s=96&d=mm&r=g\",\"contentUrl\":\"https:\\\/\\\/secure.gravatar.com\\\/avatar\\\/9e2a264bab04e17dea24d937c9956304649a848cb73c46747a692ff1bdeb1cb7?s=96&d=mm&r=g\",\"caption\":\"articolinews\"},\"url\":\"https:\\\/\\\/www.article-marketing.eu\\\/comunicatistampa\\\/author\\\/articolinews\\\/\"}]}<\/script>\n<!-- \/ Yoast SEO plugin. -->","yoast_head_json":{"title":"Davide D\u2019Arcangelo: Impatta4Equity unisce criteri ESG con la Dottrina Sociale della Chiesa","robots":{"index":"index","follow":"follow","max-snippet":"max-snippet:-1","max-image-preview":"max-image-preview:large","max-video-preview":"max-video-preview:-1"},"canonical":"https:\/\/www.article-marketing.eu\/comunicatistampa\/davide-darcangelo-impatta4equity-unisce-criteri-esg-con-la-dottrina-sociale-della-chiesa\/","og_locale":"it_IT","og_type":"article","og_title":"Davide D\u2019Arcangelo: Impatta4Equity unisce criteri ESG con la Dottrina Sociale della Chiesa","og_description":"Davide D&#8217;Arcangelo, Pierluigi Sassi e Angelo Paletta hanno recentemente presentato a Roma i dettagli di Impatta4Equity. L&#8217;investment company ha l&#8217;obiettivo di finanziare l&#8217;innovability italiana ispirandosi ai valori espressi da Papa Francesco. Davide D&#8217;Arcangelo: presentati a Roma gli obiettivi di Impatta4Equity Lo scorso 23 giugno lo spazio Facebook &#8220;Binario F&#8221; della Stazione Termini di Roma ha fatto da cornice alla presentazione di Impatta4Equity. Il programma di investimento, che si ispira aiContinue reading...","og_url":"https:\/\/www.article-marketing.eu\/comunicatistampa\/davide-darcangelo-impatta4equity-unisce-criteri-esg-con-la-dottrina-sociale-della-chiesa\/","og_site_name":"Article Marketing","article_published_time":"2022-09-06T07:09:26+00:00","author":"articolinews","twitter_card":"summary_large_image","twitter_misc":{"Scritto da":"articolinews","Tempo di lettura stimato":"3 minuti"},"schema":{"@context":"https:\/\/schema.org","@graph":[{"@type":"Article","@id":"https:\/\/www.article-marketing.eu\/comunicatistampa\/davide-darcangelo-impatta4equity-unisce-criteri-esg-con-la-dottrina-sociale-della-chiesa\/#article","isPartOf":{"@id":"https:\/\/www.article-marketing.eu\/comunicatistampa\/davide-darcangelo-impatta4equity-unisce-criteri-esg-con-la-dottrina-sociale-della-chiesa\/"},"author":{"name":"articolinews","@id":"https:\/\/www.article-marketing.eu\/comunicatistampa\/#\/schema\/person\/2fcaf8f8f3a9eef9eb7f27532d3ca458"},"headline":"Davide D\u2019Arcangelo: Impatta4Equity unisce criteri ESG con la Dottrina Sociale della Chiesa","datePublished":"2022-09-06T07:09:26+00:00","mainEntityOfPage":{"@id":"https:\/\/www.article-marketing.eu\/comunicatistampa\/davide-darcangelo-impatta4equity-unisce-criteri-esg-con-la-dottrina-sociale-della-chiesa\/"},"wordCount":418,"commentCount":0,"keywords":["Davide D\u2019Arcangelo"],"articleSection":["Comunicati stampa"],"inLanguage":"it-IT","potentialAction":[{"@type":"CommentAction","name":"Comment","target":["https:\/\/www.article-marketing.eu\/comunicatistampa\/davide-darcangelo-impatta4equity-unisce-criteri-esg-con-la-dottrina-sociale-della-chiesa\/#respond"]}]},{"@type":"WebPage","@id":"https:\/\/www.article-marketing.eu\/comunicatistampa\/davide-darcangelo-impatta4equity-unisce-criteri-esg-con-la-dottrina-sociale-della-chiesa\/","url":"https:\/\/www.article-marketing.eu\/comunicatistampa\/davide-darcangelo-impatta4equity-unisce-criteri-esg-con-la-dottrina-sociale-della-chiesa\/","name":"Davide D\u2019Arcangelo: Impatta4Equity unisce criteri ESG con la Dottrina Sociale della Chiesa","isPartOf":{"@id":"https:\/\/www.article-marketing.eu\/comunicatistampa\/#website"},"datePublished":"2022-09-06T07:09:26+00:00","author":{"@id":"https:\/\/www.article-marketing.eu\/comunicatistampa\/#\/schema\/person\/2fcaf8f8f3a9eef9eb7f27532d3ca458"},"breadcrumb":{"@id":"https:\/\/www.article-marketing.eu\/comunicatistampa\/davide-darcangelo-impatta4equity-unisce-criteri-esg-con-la-dottrina-sociale-della-chiesa\/#breadcrumb"},"inLanguage":"it-IT","potentialAction":[{"@type":"ReadAction","target":["https:\/\/www.article-marketing.eu\/comunicatistampa\/davide-darcangelo-impatta4equity-unisce-criteri-esg-con-la-dottrina-sociale-della-chiesa\/"]}]},{"@type":"BreadcrumbList","@id":"https:\/\/www.article-marketing.eu\/comunicatistampa\/davide-darcangelo-impatta4equity-unisce-criteri-esg-con-la-dottrina-sociale-della-chiesa\/#breadcrumb","itemListElement":[{"@type":"ListItem","position":1,"name":"Home","item":"https:\/\/www.article-marketing.eu\/comunicatistampa\/"},{"@type":"ListItem","position":2,"name":"Davide D\u2019Arcangelo: Impatta4Equity unisce criteri ESG con la Dottrina Sociale della Chiesa"}]},{"@type":"WebSite","@id":"https:\/\/www.article-marketing.eu\/comunicatistampa\/#website","url":"https:\/\/www.article-marketing.eu\/comunicatistampa\/","name":"Article Marketing","description":"article marketing &amp; press release","potentialAction":[{"@type":"SearchAction","target":{"@type":"EntryPoint","urlTemplate":"https:\/\/www.article-marketing.eu\/comunicatistampa\/?s={search_term_string}"},"query-input":{"@type":"PropertyValueSpecification","valueRequired":true,"valueName":"search_term_string"}}],"inLanguage":"it-IT"},{"@type":"Person","@id":"https:\/\/www.article-marketing.eu\/comunicatistampa\/#\/schema\/person\/2fcaf8f8f3a9eef9eb7f27532d3ca458","name":"articolinews","image":{"@type":"ImageObject","inLanguage":"it-IT","@id":"https:\/\/secure.gravatar.com\/avatar\/9e2a264bab04e17dea24d937c9956304649a848cb73c46747a692ff1bdeb1cb7?s=96&d=mm&r=g","url":"https:\/\/secure.gravatar.com\/avatar\/9e2a264bab04e17dea24d937c9956304649a848cb73c46747a692ff1bdeb1cb7?s=96&d=mm&r=g","contentUrl":"https:\/\/secure.gravatar.com\/avatar\/9e2a264bab04e17dea24d937c9956304649a848cb73c46747a692ff1bdeb1cb7?s=96&d=mm&r=g","caption":"articolinews"},"url":"https:\/\/www.article-marketing.eu\/comunicatistampa\/author\/articolinews\/"}]}},"_links":{"self":[{"href":"https:\/\/www.article-marketing.eu\/comunicatistampa\/wp-json\/wp\/v2\/posts\/24604","targetHints":{"allow":["GET"]}}],"collection":[{"href":"https:\/\/www.article-marketing.eu\/comunicatistampa\/wp-json\/wp\/v2\/posts"}],"about":[{"href":"https:\/\/www.article-marketing.eu\/comunicatistampa\/wp-json\/wp\/v2\/types\/post"}],"author":[{"embeddable":true,"href":"https:\/\/www.article-marketing.eu\/comunicatistampa\/wp-json\/wp\/v2\/users\/6477"}],"replies":[{"embeddable":true,"href":"https:\/\/www.article-marketing.eu\/comunicatistampa\/wp-json\/wp\/v2\/comments?post=24604"}],"version-history":[{"count":3,"href":"https:\/\/www.article-marketing.eu\/comunicatistampa\/wp-json\/wp\/v2\/posts\/24604\/revisions"}],"predecessor-version":[{"id":24621,"href":"https:\/\/www.article-marketing.eu\/comunicatistampa\/wp-json\/wp\/v2\/posts\/24604\/revisions\/24621"}],"wp:attachment":[{"href":"https:\/\/www.article-marketing.eu\/comunicatistampa\/wp-json\/wp\/v2\/media?parent=24604"}],"wp:term":[{"taxonomy":"category","embeddable":true,"href":"https:\/\/www.article-marketing.eu\/comunicatistampa\/wp-json\/wp\/v2\/categories?post=24604"},{"taxonomy":"post_tag","embeddable":true,"href":"https:\/\/www.article-marketing.eu\/comunicatistampa\/wp-json\/wp\/v2\/tags?post=24604"}],"curies":[{"name":"wp","href":"https:\/\/api.w.org\/{rel}","templated":true}]}}