{"id":2462,"date":"2017-05-10T15:03:34","date_gmt":"2017-05-10T13:03:34","guid":{"rendered":"http:\/\/www.article-marketing.eu\/comunicatistampa\/?p=2462"},"modified":"2017-05-10T15:03:34","modified_gmt":"2017-05-10T13:03:34","slug":"i-rappresentanti-del-turismo-congressuale-in-emilia-romagna-a-lione-e-francoforte","status":"publish","type":"post","link":"https:\/\/www.article-marketing.eu\/comunicatistampa\/i-rappresentanti-del-turismo-congressuale-in-emilia-romagna-a-lione-e-francoforte\/","title":{"rendered":"I rappresentanti del turismo congressuale in Emilia Romagna a Lione e Francoforte"},"content":{"rendered":"<h1>Il turismo congressuale dell\u2019Emilia Romagna si presenta nel mese di maggio in Europa partecipando a due eventi, a Lione e Francoforte.<\/h1>\n<p>&nbsp;<\/p>\n<p>Prosegue a Lione (Francia) e Francoforte (Germania), con il coordinamento di <strong>Apt Servizi Emilia Romagna<\/strong>, l\u2019attivit\u00e0 di promozione dell\u2019offerta congressuale regionale in Europa con <strong>undici operatori turistici regionali<\/strong> che prenderanno parte ad uno o ad entrambi gli appuntamenti. L\u2019Emilia Romagna rappresenta l\u2019Italia in Europa all\u2019interno di due importanti appuntamenti riguardanti il turismo congressuale, attraverso una selezione di operatori turistici all\u2019avanguardia nell\u2019offerta di servizi legati al settore MICE.<\/p>\n<p>A Lione l\u201911 e 12 maggio 2017 \u00e8 in programma il workshop Mice Place (http:\/\/lyon.mice-place.com\/) mentre, dal 16 al 18 maggio, a Francoforte si svolger\u00e0 Imex (http:\/\/www.imex-frankfurt.com\/), il pi\u00f9 importante appuntamento europeo del settore MICE.<\/p>\n<p>&nbsp;<\/p>\n<h2>Mice Place di Lione<\/h2>\n<p>All\u2019Hotel Marriot di Lione l\u2019offerta internazionale MICE (Meetings, Incentives, Conferences and Exhibitions) incontra la domanda francese, rappresentata da agenzie di organizzazione eventi, Incentive House, aziende e associazioni. Il programma degli appuntamenti del workshop \u2013 dove ogni seller avr\u00e0 la possibilit\u00e0 di incontrare circa trenta buyer \u2013 si svolger\u00e0 nell\u2019arco di una giornata e mezzo. <strong>Sono sei gli operatori dell\u2019Emilia Romagna<\/strong>, unici rappresentanti dell\u2019offerta congressuale italiana, presenti a Lione: Convention &amp; Visitors Bureau di Bologna, Convention Bureau della Riviera di Rimini, Parma Incoming, Modenatur, <strong>Food Valley Travel<\/strong>, <a href=\"http:\/\/www.foodvalleytravel.com\/it\/MICE\/\" target=\"_blank\" rel=\"noopener noreferrer\">tour operator di Parma<\/a>, Batani Select Hotels (Cervia-Milano Marittima).<\/p>\n<p>Venerd\u00ec 12 maggio, sempre all\u2019Hotel Marriot, \u00e8 prevista la presentazione dell\u2019offerta congressuale dell\u2019Emilia Romagna a circa quaranta operatori selezionati tra buyer e visitatori professionali. L\u2019incontro si concluder\u00e0 con una degustazione di eccellenze enogastronomiche dell\u2019Emilia Romagna.<\/p>\n<p>&nbsp;<\/p>\n<h2>Imex di Francoforte<\/h2>\n<p>Sono invece <strong>nove gli operatori turistici dell\u2019Emilia Romagna presenti<\/strong>, dal 16 al 18 maggio, all\u2019Imex di Francoforte, il pi\u00f9 importante appuntamento del settore MICE in Europa a cui partecipano tutti i rappresentanti del comparto: strutture, destinazioni, organizzatori professionali di congressi e agenzie.<\/p>\n<p>I nove operatori regionali saranno ospitati nello stand Enit, dove sono previsti desk personalizzati suddivisi per aree tematiche (Convention Bureau, sedi per eventi, club di prodotto, agenzie di organizzazione eventi).<\/p>\n<p>Anche a Francoforte \u00e8 prevista la presentazione dell\u2019offerta congressuale dell\u2019Emilia Romagna per rilanciare, in Europa, la <strong>Regione come ideale location per l\u2019organizzazione di eventi<\/strong>. La presentazione \u00e8 prevista mercoled\u00ec 17 maggio in una saletta dello stand Italia e si concluder\u00e0 con una degustazione di prodotti tipici regionali.<\/p>\n<p>Questi i nove operatori regionali che saranno presenti all\u2019Imex di Francoforte: Convention &amp; Visitors Bureau di Bologna, Bologna Congressi, Convention Bureau della Riviera di Rimini, Modenatur, <strong>Food Valley Travel<\/strong> (Parma), Batani Select Hotels (Cervia-Milano Marittima), Alberghi e Terme di Riolo (Ravenna), Ospitalit\u00e0 a Bologna, Premier Hotels (Cervia-Milano Marittima).<\/p>\n<p><em>Fonte: Ufficio Stampa Apt Servizi \u2013 Tel. 0541-430.190 \u2013 <\/em>www.aptservizi.com<\/p>\n","protected":false},"excerpt":{"rendered":"<p>Il turismo congressuale dell\u2019Emilia Romagna si presenta nel mese di maggio in Europa partecipando a due eventi, a Lione e Francoforte. &nbsp; Prosegue a Lione (Francia) e Francoforte (Germania), con il coordinamento di Apt Servizi Emilia Romagna, l\u2019attivit\u00e0 di promozione dell\u2019offerta congressuale regionale in Europa con undici operatori turistici regionali che prenderanno parte ad uno o ad entrambi gli appuntamenti. L\u2019Emilia Romagna rappresenta l\u2019Italia in Europa all\u2019interno di due importanti<\/p>\n<p><a class=\"continue-reading\" href=\"https:\/\/www.article-marketing.eu\/comunicatistampa\/i-rappresentanti-del-turismo-congressuale-in-emilia-romagna-a-lione-e-francoforte\/\">Continue reading&#8230;<\/a><\/p>\n","protected":false},"author":121,"featured_media":0,"comment_status":"open","ping_status":"open","sticky":false,"template":"","format":"standard","meta":{"_monsterinsights_skip_tracking":false,"_monsterinsights_sitenote_active":false,"_monsterinsights_sitenote_note":"","_monsterinsights_sitenote_category":0,"footnotes":""},"categories":[346],"tags":[1479,1477,1478,1476],"class_list":["post-2462","post","type-post","status-publish","format-standard","hentry","category-viaggi-e-turismo","tag-mice","tag-tour-operator-emilia-romagna","tag-tour-operator-parma","tag-turismo-congressuale"],"yoast_head":"<!-- This site is optimized with the Yoast SEO plugin v27.3 - https:\/\/yoast.com\/product\/yoast-seo-wordpress\/ -->\n<title>I rappresentanti del turismo congressuale in Emilia Romagna a Lione e Francoforte - Article Marketing<\/title>\n<meta name=\"robots\" content=\"index, follow, max-snippet:-1, max-image-preview:large, max-video-preview:-1\" \/>\n<link rel=\"canonical\" href=\"https:\/\/www.article-marketing.eu\/comunicatistampa\/i-rappresentanti-del-turismo-congressuale-in-emilia-romagna-a-lione-e-francoforte\/\" \/>\n<meta property=\"og:locale\" content=\"it_IT\" \/>\n<meta property=\"og:type\" content=\"article\" \/>\n<meta property=\"og:title\" content=\"I rappresentanti del turismo congressuale in Emilia Romagna a Lione e Francoforte - Article Marketing\" \/>\n<meta property=\"og:description\" content=\"Il turismo congressuale dell\u2019Emilia Romagna si presenta nel mese di maggio in Europa partecipando a due eventi, a Lione e Francoforte. &nbsp; Prosegue a Lione (Francia) e Francoforte (Germania), con il coordinamento di Apt Servizi Emilia Romagna, l\u2019attivit\u00e0 di promozione dell\u2019offerta congressuale regionale in Europa con undici operatori turistici regionali che prenderanno parte ad uno o ad entrambi gli appuntamenti. L\u2019Emilia Romagna rappresenta l\u2019Italia in Europa all\u2019interno di due importantiContinue reading...\" \/>\n<meta property=\"og:url\" content=\"https:\/\/www.article-marketing.eu\/comunicatistampa\/i-rappresentanti-del-turismo-congressuale-in-emilia-romagna-a-lione-e-francoforte\/\" \/>\n<meta property=\"og:site_name\" content=\"Article Marketing\" \/>\n<meta property=\"article:published_time\" content=\"2017-05-10T13:03:34+00:00\" \/>\n<meta name=\"author\" content=\"SwitchUp\" \/>\n<meta name=\"twitter:card\" content=\"summary_large_image\" \/>\n<meta name=\"twitter:label1\" content=\"Scritto da\" \/>\n\t<meta name=\"twitter:data1\" content=\"SwitchUp\" \/>\n\t<meta name=\"twitter:label2\" content=\"Tempo di lettura stimato\" \/>\n\t<meta name=\"twitter:data2\" content=\"2 minuti\" \/>\n<script type=\"application\/ld+json\" class=\"yoast-schema-graph\">{\"@context\":\"https:\\\/\\\/schema.org\",\"@graph\":[{\"@type\":\"Article\",\"@id\":\"https:\\\/\\\/www.article-marketing.eu\\\/comunicatistampa\\\/i-rappresentanti-del-turismo-congressuale-in-emilia-romagna-a-lione-e-francoforte\\\/#article\",\"isPartOf\":{\"@id\":\"https:\\\/\\\/www.article-marketing.eu\\\/comunicatistampa\\\/i-rappresentanti-del-turismo-congressuale-in-emilia-romagna-a-lione-e-francoforte\\\/\"},\"author\":{\"name\":\"SwitchUp\",\"@id\":\"https:\\\/\\\/www.article-marketing.eu\\\/comunicatistampa\\\/#\\\/schema\\\/person\\\/378cc3c25682ae35896965f81d78677a\"},\"headline\":\"I rappresentanti del turismo congressuale in Emilia Romagna a Lione e Francoforte\",\"datePublished\":\"2017-05-10T13:03:34+00:00\",\"mainEntityOfPage\":{\"@id\":\"https:\\\/\\\/www.article-marketing.eu\\\/comunicatistampa\\\/i-rappresentanti-del-turismo-congressuale-in-emilia-romagna-a-lione-e-francoforte\\\/\"},\"wordCount\":468,\"commentCount\":0,\"keywords\":[\"MICE\",\"tour operator emilia romagna\",\"tour operator parma\",\"turismo congressuale\"],\"articleSection\":[\"Viaggi e turismo\"],\"inLanguage\":\"it-IT\",\"potentialAction\":[{\"@type\":\"CommentAction\",\"name\":\"Comment\",\"target\":[\"https:\\\/\\\/www.article-marketing.eu\\\/comunicatistampa\\\/i-rappresentanti-del-turismo-congressuale-in-emilia-romagna-a-lione-e-francoforte\\\/#respond\"]}]},{\"@type\":\"WebPage\",\"@id\":\"https:\\\/\\\/www.article-marketing.eu\\\/comunicatistampa\\\/i-rappresentanti-del-turismo-congressuale-in-emilia-romagna-a-lione-e-francoforte\\\/\",\"url\":\"https:\\\/\\\/www.article-marketing.eu\\\/comunicatistampa\\\/i-rappresentanti-del-turismo-congressuale-in-emilia-romagna-a-lione-e-francoforte\\\/\",\"name\":\"I rappresentanti del turismo congressuale in Emilia Romagna a Lione e Francoforte - Article Marketing\",\"isPartOf\":{\"@id\":\"https:\\\/\\\/www.article-marketing.eu\\\/comunicatistampa\\\/#website\"},\"datePublished\":\"2017-05-10T13:03:34+00:00\",\"author\":{\"@id\":\"https:\\\/\\\/www.article-marketing.eu\\\/comunicatistampa\\\/#\\\/schema\\\/person\\\/378cc3c25682ae35896965f81d78677a\"},\"breadcrumb\":{\"@id\":\"https:\\\/\\\/www.article-marketing.eu\\\/comunicatistampa\\\/i-rappresentanti-del-turismo-congressuale-in-emilia-romagna-a-lione-e-francoforte\\\/#breadcrumb\"},\"inLanguage\":\"it-IT\",\"potentialAction\":[{\"@type\":\"ReadAction\",\"target\":[\"https:\\\/\\\/www.article-marketing.eu\\\/comunicatistampa\\\/i-rappresentanti-del-turismo-congressuale-in-emilia-romagna-a-lione-e-francoforte\\\/\"]}]},{\"@type\":\"BreadcrumbList\",\"@id\":\"https:\\\/\\\/www.article-marketing.eu\\\/comunicatistampa\\\/i-rappresentanti-del-turismo-congressuale-in-emilia-romagna-a-lione-e-francoforte\\\/#breadcrumb\",\"itemListElement\":[{\"@type\":\"ListItem\",\"position\":1,\"name\":\"Home\",\"item\":\"https:\\\/\\\/www.article-marketing.eu\\\/comunicatistampa\\\/\"},{\"@type\":\"ListItem\",\"position\":2,\"name\":\"I rappresentanti del turismo congressuale in Emilia Romagna a Lione e Francoforte\"}]},{\"@type\":\"WebSite\",\"@id\":\"https:\\\/\\\/www.article-marketing.eu\\\/comunicatistampa\\\/#website\",\"url\":\"https:\\\/\\\/www.article-marketing.eu\\\/comunicatistampa\\\/\",\"name\":\"Article Marketing\",\"description\":\"article marketing &amp; press release\",\"potentialAction\":[{\"@type\":\"SearchAction\",\"target\":{\"@type\":\"EntryPoint\",\"urlTemplate\":\"https:\\\/\\\/www.article-marketing.eu\\\/comunicatistampa\\\/?s={search_term_string}\"},\"query-input\":{\"@type\":\"PropertyValueSpecification\",\"valueRequired\":true,\"valueName\":\"search_term_string\"}}],\"inLanguage\":\"it-IT\"},{\"@type\":\"Person\",\"@id\":\"https:\\\/\\\/www.article-marketing.eu\\\/comunicatistampa\\\/#\\\/schema\\\/person\\\/378cc3c25682ae35896965f81d78677a\",\"name\":\"SwitchUp\",\"image\":{\"@type\":\"ImageObject\",\"inLanguage\":\"it-IT\",\"@id\":\"https:\\\/\\\/secure.gravatar.com\\\/avatar\\\/c1ee7a2916be2b80ae51fe1a25a867538921ee2722a974edd0e4035aa54ac55b?s=96&d=mm&r=g\",\"url\":\"https:\\\/\\\/secure.gravatar.com\\\/avatar\\\/c1ee7a2916be2b80ae51fe1a25a867538921ee2722a974edd0e4035aa54ac55b?s=96&d=mm&r=g\",\"contentUrl\":\"https:\\\/\\\/secure.gravatar.com\\\/avatar\\\/c1ee7a2916be2b80ae51fe1a25a867538921ee2722a974edd0e4035aa54ac55b?s=96&d=mm&r=g\",\"caption\":\"SwitchUp\"},\"url\":\"https:\\\/\\\/www.article-marketing.eu\\\/comunicatistampa\\\/author\\\/switchup\\\/\"}]}<\/script>\n<!-- \/ Yoast SEO plugin. -->","yoast_head_json":{"title":"I rappresentanti del turismo congressuale in Emilia Romagna a Lione e Francoforte - Article Marketing","robots":{"index":"index","follow":"follow","max-snippet":"max-snippet:-1","max-image-preview":"max-image-preview:large","max-video-preview":"max-video-preview:-1"},"canonical":"https:\/\/www.article-marketing.eu\/comunicatistampa\/i-rappresentanti-del-turismo-congressuale-in-emilia-romagna-a-lione-e-francoforte\/","og_locale":"it_IT","og_type":"article","og_title":"I rappresentanti del turismo congressuale in Emilia Romagna a Lione e Francoforte - Article Marketing","og_description":"Il turismo congressuale dell\u2019Emilia Romagna si presenta nel mese di maggio in Europa partecipando a due eventi, a Lione e Francoforte. &nbsp; Prosegue a Lione (Francia) e Francoforte (Germania), con il coordinamento di Apt Servizi Emilia Romagna, l\u2019attivit\u00e0 di promozione dell\u2019offerta congressuale regionale in Europa con undici operatori turistici regionali che prenderanno parte ad uno o ad entrambi gli appuntamenti. L\u2019Emilia Romagna rappresenta l\u2019Italia in Europa all\u2019interno di due importantiContinue reading...","og_url":"https:\/\/www.article-marketing.eu\/comunicatistampa\/i-rappresentanti-del-turismo-congressuale-in-emilia-romagna-a-lione-e-francoforte\/","og_site_name":"Article Marketing","article_published_time":"2017-05-10T13:03:34+00:00","author":"SwitchUp","twitter_card":"summary_large_image","twitter_misc":{"Scritto da":"SwitchUp","Tempo di lettura stimato":"2 minuti"},"schema":{"@context":"https:\/\/schema.org","@graph":[{"@type":"Article","@id":"https:\/\/www.article-marketing.eu\/comunicatistampa\/i-rappresentanti-del-turismo-congressuale-in-emilia-romagna-a-lione-e-francoforte\/#article","isPartOf":{"@id":"https:\/\/www.article-marketing.eu\/comunicatistampa\/i-rappresentanti-del-turismo-congressuale-in-emilia-romagna-a-lione-e-francoforte\/"},"author":{"name":"SwitchUp","@id":"https:\/\/www.article-marketing.eu\/comunicatistampa\/#\/schema\/person\/378cc3c25682ae35896965f81d78677a"},"headline":"I rappresentanti del turismo congressuale in Emilia Romagna a Lione e Francoforte","datePublished":"2017-05-10T13:03:34+00:00","mainEntityOfPage":{"@id":"https:\/\/www.article-marketing.eu\/comunicatistampa\/i-rappresentanti-del-turismo-congressuale-in-emilia-romagna-a-lione-e-francoforte\/"},"wordCount":468,"commentCount":0,"keywords":["MICE","tour operator emilia romagna","tour operator parma","turismo congressuale"],"articleSection":["Viaggi e turismo"],"inLanguage":"it-IT","potentialAction":[{"@type":"CommentAction","name":"Comment","target":["https:\/\/www.article-marketing.eu\/comunicatistampa\/i-rappresentanti-del-turismo-congressuale-in-emilia-romagna-a-lione-e-francoforte\/#respond"]}]},{"@type":"WebPage","@id":"https:\/\/www.article-marketing.eu\/comunicatistampa\/i-rappresentanti-del-turismo-congressuale-in-emilia-romagna-a-lione-e-francoforte\/","url":"https:\/\/www.article-marketing.eu\/comunicatistampa\/i-rappresentanti-del-turismo-congressuale-in-emilia-romagna-a-lione-e-francoforte\/","name":"I rappresentanti del turismo congressuale in Emilia Romagna a Lione e Francoforte - Article Marketing","isPartOf":{"@id":"https:\/\/www.article-marketing.eu\/comunicatistampa\/#website"},"datePublished":"2017-05-10T13:03:34+00:00","author":{"@id":"https:\/\/www.article-marketing.eu\/comunicatistampa\/#\/schema\/person\/378cc3c25682ae35896965f81d78677a"},"breadcrumb":{"@id":"https:\/\/www.article-marketing.eu\/comunicatistampa\/i-rappresentanti-del-turismo-congressuale-in-emilia-romagna-a-lione-e-francoforte\/#breadcrumb"},"inLanguage":"it-IT","potentialAction":[{"@type":"ReadAction","target":["https:\/\/www.article-marketing.eu\/comunicatistampa\/i-rappresentanti-del-turismo-congressuale-in-emilia-romagna-a-lione-e-francoforte\/"]}]},{"@type":"BreadcrumbList","@id":"https:\/\/www.article-marketing.eu\/comunicatistampa\/i-rappresentanti-del-turismo-congressuale-in-emilia-romagna-a-lione-e-francoforte\/#breadcrumb","itemListElement":[{"@type":"ListItem","position":1,"name":"Home","item":"https:\/\/www.article-marketing.eu\/comunicatistampa\/"},{"@type":"ListItem","position":2,"name":"I rappresentanti del turismo congressuale in Emilia Romagna a Lione e Francoforte"}]},{"@type":"WebSite","@id":"https:\/\/www.article-marketing.eu\/comunicatistampa\/#website","url":"https:\/\/www.article-marketing.eu\/comunicatistampa\/","name":"Article Marketing","description":"article marketing &amp; press release","potentialAction":[{"@type":"SearchAction","target":{"@type":"EntryPoint","urlTemplate":"https:\/\/www.article-marketing.eu\/comunicatistampa\/?s={search_term_string}"},"query-input":{"@type":"PropertyValueSpecification","valueRequired":true,"valueName":"search_term_string"}}],"inLanguage":"it-IT"},{"@type":"Person","@id":"https:\/\/www.article-marketing.eu\/comunicatistampa\/#\/schema\/person\/378cc3c25682ae35896965f81d78677a","name":"SwitchUp","image":{"@type":"ImageObject","inLanguage":"it-IT","@id":"https:\/\/secure.gravatar.com\/avatar\/c1ee7a2916be2b80ae51fe1a25a867538921ee2722a974edd0e4035aa54ac55b?s=96&d=mm&r=g","url":"https:\/\/secure.gravatar.com\/avatar\/c1ee7a2916be2b80ae51fe1a25a867538921ee2722a974edd0e4035aa54ac55b?s=96&d=mm&r=g","contentUrl":"https:\/\/secure.gravatar.com\/avatar\/c1ee7a2916be2b80ae51fe1a25a867538921ee2722a974edd0e4035aa54ac55b?s=96&d=mm&r=g","caption":"SwitchUp"},"url":"https:\/\/www.article-marketing.eu\/comunicatistampa\/author\/switchup\/"}]}},"_links":{"self":[{"href":"https:\/\/www.article-marketing.eu\/comunicatistampa\/wp-json\/wp\/v2\/posts\/2462","targetHints":{"allow":["GET"]}}],"collection":[{"href":"https:\/\/www.article-marketing.eu\/comunicatistampa\/wp-json\/wp\/v2\/posts"}],"about":[{"href":"https:\/\/www.article-marketing.eu\/comunicatistampa\/wp-json\/wp\/v2\/types\/post"}],"author":[{"embeddable":true,"href":"https:\/\/www.article-marketing.eu\/comunicatistampa\/wp-json\/wp\/v2\/users\/121"}],"replies":[{"embeddable":true,"href":"https:\/\/www.article-marketing.eu\/comunicatistampa\/wp-json\/wp\/v2\/comments?post=2462"}],"version-history":[{"count":2,"href":"https:\/\/www.article-marketing.eu\/comunicatistampa\/wp-json\/wp\/v2\/posts\/2462\/revisions"}],"predecessor-version":[{"id":2467,"href":"https:\/\/www.article-marketing.eu\/comunicatistampa\/wp-json\/wp\/v2\/posts\/2462\/revisions\/2467"}],"wp:attachment":[{"href":"https:\/\/www.article-marketing.eu\/comunicatistampa\/wp-json\/wp\/v2\/media?parent=2462"}],"wp:term":[{"taxonomy":"category","embeddable":true,"href":"https:\/\/www.article-marketing.eu\/comunicatistampa\/wp-json\/wp\/v2\/categories?post=2462"},{"taxonomy":"post_tag","embeddable":true,"href":"https:\/\/www.article-marketing.eu\/comunicatistampa\/wp-json\/wp\/v2\/tags?post=2462"}],"curies":[{"name":"wp","href":"https:\/\/api.w.org\/{rel}","templated":true}]}}