{"id":24629,"date":"2022-09-07T12:57:30","date_gmt":"2022-09-07T10:57:30","guid":{"rendered":"https:\/\/www.article-marketing.eu\/comunicatistampa\/?p=24629"},"modified":"2022-09-07T12:57:30","modified_gmt":"2022-09-07T10:57:30","slug":"gianni-lettieri-presenta-la-nuova-edizione-del-premio-concorso-piccoli-imprenditori","status":"publish","type":"post","link":"https:\/\/www.article-marketing.eu\/comunicatistampa\/gianni-lettieri-presenta-la-nuova-edizione-del-premio-concorso-piccoli-imprenditori\/","title":{"rendered":"Gianni Lettieri presenta la nuova edizione del Premio\/Concorso Piccoli Imprenditori"},"content":{"rendered":"<p><em><strong>Stimolare lo spirito d&#8217;impresa tra i giovanissimi, parlando di temi come la sostenibilit\u00e0 sociale ed ecologica: questo l&#8217;obiettivo di Piccoli Imprenditori, iniziativa ideata e sostenuta da <a title=\"Gianni Lettieri: la biografia - Riparte l'Italia\" href=\"https:\/\/www.ripartelitalia.it\/author\/gianni-lettieri\/\">Gianni Lettieri<\/a> che sta per ripartire con una nuova edizione.<\/strong><\/em><\/p>\n<p><a title=\"Gianni Lettieri: la carriera - Riparte l'Italia\" href=\"https:\/\/www.ripartelitalia.it\/author\/gianni-lettieri\/\"><img decoding=\"async\" src=\"https:\/\/www.ripartelitalia.it\/wp-content\/uploads\/2021\/07\/Gianni-Lettieri-300x300.jpg\" alt=\"Gianni Lettieri\" width=\"120\" \/><\/a><\/p>\n<h2>Gianni Lettieri: l&#8217;importanza di avere potere sul proprio destino<\/h2>\n<p>Piccoli Imprenditori: questo il titolo dell&#8217;iniziativa portata avanti negli anni da <strong>Gianni Lettieri<\/strong>, imprenditore originario di Napoli, per accendere lo spirito d&#8217;impresa tra i giovanissimi. Il Premio\/Concorso si rinnova nell&#8217;anno scolastico 2022\/2023 con una nuova edizione sulle orme delle precedenti, che coinvolger\u00e0 numerose classi di scuole situate in differenti quartieri di Napoli. Docenti e studenti vi prenderanno parte con un unico obiettivo: divulgare la cultura d&#8217;impresa e valori importanti come la sostenibilit\u00e0, il recupero sociale e la voglia di fare. L&#8217;idea nasce da <strong>Gianni Lettieri<\/strong> durante gli anni alla guida dell&#8217;Unione degli Industriali di Napoli. L&#8217;estro e la creativit\u00e0 dei bambini e dei giovani studenti campani, uniti alla preparazione, possono dar vita a storie di successo: ognuno deve poter sviluppare gli strumenti necessari per essere l&#8217;artefice del proprio destino. Questo stesso concetto \u00e8 espresso anche nell&#8217;autobiografia &#8220;L&#8217;imprenditore Scugnizzo&#8221;, edita da Iuppiter Edizioni.<\/p>\n<h2>Gianni Lettieri introduce Piccoli Imprenditori e lo scopo dell&#8217;iniziativa<\/h2>\n<p><em>&#8220;Tutto quello che vorrei trasmettere ai bambini ed ai ragazzi, racchiuso in due sole parole, \u00e8 lo &#8220;spirito imprenditoriale&#8221;. Dobbiamo diffondere la cultura di fare impresa, la voglia di intraprendere. Al sud abbiamo meno imprese del nord, abbiamo bisogno di pi\u00f9 aziende per creare sviluppo e posti di lavoro, e i nostri ragazzi devono crescere con questa mentalit\u00e0&#8221;<\/em>: con queste parole <a title=\"Gianni Lettieri: il percorso professionale\" href=\"https:\/\/www.ripartelitalia.it\/author\/gianni-lettieri\/\">Gianni Lettieri<\/a> introduce Piccoli Imprenditori. L&#8217;iniziativa si svolge in tre fasi distinte: la consegna di un libricino illustrato, che viene letto in classe ed \u00e8 propedeutico all&#8217;ideazione dei progetti degli studenti. In seguito si selezionano quelli pi\u00f9 interessanti e originali, che vengono premiati con dei tablet che resteranno in uso della classe o dello studente. La fase conclusiva prevede la premiazione, in primavera, presso gli hangar di Atitech o nella sala Newton di Citt\u00e0 della Scienza. <em>&#8220;Sono certo che questo esercizio sar\u00e0 di aiuto per gli studenti anche in questo difficile periodo. Sar\u00e0 un modo per evadere dalle importanti attivit\u00e0 didattiche quotidiane e per dedicare un po&#8217; di tempo a ci\u00f2 che, apparentemente, pu\u00f2 sembrare un gioco ma che racchiude tanti concetti utili ed importanti, accennati ed evidenziati nel libricino, che possono essere oggetto di studio a tutti i livelli e per tutte le classi&#8221;<\/em>, ha dichiarato <strong>Gianni Lettieri<\/strong>.<\/p>\n","protected":false},"excerpt":{"rendered":"<p>Stimolare lo spirito d&#8217;impresa tra i giovanissimi, parlando di temi come la sostenibilit\u00e0 sociale ed ecologica: questo l&#8217;obiettivo di Piccoli Imprenditori, iniziativa ideata e sostenuta da Gianni Lettieri che sta per ripartire con una nuova edizione. Gianni Lettieri: l&#8217;importanza di avere potere sul proprio destino Piccoli Imprenditori: questo il titolo dell&#8217;iniziativa portata avanti negli anni da Gianni Lettieri, imprenditore originario di Napoli, per accendere lo spirito d&#8217;impresa tra i giovanissimi.<\/p>\n<p><a class=\"continue-reading\" href=\"https:\/\/www.article-marketing.eu\/comunicatistampa\/gianni-lettieri-presenta-la-nuova-edizione-del-premio-concorso-piccoli-imprenditori\/\">Continue reading&#8230;<\/a><\/p>\n","protected":false},"author":7190,"featured_media":0,"comment_status":"open","ping_status":"open","sticky":false,"template":"","format":"standard","meta":{"_monsterinsights_skip_tracking":false,"_monsterinsights_sitenote_active":false,"_monsterinsights_sitenote_note":"","_monsterinsights_sitenote_category":0,"footnotes":""},"categories":[78],"tags":[9494],"class_list":["post-24629","post","type-post","status-publish","format-standard","hentry","category-comunicati-stampa","tag-gianni-lettieri"],"yoast_head":"<!-- This site is optimized with the Yoast SEO plugin v27.3 - https:\/\/yoast.com\/product\/yoast-seo-wordpress\/ -->\n<title>Gianni Lettieri presenta la nuova edizione del Premio\/Concorso Piccoli Imprenditori<\/title>\n<meta name=\"robots\" content=\"index, follow, max-snippet:-1, max-image-preview:large, max-video-preview:-1\" \/>\n<link rel=\"canonical\" href=\"https:\/\/www.article-marketing.eu\/comunicatistampa\/gianni-lettieri-presenta-la-nuova-edizione-del-premio-concorso-piccoli-imprenditori\/\" \/>\n<meta property=\"og:locale\" content=\"it_IT\" \/>\n<meta property=\"og:type\" content=\"article\" \/>\n<meta property=\"og:title\" content=\"Gianni Lettieri presenta la nuova edizione del Premio\/Concorso Piccoli Imprenditori\" \/>\n<meta property=\"og:description\" content=\"Stimolare lo spirito d&#8217;impresa tra i giovanissimi, parlando di temi come la sostenibilit\u00e0 sociale ed ecologica: questo l&#8217;obiettivo di Piccoli Imprenditori, iniziativa ideata e sostenuta da Gianni Lettieri che sta per ripartire con una nuova edizione. Gianni Lettieri: l&#8217;importanza di avere potere sul proprio destino Piccoli Imprenditori: questo il titolo dell&#8217;iniziativa portata avanti negli anni da Gianni Lettieri, imprenditore originario di Napoli, per accendere lo spirito d&#8217;impresa tra i giovanissimi.Continue reading...\" \/>\n<meta property=\"og:url\" content=\"https:\/\/www.article-marketing.eu\/comunicatistampa\/gianni-lettieri-presenta-la-nuova-edizione-del-premio-concorso-piccoli-imprenditori\/\" \/>\n<meta property=\"og:site_name\" content=\"Article Marketing\" \/>\n<meta property=\"article:published_time\" content=\"2022-09-07T10:57:30+00:00\" \/>\n<meta property=\"og:image\" content=\"https:\/\/www.ripartelitalia.it\/wp-content\/uploads\/2021\/07\/Gianni-Lettieri-300x300.jpg\" \/>\n<meta name=\"author\" content=\"glofficeprnews\" \/>\n<meta name=\"twitter:card\" content=\"summary_large_image\" \/>\n<meta name=\"twitter:label1\" content=\"Scritto da\" \/>\n\t<meta name=\"twitter:data1\" content=\"glofficeprnews\" \/>\n\t<meta name=\"twitter:label2\" content=\"Tempo di lettura stimato\" \/>\n\t<meta name=\"twitter:data2\" content=\"3 minuti\" \/>\n<script type=\"application\/ld+json\" class=\"yoast-schema-graph\">{\"@context\":\"https:\\\/\\\/schema.org\",\"@graph\":[{\"@type\":\"Article\",\"@id\":\"https:\\\/\\\/www.article-marketing.eu\\\/comunicatistampa\\\/gianni-lettieri-presenta-la-nuova-edizione-del-premio-concorso-piccoli-imprenditori\\\/#article\",\"isPartOf\":{\"@id\":\"https:\\\/\\\/www.article-marketing.eu\\\/comunicatistampa\\\/gianni-lettieri-presenta-la-nuova-edizione-del-premio-concorso-piccoli-imprenditori\\\/\"},\"author\":{\"name\":\"glofficeprnews\",\"@id\":\"https:\\\/\\\/www.article-marketing.eu\\\/comunicatistampa\\\/#\\\/schema\\\/person\\\/e671b60aab591381d585023cd318a080\"},\"headline\":\"Gianni Lettieri presenta la nuova edizione del Premio\\\/Concorso Piccoli Imprenditori\",\"datePublished\":\"2022-09-07T10:57:30+00:00\",\"mainEntityOfPage\":{\"@id\":\"https:\\\/\\\/www.article-marketing.eu\\\/comunicatistampa\\\/gianni-lettieri-presenta-la-nuova-edizione-del-premio-concorso-piccoli-imprenditori\\\/\"},\"wordCount\":414,\"commentCount\":0,\"image\":{\"@id\":\"https:\\\/\\\/www.article-marketing.eu\\\/comunicatistampa\\\/gianni-lettieri-presenta-la-nuova-edizione-del-premio-concorso-piccoli-imprenditori\\\/#primaryimage\"},\"thumbnailUrl\":\"https:\\\/\\\/www.ripartelitalia.it\\\/wp-content\\\/uploads\\\/2021\\\/07\\\/Gianni-Lettieri-300x300.jpg\",\"keywords\":[\"Gianni Lettieri\"],\"articleSection\":[\"Comunicati stampa\"],\"inLanguage\":\"it-IT\",\"potentialAction\":[{\"@type\":\"CommentAction\",\"name\":\"Comment\",\"target\":[\"https:\\\/\\\/www.article-marketing.eu\\\/comunicatistampa\\\/gianni-lettieri-presenta-la-nuova-edizione-del-premio-concorso-piccoli-imprenditori\\\/#respond\"]}]},{\"@type\":\"WebPage\",\"@id\":\"https:\\\/\\\/www.article-marketing.eu\\\/comunicatistampa\\\/gianni-lettieri-presenta-la-nuova-edizione-del-premio-concorso-piccoli-imprenditori\\\/\",\"url\":\"https:\\\/\\\/www.article-marketing.eu\\\/comunicatistampa\\\/gianni-lettieri-presenta-la-nuova-edizione-del-premio-concorso-piccoli-imprenditori\\\/\",\"name\":\"Gianni Lettieri presenta la nuova edizione del Premio\\\/Concorso Piccoli Imprenditori\",\"isPartOf\":{\"@id\":\"https:\\\/\\\/www.article-marketing.eu\\\/comunicatistampa\\\/#website\"},\"primaryImageOfPage\":{\"@id\":\"https:\\\/\\\/www.article-marketing.eu\\\/comunicatistampa\\\/gianni-lettieri-presenta-la-nuova-edizione-del-premio-concorso-piccoli-imprenditori\\\/#primaryimage\"},\"image\":{\"@id\":\"https:\\\/\\\/www.article-marketing.eu\\\/comunicatistampa\\\/gianni-lettieri-presenta-la-nuova-edizione-del-premio-concorso-piccoli-imprenditori\\\/#primaryimage\"},\"thumbnailUrl\":\"https:\\\/\\\/www.ripartelitalia.it\\\/wp-content\\\/uploads\\\/2021\\\/07\\\/Gianni-Lettieri-300x300.jpg\",\"datePublished\":\"2022-09-07T10:57:30+00:00\",\"author\":{\"@id\":\"https:\\\/\\\/www.article-marketing.eu\\\/comunicatistampa\\\/#\\\/schema\\\/person\\\/e671b60aab591381d585023cd318a080\"},\"breadcrumb\":{\"@id\":\"https:\\\/\\\/www.article-marketing.eu\\\/comunicatistampa\\\/gianni-lettieri-presenta-la-nuova-edizione-del-premio-concorso-piccoli-imprenditori\\\/#breadcrumb\"},\"inLanguage\":\"it-IT\",\"potentialAction\":[{\"@type\":\"ReadAction\",\"target\":[\"https:\\\/\\\/www.article-marketing.eu\\\/comunicatistampa\\\/gianni-lettieri-presenta-la-nuova-edizione-del-premio-concorso-piccoli-imprenditori\\\/\"]}]},{\"@type\":\"ImageObject\",\"inLanguage\":\"it-IT\",\"@id\":\"https:\\\/\\\/www.article-marketing.eu\\\/comunicatistampa\\\/gianni-lettieri-presenta-la-nuova-edizione-del-premio-concorso-piccoli-imprenditori\\\/#primaryimage\",\"url\":\"https:\\\/\\\/www.ripartelitalia.it\\\/wp-content\\\/uploads\\\/2021\\\/07\\\/Gianni-Lettieri-300x300.jpg\",\"contentUrl\":\"https:\\\/\\\/www.ripartelitalia.it\\\/wp-content\\\/uploads\\\/2021\\\/07\\\/Gianni-Lettieri-300x300.jpg\"},{\"@type\":\"BreadcrumbList\",\"@id\":\"https:\\\/\\\/www.article-marketing.eu\\\/comunicatistampa\\\/gianni-lettieri-presenta-la-nuova-edizione-del-premio-concorso-piccoli-imprenditori\\\/#breadcrumb\",\"itemListElement\":[{\"@type\":\"ListItem\",\"position\":1,\"name\":\"Home\",\"item\":\"https:\\\/\\\/www.article-marketing.eu\\\/comunicatistampa\\\/\"},{\"@type\":\"ListItem\",\"position\":2,\"name\":\"Gianni Lettieri presenta la nuova edizione del Premio\\\/Concorso Piccoli Imprenditori\"}]},{\"@type\":\"WebSite\",\"@id\":\"https:\\\/\\\/www.article-marketing.eu\\\/comunicatistampa\\\/#website\",\"url\":\"https:\\\/\\\/www.article-marketing.eu\\\/comunicatistampa\\\/\",\"name\":\"Article Marketing\",\"description\":\"article marketing &amp; press release\",\"potentialAction\":[{\"@type\":\"SearchAction\",\"target\":{\"@type\":\"EntryPoint\",\"urlTemplate\":\"https:\\\/\\\/www.article-marketing.eu\\\/comunicatistampa\\\/?s={search_term_string}\"},\"query-input\":{\"@type\":\"PropertyValueSpecification\",\"valueRequired\":true,\"valueName\":\"search_term_string\"}}],\"inLanguage\":\"it-IT\"},{\"@type\":\"Person\",\"@id\":\"https:\\\/\\\/www.article-marketing.eu\\\/comunicatistampa\\\/#\\\/schema\\\/person\\\/e671b60aab591381d585023cd318a080\",\"name\":\"glofficeprnews\",\"image\":{\"@type\":\"ImageObject\",\"inLanguage\":\"it-IT\",\"@id\":\"https:\\\/\\\/secure.gravatar.com\\\/avatar\\\/8c63f677859ecaebf1cc4c53ba163fd5a5836461425fd7fc8231273fff4dfb68?s=96&d=mm&r=g\",\"url\":\"https:\\\/\\\/secure.gravatar.com\\\/avatar\\\/8c63f677859ecaebf1cc4c53ba163fd5a5836461425fd7fc8231273fff4dfb68?s=96&d=mm&r=g\",\"contentUrl\":\"https:\\\/\\\/secure.gravatar.com\\\/avatar\\\/8c63f677859ecaebf1cc4c53ba163fd5a5836461425fd7fc8231273fff4dfb68?s=96&d=mm&r=g\",\"caption\":\"glofficeprnews\"},\"url\":\"https:\\\/\\\/www.article-marketing.eu\\\/comunicatistampa\\\/author\\\/glofficeprnews\\\/\"}]}<\/script>\n<!-- \/ Yoast SEO plugin. -->","yoast_head_json":{"title":"Gianni Lettieri presenta la nuova edizione del Premio\/Concorso Piccoli Imprenditori","robots":{"index":"index","follow":"follow","max-snippet":"max-snippet:-1","max-image-preview":"max-image-preview:large","max-video-preview":"max-video-preview:-1"},"canonical":"https:\/\/www.article-marketing.eu\/comunicatistampa\/gianni-lettieri-presenta-la-nuova-edizione-del-premio-concorso-piccoli-imprenditori\/","og_locale":"it_IT","og_type":"article","og_title":"Gianni Lettieri presenta la nuova edizione del Premio\/Concorso Piccoli Imprenditori","og_description":"Stimolare lo spirito d&#8217;impresa tra i giovanissimi, parlando di temi come la sostenibilit\u00e0 sociale ed ecologica: questo l&#8217;obiettivo di Piccoli Imprenditori, iniziativa ideata e sostenuta da Gianni Lettieri che sta per ripartire con una nuova edizione. Gianni Lettieri: l&#8217;importanza di avere potere sul proprio destino Piccoli Imprenditori: questo il titolo dell&#8217;iniziativa portata avanti negli anni da Gianni Lettieri, imprenditore originario di Napoli, per accendere lo spirito d&#8217;impresa tra i giovanissimi.Continue reading...","og_url":"https:\/\/www.article-marketing.eu\/comunicatistampa\/gianni-lettieri-presenta-la-nuova-edizione-del-premio-concorso-piccoli-imprenditori\/","og_site_name":"Article Marketing","article_published_time":"2022-09-07T10:57:30+00:00","og_image":[{"url":"https:\/\/www.ripartelitalia.it\/wp-content\/uploads\/2021\/07\/Gianni-Lettieri-300x300.jpg","type":"","width":"","height":""}],"author":"glofficeprnews","twitter_card":"summary_large_image","twitter_misc":{"Scritto da":"glofficeprnews","Tempo di lettura stimato":"3 minuti"},"schema":{"@context":"https:\/\/schema.org","@graph":[{"@type":"Article","@id":"https:\/\/www.article-marketing.eu\/comunicatistampa\/gianni-lettieri-presenta-la-nuova-edizione-del-premio-concorso-piccoli-imprenditori\/#article","isPartOf":{"@id":"https:\/\/www.article-marketing.eu\/comunicatistampa\/gianni-lettieri-presenta-la-nuova-edizione-del-premio-concorso-piccoli-imprenditori\/"},"author":{"name":"glofficeprnews","@id":"https:\/\/www.article-marketing.eu\/comunicatistampa\/#\/schema\/person\/e671b60aab591381d585023cd318a080"},"headline":"Gianni Lettieri presenta la nuova edizione del Premio\/Concorso Piccoli Imprenditori","datePublished":"2022-09-07T10:57:30+00:00","mainEntityOfPage":{"@id":"https:\/\/www.article-marketing.eu\/comunicatistampa\/gianni-lettieri-presenta-la-nuova-edizione-del-premio-concorso-piccoli-imprenditori\/"},"wordCount":414,"commentCount":0,"image":{"@id":"https:\/\/www.article-marketing.eu\/comunicatistampa\/gianni-lettieri-presenta-la-nuova-edizione-del-premio-concorso-piccoli-imprenditori\/#primaryimage"},"thumbnailUrl":"https:\/\/www.ripartelitalia.it\/wp-content\/uploads\/2021\/07\/Gianni-Lettieri-300x300.jpg","keywords":["Gianni Lettieri"],"articleSection":["Comunicati stampa"],"inLanguage":"it-IT","potentialAction":[{"@type":"CommentAction","name":"Comment","target":["https:\/\/www.article-marketing.eu\/comunicatistampa\/gianni-lettieri-presenta-la-nuova-edizione-del-premio-concorso-piccoli-imprenditori\/#respond"]}]},{"@type":"WebPage","@id":"https:\/\/www.article-marketing.eu\/comunicatistampa\/gianni-lettieri-presenta-la-nuova-edizione-del-premio-concorso-piccoli-imprenditori\/","url":"https:\/\/www.article-marketing.eu\/comunicatistampa\/gianni-lettieri-presenta-la-nuova-edizione-del-premio-concorso-piccoli-imprenditori\/","name":"Gianni Lettieri presenta la nuova edizione del Premio\/Concorso Piccoli Imprenditori","isPartOf":{"@id":"https:\/\/www.article-marketing.eu\/comunicatistampa\/#website"},"primaryImageOfPage":{"@id":"https:\/\/www.article-marketing.eu\/comunicatistampa\/gianni-lettieri-presenta-la-nuova-edizione-del-premio-concorso-piccoli-imprenditori\/#primaryimage"},"image":{"@id":"https:\/\/www.article-marketing.eu\/comunicatistampa\/gianni-lettieri-presenta-la-nuova-edizione-del-premio-concorso-piccoli-imprenditori\/#primaryimage"},"thumbnailUrl":"https:\/\/www.ripartelitalia.it\/wp-content\/uploads\/2021\/07\/Gianni-Lettieri-300x300.jpg","datePublished":"2022-09-07T10:57:30+00:00","author":{"@id":"https:\/\/www.article-marketing.eu\/comunicatistampa\/#\/schema\/person\/e671b60aab591381d585023cd318a080"},"breadcrumb":{"@id":"https:\/\/www.article-marketing.eu\/comunicatistampa\/gianni-lettieri-presenta-la-nuova-edizione-del-premio-concorso-piccoli-imprenditori\/#breadcrumb"},"inLanguage":"it-IT","potentialAction":[{"@type":"ReadAction","target":["https:\/\/www.article-marketing.eu\/comunicatistampa\/gianni-lettieri-presenta-la-nuova-edizione-del-premio-concorso-piccoli-imprenditori\/"]}]},{"@type":"ImageObject","inLanguage":"it-IT","@id":"https:\/\/www.article-marketing.eu\/comunicatistampa\/gianni-lettieri-presenta-la-nuova-edizione-del-premio-concorso-piccoli-imprenditori\/#primaryimage","url":"https:\/\/www.ripartelitalia.it\/wp-content\/uploads\/2021\/07\/Gianni-Lettieri-300x300.jpg","contentUrl":"https:\/\/www.ripartelitalia.it\/wp-content\/uploads\/2021\/07\/Gianni-Lettieri-300x300.jpg"},{"@type":"BreadcrumbList","@id":"https:\/\/www.article-marketing.eu\/comunicatistampa\/gianni-lettieri-presenta-la-nuova-edizione-del-premio-concorso-piccoli-imprenditori\/#breadcrumb","itemListElement":[{"@type":"ListItem","position":1,"name":"Home","item":"https:\/\/www.article-marketing.eu\/comunicatistampa\/"},{"@type":"ListItem","position":2,"name":"Gianni Lettieri presenta la nuova edizione del Premio\/Concorso Piccoli Imprenditori"}]},{"@type":"WebSite","@id":"https:\/\/www.article-marketing.eu\/comunicatistampa\/#website","url":"https:\/\/www.article-marketing.eu\/comunicatistampa\/","name":"Article Marketing","description":"article marketing &amp; press release","potentialAction":[{"@type":"SearchAction","target":{"@type":"EntryPoint","urlTemplate":"https:\/\/www.article-marketing.eu\/comunicatistampa\/?s={search_term_string}"},"query-input":{"@type":"PropertyValueSpecification","valueRequired":true,"valueName":"search_term_string"}}],"inLanguage":"it-IT"},{"@type":"Person","@id":"https:\/\/www.article-marketing.eu\/comunicatistampa\/#\/schema\/person\/e671b60aab591381d585023cd318a080","name":"glofficeprnews","image":{"@type":"ImageObject","inLanguage":"it-IT","@id":"https:\/\/secure.gravatar.com\/avatar\/8c63f677859ecaebf1cc4c53ba163fd5a5836461425fd7fc8231273fff4dfb68?s=96&d=mm&r=g","url":"https:\/\/secure.gravatar.com\/avatar\/8c63f677859ecaebf1cc4c53ba163fd5a5836461425fd7fc8231273fff4dfb68?s=96&d=mm&r=g","contentUrl":"https:\/\/secure.gravatar.com\/avatar\/8c63f677859ecaebf1cc4c53ba163fd5a5836461425fd7fc8231273fff4dfb68?s=96&d=mm&r=g","caption":"glofficeprnews"},"url":"https:\/\/www.article-marketing.eu\/comunicatistampa\/author\/glofficeprnews\/"}]}},"_links":{"self":[{"href":"https:\/\/www.article-marketing.eu\/comunicatistampa\/wp-json\/wp\/v2\/posts\/24629","targetHints":{"allow":["GET"]}}],"collection":[{"href":"https:\/\/www.article-marketing.eu\/comunicatistampa\/wp-json\/wp\/v2\/posts"}],"about":[{"href":"https:\/\/www.article-marketing.eu\/comunicatistampa\/wp-json\/wp\/v2\/types\/post"}],"author":[{"embeddable":true,"href":"https:\/\/www.article-marketing.eu\/comunicatistampa\/wp-json\/wp\/v2\/users\/7190"}],"replies":[{"embeddable":true,"href":"https:\/\/www.article-marketing.eu\/comunicatistampa\/wp-json\/wp\/v2\/comments?post=24629"}],"version-history":[{"count":2,"href":"https:\/\/www.article-marketing.eu\/comunicatistampa\/wp-json\/wp\/v2\/posts\/24629\/revisions"}],"predecessor-version":[{"id":24643,"href":"https:\/\/www.article-marketing.eu\/comunicatistampa\/wp-json\/wp\/v2\/posts\/24629\/revisions\/24643"}],"wp:attachment":[{"href":"https:\/\/www.article-marketing.eu\/comunicatistampa\/wp-json\/wp\/v2\/media?parent=24629"}],"wp:term":[{"taxonomy":"category","embeddable":true,"href":"https:\/\/www.article-marketing.eu\/comunicatistampa\/wp-json\/wp\/v2\/categories?post=24629"},{"taxonomy":"post_tag","embeddable":true,"href":"https:\/\/www.article-marketing.eu\/comunicatistampa\/wp-json\/wp\/v2\/tags?post=24629"}],"curies":[{"name":"wp","href":"https:\/\/api.w.org\/{rel}","templated":true}]}}