{"id":24633,"date":"2022-09-07T12:57:48","date_gmt":"2022-09-07T10:57:48","guid":{"rendered":"https:\/\/www.article-marketing.eu\/comunicatistampa\/?p=24633"},"modified":"2022-09-07T12:57:48","modified_gmt":"2022-09-07T10:57:48","slug":"la-nuova-veste-dello-storico-brand-cielo-1908-sbarca-a-venezia","status":"publish","type":"post","link":"https:\/\/www.article-marketing.eu\/comunicatistampa\/la-nuova-veste-dello-storico-brand-cielo-1908-sbarca-a-venezia\/","title":{"rendered":"La nuova veste dello storico brand Cielo 1908 sbarca a Venezia"},"content":{"rendered":"<p align=\"left\"><span style=\"font-family: Helvetica Neue, serif;\"><span style=\"font-size: medium;\"><span style=\"font-family: Verdana, serif;\"><span lang=\"it-IT\"><i>I vini della storica famiglia vicentina saranno sponsor dell\u2019istituzionale Italian Pavilion, partner dell\u2019evento \u201cTo Share the Italian Good Living\u201d a Palazzo Rizzo Patarol e supporter speciali della serata benefica \u201cBetter World\u201d- che si terr\u00e0 all\u2019Hotel Cipriani<\/i><\/span><\/span><\/span><\/span><\/p>\n<p class=\"western\" lang=\"en-US\" align=\"justify\"><span style=\"color: #000000;\"><span style=\"font-family: Verdana, serif;\"><span style=\"font-size: medium;\"><span lang=\"it-IT\"><i>Tanto glamour e vita mondana, e non solo. Ci sar\u00e0 spazio anche per momenti dedicati ad argomenti pi\u00f9 concreti per il marchio vicentino. Cielo 1908 infatti sar\u00e0 anche <\/i><\/span><\/span><\/span><\/span><span style=\"color: #000000;\"><span style=\"font-family: Verdana, serif;\"><span style=\"font-size: medium;\"><span lang=\"it-IT\"><i><b>sponsor del -Better World Found Event-<\/b><\/i><\/span><\/span><\/span><\/span><span style=\"color: #000000;\"><span style=\"font-family: Verdana, serif;\"><span style=\"font-size: medium;\"><span lang=\"it-IT\"><i> che si terr\u00e0 <\/i><\/span><\/span><\/span><\/span><span style=\"color: #000000;\"><span style=\"font-family: Verdana, serif;\"><span style=\"font-size: medium;\"><span lang=\"it-IT\"><i><b>all\u2019Hotel Cipriani<\/b><\/i><\/span><\/span><\/span><\/span><span style=\"color: #000000;\"><span style=\"font-family: Verdana, serif;\"><span style=\"font-size: medium;\"><span lang=\"it-IT\"><i> dal 7 al 9 settembre e che vede tra i molti supporter anche figure di spicco come Sharon Stone e il Principe Alberto di Monaco.<\/i><\/span><\/span><\/span><\/span><\/p>\n<p class=\"western\" lang=\"en-US\" align=\"justify\"><span style=\"color: #000000;\">\u201c<span style=\"font-family: Verdana, serif;\"><span style=\"font-size: medium;\"><span lang=\"it-IT\"><i>Come Gruppo Cielo e Terra, di cui far parte il marchio di famiglia Cielo 1908, siamo costantemente a supporto di progetti che abbiano come obiettivo la sostenibilit\u00e0. Ed anche in un appuntamento glamour come la Mostra del Cinema, abbiamo voluto tenere fede ai nostri valori pi\u00f9 profondi sposando un evento in linea con la nostra filosofia\u201d<\/i><\/span><\/span><\/span><\/span><span style=\"color: #000000;\"><span style=\"font-family: Verdana, serif;\"><span style=\"font-size: medium;\"><span lang=\"it-IT\">.<\/span><\/span><\/span><\/span><span style=\"color: #000000;\"><span style=\"font-family: Verdana, serif;\"><span style=\"font-size: medium;\"><span lang=\"it-IT\"><i> Racconta Pierpaolo Cielo CEO _ Cielo e Terra Spa (in foto a dx)<\/i><\/span><\/span><\/span><\/span><\/p>\n<p align=\"justify\"><span style=\"font-family: Helvetica Neue, serif;\"><span style=\"font-family: Verdana, serif;\"><span style=\"font-size: medium;\"><span lang=\"it-IT\">Con questa presenza l&#8217;azienda Cielo e Terra Spa ha voluto rafforzare il rilancio del brand storico: Famiglia Cielo dal 1908, che quest\u2019anno ha visto compiersi<\/span><\/span><\/span><span style=\"font-family: Verdana, serif;\"><span style=\"font-size: medium;\"><span lang=\"es-ES-u-co-trad\"> un restyl<\/span><\/span><\/span><span style=\"font-family: Verdana, serif;\"><span style=\"font-size: medium;\"><span lang=\"it-IT\">ing completo dalle nuove etichette, al pack fino ad arrivare al nuovo sito web ed ai canali social instagram e facebook. <\/span><\/span><\/span><\/span><\/p>\n<p align=\"justify\"><span style=\"font-family: Helvetica Neue, serif;\"><span style=\"font-family: Verdana, serif;\"><span style=\"font-size: medium;\"><span lang=\"it-IT\">Una veste piu&#8217; fresca e giovane per il brand nato nel 1908 che partendo dall\u2019attenzione ai valori del territorio arriva fino alla proposta di eventi per enoappassionati di tutto il mondo come i due in programma durante il Festival del Cinema di Venezia durante i quali Cielo 1908 inaugurer\u00e0 la nuova tag line<\/span><\/span><\/span><span style=\"font-family: Verdana, serif;\"><span style=\"font-size: medium;\">\u00a0<\/span><\/span><span style=\"font-family: Verdana, serif;\"><span style=\"font-size: medium;\"><span lang=\"it-IT\">&#8221; Passion by tradition&#8221; perch\u00e9 \u00e8 proprio una tradizione di passione ha permesso oggi alla storica azienda vitivinicola di esser presente in oltre 60 mercati e sulle tavole di milioni di consumatori. <\/span><\/span><\/span><\/span><\/p>\n<p align=\"justify\"><span style=\"font-family: Helvetica Neue, serif;\"><span style=\"font-family: Verdana, serif;\"><span style=\"font-size: medium;\"><span lang=\"it-IT\">Cielo, riconosciuto nel mondo per la sua capsula e cartoni arancioni, a ricordare i tramonti piu&#8217; accattivanti, si rilancia con un programma di maggiore visibiita&#8217; sul web grazie a contenuti in grado di esprimere valori e passione aprendo cos\u00ec ad un progetto che mixa contenuti del mondo reale con l\u2019experience digitale che da oggi il consumatore potr\u00e0 rivivere nei nuovi canali digitali firmati Cielo 1908<\/span><\/span><\/span><span style=\"font-family: Verdana, serif;\"><span style=\"font-size: medium;\">.<\/span><\/span><\/span><\/p>\n<p align=\"left\"><span style=\"font-family: Helvetica Neue, serif;\">https:\/\/cieloeterravini.com\/<\/span><\/p>\n","protected":false},"excerpt":{"rendered":"<p>I vini della storica famiglia vicentina saranno sponsor dell\u2019istituzionale Italian Pavilion, partner dell\u2019evento \u201cTo Share the Italian Good Living\u201d a Palazzo Rizzo Patarol e supporter speciali della serata benefica \u201cBetter World\u201d- che si terr\u00e0 all\u2019Hotel Cipriani Tanto glamour e vita mondana, e non solo. Ci sar\u00e0 spazio anche per momenti dedicati ad argomenti pi\u00f9 concreti per il marchio vicentino. Cielo 1908 infatti sar\u00e0 anche sponsor del -Better World Found Event-<\/p>\n<p><a class=\"continue-reading\" href=\"https:\/\/www.article-marketing.eu\/comunicatistampa\/la-nuova-veste-dello-storico-brand-cielo-1908-sbarca-a-venezia\/\">Continue reading&#8230;<\/a><\/p>\n","protected":false},"author":397,"featured_media":0,"comment_status":"open","ping_status":"open","sticky":false,"template":"","format":"standard","meta":{"_monsterinsights_skip_tracking":false,"_monsterinsights_sitenote_active":false,"_monsterinsights_sitenote_note":"","_monsterinsights_sitenote_category":0,"footnotes":""},"categories":[78],"tags":[],"class_list":["post-24633","post","type-post","status-publish","format-standard","hentry","category-comunicati-stampa"],"yoast_head":"<!-- This site is optimized with the Yoast SEO plugin v27.3 - https:\/\/yoast.com\/product\/yoast-seo-wordpress\/ -->\n<title>La nuova veste dello storico brand Cielo 1908 sbarca a Venezia<\/title>\n<meta name=\"robots\" content=\"index, follow, max-snippet:-1, max-image-preview:large, max-video-preview:-1\" \/>\n<link rel=\"canonical\" href=\"https:\/\/www.article-marketing.eu\/comunicatistampa\/la-nuova-veste-dello-storico-brand-cielo-1908-sbarca-a-venezia\/\" \/>\n<meta property=\"og:locale\" content=\"it_IT\" \/>\n<meta property=\"og:type\" content=\"article\" \/>\n<meta property=\"og:title\" content=\"La nuova veste dello storico brand Cielo 1908 sbarca a Venezia\" \/>\n<meta property=\"og:description\" content=\"I vini della storica famiglia vicentina saranno sponsor dell\u2019istituzionale Italian Pavilion, partner dell\u2019evento \u201cTo Share the Italian Good Living\u201d a Palazzo Rizzo Patarol e supporter speciali della serata benefica \u201cBetter World\u201d- che si terr\u00e0 all\u2019Hotel Cipriani Tanto glamour e vita mondana, e non solo. Ci sar\u00e0 spazio anche per momenti dedicati ad argomenti pi\u00f9 concreti per il marchio vicentino. Cielo 1908 infatti sar\u00e0 anche sponsor del -Better World Found Event-Continue reading...\" \/>\n<meta property=\"og:url\" content=\"https:\/\/www.article-marketing.eu\/comunicatistampa\/la-nuova-veste-dello-storico-brand-cielo-1908-sbarca-a-venezia\/\" \/>\n<meta property=\"og:site_name\" content=\"Article Marketing\" \/>\n<meta property=\"article:published_time\" content=\"2022-09-07T10:57:48+00:00\" \/>\n<meta name=\"author\" content=\"Borderline Agency\" \/>\n<meta name=\"twitter:card\" content=\"summary_large_image\" \/>\n<meta name=\"twitter:label1\" content=\"Scritto da\" \/>\n\t<meta name=\"twitter:data1\" content=\"Borderline Agency\" \/>\n\t<meta name=\"twitter:label2\" content=\"Tempo di lettura stimato\" \/>\n\t<meta name=\"twitter:data2\" content=\"2 minuti\" \/>\n<script type=\"application\/ld+json\" class=\"yoast-schema-graph\">{\"@context\":\"https:\\\/\\\/schema.org\",\"@graph\":[{\"@type\":\"Article\",\"@id\":\"https:\\\/\\\/www.article-marketing.eu\\\/comunicatistampa\\\/la-nuova-veste-dello-storico-brand-cielo-1908-sbarca-a-venezia\\\/#article\",\"isPartOf\":{\"@id\":\"https:\\\/\\\/www.article-marketing.eu\\\/comunicatistampa\\\/la-nuova-veste-dello-storico-brand-cielo-1908-sbarca-a-venezia\\\/\"},\"author\":{\"name\":\"Borderline Agency\",\"@id\":\"https:\\\/\\\/www.article-marketing.eu\\\/comunicatistampa\\\/#\\\/schema\\\/person\\\/1c4ab1c7aad84347e26e78235da6ff1b\"},\"headline\":\"La nuova veste dello storico brand Cielo 1908 sbarca a Venezia\",\"datePublished\":\"2022-09-07T10:57:48+00:00\",\"mainEntityOfPage\":{\"@id\":\"https:\\\/\\\/www.article-marketing.eu\\\/comunicatistampa\\\/la-nuova-veste-dello-storico-brand-cielo-1908-sbarca-a-venezia\\\/\"},\"wordCount\":376,\"commentCount\":0,\"articleSection\":[\"Comunicati stampa\"],\"inLanguage\":\"it-IT\",\"potentialAction\":[{\"@type\":\"CommentAction\",\"name\":\"Comment\",\"target\":[\"https:\\\/\\\/www.article-marketing.eu\\\/comunicatistampa\\\/la-nuova-veste-dello-storico-brand-cielo-1908-sbarca-a-venezia\\\/#respond\"]}]},{\"@type\":\"WebPage\",\"@id\":\"https:\\\/\\\/www.article-marketing.eu\\\/comunicatistampa\\\/la-nuova-veste-dello-storico-brand-cielo-1908-sbarca-a-venezia\\\/\",\"url\":\"https:\\\/\\\/www.article-marketing.eu\\\/comunicatistampa\\\/la-nuova-veste-dello-storico-brand-cielo-1908-sbarca-a-venezia\\\/\",\"name\":\"La nuova veste dello storico brand Cielo 1908 sbarca a Venezia\",\"isPartOf\":{\"@id\":\"https:\\\/\\\/www.article-marketing.eu\\\/comunicatistampa\\\/#website\"},\"datePublished\":\"2022-09-07T10:57:48+00:00\",\"author\":{\"@id\":\"https:\\\/\\\/www.article-marketing.eu\\\/comunicatistampa\\\/#\\\/schema\\\/person\\\/1c4ab1c7aad84347e26e78235da6ff1b\"},\"breadcrumb\":{\"@id\":\"https:\\\/\\\/www.article-marketing.eu\\\/comunicatistampa\\\/la-nuova-veste-dello-storico-brand-cielo-1908-sbarca-a-venezia\\\/#breadcrumb\"},\"inLanguage\":\"it-IT\",\"potentialAction\":[{\"@type\":\"ReadAction\",\"target\":[\"https:\\\/\\\/www.article-marketing.eu\\\/comunicatistampa\\\/la-nuova-veste-dello-storico-brand-cielo-1908-sbarca-a-venezia\\\/\"]}]},{\"@type\":\"BreadcrumbList\",\"@id\":\"https:\\\/\\\/www.article-marketing.eu\\\/comunicatistampa\\\/la-nuova-veste-dello-storico-brand-cielo-1908-sbarca-a-venezia\\\/#breadcrumb\",\"itemListElement\":[{\"@type\":\"ListItem\",\"position\":1,\"name\":\"Home\",\"item\":\"https:\\\/\\\/www.article-marketing.eu\\\/comunicatistampa\\\/\"},{\"@type\":\"ListItem\",\"position\":2,\"name\":\"La nuova veste dello storico brand Cielo 1908 sbarca a Venezia\"}]},{\"@type\":\"WebSite\",\"@id\":\"https:\\\/\\\/www.article-marketing.eu\\\/comunicatistampa\\\/#website\",\"url\":\"https:\\\/\\\/www.article-marketing.eu\\\/comunicatistampa\\\/\",\"name\":\"Article Marketing\",\"description\":\"article marketing &amp; press release\",\"potentialAction\":[{\"@type\":\"SearchAction\",\"target\":{\"@type\":\"EntryPoint\",\"urlTemplate\":\"https:\\\/\\\/www.article-marketing.eu\\\/comunicatistampa\\\/?s={search_term_string}\"},\"query-input\":{\"@type\":\"PropertyValueSpecification\",\"valueRequired\":true,\"valueName\":\"search_term_string\"}}],\"inLanguage\":\"it-IT\"},{\"@type\":\"Person\",\"@id\":\"https:\\\/\\\/www.article-marketing.eu\\\/comunicatistampa\\\/#\\\/schema\\\/person\\\/1c4ab1c7aad84347e26e78235da6ff1b\",\"name\":\"Borderline Agency\",\"image\":{\"@type\":\"ImageObject\",\"inLanguage\":\"it-IT\",\"@id\":\"https:\\\/\\\/secure.gravatar.com\\\/avatar\\\/741fa053101610cb0be7dc835c116926549ae4ae2142ff35eac04d78fda61461?s=96&d=mm&r=g\",\"url\":\"https:\\\/\\\/secure.gravatar.com\\\/avatar\\\/741fa053101610cb0be7dc835c116926549ae4ae2142ff35eac04d78fda61461?s=96&d=mm&r=g\",\"contentUrl\":\"https:\\\/\\\/secure.gravatar.com\\\/avatar\\\/741fa053101610cb0be7dc835c116926549ae4ae2142ff35eac04d78fda61461?s=96&d=mm&r=g\",\"caption\":\"Borderline Agency\"},\"url\":\"https:\\\/\\\/www.article-marketing.eu\\\/comunicatistampa\\\/author\\\/borderline-agency\\\/\"}]}<\/script>\n<!-- \/ Yoast SEO plugin. -->","yoast_head_json":{"title":"La nuova veste dello storico brand Cielo 1908 sbarca a Venezia","robots":{"index":"index","follow":"follow","max-snippet":"max-snippet:-1","max-image-preview":"max-image-preview:large","max-video-preview":"max-video-preview:-1"},"canonical":"https:\/\/www.article-marketing.eu\/comunicatistampa\/la-nuova-veste-dello-storico-brand-cielo-1908-sbarca-a-venezia\/","og_locale":"it_IT","og_type":"article","og_title":"La nuova veste dello storico brand Cielo 1908 sbarca a Venezia","og_description":"I vini della storica famiglia vicentina saranno sponsor dell\u2019istituzionale Italian Pavilion, partner dell\u2019evento \u201cTo Share the Italian Good Living\u201d a Palazzo Rizzo Patarol e supporter speciali della serata benefica \u201cBetter World\u201d- che si terr\u00e0 all\u2019Hotel Cipriani Tanto glamour e vita mondana, e non solo. Ci sar\u00e0 spazio anche per momenti dedicati ad argomenti pi\u00f9 concreti per il marchio vicentino. Cielo 1908 infatti sar\u00e0 anche sponsor del -Better World Found Event-Continue reading...","og_url":"https:\/\/www.article-marketing.eu\/comunicatistampa\/la-nuova-veste-dello-storico-brand-cielo-1908-sbarca-a-venezia\/","og_site_name":"Article Marketing","article_published_time":"2022-09-07T10:57:48+00:00","author":"Borderline Agency","twitter_card":"summary_large_image","twitter_misc":{"Scritto da":"Borderline Agency","Tempo di lettura stimato":"2 minuti"},"schema":{"@context":"https:\/\/schema.org","@graph":[{"@type":"Article","@id":"https:\/\/www.article-marketing.eu\/comunicatistampa\/la-nuova-veste-dello-storico-brand-cielo-1908-sbarca-a-venezia\/#article","isPartOf":{"@id":"https:\/\/www.article-marketing.eu\/comunicatistampa\/la-nuova-veste-dello-storico-brand-cielo-1908-sbarca-a-venezia\/"},"author":{"name":"Borderline Agency","@id":"https:\/\/www.article-marketing.eu\/comunicatistampa\/#\/schema\/person\/1c4ab1c7aad84347e26e78235da6ff1b"},"headline":"La nuova veste dello storico brand Cielo 1908 sbarca a Venezia","datePublished":"2022-09-07T10:57:48+00:00","mainEntityOfPage":{"@id":"https:\/\/www.article-marketing.eu\/comunicatistampa\/la-nuova-veste-dello-storico-brand-cielo-1908-sbarca-a-venezia\/"},"wordCount":376,"commentCount":0,"articleSection":["Comunicati stampa"],"inLanguage":"it-IT","potentialAction":[{"@type":"CommentAction","name":"Comment","target":["https:\/\/www.article-marketing.eu\/comunicatistampa\/la-nuova-veste-dello-storico-brand-cielo-1908-sbarca-a-venezia\/#respond"]}]},{"@type":"WebPage","@id":"https:\/\/www.article-marketing.eu\/comunicatistampa\/la-nuova-veste-dello-storico-brand-cielo-1908-sbarca-a-venezia\/","url":"https:\/\/www.article-marketing.eu\/comunicatistampa\/la-nuova-veste-dello-storico-brand-cielo-1908-sbarca-a-venezia\/","name":"La nuova veste dello storico brand Cielo 1908 sbarca a Venezia","isPartOf":{"@id":"https:\/\/www.article-marketing.eu\/comunicatistampa\/#website"},"datePublished":"2022-09-07T10:57:48+00:00","author":{"@id":"https:\/\/www.article-marketing.eu\/comunicatistampa\/#\/schema\/person\/1c4ab1c7aad84347e26e78235da6ff1b"},"breadcrumb":{"@id":"https:\/\/www.article-marketing.eu\/comunicatistampa\/la-nuova-veste-dello-storico-brand-cielo-1908-sbarca-a-venezia\/#breadcrumb"},"inLanguage":"it-IT","potentialAction":[{"@type":"ReadAction","target":["https:\/\/www.article-marketing.eu\/comunicatistampa\/la-nuova-veste-dello-storico-brand-cielo-1908-sbarca-a-venezia\/"]}]},{"@type":"BreadcrumbList","@id":"https:\/\/www.article-marketing.eu\/comunicatistampa\/la-nuova-veste-dello-storico-brand-cielo-1908-sbarca-a-venezia\/#breadcrumb","itemListElement":[{"@type":"ListItem","position":1,"name":"Home","item":"https:\/\/www.article-marketing.eu\/comunicatistampa\/"},{"@type":"ListItem","position":2,"name":"La nuova veste dello storico brand Cielo 1908 sbarca a Venezia"}]},{"@type":"WebSite","@id":"https:\/\/www.article-marketing.eu\/comunicatistampa\/#website","url":"https:\/\/www.article-marketing.eu\/comunicatistampa\/","name":"Article Marketing","description":"article marketing &amp; press release","potentialAction":[{"@type":"SearchAction","target":{"@type":"EntryPoint","urlTemplate":"https:\/\/www.article-marketing.eu\/comunicatistampa\/?s={search_term_string}"},"query-input":{"@type":"PropertyValueSpecification","valueRequired":true,"valueName":"search_term_string"}}],"inLanguage":"it-IT"},{"@type":"Person","@id":"https:\/\/www.article-marketing.eu\/comunicatistampa\/#\/schema\/person\/1c4ab1c7aad84347e26e78235da6ff1b","name":"Borderline Agency","image":{"@type":"ImageObject","inLanguage":"it-IT","@id":"https:\/\/secure.gravatar.com\/avatar\/741fa053101610cb0be7dc835c116926549ae4ae2142ff35eac04d78fda61461?s=96&d=mm&r=g","url":"https:\/\/secure.gravatar.com\/avatar\/741fa053101610cb0be7dc835c116926549ae4ae2142ff35eac04d78fda61461?s=96&d=mm&r=g","contentUrl":"https:\/\/secure.gravatar.com\/avatar\/741fa053101610cb0be7dc835c116926549ae4ae2142ff35eac04d78fda61461?s=96&d=mm&r=g","caption":"Borderline Agency"},"url":"https:\/\/www.article-marketing.eu\/comunicatistampa\/author\/borderline-agency\/"}]}},"_links":{"self":[{"href":"https:\/\/www.article-marketing.eu\/comunicatistampa\/wp-json\/wp\/v2\/posts\/24633","targetHints":{"allow":["GET"]}}],"collection":[{"href":"https:\/\/www.article-marketing.eu\/comunicatistampa\/wp-json\/wp\/v2\/posts"}],"about":[{"href":"https:\/\/www.article-marketing.eu\/comunicatistampa\/wp-json\/wp\/v2\/types\/post"}],"author":[{"embeddable":true,"href":"https:\/\/www.article-marketing.eu\/comunicatistampa\/wp-json\/wp\/v2\/users\/397"}],"replies":[{"embeddable":true,"href":"https:\/\/www.article-marketing.eu\/comunicatistampa\/wp-json\/wp\/v2\/comments?post=24633"}],"version-history":[{"count":2,"href":"https:\/\/www.article-marketing.eu\/comunicatistampa\/wp-json\/wp\/v2\/posts\/24633\/revisions"}],"predecessor-version":[{"id":24644,"href":"https:\/\/www.article-marketing.eu\/comunicatistampa\/wp-json\/wp\/v2\/posts\/24633\/revisions\/24644"}],"wp:attachment":[{"href":"https:\/\/www.article-marketing.eu\/comunicatistampa\/wp-json\/wp\/v2\/media?parent=24633"}],"wp:term":[{"taxonomy":"category","embeddable":true,"href":"https:\/\/www.article-marketing.eu\/comunicatistampa\/wp-json\/wp\/v2\/categories?post=24633"},{"taxonomy":"post_tag","embeddable":true,"href":"https:\/\/www.article-marketing.eu\/comunicatistampa\/wp-json\/wp\/v2\/tags?post=24633"}],"curies":[{"name":"wp","href":"https:\/\/api.w.org\/{rel}","templated":true}]}}