{"id":24648,"date":"2022-09-08T04:36:04","date_gmt":"2022-09-08T02:36:04","guid":{"rendered":"https:\/\/www.article-marketing.eu\/comunicatistampa\/?p=24648"},"modified":"2022-09-08T04:36:04","modified_gmt":"2022-09-08T02:36:04","slug":"massimo-malvestio-lattivita-in-ambito-editoriale-e-la-lungimiranza-delle-sue-riflessioni","status":"publish","type":"post","link":"https:\/\/www.article-marketing.eu\/comunicatistampa\/massimo-malvestio-lattivita-in-ambito-editoriale-e-la-lungimiranza-delle-sue-riflessioni\/","title":{"rendered":"Massimo Malvestio: l\u2019attivit\u00e0 in ambito editoriale e la lungimiranza delle sue riflessioni"},"content":{"rendered":"<p><strong><em>L&#8217;attivit\u00e0 di editorialista dell&#8217;avvocato <a title=\"Massimo Malvestio - veneziepost\" href=\"https:\/\/www.veneziepost.it\/author\/massimo-malvestio\/\">Massimo Malvestio<\/a> \u00e8 ancora oggi motivo di notizia: i suoi articoli sono ripresi da diverse testate per la lungimiranza delle riflessioni contenute.<\/em><\/strong><\/p>\n<h2>Massimo Malvestio: avvocato ed editorialista, il ritratto<\/h2>\n<p>\u00c8 oggi alla guida di Praude Asset Management Ltd in qualit\u00e0 di Presidente del Comitato per gli Investimenti. Ma <strong>Massimo Malvestio<\/strong>, originario di Treviso, alla carriera ha affiancato per anni una prolifica attivit\u00e0 di editorialista scrivendo per diverse testate tra cui &#8220;Nordesteuropa&#8221; e &#8220;Corriere del Veneto&#8221;: i suoi articoli sono stati riproposti recentemente anche su &#8220;Venezie Post&#8221; per la lungimiranza e l&#8217;accortezza nell&#8217;approfondire le grandi questioni affrontate al loro interno. Le analisi di <strong>Massimo Malvestio<\/strong> hanno riguardato non solo delicate operazioni di rilievo finanziario che hanno interessato il Veneto negli scorsi anni ma anche le principali realt\u00e0 del territorio dove ha vissuto.<\/p>\n<h2>Massimo Malvestio: accortezza e profondit\u00e0 nelle analisi dell&#8217;avvocato<\/h2>\n<p>In diversi editoriali l&#8217;avvocato <strong>Massimo Malvestio<\/strong> poneva in risalto alcune problematiche a cui per lungo tempo non \u00e8 stata riservata attenzione per poi emergere prepotentemente richiedendo una soluzione urgente. La lungimiranza delle sue riflessioni ancora oggi \u00e8 motivo di notizia. \u00c8 capitato anche nei giorni scorsi quando &#8220;Vicenza Pi\u00f9&#8221; ha ripreso un editoriale scritto nel 2007 per il &#8220;Corriere del Veneto&#8221; in cui l&#8217;avvocato richiamava l&#8217;urgenza di alcuni interventi sull&#8217;acquedotto di Valdobbiadene che nelle scorse settimane si sono resi necessari: nel bel mezzo della siccit\u00e0 che sta colpendo pesantemente anche il Veneto, a Valdobbiadene, Segusino e Quero-Vas, a causa della crisi idrica, \u00e8 stata ridotta la portata delle reti. La situazione ha fatto emergere la necessit\u00e0 di intervenire sull&#8217;acquedotto, come sollecitava <strong>Massimo Malvestio<\/strong>. E ancora nelle scorse settimane le parole dell&#8217;avvocato rilasciate lo scorso anno in un&#8217;intervista a &#8220;Venezie Post&#8221; in cui ipotizzava un rialzo dell&#8217;inflazione al 5%. Una visione su cui allora in molti erano scettici: la realt\u00e0 oggi ha dato ragione al Presidente del Comitato per gli Investimenti di Praude Asset Management Ltd come dicono le percentuali sotto gli occhi di tutti.<\/p>\n","protected":false},"excerpt":{"rendered":"<p>L&#8217;attivit\u00e0 di editorialista dell&#8217;avvocato Massimo Malvestio \u00e8 ancora oggi motivo di notizia: i suoi articoli sono ripresi da diverse testate per la lungimiranza delle riflessioni contenute. Massimo Malvestio: avvocato ed editorialista, il ritratto \u00c8 oggi alla guida di Praude Asset Management Ltd in qualit\u00e0 di Presidente del Comitato per gli Investimenti. Ma Massimo Malvestio, originario di Treviso, alla carriera ha affiancato per anni una prolifica attivit\u00e0 di editorialista scrivendo per<\/p>\n<p><a class=\"continue-reading\" href=\"https:\/\/www.article-marketing.eu\/comunicatistampa\/massimo-malvestio-lattivita-in-ambito-editoriale-e-la-lungimiranza-delle-sue-riflessioni\/\">Continue reading&#8230;<\/a><\/p>\n","protected":false},"author":6477,"featured_media":0,"comment_status":"open","ping_status":"open","sticky":false,"template":"","format":"standard","meta":{"_monsterinsights_skip_tracking":false,"_monsterinsights_sitenote_active":false,"_monsterinsights_sitenote_note":"","_monsterinsights_sitenote_category":0,"footnotes":""},"categories":[78],"tags":[9308],"class_list":["post-24648","post","type-post","status-publish","format-standard","hentry","category-comunicati-stampa","tag-massimo-malvestio"],"yoast_head":"<!-- This site is optimized with the Yoast SEO plugin v27.3 - https:\/\/yoast.com\/product\/yoast-seo-wordpress\/ -->\n<title>Massimo Malvestio: l\u2019attivit\u00e0 in ambito editoriale e la lungimiranza delle sue riflessioni<\/title>\n<meta name=\"robots\" content=\"index, follow, max-snippet:-1, max-image-preview:large, max-video-preview:-1\" \/>\n<link rel=\"canonical\" href=\"https:\/\/www.article-marketing.eu\/comunicatistampa\/massimo-malvestio-lattivita-in-ambito-editoriale-e-la-lungimiranza-delle-sue-riflessioni\/\" \/>\n<meta property=\"og:locale\" content=\"it_IT\" \/>\n<meta property=\"og:type\" content=\"article\" \/>\n<meta property=\"og:title\" content=\"Massimo Malvestio: l\u2019attivit\u00e0 in ambito editoriale e la lungimiranza delle sue riflessioni\" \/>\n<meta property=\"og:description\" content=\"L&#8217;attivit\u00e0 di editorialista dell&#8217;avvocato Massimo Malvestio \u00e8 ancora oggi motivo di notizia: i suoi articoli sono ripresi da diverse testate per la lungimiranza delle riflessioni contenute. Massimo Malvestio: avvocato ed editorialista, il ritratto \u00c8 oggi alla guida di Praude Asset Management Ltd in qualit\u00e0 di Presidente del Comitato per gli Investimenti. Ma Massimo Malvestio, originario di Treviso, alla carriera ha affiancato per anni una prolifica attivit\u00e0 di editorialista scrivendo perContinue reading...\" \/>\n<meta property=\"og:url\" content=\"https:\/\/www.article-marketing.eu\/comunicatistampa\/massimo-malvestio-lattivita-in-ambito-editoriale-e-la-lungimiranza-delle-sue-riflessioni\/\" \/>\n<meta property=\"og:site_name\" content=\"Article Marketing\" \/>\n<meta property=\"article:published_time\" content=\"2022-09-08T02:36:04+00:00\" \/>\n<meta name=\"author\" content=\"articolinews\" \/>\n<meta name=\"twitter:card\" content=\"summary_large_image\" \/>\n<meta name=\"twitter:label1\" content=\"Scritto da\" \/>\n\t<meta name=\"twitter:data1\" content=\"articolinews\" \/>\n\t<meta name=\"twitter:label2\" content=\"Tempo di lettura stimato\" \/>\n\t<meta name=\"twitter:data2\" content=\"2 minuti\" \/>\n<script type=\"application\/ld+json\" class=\"yoast-schema-graph\">{\"@context\":\"https:\\\/\\\/schema.org\",\"@graph\":[{\"@type\":\"Article\",\"@id\":\"https:\\\/\\\/www.article-marketing.eu\\\/comunicatistampa\\\/massimo-malvestio-lattivita-in-ambito-editoriale-e-la-lungimiranza-delle-sue-riflessioni\\\/#article\",\"isPartOf\":{\"@id\":\"https:\\\/\\\/www.article-marketing.eu\\\/comunicatistampa\\\/massimo-malvestio-lattivita-in-ambito-editoriale-e-la-lungimiranza-delle-sue-riflessioni\\\/\"},\"author\":{\"name\":\"articolinews\",\"@id\":\"https:\\\/\\\/www.article-marketing.eu\\\/comunicatistampa\\\/#\\\/schema\\\/person\\\/2fcaf8f8f3a9eef9eb7f27532d3ca458\"},\"headline\":\"Massimo Malvestio: l\u2019attivit\u00e0 in ambito editoriale e la lungimiranza delle sue riflessioni\",\"datePublished\":\"2022-09-08T02:36:04+00:00\",\"mainEntityOfPage\":{\"@id\":\"https:\\\/\\\/www.article-marketing.eu\\\/comunicatistampa\\\/massimo-malvestio-lattivita-in-ambito-editoriale-e-la-lungimiranza-delle-sue-riflessioni\\\/\"},\"wordCount\":332,\"commentCount\":0,\"keywords\":[\"Massimo Malvestio\"],\"articleSection\":[\"Comunicati stampa\"],\"inLanguage\":\"it-IT\",\"potentialAction\":[{\"@type\":\"CommentAction\",\"name\":\"Comment\",\"target\":[\"https:\\\/\\\/www.article-marketing.eu\\\/comunicatistampa\\\/massimo-malvestio-lattivita-in-ambito-editoriale-e-la-lungimiranza-delle-sue-riflessioni\\\/#respond\"]}]},{\"@type\":\"WebPage\",\"@id\":\"https:\\\/\\\/www.article-marketing.eu\\\/comunicatistampa\\\/massimo-malvestio-lattivita-in-ambito-editoriale-e-la-lungimiranza-delle-sue-riflessioni\\\/\",\"url\":\"https:\\\/\\\/www.article-marketing.eu\\\/comunicatistampa\\\/massimo-malvestio-lattivita-in-ambito-editoriale-e-la-lungimiranza-delle-sue-riflessioni\\\/\",\"name\":\"Massimo Malvestio: l\u2019attivit\u00e0 in ambito editoriale e la lungimiranza delle sue riflessioni\",\"isPartOf\":{\"@id\":\"https:\\\/\\\/www.article-marketing.eu\\\/comunicatistampa\\\/#website\"},\"datePublished\":\"2022-09-08T02:36:04+00:00\",\"author\":{\"@id\":\"https:\\\/\\\/www.article-marketing.eu\\\/comunicatistampa\\\/#\\\/schema\\\/person\\\/2fcaf8f8f3a9eef9eb7f27532d3ca458\"},\"breadcrumb\":{\"@id\":\"https:\\\/\\\/www.article-marketing.eu\\\/comunicatistampa\\\/massimo-malvestio-lattivita-in-ambito-editoriale-e-la-lungimiranza-delle-sue-riflessioni\\\/#breadcrumb\"},\"inLanguage\":\"it-IT\",\"potentialAction\":[{\"@type\":\"ReadAction\",\"target\":[\"https:\\\/\\\/www.article-marketing.eu\\\/comunicatistampa\\\/massimo-malvestio-lattivita-in-ambito-editoriale-e-la-lungimiranza-delle-sue-riflessioni\\\/\"]}]},{\"@type\":\"BreadcrumbList\",\"@id\":\"https:\\\/\\\/www.article-marketing.eu\\\/comunicatistampa\\\/massimo-malvestio-lattivita-in-ambito-editoriale-e-la-lungimiranza-delle-sue-riflessioni\\\/#breadcrumb\",\"itemListElement\":[{\"@type\":\"ListItem\",\"position\":1,\"name\":\"Home\",\"item\":\"https:\\\/\\\/www.article-marketing.eu\\\/comunicatistampa\\\/\"},{\"@type\":\"ListItem\",\"position\":2,\"name\":\"Massimo Malvestio: l\u2019attivit\u00e0 in ambito editoriale e la lungimiranza delle sue riflessioni\"}]},{\"@type\":\"WebSite\",\"@id\":\"https:\\\/\\\/www.article-marketing.eu\\\/comunicatistampa\\\/#website\",\"url\":\"https:\\\/\\\/www.article-marketing.eu\\\/comunicatistampa\\\/\",\"name\":\"Article Marketing\",\"description\":\"article marketing &amp; press release\",\"potentialAction\":[{\"@type\":\"SearchAction\",\"target\":{\"@type\":\"EntryPoint\",\"urlTemplate\":\"https:\\\/\\\/www.article-marketing.eu\\\/comunicatistampa\\\/?s={search_term_string}\"},\"query-input\":{\"@type\":\"PropertyValueSpecification\",\"valueRequired\":true,\"valueName\":\"search_term_string\"}}],\"inLanguage\":\"it-IT\"},{\"@type\":\"Person\",\"@id\":\"https:\\\/\\\/www.article-marketing.eu\\\/comunicatistampa\\\/#\\\/schema\\\/person\\\/2fcaf8f8f3a9eef9eb7f27532d3ca458\",\"name\":\"articolinews\",\"image\":{\"@type\":\"ImageObject\",\"inLanguage\":\"it-IT\",\"@id\":\"https:\\\/\\\/secure.gravatar.com\\\/avatar\\\/9e2a264bab04e17dea24d937c9956304649a848cb73c46747a692ff1bdeb1cb7?s=96&d=mm&r=g\",\"url\":\"https:\\\/\\\/secure.gravatar.com\\\/avatar\\\/9e2a264bab04e17dea24d937c9956304649a848cb73c46747a692ff1bdeb1cb7?s=96&d=mm&r=g\",\"contentUrl\":\"https:\\\/\\\/secure.gravatar.com\\\/avatar\\\/9e2a264bab04e17dea24d937c9956304649a848cb73c46747a692ff1bdeb1cb7?s=96&d=mm&r=g\",\"caption\":\"articolinews\"},\"url\":\"https:\\\/\\\/www.article-marketing.eu\\\/comunicatistampa\\\/author\\\/articolinews\\\/\"}]}<\/script>\n<!-- \/ Yoast SEO plugin. -->","yoast_head_json":{"title":"Massimo Malvestio: l\u2019attivit\u00e0 in ambito editoriale e la lungimiranza delle sue riflessioni","robots":{"index":"index","follow":"follow","max-snippet":"max-snippet:-1","max-image-preview":"max-image-preview:large","max-video-preview":"max-video-preview:-1"},"canonical":"https:\/\/www.article-marketing.eu\/comunicatistampa\/massimo-malvestio-lattivita-in-ambito-editoriale-e-la-lungimiranza-delle-sue-riflessioni\/","og_locale":"it_IT","og_type":"article","og_title":"Massimo Malvestio: l\u2019attivit\u00e0 in ambito editoriale e la lungimiranza delle sue riflessioni","og_description":"L&#8217;attivit\u00e0 di editorialista dell&#8217;avvocato Massimo Malvestio \u00e8 ancora oggi motivo di notizia: i suoi articoli sono ripresi da diverse testate per la lungimiranza delle riflessioni contenute. Massimo Malvestio: avvocato ed editorialista, il ritratto \u00c8 oggi alla guida di Praude Asset Management Ltd in qualit\u00e0 di Presidente del Comitato per gli Investimenti. Ma Massimo Malvestio, originario di Treviso, alla carriera ha affiancato per anni una prolifica attivit\u00e0 di editorialista scrivendo perContinue reading...","og_url":"https:\/\/www.article-marketing.eu\/comunicatistampa\/massimo-malvestio-lattivita-in-ambito-editoriale-e-la-lungimiranza-delle-sue-riflessioni\/","og_site_name":"Article Marketing","article_published_time":"2022-09-08T02:36:04+00:00","author":"articolinews","twitter_card":"summary_large_image","twitter_misc":{"Scritto da":"articolinews","Tempo di lettura stimato":"2 minuti"},"schema":{"@context":"https:\/\/schema.org","@graph":[{"@type":"Article","@id":"https:\/\/www.article-marketing.eu\/comunicatistampa\/massimo-malvestio-lattivita-in-ambito-editoriale-e-la-lungimiranza-delle-sue-riflessioni\/#article","isPartOf":{"@id":"https:\/\/www.article-marketing.eu\/comunicatistampa\/massimo-malvestio-lattivita-in-ambito-editoriale-e-la-lungimiranza-delle-sue-riflessioni\/"},"author":{"name":"articolinews","@id":"https:\/\/www.article-marketing.eu\/comunicatistampa\/#\/schema\/person\/2fcaf8f8f3a9eef9eb7f27532d3ca458"},"headline":"Massimo Malvestio: l\u2019attivit\u00e0 in ambito editoriale e la lungimiranza delle sue riflessioni","datePublished":"2022-09-08T02:36:04+00:00","mainEntityOfPage":{"@id":"https:\/\/www.article-marketing.eu\/comunicatistampa\/massimo-malvestio-lattivita-in-ambito-editoriale-e-la-lungimiranza-delle-sue-riflessioni\/"},"wordCount":332,"commentCount":0,"keywords":["Massimo Malvestio"],"articleSection":["Comunicati stampa"],"inLanguage":"it-IT","potentialAction":[{"@type":"CommentAction","name":"Comment","target":["https:\/\/www.article-marketing.eu\/comunicatistampa\/massimo-malvestio-lattivita-in-ambito-editoriale-e-la-lungimiranza-delle-sue-riflessioni\/#respond"]}]},{"@type":"WebPage","@id":"https:\/\/www.article-marketing.eu\/comunicatistampa\/massimo-malvestio-lattivita-in-ambito-editoriale-e-la-lungimiranza-delle-sue-riflessioni\/","url":"https:\/\/www.article-marketing.eu\/comunicatistampa\/massimo-malvestio-lattivita-in-ambito-editoriale-e-la-lungimiranza-delle-sue-riflessioni\/","name":"Massimo Malvestio: l\u2019attivit\u00e0 in ambito editoriale e la lungimiranza delle sue riflessioni","isPartOf":{"@id":"https:\/\/www.article-marketing.eu\/comunicatistampa\/#website"},"datePublished":"2022-09-08T02:36:04+00:00","author":{"@id":"https:\/\/www.article-marketing.eu\/comunicatistampa\/#\/schema\/person\/2fcaf8f8f3a9eef9eb7f27532d3ca458"},"breadcrumb":{"@id":"https:\/\/www.article-marketing.eu\/comunicatistampa\/massimo-malvestio-lattivita-in-ambito-editoriale-e-la-lungimiranza-delle-sue-riflessioni\/#breadcrumb"},"inLanguage":"it-IT","potentialAction":[{"@type":"ReadAction","target":["https:\/\/www.article-marketing.eu\/comunicatistampa\/massimo-malvestio-lattivita-in-ambito-editoriale-e-la-lungimiranza-delle-sue-riflessioni\/"]}]},{"@type":"BreadcrumbList","@id":"https:\/\/www.article-marketing.eu\/comunicatistampa\/massimo-malvestio-lattivita-in-ambito-editoriale-e-la-lungimiranza-delle-sue-riflessioni\/#breadcrumb","itemListElement":[{"@type":"ListItem","position":1,"name":"Home","item":"https:\/\/www.article-marketing.eu\/comunicatistampa\/"},{"@type":"ListItem","position":2,"name":"Massimo Malvestio: l\u2019attivit\u00e0 in ambito editoriale e la lungimiranza delle sue riflessioni"}]},{"@type":"WebSite","@id":"https:\/\/www.article-marketing.eu\/comunicatistampa\/#website","url":"https:\/\/www.article-marketing.eu\/comunicatistampa\/","name":"Article Marketing","description":"article marketing &amp; press release","potentialAction":[{"@type":"SearchAction","target":{"@type":"EntryPoint","urlTemplate":"https:\/\/www.article-marketing.eu\/comunicatistampa\/?s={search_term_string}"},"query-input":{"@type":"PropertyValueSpecification","valueRequired":true,"valueName":"search_term_string"}}],"inLanguage":"it-IT"},{"@type":"Person","@id":"https:\/\/www.article-marketing.eu\/comunicatistampa\/#\/schema\/person\/2fcaf8f8f3a9eef9eb7f27532d3ca458","name":"articolinews","image":{"@type":"ImageObject","inLanguage":"it-IT","@id":"https:\/\/secure.gravatar.com\/avatar\/9e2a264bab04e17dea24d937c9956304649a848cb73c46747a692ff1bdeb1cb7?s=96&d=mm&r=g","url":"https:\/\/secure.gravatar.com\/avatar\/9e2a264bab04e17dea24d937c9956304649a848cb73c46747a692ff1bdeb1cb7?s=96&d=mm&r=g","contentUrl":"https:\/\/secure.gravatar.com\/avatar\/9e2a264bab04e17dea24d937c9956304649a848cb73c46747a692ff1bdeb1cb7?s=96&d=mm&r=g","caption":"articolinews"},"url":"https:\/\/www.article-marketing.eu\/comunicatistampa\/author\/articolinews\/"}]}},"_links":{"self":[{"href":"https:\/\/www.article-marketing.eu\/comunicatistampa\/wp-json\/wp\/v2\/posts\/24648","targetHints":{"allow":["GET"]}}],"collection":[{"href":"https:\/\/www.article-marketing.eu\/comunicatistampa\/wp-json\/wp\/v2\/posts"}],"about":[{"href":"https:\/\/www.article-marketing.eu\/comunicatistampa\/wp-json\/wp\/v2\/types\/post"}],"author":[{"embeddable":true,"href":"https:\/\/www.article-marketing.eu\/comunicatistampa\/wp-json\/wp\/v2\/users\/6477"}],"replies":[{"embeddable":true,"href":"https:\/\/www.article-marketing.eu\/comunicatistampa\/wp-json\/wp\/v2\/comments?post=24648"}],"version-history":[{"count":2,"href":"https:\/\/www.article-marketing.eu\/comunicatistampa\/wp-json\/wp\/v2\/posts\/24648\/revisions"}],"predecessor-version":[{"id":24656,"href":"https:\/\/www.article-marketing.eu\/comunicatistampa\/wp-json\/wp\/v2\/posts\/24648\/revisions\/24656"}],"wp:attachment":[{"href":"https:\/\/www.article-marketing.eu\/comunicatistampa\/wp-json\/wp\/v2\/media?parent=24648"}],"wp:term":[{"taxonomy":"category","embeddable":true,"href":"https:\/\/www.article-marketing.eu\/comunicatistampa\/wp-json\/wp\/v2\/categories?post=24648"},{"taxonomy":"post_tag","embeddable":true,"href":"https:\/\/www.article-marketing.eu\/comunicatistampa\/wp-json\/wp\/v2\/tags?post=24648"}],"curies":[{"name":"wp","href":"https:\/\/api.w.org\/{rel}","templated":true}]}}