{"id":24650,"date":"2022-09-08T04:40:51","date_gmt":"2022-09-08T02:40:51","guid":{"rendered":"https:\/\/www.article-marketing.eu\/comunicatistampa\/?p=24650"},"modified":"2022-09-08T04:40:51","modified_gmt":"2022-09-08T02:40:51","slug":"bilateralita-a-km-zero-alla-scoperta-dellarea-bolognese","status":"publish","type":"post","link":"https:\/\/www.article-marketing.eu\/comunicatistampa\/bilateralita-a-km-zero-alla-scoperta-dellarea-bolognese\/","title":{"rendered":"Bilateralit\u00e0 a Km zero:  Alla scoperta dell\u2019area bolognese"},"content":{"rendered":"<p align=\"justify\"><span style=\"font-family: Verdana, serif;\"><span style=\"font-size: medium;\"><i>Da settembre al via i corsi e i seminari promossi da Ebiterbo, l\u2019Ente Bilaterale del Terziario della Citt\u00e0 Metropolitana di Bologna, per acquisire nuove competenze e spunti per lo sviluppo delle attivit\u00e0 nei principali comuni della provincia.<\/i><\/span><\/span><\/p>\n<p class=\"western\" align=\"justify\"><span style=\"font-family: Verdana, serif;\"><span style=\"font-size: medium;\">Se il 2022 si sta dimostrando un anno difficile e lo scenario che si profila all\u2019orizzonte non \u00e8 poi cos\u00ec rasserenante, fortunatamente ci sono <\/span><\/span><span style=\"font-family: Verdana, serif;\"><span style=\"font-size: medium;\"><b>importanti supporti grazie alle iniziative promosse da<\/b><\/span><\/span> <span style=\"font-family: Verdana, serif;\"><span style=\"font-size: medium;\"><b>realt\u00e0 cittadine impegnate nel campo del welfare, della formazione e della solidariet\u00e0<\/b><\/span><\/span><span style=\"font-family: Verdana, serif;\"><span style=\"font-size: medium;\">. <\/span><\/span><\/p>\n<p class=\"western\" align=\"justify\"><span style=\"font-family: Verdana, serif;\"><span style=\"font-size: medium;\">E\u2019 il caso di <\/span><\/span><span style=\"font-family: Verdana, serif;\"><span style=\"font-size: medium;\"><b>E.Bi.Ter.Bo<\/b><\/span><\/span><span style=\"font-family: Verdana, serif;\"><span style=\"font-size: medium;\">., l\u2019Ente Bilaterale del Terziario della citt\u00e0 di Metropolitana di Bologna che da oltre 20 anni svolge <\/span><\/span><span style=\"font-family: Verdana, serif;\"><span style=\"font-size: medium;\"><b>attivit\u00e0 destinate a<\/b><\/span><\/span> <span style=\"font-family: Verdana, serif;\"><span style=\"font-size: medium;\"><b>sostenere l\u2019innovazione, la competitivit\u00e0 e lo sviluppo nel settore del Commercio e del Turismo ossia, del Terziario, della Distribuzione e dei Servizi<\/b><\/span><\/span><span style=\"font-family: Verdana, serif;\"><span style=\"font-size: medium;\"> con particolare focus sull\u2019accrescimento e il miglioramento delle competenze di lavoratori e imprese. <\/span><\/span><\/p>\n<p align=\"justify\"><a name=\"_GoBack\"><\/a> <span style=\"font-family: Verdana, serif;\"><span style=\"font-size: medium;\">Si prospetta dunque un autunno ricco di opportunit\u00e0, grazie ai <\/span><\/span><span style=\"font-family: Verdana, serif;\"><span style=\"font-size: medium;\"><b>corsi e ai seminari<\/b><\/span><\/span><span style=\"font-family: Verdana, serif;\"><span style=\"font-size: medium;\"> patrocinati dalla Citt\u00e0 Metropolitana di Bologna e coordinati da Ebiterbo, <\/span><\/span><span style=\"font-family: Verdana, serif;\"><span style=\"font-size: medium;\"><b>costituito da<\/b><\/span><\/span> <strong><span style=\"font-family: Verdana, serif;\"><span style=\"font-size: medium;\">Confcommercio Imprese per l\u2019Italia e<\/span><\/span><\/strong><b> <\/b><em><span style=\"font-family: Verdana, serif;\"><span style=\"font-size: medium;\"><b>dalle Organizzazioni Sindacali dei Lavoratori <\/b><\/span><\/span><\/em><strong><span style=\"font-family: Verdana, serif;\"><span style=\"font-size: medium;\">FILCAMS-CGIL<\/span><\/span><\/strong><em><span style=\"font-family: Verdana, serif;\"><span style=\"font-size: medium;\">, <\/span><\/span><\/em><strong><span style=\"font-family: Verdana, serif;\"><span style=\"font-size: medium;\">FISASCAT-CISL<\/span><\/span><\/strong><em><span style=\"font-family: Verdana, serif;\"><span style=\"font-size: medium;\"> e <\/span><\/span><\/em><strong><span style=\"font-family: Verdana, serif;\"><span style=\"font-size: medium;\">UILTUCS-UIL<\/span><\/span><\/strong><strong><span style=\"font-family: Verdana, serif;\"><span style=\"font-size: medium;\">.<\/span><\/span><\/strong><\/p>\n<p class=\"western\" align=\"justify\"><span style=\"font-family: Verdana, serif;\"><span style=\"font-size: medium;\"><b>Gli incontri si pongono come obiettivo la promozione culturale del territorio metropolitano attraverso il coinvolgimento<\/b><\/span><\/span><span style=\"font-family: Verdana, serif;\"><span style=\"font-size: medium;\"><b>\u00a0<\/b><\/span><\/span><span style=\"font-family: Verdana, serif;\"><span style=\"font-size: medium;\"><b>e la fattiva partecipazione del tessuto locale dell\u2019artigianato, del commercio e del terziario\u00a0<\/b><\/span><\/span><span style=\"font-family: Verdana, serif;\"><span style=\"font-size: medium;\"><b>in tutte le sue declinazioni. <\/b><\/span><\/span><\/p>\n<p class=\"western\" align=\"justify\"><span style=\"font-family: Verdana, serif;\"><span style=\"font-size: medium;\">Una formula per consolidare i punti di forza del territorio<\/span><\/span><span style=\"font-family: Verdana, serif;\"><span style=\"font-size: medium;\">\u00a0bolognese, uno dei luoghi pi\u00f9 attrattivi non solo in termini di investimenti, ma anche come luogo in cui si decide di vivere, grazie alla posizione strategica, la presenza di Lavoratori e Lavoratrici qualificati, l\u2019ambiente culturale e sociale di qualit\u00e0, le filiere d\u2019eccellenza.<\/span><\/span><\/p>\n<p class=\"western\" align=\"justify\"><span style=\"font-family: Verdana, serif;\"><span style=\"font-size: medium;\">Si spazia dalla <\/span><\/span><span style=\"font-family: Verdana, serif;\"><span style=\"font-size: medium;\"><b>scoperta di vino, birra, pane e formaggio<\/b><\/span><\/span> <span style=\"font-family: Verdana, serif;\"><span style=\"font-size: medium;\"><b>lungo i percorsi enogastronomici tra l\u2019Idice e il Savena<\/b><\/span><\/span><span style=\"font-family: Verdana, serif;\"><span style=\"font-size: medium;\"> alle <\/span><\/span><span style=\"font-family: Verdana, serif;\"><span style=\"font-size: medium;\"><b>strategie online per ripensare il punto vendita<\/b><\/span><\/span><span style=\"font-family: Verdana, serif;\"><span style=\"font-size: medium;\"> e <\/span><\/span><span style=\"font-family: Verdana, serif;\"><span style=\"font-size: medium;\">dare nuovo slancio all\u2019economia di prossimit\u00e0 nel Comune di San Lazzaro di Savena <\/span><\/span><span style=\"font-family: Verdana, serif;\"><span style=\"font-size: medium;\"><b>all\u2019arte<\/b><\/span><\/span><span style=\"font-family: Verdana, serif;\"><span style=\"font-size: medium;\"><b> della sfoglia tra cappelletti e tortellini a Imola<\/b><\/span><\/span><span style=\"font-family: Verdana, serif;\"><span style=\"font-size: medium;\">, dove si potr\u00e0 anche <\/span><\/span><span style=\"font-family: Verdana, serif;\"><span style=\"font-size: medium;\"><b>imparare a riconoscere e usare le erbe spontanee del verde imolese<\/b><\/span><\/span><span style=\"font-family: Verdana, serif;\"><span style=\"font-size: medium;\">. Non solo perch\u00e9 <\/span><\/span><span style=\"font-family: Verdana, serif;\"><span style=\"font-size: medium;\"><b>a Budrio<\/b><\/span><\/span><span style=\"font-family: Verdana, serif;\"><span style=\"font-size: medium;\"> si parler\u00e0 di territorio, sia nella sua pi\u00f9 ghiotta espressione, ovvero <\/span><\/span><span style=\"font-family: Verdana, serif;\"><span style=\"font-size: medium;\"><b>i prodotti tipici<\/b><\/span><\/span><span style=\"font-family: Verdana, serif;\"><span style=\"font-size: medium;\"> che nella <\/span><\/span><span style=\"font-family: Verdana, serif;\"><span style=\"font-size: medium;\"><b>gestione dei rifiuti, dell\u2019energia e del centro urbano<\/b><\/span><\/span><span style=\"font-family: Verdana, serif;\"><span style=\"font-size: medium;\">. <\/span><\/span><span style=\"font-family: Verdana, serif;\"><span style=\"font-size: medium;\"><b>Golose tipicit\u00e0 saranno protagoniste negli incontri di San Giovanni in Persiceto<\/b><\/span><\/span><span style=\"font-family: Verdana, serif;\"><span style=\"font-size: medium;\">, dove l\u2019attenzione si sposter\u00e0 poi sulle <\/span><\/span><span style=\"font-family: Verdana, serif;\"><span style=\"font-size: medium;\"><b>ciclovie del comprensorio<\/b><\/span><\/span><span style=\"font-family: Verdana, serif;\"><span style=\"font-size: medium;\">, da considerare un volano per il turismo, uno <\/span><\/span><span style=\"font-family: Verdana, serif;\"><span style=\"font-size: medium;\">strumento di marketing territoriale, ma anche e una leva di sviluppo<\/span><\/span><span style=\"font-family: Verdana, serif;\"><span style=\"font-size: medium;\"> economico sostenibile e innovazione nei servizi di prossimit\u00e0. Se <\/span><\/span><span style=\"font-family: Verdana, serif;\"><span style=\"font-size: medium;\"><b>in Valsamoggia \u2013 Bazzano si esploreranno E-commerce e i social commerce<\/b><\/span><\/span><span style=\"font-family: Verdana, serif;\"><span style=\"font-size: medium;\"> come risorsa di valorizzazione del territorio, la storia, tra miti e leggende, affasciner\u00e0 i partecipanti <\/span><\/span><span style=\"font-family: Verdana, serif;\"><span style=\"font-size: medium;\"><b>a Vergato <\/b><\/span><\/span><span style=\"font-family: Verdana, serif;\"><span style=\"font-size: medium;\">dove<\/span><\/span><span style=\"font-family: Verdana, serif;\"><span style=\"font-size: medium;\"><b> la Via degli Dei sar\u00e0 analizzata come straordinaria attrattiva turistica<\/b><\/span><\/span><span style=\"font-family: Verdana, serif;\"><span style=\"font-size: medium;\"> a livello internazionale.<\/span><\/span><\/p>\n<p align=\"justify\"><strong><span style=\"font-family: Verdana, serif;\"><span style=\"font-size: medium;\">La Presidenza di turno, composta da Valentino Di Pisa (Presidente, di designazione datoriale) e Mario Antonio Forte (Vice Presidente di designazione sindacale),<\/span><\/span><\/strong><strong><span style=\"font-family: Verdana, serif;\"><span style=\"font-size: medium;\"> concordemente afferma che \u201c<\/span><\/span><\/strong><strong><span style=\"font-family: Verdana, serif;\"><span style=\"font-size: medium;\"><i>Ebiterbo, fin da quando \u00e8 stato istituito ha risposto al bisogno delle imprese e dei loro dipendenti, curandone la crescita professionale con positiva ricaduta sul lavoro sul piano della qualit\u00e0 e della competitivit\u00e0 nel settore. Con i corsi e i seminari l\u2019Ente Bilaterale risponde a particolari istanze del territorio, la sua valorizzazione e il suo sviluppo, grazie al patrocinio di Bologna Citt\u00e0 Metropolitana, con il coinvolgimento di tutte le sigle sindacali e tutte le parti sociali\u201d<\/i><\/span><\/span><\/strong><\/p>\n<p class=\"western\" align=\"justify\">\u201c<span style=\"font-family: Verdana, serif;\"><span style=\"font-size: medium;\"><b>Bilateralit\u00e0 a Km zero\u201d<\/b><\/span><\/span> <span style=\"font-family: Verdana, serif;\"><span style=\"font-size: medium;\"><b>\u00e8 un progetto sperimentale di formazione territoriale per lo sviluppo delle competenze nell\u2019area metropolitana bolognese, che si focalizza su temi come <\/b><\/span><\/span><span style=\"font-family: Verdana, serif;\"><span style=\"font-size: medium;\"><b>sostenibilit\u00e0,<\/b><\/span><\/span><span style=\"font-family: Verdana, serif;\"><span style=\"font-size: medium;\"><b> inclusivit\u00e0, attrattivit\u00e0, <\/b><\/span><\/span><span style=\"font-family: Verdana, serif;\"><span style=\"font-size: medium;\">con azioni che dal <\/span><\/span><span style=\"font-family: Verdana, serif;\"><span style=\"font-size: medium;\">Centro Citt\u00e0 si spostano fisicamente nella Periferia, tra i Comuni dell\u2019area metropolitana<\/span><\/span> <span style=\"font-family: Verdana, serif;\"><span style=\"font-size: medium;\">bolognese. <\/span><\/span><\/p>\n<p class=\"western\" align=\"justify\"><span style=\"font-family: Verdana, serif;\"><span style=\"font-size: medium;\">Idealmente si tratta anche di un completamento del pi\u00f9 che <\/span><\/span><strong><span style=\"font-family: Verdana, serif;\"><span style=\"font-size: medium;\">ventennale impegno profuso da Ebiterbo che proprio in occasione del recente anniversario ha voluto presentare un <\/span><\/span><\/strong><span style=\"font-family: Verdana, serif;\"><span style=\"font-size: medium;\"><b>restyling del proprio logo, per evidenziarne ancora di pi\u00f9 <\/b><\/span><\/span><span style=\"font-family: Verdana, serif;\"><span style=\"font-size: medium;\"><b>valori e finalit\u00e0<\/b><\/span><\/span><span style=\"font-family: Verdana, serif;\"><span style=\"font-size: medium;\">. L\u2019immagine vede protagoniste la Garisenda e l\u2019Asinelli, le Due Torri simbolo di Bologna e di riferimento per l\u2019ampia area geografica coperta dall\u2019ente, da cui partono due linee che uniscono in un abbraccio ideale tutta la Citt\u00e0 Metropolitana. Una visione grafica pensata non solo per <\/span><\/span><span style=\"font-family: Verdana, serif;\"><span style=\"font-size: medium;\"><b>contestualizzare il territorio di competenza<\/b><\/span><\/span><span style=\"font-family: Verdana, serif;\"><span style=\"font-size: medium;\"> e il raggio d\u2019azione dell\u2019ente, ma anche e soprattutto <\/span><\/span><span style=\"font-family: Verdana, serif;\"><span style=\"font-size: medium;\">per <\/span><\/span><span style=\"font-family: Verdana, serif;\"><span style=\"font-size: medium;\"><b>unire simbolicamente<\/b><\/span><\/span><span style=\"font-family: Verdana, serif;\"><span style=\"font-size: medium;\">, in un dialogo continuo fatto di scambio e confronto, <\/span><\/span><span style=\"font-family: Verdana, serif;\"><span style=\"font-size: medium;\"><b>le due compagini di cui si occupa<\/b><\/span><\/span><span style=\"font-family: Verdana, serif;\"><span style=\"font-size: medium;\"><b>: le aziende e i lavoratori<\/b><\/span><\/span><span style=\"font-family: Verdana, serif;\"><span style=\"font-size: medium;\">. <\/span><\/span><\/p>\n<p class=\"western\" align=\"justify\"><span style=\"font-family: Verdana, serif;\"><span style=\"font-size: medium;\">Un concetto che ha preso forma con l\u2019organizzazione dei corsi e dei seminari, portando nei vari Comuni coinvolti tutta l\u2019esperienza e la preziosa consulenza offerta da Ebiterbo. <\/span><\/span><\/p>\n<p>https:\/\/www.ebiterbo.it\/it\/s\/index.jsp<\/p>\n","protected":false},"excerpt":{"rendered":"<p>Da settembre al via i corsi e i seminari promossi da Ebiterbo, l\u2019Ente Bilaterale del Terziario della Citt\u00e0 Metropolitana di Bologna, per acquisire nuove competenze e spunti per lo sviluppo delle attivit\u00e0 nei principali comuni della provincia. Se il 2022 si sta dimostrando un anno difficile e lo scenario che si profila all\u2019orizzonte non \u00e8 poi cos\u00ec rasserenante, fortunatamente ci sono importanti supporti grazie alle iniziative promosse da realt\u00e0 cittadine<\/p>\n<p><a class=\"continue-reading\" href=\"https:\/\/www.article-marketing.eu\/comunicatistampa\/bilateralita-a-km-zero-alla-scoperta-dellarea-bolognese\/\">Continue reading&#8230;<\/a><\/p>\n","protected":false},"author":397,"featured_media":0,"comment_status":"open","ping_status":"open","sticky":false,"template":"","format":"standard","meta":{"_monsterinsights_skip_tracking":false,"_monsterinsights_sitenote_active":false,"_monsterinsights_sitenote_note":"","_monsterinsights_sitenote_category":0,"footnotes":""},"categories":[78],"tags":[],"class_list":["post-24650","post","type-post","status-publish","format-standard","hentry","category-comunicati-stampa"],"yoast_head":"<!-- This site is optimized with the Yoast SEO plugin v27.3 - https:\/\/yoast.com\/product\/yoast-seo-wordpress\/ -->\n<title>Bilateralit\u00e0 a Km zero: Alla scoperta dell\u2019area bolognese<\/title>\n<meta name=\"robots\" content=\"index, follow, max-snippet:-1, max-image-preview:large, max-video-preview:-1\" \/>\n<link rel=\"canonical\" href=\"https:\/\/www.article-marketing.eu\/comunicatistampa\/bilateralita-a-km-zero-alla-scoperta-dellarea-bolognese\/\" \/>\n<meta property=\"og:locale\" content=\"it_IT\" \/>\n<meta property=\"og:type\" content=\"article\" \/>\n<meta property=\"og:title\" content=\"Bilateralit\u00e0 a Km zero: Alla scoperta dell\u2019area bolognese\" \/>\n<meta property=\"og:description\" content=\"Da settembre al via i corsi e i seminari promossi da Ebiterbo, l\u2019Ente Bilaterale del Terziario della Citt\u00e0 Metropolitana di Bologna, per acquisire nuove competenze e spunti per lo sviluppo delle attivit\u00e0 nei principali comuni della provincia. Se il 2022 si sta dimostrando un anno difficile e lo scenario che si profila all\u2019orizzonte non \u00e8 poi cos\u00ec rasserenante, fortunatamente ci sono importanti supporti grazie alle iniziative promosse da realt\u00e0 cittadineContinue reading...\" \/>\n<meta property=\"og:url\" content=\"https:\/\/www.article-marketing.eu\/comunicatistampa\/bilateralita-a-km-zero-alla-scoperta-dellarea-bolognese\/\" \/>\n<meta property=\"og:site_name\" content=\"Article Marketing\" \/>\n<meta property=\"article:published_time\" content=\"2022-09-08T02:40:51+00:00\" \/>\n<meta name=\"author\" content=\"Borderline Agency\" \/>\n<meta name=\"twitter:card\" content=\"summary_large_image\" \/>\n<meta name=\"twitter:label1\" content=\"Scritto da\" \/>\n\t<meta name=\"twitter:data1\" content=\"Borderline Agency\" \/>\n\t<meta name=\"twitter:label2\" content=\"Tempo di lettura stimato\" \/>\n\t<meta name=\"twitter:data2\" content=\"4 minuti\" \/>\n<script type=\"application\/ld+json\" class=\"yoast-schema-graph\">{\"@context\":\"https:\\\/\\\/schema.org\",\"@graph\":[{\"@type\":\"Article\",\"@id\":\"https:\\\/\\\/www.article-marketing.eu\\\/comunicatistampa\\\/bilateralita-a-km-zero-alla-scoperta-dellarea-bolognese\\\/#article\",\"isPartOf\":{\"@id\":\"https:\\\/\\\/www.article-marketing.eu\\\/comunicatistampa\\\/bilateralita-a-km-zero-alla-scoperta-dellarea-bolognese\\\/\"},\"author\":{\"name\":\"Borderline Agency\",\"@id\":\"https:\\\/\\\/www.article-marketing.eu\\\/comunicatistampa\\\/#\\\/schema\\\/person\\\/1c4ab1c7aad84347e26e78235da6ff1b\"},\"headline\":\"Bilateralit\u00e0 a Km zero: Alla scoperta dell\u2019area bolognese\",\"datePublished\":\"2022-09-08T02:40:51+00:00\",\"mainEntityOfPage\":{\"@id\":\"https:\\\/\\\/www.article-marketing.eu\\\/comunicatistampa\\\/bilateralita-a-km-zero-alla-scoperta-dellarea-bolognese\\\/\"},\"wordCount\":780,\"commentCount\":0,\"articleSection\":[\"Comunicati stampa\"],\"inLanguage\":\"it-IT\",\"potentialAction\":[{\"@type\":\"CommentAction\",\"name\":\"Comment\",\"target\":[\"https:\\\/\\\/www.article-marketing.eu\\\/comunicatistampa\\\/bilateralita-a-km-zero-alla-scoperta-dellarea-bolognese\\\/#respond\"]}]},{\"@type\":\"WebPage\",\"@id\":\"https:\\\/\\\/www.article-marketing.eu\\\/comunicatistampa\\\/bilateralita-a-km-zero-alla-scoperta-dellarea-bolognese\\\/\",\"url\":\"https:\\\/\\\/www.article-marketing.eu\\\/comunicatistampa\\\/bilateralita-a-km-zero-alla-scoperta-dellarea-bolognese\\\/\",\"name\":\"Bilateralit\u00e0 a Km zero: Alla scoperta dell\u2019area bolognese\",\"isPartOf\":{\"@id\":\"https:\\\/\\\/www.article-marketing.eu\\\/comunicatistampa\\\/#website\"},\"datePublished\":\"2022-09-08T02:40:51+00:00\",\"author\":{\"@id\":\"https:\\\/\\\/www.article-marketing.eu\\\/comunicatistampa\\\/#\\\/schema\\\/person\\\/1c4ab1c7aad84347e26e78235da6ff1b\"},\"breadcrumb\":{\"@id\":\"https:\\\/\\\/www.article-marketing.eu\\\/comunicatistampa\\\/bilateralita-a-km-zero-alla-scoperta-dellarea-bolognese\\\/#breadcrumb\"},\"inLanguage\":\"it-IT\",\"potentialAction\":[{\"@type\":\"ReadAction\",\"target\":[\"https:\\\/\\\/www.article-marketing.eu\\\/comunicatistampa\\\/bilateralita-a-km-zero-alla-scoperta-dellarea-bolognese\\\/\"]}]},{\"@type\":\"BreadcrumbList\",\"@id\":\"https:\\\/\\\/www.article-marketing.eu\\\/comunicatistampa\\\/bilateralita-a-km-zero-alla-scoperta-dellarea-bolognese\\\/#breadcrumb\",\"itemListElement\":[{\"@type\":\"ListItem\",\"position\":1,\"name\":\"Home\",\"item\":\"https:\\\/\\\/www.article-marketing.eu\\\/comunicatistampa\\\/\"},{\"@type\":\"ListItem\",\"position\":2,\"name\":\"Bilateralit\u00e0 a Km zero: Alla scoperta dell\u2019area bolognese\"}]},{\"@type\":\"WebSite\",\"@id\":\"https:\\\/\\\/www.article-marketing.eu\\\/comunicatistampa\\\/#website\",\"url\":\"https:\\\/\\\/www.article-marketing.eu\\\/comunicatistampa\\\/\",\"name\":\"Article Marketing\",\"description\":\"article marketing &amp; press release\",\"potentialAction\":[{\"@type\":\"SearchAction\",\"target\":{\"@type\":\"EntryPoint\",\"urlTemplate\":\"https:\\\/\\\/www.article-marketing.eu\\\/comunicatistampa\\\/?s={search_term_string}\"},\"query-input\":{\"@type\":\"PropertyValueSpecification\",\"valueRequired\":true,\"valueName\":\"search_term_string\"}}],\"inLanguage\":\"it-IT\"},{\"@type\":\"Person\",\"@id\":\"https:\\\/\\\/www.article-marketing.eu\\\/comunicatistampa\\\/#\\\/schema\\\/person\\\/1c4ab1c7aad84347e26e78235da6ff1b\",\"name\":\"Borderline Agency\",\"image\":{\"@type\":\"ImageObject\",\"inLanguage\":\"it-IT\",\"@id\":\"https:\\\/\\\/secure.gravatar.com\\\/avatar\\\/741fa053101610cb0be7dc835c116926549ae4ae2142ff35eac04d78fda61461?s=96&d=mm&r=g\",\"url\":\"https:\\\/\\\/secure.gravatar.com\\\/avatar\\\/741fa053101610cb0be7dc835c116926549ae4ae2142ff35eac04d78fda61461?s=96&d=mm&r=g\",\"contentUrl\":\"https:\\\/\\\/secure.gravatar.com\\\/avatar\\\/741fa053101610cb0be7dc835c116926549ae4ae2142ff35eac04d78fda61461?s=96&d=mm&r=g\",\"caption\":\"Borderline Agency\"},\"url\":\"https:\\\/\\\/www.article-marketing.eu\\\/comunicatistampa\\\/author\\\/borderline-agency\\\/\"}]}<\/script>\n<!-- \/ Yoast SEO plugin. -->","yoast_head_json":{"title":"Bilateralit\u00e0 a Km zero: Alla scoperta dell\u2019area bolognese","robots":{"index":"index","follow":"follow","max-snippet":"max-snippet:-1","max-image-preview":"max-image-preview:large","max-video-preview":"max-video-preview:-1"},"canonical":"https:\/\/www.article-marketing.eu\/comunicatistampa\/bilateralita-a-km-zero-alla-scoperta-dellarea-bolognese\/","og_locale":"it_IT","og_type":"article","og_title":"Bilateralit\u00e0 a Km zero: Alla scoperta dell\u2019area bolognese","og_description":"Da settembre al via i corsi e i seminari promossi da Ebiterbo, l\u2019Ente Bilaterale del Terziario della Citt\u00e0 Metropolitana di Bologna, per acquisire nuove competenze e spunti per lo sviluppo delle attivit\u00e0 nei principali comuni della provincia. Se il 2022 si sta dimostrando un anno difficile e lo scenario che si profila all\u2019orizzonte non \u00e8 poi cos\u00ec rasserenante, fortunatamente ci sono importanti supporti grazie alle iniziative promosse da realt\u00e0 cittadineContinue reading...","og_url":"https:\/\/www.article-marketing.eu\/comunicatistampa\/bilateralita-a-km-zero-alla-scoperta-dellarea-bolognese\/","og_site_name":"Article Marketing","article_published_time":"2022-09-08T02:40:51+00:00","author":"Borderline Agency","twitter_card":"summary_large_image","twitter_misc":{"Scritto da":"Borderline Agency","Tempo di lettura stimato":"4 minuti"},"schema":{"@context":"https:\/\/schema.org","@graph":[{"@type":"Article","@id":"https:\/\/www.article-marketing.eu\/comunicatistampa\/bilateralita-a-km-zero-alla-scoperta-dellarea-bolognese\/#article","isPartOf":{"@id":"https:\/\/www.article-marketing.eu\/comunicatistampa\/bilateralita-a-km-zero-alla-scoperta-dellarea-bolognese\/"},"author":{"name":"Borderline Agency","@id":"https:\/\/www.article-marketing.eu\/comunicatistampa\/#\/schema\/person\/1c4ab1c7aad84347e26e78235da6ff1b"},"headline":"Bilateralit\u00e0 a Km zero: Alla scoperta dell\u2019area bolognese","datePublished":"2022-09-08T02:40:51+00:00","mainEntityOfPage":{"@id":"https:\/\/www.article-marketing.eu\/comunicatistampa\/bilateralita-a-km-zero-alla-scoperta-dellarea-bolognese\/"},"wordCount":780,"commentCount":0,"articleSection":["Comunicati stampa"],"inLanguage":"it-IT","potentialAction":[{"@type":"CommentAction","name":"Comment","target":["https:\/\/www.article-marketing.eu\/comunicatistampa\/bilateralita-a-km-zero-alla-scoperta-dellarea-bolognese\/#respond"]}]},{"@type":"WebPage","@id":"https:\/\/www.article-marketing.eu\/comunicatistampa\/bilateralita-a-km-zero-alla-scoperta-dellarea-bolognese\/","url":"https:\/\/www.article-marketing.eu\/comunicatistampa\/bilateralita-a-km-zero-alla-scoperta-dellarea-bolognese\/","name":"Bilateralit\u00e0 a Km zero: Alla scoperta dell\u2019area bolognese","isPartOf":{"@id":"https:\/\/www.article-marketing.eu\/comunicatistampa\/#website"},"datePublished":"2022-09-08T02:40:51+00:00","author":{"@id":"https:\/\/www.article-marketing.eu\/comunicatistampa\/#\/schema\/person\/1c4ab1c7aad84347e26e78235da6ff1b"},"breadcrumb":{"@id":"https:\/\/www.article-marketing.eu\/comunicatistampa\/bilateralita-a-km-zero-alla-scoperta-dellarea-bolognese\/#breadcrumb"},"inLanguage":"it-IT","potentialAction":[{"@type":"ReadAction","target":["https:\/\/www.article-marketing.eu\/comunicatistampa\/bilateralita-a-km-zero-alla-scoperta-dellarea-bolognese\/"]}]},{"@type":"BreadcrumbList","@id":"https:\/\/www.article-marketing.eu\/comunicatistampa\/bilateralita-a-km-zero-alla-scoperta-dellarea-bolognese\/#breadcrumb","itemListElement":[{"@type":"ListItem","position":1,"name":"Home","item":"https:\/\/www.article-marketing.eu\/comunicatistampa\/"},{"@type":"ListItem","position":2,"name":"Bilateralit\u00e0 a Km zero: Alla scoperta dell\u2019area bolognese"}]},{"@type":"WebSite","@id":"https:\/\/www.article-marketing.eu\/comunicatistampa\/#website","url":"https:\/\/www.article-marketing.eu\/comunicatistampa\/","name":"Article Marketing","description":"article marketing &amp; press release","potentialAction":[{"@type":"SearchAction","target":{"@type":"EntryPoint","urlTemplate":"https:\/\/www.article-marketing.eu\/comunicatistampa\/?s={search_term_string}"},"query-input":{"@type":"PropertyValueSpecification","valueRequired":true,"valueName":"search_term_string"}}],"inLanguage":"it-IT"},{"@type":"Person","@id":"https:\/\/www.article-marketing.eu\/comunicatistampa\/#\/schema\/person\/1c4ab1c7aad84347e26e78235da6ff1b","name":"Borderline Agency","image":{"@type":"ImageObject","inLanguage":"it-IT","@id":"https:\/\/secure.gravatar.com\/avatar\/741fa053101610cb0be7dc835c116926549ae4ae2142ff35eac04d78fda61461?s=96&d=mm&r=g","url":"https:\/\/secure.gravatar.com\/avatar\/741fa053101610cb0be7dc835c116926549ae4ae2142ff35eac04d78fda61461?s=96&d=mm&r=g","contentUrl":"https:\/\/secure.gravatar.com\/avatar\/741fa053101610cb0be7dc835c116926549ae4ae2142ff35eac04d78fda61461?s=96&d=mm&r=g","caption":"Borderline Agency"},"url":"https:\/\/www.article-marketing.eu\/comunicatistampa\/author\/borderline-agency\/"}]}},"_links":{"self":[{"href":"https:\/\/www.article-marketing.eu\/comunicatistampa\/wp-json\/wp\/v2\/posts\/24650","targetHints":{"allow":["GET"]}}],"collection":[{"href":"https:\/\/www.article-marketing.eu\/comunicatistampa\/wp-json\/wp\/v2\/posts"}],"about":[{"href":"https:\/\/www.article-marketing.eu\/comunicatistampa\/wp-json\/wp\/v2\/types\/post"}],"author":[{"embeddable":true,"href":"https:\/\/www.article-marketing.eu\/comunicatistampa\/wp-json\/wp\/v2\/users\/397"}],"replies":[{"embeddable":true,"href":"https:\/\/www.article-marketing.eu\/comunicatistampa\/wp-json\/wp\/v2\/comments?post=24650"}],"version-history":[{"count":2,"href":"https:\/\/www.article-marketing.eu\/comunicatistampa\/wp-json\/wp\/v2\/posts\/24650\/revisions"}],"predecessor-version":[{"id":24657,"href":"https:\/\/www.article-marketing.eu\/comunicatistampa\/wp-json\/wp\/v2\/posts\/24650\/revisions\/24657"}],"wp:attachment":[{"href":"https:\/\/www.article-marketing.eu\/comunicatistampa\/wp-json\/wp\/v2\/media?parent=24650"}],"wp:term":[{"taxonomy":"category","embeddable":true,"href":"https:\/\/www.article-marketing.eu\/comunicatistampa\/wp-json\/wp\/v2\/categories?post=24650"},{"taxonomy":"post_tag","embeddable":true,"href":"https:\/\/www.article-marketing.eu\/comunicatistampa\/wp-json\/wp\/v2\/tags?post=24650"}],"curies":[{"name":"wp","href":"https:\/\/api.w.org\/{rel}","templated":true}]}}