{"id":24675,"date":"2022-09-13T08:33:46","date_gmt":"2022-09-13T06:33:46","guid":{"rendered":"https:\/\/www.article-marketing.eu\/comunicatistampa\/?p=24675"},"modified":"2022-09-13T08:33:46","modified_gmt":"2022-09-13T06:33:46","slug":"andrea-mascetti-la-nuova-governance-e-i-valori-di-fondazione-comunitaria-del-varesotto","status":"publish","type":"post","link":"https:\/\/www.article-marketing.eu\/comunicatistampa\/andrea-mascetti-la-nuova-governance-e-i-valori-di-fondazione-comunitaria-del-varesotto\/","title":{"rendered":"Andrea Mascetti: la nuova governance e i valori di Fondazione Comunitaria del Varesotto"},"content":{"rendered":"<p><em><strong><a title=\"Andrea Mascetti - Pressonlinews\" href=\"https:\/\/www.pressonlinews.com\/tag\/andrea-mascetti\/\">Andrea Mascetti<\/a>: il CdA di Fondazione Comunitaria del Varesotto ha riconfermato all&#8217;unanimit\u00e0 Maurizio Ampollini come Presidente. L&#8217;impegno e l&#8217;operato della Fondazione.<\/strong><\/em><\/p>\n<p><img loading=\"lazy\" decoding=\"async\" class=\"alignnone\" src=\"https:\/\/www.pressonlinews.com\/wp-content\/uploads\/2022\/03\/andrea-mascetti.jpg\" alt=\"Andrea Mascetti\" width=\"120\" height=\"399\" \/><\/p>\n<h2>Andrea Mascetti: completata la governance di Fondazione Comunitaria del Varesotto<\/h2>\n<p>Il 1\u00b0 luglio scorso il Consiglio di Amministrazione di Fondazione Comunitaria del Varesotto, di cui fa parte anche <strong>Andrea Mascetti<\/strong>, si \u00e8 riunito per le nuove nomine. Maurizio Ampollini, rieletto all&#8217;unanimit\u00e0, sar\u00e0 nuovamente Presidente per il mandato 2022-2026 e sar\u00e0 affiancato da Emilio Cremona in qualit\u00e0 di Vicepresidente. Si completa cos\u00ec la governance della Fondazione. Oltre ad <strong>Andrea Mascetti<\/strong>, l&#8217;attuale CdA include anche Roberto Adamol, Elena Brusa Pasqu\u00e9, Elisa Fagnani, Luca Galli, Giorgio Gaspari, Giuseppe Gibilisco, Daniele Pietro Giudici, Carlo Massironi, Giorgio Papa, Giuseppe Redaelli, Elena Sartorio e Marino Vago. Tutti nomi di rilievo, appartenenti al mondo professionistico e imprenditoriale di Varese e dintorni, profondamente impegnati a portare nuove relazioni, nuovo sostegno e nuove risorse a Fondazione Comunitaria del Varesotto, oggi realt\u00e0 cardine del sistema territoriale.<\/p>\n<h2>Andrea Mascetti: bene comune, solidariet\u00e0 e sviluppo al centro dell&#8217;operato della Fondazione<\/h2>\n<p>Fondazione Comunitaria del Varesotto \u00e8 un&#8217;istituzione filantropica che opera dal 2002 con l&#8217;obiettivo di promuovere il dono e la filantropia. La Fondazione si propone quindi di sostenere la realizzazione di diversi progetti che mirano al bene comune, alla solidariet\u00e0 e allo sviluppo umano, sociale, economico, civile e culturale del territorio. Opera a Varese e provincia collaborando con istituzioni, enti del terzo settore e cittadini. Anche grazie al supporto di <strong>Andrea Mascetti<\/strong> e degli altri Consiglieri, Fondazione Comunitaria del Varesotto promuove da sempre la cultura del dono e della sensibilit\u00e0 ai problemi sociali rafforzando i legami solidaristici e di responsabilit\u00e0 tra tutti coloro che vivono e operano nel territorio. L&#8217;obiettivo comune resta il miglioramento della qualit\u00e0 della vita dell&#8217;intera comunit\u00e0 favorendo una maggiore consapevolezza dei bisogni e delle opportunit\u00e0 presenti sul nostro territorio e, al contempo, rafforzando il senso di appartenenza e di coesione sociale.<\/p>\n","protected":false},"excerpt":{"rendered":"<p>Andrea Mascetti: il CdA di Fondazione Comunitaria del Varesotto ha riconfermato all&#8217;unanimit\u00e0 Maurizio Ampollini come Presidente. L&#8217;impegno e l&#8217;operato della Fondazione. Andrea Mascetti: completata la governance di Fondazione Comunitaria del Varesotto Il 1\u00b0 luglio scorso il Consiglio di Amministrazione di Fondazione Comunitaria del Varesotto, di cui fa parte anche Andrea Mascetti, si \u00e8 riunito per le nuove nomine. Maurizio Ampollini, rieletto all&#8217;unanimit\u00e0, sar\u00e0 nuovamente Presidente per il mandato 2022-2026 e<\/p>\n<p><a class=\"continue-reading\" href=\"https:\/\/www.article-marketing.eu\/comunicatistampa\/andrea-mascetti-la-nuova-governance-e-i-valori-di-fondazione-comunitaria-del-varesotto\/\">Continue reading&#8230;<\/a><\/p>\n","protected":false},"author":6477,"featured_media":0,"comment_status":"open","ping_status":"open","sticky":false,"template":"","format":"standard","meta":{"_monsterinsights_skip_tracking":false,"_monsterinsights_sitenote_active":false,"_monsterinsights_sitenote_note":"","_monsterinsights_sitenote_category":0,"footnotes":""},"categories":[78],"tags":[9120],"class_list":["post-24675","post","type-post","status-publish","format-standard","hentry","category-comunicati-stampa","tag-andrea-mascetti"],"yoast_head":"<!-- This site is optimized with the Yoast SEO plugin v27.3 - https:\/\/yoast.com\/product\/yoast-seo-wordpress\/ -->\n<title>Andrea Mascetti: la nuova governance e i valori di Fondazione Comunitaria del Varesotto<\/title>\n<meta name=\"robots\" content=\"index, follow, max-snippet:-1, max-image-preview:large, max-video-preview:-1\" \/>\n<link rel=\"canonical\" href=\"https:\/\/www.article-marketing.eu\/comunicatistampa\/andrea-mascetti-la-nuova-governance-e-i-valori-di-fondazione-comunitaria-del-varesotto\/\" \/>\n<meta property=\"og:locale\" content=\"it_IT\" \/>\n<meta property=\"og:type\" content=\"article\" \/>\n<meta property=\"og:title\" content=\"Andrea Mascetti: la nuova governance e i valori di Fondazione Comunitaria del Varesotto\" \/>\n<meta property=\"og:description\" content=\"Andrea Mascetti: il CdA di Fondazione Comunitaria del Varesotto ha riconfermato all&#8217;unanimit\u00e0 Maurizio Ampollini come Presidente. L&#8217;impegno e l&#8217;operato della Fondazione. Andrea Mascetti: completata la governance di Fondazione Comunitaria del Varesotto Il 1\u00b0 luglio scorso il Consiglio di Amministrazione di Fondazione Comunitaria del Varesotto, di cui fa parte anche Andrea Mascetti, si \u00e8 riunito per le nuove nomine. Maurizio Ampollini, rieletto all&#8217;unanimit\u00e0, sar\u00e0 nuovamente Presidente per il mandato 2022-2026 eContinue reading...\" \/>\n<meta property=\"og:url\" content=\"https:\/\/www.article-marketing.eu\/comunicatistampa\/andrea-mascetti-la-nuova-governance-e-i-valori-di-fondazione-comunitaria-del-varesotto\/\" \/>\n<meta property=\"og:site_name\" content=\"Article Marketing\" \/>\n<meta property=\"article:published_time\" content=\"2022-09-13T06:33:46+00:00\" \/>\n<meta property=\"og:image\" content=\"https:\/\/www.pressonlinews.com\/wp-content\/uploads\/2022\/03\/andrea-mascetti.jpg\" \/>\n<meta name=\"author\" content=\"articolinews\" \/>\n<meta name=\"twitter:card\" content=\"summary_large_image\" \/>\n<meta name=\"twitter:label1\" content=\"Scritto da\" \/>\n\t<meta name=\"twitter:data1\" content=\"articolinews\" \/>\n\t<meta name=\"twitter:label2\" content=\"Tempo di lettura stimato\" \/>\n\t<meta name=\"twitter:data2\" content=\"2 minuti\" \/>\n<script type=\"application\/ld+json\" class=\"yoast-schema-graph\">{\"@context\":\"https:\\\/\\\/schema.org\",\"@graph\":[{\"@type\":\"Article\",\"@id\":\"https:\\\/\\\/www.article-marketing.eu\\\/comunicatistampa\\\/andrea-mascetti-la-nuova-governance-e-i-valori-di-fondazione-comunitaria-del-varesotto\\\/#article\",\"isPartOf\":{\"@id\":\"https:\\\/\\\/www.article-marketing.eu\\\/comunicatistampa\\\/andrea-mascetti-la-nuova-governance-e-i-valori-di-fondazione-comunitaria-del-varesotto\\\/\"},\"author\":{\"name\":\"articolinews\",\"@id\":\"https:\\\/\\\/www.article-marketing.eu\\\/comunicatistampa\\\/#\\\/schema\\\/person\\\/2fcaf8f8f3a9eef9eb7f27532d3ca458\"},\"headline\":\"Andrea Mascetti: la nuova governance e i valori di Fondazione Comunitaria del Varesotto\",\"datePublished\":\"2022-09-13T06:33:46+00:00\",\"mainEntityOfPage\":{\"@id\":\"https:\\\/\\\/www.article-marketing.eu\\\/comunicatistampa\\\/andrea-mascetti-la-nuova-governance-e-i-valori-di-fondazione-comunitaria-del-varesotto\\\/\"},\"wordCount\":322,\"commentCount\":0,\"image\":{\"@id\":\"https:\\\/\\\/www.article-marketing.eu\\\/comunicatistampa\\\/andrea-mascetti-la-nuova-governance-e-i-valori-di-fondazione-comunitaria-del-varesotto\\\/#primaryimage\"},\"thumbnailUrl\":\"https:\\\/\\\/www.pressonlinews.com\\\/wp-content\\\/uploads\\\/2022\\\/03\\\/andrea-mascetti.jpg\",\"keywords\":[\"Andrea Mascetti\"],\"articleSection\":[\"Comunicati stampa\"],\"inLanguage\":\"it-IT\",\"potentialAction\":[{\"@type\":\"CommentAction\",\"name\":\"Comment\",\"target\":[\"https:\\\/\\\/www.article-marketing.eu\\\/comunicatistampa\\\/andrea-mascetti-la-nuova-governance-e-i-valori-di-fondazione-comunitaria-del-varesotto\\\/#respond\"]}]},{\"@type\":\"WebPage\",\"@id\":\"https:\\\/\\\/www.article-marketing.eu\\\/comunicatistampa\\\/andrea-mascetti-la-nuova-governance-e-i-valori-di-fondazione-comunitaria-del-varesotto\\\/\",\"url\":\"https:\\\/\\\/www.article-marketing.eu\\\/comunicatistampa\\\/andrea-mascetti-la-nuova-governance-e-i-valori-di-fondazione-comunitaria-del-varesotto\\\/\",\"name\":\"Andrea Mascetti: la nuova governance e i valori di Fondazione Comunitaria del Varesotto\",\"isPartOf\":{\"@id\":\"https:\\\/\\\/www.article-marketing.eu\\\/comunicatistampa\\\/#website\"},\"primaryImageOfPage\":{\"@id\":\"https:\\\/\\\/www.article-marketing.eu\\\/comunicatistampa\\\/andrea-mascetti-la-nuova-governance-e-i-valori-di-fondazione-comunitaria-del-varesotto\\\/#primaryimage\"},\"image\":{\"@id\":\"https:\\\/\\\/www.article-marketing.eu\\\/comunicatistampa\\\/andrea-mascetti-la-nuova-governance-e-i-valori-di-fondazione-comunitaria-del-varesotto\\\/#primaryimage\"},\"thumbnailUrl\":\"https:\\\/\\\/www.pressonlinews.com\\\/wp-content\\\/uploads\\\/2022\\\/03\\\/andrea-mascetti.jpg\",\"datePublished\":\"2022-09-13T06:33:46+00:00\",\"author\":{\"@id\":\"https:\\\/\\\/www.article-marketing.eu\\\/comunicatistampa\\\/#\\\/schema\\\/person\\\/2fcaf8f8f3a9eef9eb7f27532d3ca458\"},\"breadcrumb\":{\"@id\":\"https:\\\/\\\/www.article-marketing.eu\\\/comunicatistampa\\\/andrea-mascetti-la-nuova-governance-e-i-valori-di-fondazione-comunitaria-del-varesotto\\\/#breadcrumb\"},\"inLanguage\":\"it-IT\",\"potentialAction\":[{\"@type\":\"ReadAction\",\"target\":[\"https:\\\/\\\/www.article-marketing.eu\\\/comunicatistampa\\\/andrea-mascetti-la-nuova-governance-e-i-valori-di-fondazione-comunitaria-del-varesotto\\\/\"]}]},{\"@type\":\"ImageObject\",\"inLanguage\":\"it-IT\",\"@id\":\"https:\\\/\\\/www.article-marketing.eu\\\/comunicatistampa\\\/andrea-mascetti-la-nuova-governance-e-i-valori-di-fondazione-comunitaria-del-varesotto\\\/#primaryimage\",\"url\":\"https:\\\/\\\/www.pressonlinews.com\\\/wp-content\\\/uploads\\\/2022\\\/03\\\/andrea-mascetti.jpg\",\"contentUrl\":\"https:\\\/\\\/www.pressonlinews.com\\\/wp-content\\\/uploads\\\/2022\\\/03\\\/andrea-mascetti.jpg\"},{\"@type\":\"BreadcrumbList\",\"@id\":\"https:\\\/\\\/www.article-marketing.eu\\\/comunicatistampa\\\/andrea-mascetti-la-nuova-governance-e-i-valori-di-fondazione-comunitaria-del-varesotto\\\/#breadcrumb\",\"itemListElement\":[{\"@type\":\"ListItem\",\"position\":1,\"name\":\"Home\",\"item\":\"https:\\\/\\\/www.article-marketing.eu\\\/comunicatistampa\\\/\"},{\"@type\":\"ListItem\",\"position\":2,\"name\":\"Andrea Mascetti: la nuova governance e i valori di Fondazione Comunitaria del Varesotto\"}]},{\"@type\":\"WebSite\",\"@id\":\"https:\\\/\\\/www.article-marketing.eu\\\/comunicatistampa\\\/#website\",\"url\":\"https:\\\/\\\/www.article-marketing.eu\\\/comunicatistampa\\\/\",\"name\":\"Article Marketing\",\"description\":\"article marketing &amp; press release\",\"potentialAction\":[{\"@type\":\"SearchAction\",\"target\":{\"@type\":\"EntryPoint\",\"urlTemplate\":\"https:\\\/\\\/www.article-marketing.eu\\\/comunicatistampa\\\/?s={search_term_string}\"},\"query-input\":{\"@type\":\"PropertyValueSpecification\",\"valueRequired\":true,\"valueName\":\"search_term_string\"}}],\"inLanguage\":\"it-IT\"},{\"@type\":\"Person\",\"@id\":\"https:\\\/\\\/www.article-marketing.eu\\\/comunicatistampa\\\/#\\\/schema\\\/person\\\/2fcaf8f8f3a9eef9eb7f27532d3ca458\",\"name\":\"articolinews\",\"image\":{\"@type\":\"ImageObject\",\"inLanguage\":\"it-IT\",\"@id\":\"https:\\\/\\\/secure.gravatar.com\\\/avatar\\\/9e2a264bab04e17dea24d937c9956304649a848cb73c46747a692ff1bdeb1cb7?s=96&d=mm&r=g\",\"url\":\"https:\\\/\\\/secure.gravatar.com\\\/avatar\\\/9e2a264bab04e17dea24d937c9956304649a848cb73c46747a692ff1bdeb1cb7?s=96&d=mm&r=g\",\"contentUrl\":\"https:\\\/\\\/secure.gravatar.com\\\/avatar\\\/9e2a264bab04e17dea24d937c9956304649a848cb73c46747a692ff1bdeb1cb7?s=96&d=mm&r=g\",\"caption\":\"articolinews\"},\"url\":\"https:\\\/\\\/www.article-marketing.eu\\\/comunicatistampa\\\/author\\\/articolinews\\\/\"}]}<\/script>\n<!-- \/ Yoast SEO plugin. -->","yoast_head_json":{"title":"Andrea Mascetti: la nuova governance e i valori di Fondazione Comunitaria del Varesotto","robots":{"index":"index","follow":"follow","max-snippet":"max-snippet:-1","max-image-preview":"max-image-preview:large","max-video-preview":"max-video-preview:-1"},"canonical":"https:\/\/www.article-marketing.eu\/comunicatistampa\/andrea-mascetti-la-nuova-governance-e-i-valori-di-fondazione-comunitaria-del-varesotto\/","og_locale":"it_IT","og_type":"article","og_title":"Andrea Mascetti: la nuova governance e i valori di Fondazione Comunitaria del Varesotto","og_description":"Andrea Mascetti: il CdA di Fondazione Comunitaria del Varesotto ha riconfermato all&#8217;unanimit\u00e0 Maurizio Ampollini come Presidente. L&#8217;impegno e l&#8217;operato della Fondazione. Andrea Mascetti: completata la governance di Fondazione Comunitaria del Varesotto Il 1\u00b0 luglio scorso il Consiglio di Amministrazione di Fondazione Comunitaria del Varesotto, di cui fa parte anche Andrea Mascetti, si \u00e8 riunito per le nuove nomine. Maurizio Ampollini, rieletto all&#8217;unanimit\u00e0, sar\u00e0 nuovamente Presidente per il mandato 2022-2026 eContinue reading...","og_url":"https:\/\/www.article-marketing.eu\/comunicatistampa\/andrea-mascetti-la-nuova-governance-e-i-valori-di-fondazione-comunitaria-del-varesotto\/","og_site_name":"Article Marketing","article_published_time":"2022-09-13T06:33:46+00:00","og_image":[{"url":"https:\/\/www.pressonlinews.com\/wp-content\/uploads\/2022\/03\/andrea-mascetti.jpg","type":"","width":"","height":""}],"author":"articolinews","twitter_card":"summary_large_image","twitter_misc":{"Scritto da":"articolinews","Tempo di lettura stimato":"2 minuti"},"schema":{"@context":"https:\/\/schema.org","@graph":[{"@type":"Article","@id":"https:\/\/www.article-marketing.eu\/comunicatistampa\/andrea-mascetti-la-nuova-governance-e-i-valori-di-fondazione-comunitaria-del-varesotto\/#article","isPartOf":{"@id":"https:\/\/www.article-marketing.eu\/comunicatistampa\/andrea-mascetti-la-nuova-governance-e-i-valori-di-fondazione-comunitaria-del-varesotto\/"},"author":{"name":"articolinews","@id":"https:\/\/www.article-marketing.eu\/comunicatistampa\/#\/schema\/person\/2fcaf8f8f3a9eef9eb7f27532d3ca458"},"headline":"Andrea Mascetti: la nuova governance e i valori di Fondazione Comunitaria del Varesotto","datePublished":"2022-09-13T06:33:46+00:00","mainEntityOfPage":{"@id":"https:\/\/www.article-marketing.eu\/comunicatistampa\/andrea-mascetti-la-nuova-governance-e-i-valori-di-fondazione-comunitaria-del-varesotto\/"},"wordCount":322,"commentCount":0,"image":{"@id":"https:\/\/www.article-marketing.eu\/comunicatistampa\/andrea-mascetti-la-nuova-governance-e-i-valori-di-fondazione-comunitaria-del-varesotto\/#primaryimage"},"thumbnailUrl":"https:\/\/www.pressonlinews.com\/wp-content\/uploads\/2022\/03\/andrea-mascetti.jpg","keywords":["Andrea Mascetti"],"articleSection":["Comunicati stampa"],"inLanguage":"it-IT","potentialAction":[{"@type":"CommentAction","name":"Comment","target":["https:\/\/www.article-marketing.eu\/comunicatistampa\/andrea-mascetti-la-nuova-governance-e-i-valori-di-fondazione-comunitaria-del-varesotto\/#respond"]}]},{"@type":"WebPage","@id":"https:\/\/www.article-marketing.eu\/comunicatistampa\/andrea-mascetti-la-nuova-governance-e-i-valori-di-fondazione-comunitaria-del-varesotto\/","url":"https:\/\/www.article-marketing.eu\/comunicatistampa\/andrea-mascetti-la-nuova-governance-e-i-valori-di-fondazione-comunitaria-del-varesotto\/","name":"Andrea Mascetti: la nuova governance e i valori di Fondazione Comunitaria del Varesotto","isPartOf":{"@id":"https:\/\/www.article-marketing.eu\/comunicatistampa\/#website"},"primaryImageOfPage":{"@id":"https:\/\/www.article-marketing.eu\/comunicatistampa\/andrea-mascetti-la-nuova-governance-e-i-valori-di-fondazione-comunitaria-del-varesotto\/#primaryimage"},"image":{"@id":"https:\/\/www.article-marketing.eu\/comunicatistampa\/andrea-mascetti-la-nuova-governance-e-i-valori-di-fondazione-comunitaria-del-varesotto\/#primaryimage"},"thumbnailUrl":"https:\/\/www.pressonlinews.com\/wp-content\/uploads\/2022\/03\/andrea-mascetti.jpg","datePublished":"2022-09-13T06:33:46+00:00","author":{"@id":"https:\/\/www.article-marketing.eu\/comunicatistampa\/#\/schema\/person\/2fcaf8f8f3a9eef9eb7f27532d3ca458"},"breadcrumb":{"@id":"https:\/\/www.article-marketing.eu\/comunicatistampa\/andrea-mascetti-la-nuova-governance-e-i-valori-di-fondazione-comunitaria-del-varesotto\/#breadcrumb"},"inLanguage":"it-IT","potentialAction":[{"@type":"ReadAction","target":["https:\/\/www.article-marketing.eu\/comunicatistampa\/andrea-mascetti-la-nuova-governance-e-i-valori-di-fondazione-comunitaria-del-varesotto\/"]}]},{"@type":"ImageObject","inLanguage":"it-IT","@id":"https:\/\/www.article-marketing.eu\/comunicatistampa\/andrea-mascetti-la-nuova-governance-e-i-valori-di-fondazione-comunitaria-del-varesotto\/#primaryimage","url":"https:\/\/www.pressonlinews.com\/wp-content\/uploads\/2022\/03\/andrea-mascetti.jpg","contentUrl":"https:\/\/www.pressonlinews.com\/wp-content\/uploads\/2022\/03\/andrea-mascetti.jpg"},{"@type":"BreadcrumbList","@id":"https:\/\/www.article-marketing.eu\/comunicatistampa\/andrea-mascetti-la-nuova-governance-e-i-valori-di-fondazione-comunitaria-del-varesotto\/#breadcrumb","itemListElement":[{"@type":"ListItem","position":1,"name":"Home","item":"https:\/\/www.article-marketing.eu\/comunicatistampa\/"},{"@type":"ListItem","position":2,"name":"Andrea Mascetti: la nuova governance e i valori di Fondazione Comunitaria del Varesotto"}]},{"@type":"WebSite","@id":"https:\/\/www.article-marketing.eu\/comunicatistampa\/#website","url":"https:\/\/www.article-marketing.eu\/comunicatistampa\/","name":"Article Marketing","description":"article marketing &amp; press release","potentialAction":[{"@type":"SearchAction","target":{"@type":"EntryPoint","urlTemplate":"https:\/\/www.article-marketing.eu\/comunicatistampa\/?s={search_term_string}"},"query-input":{"@type":"PropertyValueSpecification","valueRequired":true,"valueName":"search_term_string"}}],"inLanguage":"it-IT"},{"@type":"Person","@id":"https:\/\/www.article-marketing.eu\/comunicatistampa\/#\/schema\/person\/2fcaf8f8f3a9eef9eb7f27532d3ca458","name":"articolinews","image":{"@type":"ImageObject","inLanguage":"it-IT","@id":"https:\/\/secure.gravatar.com\/avatar\/9e2a264bab04e17dea24d937c9956304649a848cb73c46747a692ff1bdeb1cb7?s=96&d=mm&r=g","url":"https:\/\/secure.gravatar.com\/avatar\/9e2a264bab04e17dea24d937c9956304649a848cb73c46747a692ff1bdeb1cb7?s=96&d=mm&r=g","contentUrl":"https:\/\/secure.gravatar.com\/avatar\/9e2a264bab04e17dea24d937c9956304649a848cb73c46747a692ff1bdeb1cb7?s=96&d=mm&r=g","caption":"articolinews"},"url":"https:\/\/www.article-marketing.eu\/comunicatistampa\/author\/articolinews\/"}]}},"_links":{"self":[{"href":"https:\/\/www.article-marketing.eu\/comunicatistampa\/wp-json\/wp\/v2\/posts\/24675","targetHints":{"allow":["GET"]}}],"collection":[{"href":"https:\/\/www.article-marketing.eu\/comunicatistampa\/wp-json\/wp\/v2\/posts"}],"about":[{"href":"https:\/\/www.article-marketing.eu\/comunicatistampa\/wp-json\/wp\/v2\/types\/post"}],"author":[{"embeddable":true,"href":"https:\/\/www.article-marketing.eu\/comunicatistampa\/wp-json\/wp\/v2\/users\/6477"}],"replies":[{"embeddable":true,"href":"https:\/\/www.article-marketing.eu\/comunicatistampa\/wp-json\/wp\/v2\/comments?post=24675"}],"version-history":[{"count":3,"href":"https:\/\/www.article-marketing.eu\/comunicatistampa\/wp-json\/wp\/v2\/posts\/24675\/revisions"}],"predecessor-version":[{"id":24698,"href":"https:\/\/www.article-marketing.eu\/comunicatistampa\/wp-json\/wp\/v2\/posts\/24675\/revisions\/24698"}],"wp:attachment":[{"href":"https:\/\/www.article-marketing.eu\/comunicatistampa\/wp-json\/wp\/v2\/media?parent=24675"}],"wp:term":[{"taxonomy":"category","embeddable":true,"href":"https:\/\/www.article-marketing.eu\/comunicatistampa\/wp-json\/wp\/v2\/categories?post=24675"},{"taxonomy":"post_tag","embeddable":true,"href":"https:\/\/www.article-marketing.eu\/comunicatistampa\/wp-json\/wp\/v2\/tags?post=24675"}],"curies":[{"name":"wp","href":"https:\/\/api.w.org\/{rel}","templated":true}]}}