{"id":24680,"date":"2022-09-13T08:33:30","date_gmt":"2022-09-13T06:33:30","guid":{"rendered":"https:\/\/www.article-marketing.eu\/comunicatistampa\/?p=24680"},"modified":"2022-09-13T08:33:30","modified_gmt":"2022-09-13T06:33:30","slug":"azienda-tedesca-henkel-cambia-il-presidente-della-divisione-italiana-sara-mara-panajia","status":"publish","type":"post","link":"https:\/\/www.article-marketing.eu\/comunicatistampa\/azienda-tedesca-henkel-cambia-il-presidente-della-divisione-italiana-sara-mara-panajia\/","title":{"rendered":"Azienda tedesca Henkel cambia il presidente della divisione italiana: sar\u00e0 Mara Panajia"},"content":{"rendered":"<p>Cambia il vertice della <strong>divisione italiana di Henkel. L&#8217;azienda tedesca<\/strong>, leader nei prodotti per il lavaggio e la cura dei capelli, vedr\u00e0 infatti <strong>Mara Panajia come presidente e amministratore<\/strong> della controllata Henkel Italia.<\/p>\n<h2>La novit\u00e0 nell&#8217;azienda tedesca<\/h2>\n<p><strong><img decoding=\"async\" style=\"float: right; height: 157px; margin: 11px; width: 300px;\" src=\"https:\/\/www.dax-pro.com\/new\/wp-content\/uploads\/2020\/10\/henkel-1.jpg\" alt=\"henkel\" \/>Mara Panajia<\/strong> \u00e8 un volto storico dell&#8217;azienda, visto che <strong>ci lavora da oltre vent&#8217;anni<\/strong>. Nel 2021 \u00e8 stata <strong>citata da Forbes come una delle 100 donne italiane di maggior successo<\/strong>.<\/p>\n<p>Dopo la laurea alla Bocconi di Milano, ha cominciato il suo percorso lavorativo in Danone, per poi <strong>entrare nella famiglia Henkel nel 2000<\/strong>. In azienda dapprima si \u00e8 occupata della gestione di alcuni brand, poi del marketing di Laundry &amp; Home Care.<\/p>\n<p>Presiede il Comitato Sviluppo Sostenibile di Henkel Italia ed \u00e8 rappresentante dei temi DE&amp;I per Henkel Global. <strong>Manterr\u00e0 il ruolo di General Manager Laundry &amp; Home Care Italia<\/strong> e assume anche la <strong>responsabilit\u00e0 della divisione Beauty Care<\/strong>, in linea con la futura organizzazione Henkel Consumer Brands.<\/p>\n<h2>I numeri di Henkel<\/h2>\n<p>Calabrese di origine, Mara Panajia <strong>succede a Bernadette Bevacqua<\/strong>, che ha lasciato l&#8217;azienda per una nuova sfida professionale.<br \/>\nVal la pena ricordare <strong>i numeri del colosso Henkel<\/strong>. Circa 860 dipendenti in sei sedi: uffici amministrativi e commerciali Milano, tre siti produttivi a Ferentino, Casarile e Zingonia, due application center a Caleppio di Settala e Oggiono.<\/p>\n<h2>Il quadro complessivo<\/h2>\n<p><strong>Lo scenario in cui dovr\u00e0 agire sar\u00e0 comunque complicato<\/strong>. A causa dell&#8217;<strong>aumento dei prezzi delle materie prime e della logistica<\/strong>, il gruppo Henkel prevede infatti che si abbatter\u00e0 un <strong>onere elevato sul bilancio<\/strong>. Secondo l&#8217;azienda quotata sul <a href=\"https:\/\/www.dax-pro.com\" target=\"_blank\" rel=\"noopener\">DAX tedesco<\/a>, quest&#8217;anno i <strong>maggiori costi arriveranno fino a due miliardi di euro<\/strong>.<\/p>\n<p>Sebbene l&#8217;attivit\u00e0 dell&#8217;azienda non sia direttamente impattata (almeno non in misura grave) dall&#8217;aumento dei costi energetici, <strong>un forte impatto arriva dalla crescita dei prezzi delle materie prime chimiche<\/strong>. Infatti come il 90% dell&#8217;industria tedesca, Henkel dipende dalle forniture del settore della chimica, messo in ginocchio dall&#8217;aumento dei costi.<br \/>\nInoltre Henkel subir\u00e0 un rialzo delle spese di logistica.<\/p>\n","protected":false},"excerpt":{"rendered":"<p>Cambia il vertice della divisione italiana di Henkel. L&#8217;azienda tedesca, leader nei prodotti per il lavaggio e la cura dei capelli, vedr\u00e0 infatti Mara Panajia come presidente e amministratore della controllata Henkel Italia. La novit\u00e0 nell&#8217;azienda tedesca Mara Panajia \u00e8 un volto storico dell&#8217;azienda, visto che ci lavora da oltre vent&#8217;anni. Nel 2021 \u00e8 stata citata da Forbes come una delle 100 donne italiane di maggior successo. Dopo la laurea<\/p>\n<p><a class=\"continue-reading\" href=\"https:\/\/www.article-marketing.eu\/comunicatistampa\/azienda-tedesca-henkel-cambia-il-presidente-della-divisione-italiana-sara-mara-panajia\/\">Continue reading&#8230;<\/a><\/p>\n","protected":false},"author":7116,"featured_media":0,"comment_status":"open","ping_status":"open","sticky":false,"template":"","format":"standard","meta":{"_monsterinsights_skip_tracking":false,"_monsterinsights_sitenote_active":false,"_monsterinsights_sitenote_note":"","_monsterinsights_sitenote_category":0,"footnotes":""},"categories":[388],"tags":[10068,10067,10069],"class_list":["post-24680","post","type-post","status-publish","format-standard","hentry","category-aziende","tag-dax","tag-henkel","tag-panajia"],"yoast_head":"<!-- This site is optimized with the Yoast SEO plugin v27.3 - https:\/\/yoast.com\/product\/yoast-seo-wordpress\/ -->\n<title>Azienda tedesca Henkel cambia il presidente della divisione italiana: sar\u00e0 Mara Panajia<\/title>\n<meta name=\"robots\" content=\"index, follow, max-snippet:-1, max-image-preview:large, max-video-preview:-1\" \/>\n<link rel=\"canonical\" href=\"https:\/\/www.article-marketing.eu\/comunicatistampa\/azienda-tedesca-henkel-cambia-il-presidente-della-divisione-italiana-sara-mara-panajia\/\" \/>\n<meta property=\"og:locale\" content=\"it_IT\" \/>\n<meta property=\"og:type\" content=\"article\" \/>\n<meta property=\"og:title\" content=\"Azienda tedesca Henkel cambia il presidente della divisione italiana: sar\u00e0 Mara Panajia\" \/>\n<meta property=\"og:description\" content=\"Cambia il vertice della divisione italiana di Henkel. L&#8217;azienda tedesca, leader nei prodotti per il lavaggio e la cura dei capelli, vedr\u00e0 infatti Mara Panajia come presidente e amministratore della controllata Henkel Italia. La novit\u00e0 nell&#8217;azienda tedesca Mara Panajia \u00e8 un volto storico dell&#8217;azienda, visto che ci lavora da oltre vent&#8217;anni. Nel 2021 \u00e8 stata citata da Forbes come una delle 100 donne italiane di maggior successo. Dopo la laureaContinue reading...\" \/>\n<meta property=\"og:url\" content=\"https:\/\/www.article-marketing.eu\/comunicatistampa\/azienda-tedesca-henkel-cambia-il-presidente-della-divisione-italiana-sara-mara-panajia\/\" \/>\n<meta property=\"og:site_name\" content=\"Article Marketing\" \/>\n<meta property=\"article:published_time\" content=\"2022-09-13T06:33:30+00:00\" \/>\n<meta property=\"og:image\" content=\"https:\/\/www.dax-pro.com\/new\/wp-content\/uploads\/2020\/10\/henkel-1.jpg\" \/>\n<meta name=\"author\" content=\"heliricci\" \/>\n<meta name=\"twitter:card\" content=\"summary_large_image\" \/>\n<meta name=\"twitter:label1\" content=\"Scritto da\" \/>\n\t<meta name=\"twitter:data1\" content=\"heliricci\" \/>\n\t<meta name=\"twitter:label2\" content=\"Tempo di lettura stimato\" \/>\n\t<meta name=\"twitter:data2\" content=\"2 minuti\" \/>\n<script type=\"application\/ld+json\" class=\"yoast-schema-graph\">{\"@context\":\"https:\\\/\\\/schema.org\",\"@graph\":[{\"@type\":\"Article\",\"@id\":\"https:\\\/\\\/www.article-marketing.eu\\\/comunicatistampa\\\/azienda-tedesca-henkel-cambia-il-presidente-della-divisione-italiana-sara-mara-panajia\\\/#article\",\"isPartOf\":{\"@id\":\"https:\\\/\\\/www.article-marketing.eu\\\/comunicatistampa\\\/azienda-tedesca-henkel-cambia-il-presidente-della-divisione-italiana-sara-mara-panajia\\\/\"},\"author\":{\"name\":\"heliricci\",\"@id\":\"https:\\\/\\\/www.article-marketing.eu\\\/comunicatistampa\\\/#\\\/schema\\\/person\\\/eb0d46093829ff5c8faf8fc7703db387\"},\"headline\":\"Azienda tedesca Henkel cambia il presidente della divisione italiana: sar\u00e0 Mara Panajia\",\"datePublished\":\"2022-09-13T06:33:30+00:00\",\"mainEntityOfPage\":{\"@id\":\"https:\\\/\\\/www.article-marketing.eu\\\/comunicatistampa\\\/azienda-tedesca-henkel-cambia-il-presidente-della-divisione-italiana-sara-mara-panajia\\\/\"},\"wordCount\":329,\"commentCount\":0,\"image\":{\"@id\":\"https:\\\/\\\/www.article-marketing.eu\\\/comunicatistampa\\\/azienda-tedesca-henkel-cambia-il-presidente-della-divisione-italiana-sara-mara-panajia\\\/#primaryimage\"},\"thumbnailUrl\":\"https:\\\/\\\/www.dax-pro.com\\\/new\\\/wp-content\\\/uploads\\\/2020\\\/10\\\/henkel-1.jpg\",\"keywords\":[\"dax\",\"henkel\",\"Panajia\"],\"articleSection\":[\"Aziende\"],\"inLanguage\":\"it-IT\",\"potentialAction\":[{\"@type\":\"CommentAction\",\"name\":\"Comment\",\"target\":[\"https:\\\/\\\/www.article-marketing.eu\\\/comunicatistampa\\\/azienda-tedesca-henkel-cambia-il-presidente-della-divisione-italiana-sara-mara-panajia\\\/#respond\"]}]},{\"@type\":\"WebPage\",\"@id\":\"https:\\\/\\\/www.article-marketing.eu\\\/comunicatistampa\\\/azienda-tedesca-henkel-cambia-il-presidente-della-divisione-italiana-sara-mara-panajia\\\/\",\"url\":\"https:\\\/\\\/www.article-marketing.eu\\\/comunicatistampa\\\/azienda-tedesca-henkel-cambia-il-presidente-della-divisione-italiana-sara-mara-panajia\\\/\",\"name\":\"Azienda tedesca Henkel cambia il presidente della divisione italiana: sar\u00e0 Mara Panajia\",\"isPartOf\":{\"@id\":\"https:\\\/\\\/www.article-marketing.eu\\\/comunicatistampa\\\/#website\"},\"primaryImageOfPage\":{\"@id\":\"https:\\\/\\\/www.article-marketing.eu\\\/comunicatistampa\\\/azienda-tedesca-henkel-cambia-il-presidente-della-divisione-italiana-sara-mara-panajia\\\/#primaryimage\"},\"image\":{\"@id\":\"https:\\\/\\\/www.article-marketing.eu\\\/comunicatistampa\\\/azienda-tedesca-henkel-cambia-il-presidente-della-divisione-italiana-sara-mara-panajia\\\/#primaryimage\"},\"thumbnailUrl\":\"https:\\\/\\\/www.dax-pro.com\\\/new\\\/wp-content\\\/uploads\\\/2020\\\/10\\\/henkel-1.jpg\",\"datePublished\":\"2022-09-13T06:33:30+00:00\",\"author\":{\"@id\":\"https:\\\/\\\/www.article-marketing.eu\\\/comunicatistampa\\\/#\\\/schema\\\/person\\\/eb0d46093829ff5c8faf8fc7703db387\"},\"breadcrumb\":{\"@id\":\"https:\\\/\\\/www.article-marketing.eu\\\/comunicatistampa\\\/azienda-tedesca-henkel-cambia-il-presidente-della-divisione-italiana-sara-mara-panajia\\\/#breadcrumb\"},\"inLanguage\":\"it-IT\",\"potentialAction\":[{\"@type\":\"ReadAction\",\"target\":[\"https:\\\/\\\/www.article-marketing.eu\\\/comunicatistampa\\\/azienda-tedesca-henkel-cambia-il-presidente-della-divisione-italiana-sara-mara-panajia\\\/\"]}]},{\"@type\":\"ImageObject\",\"inLanguage\":\"it-IT\",\"@id\":\"https:\\\/\\\/www.article-marketing.eu\\\/comunicatistampa\\\/azienda-tedesca-henkel-cambia-il-presidente-della-divisione-italiana-sara-mara-panajia\\\/#primaryimage\",\"url\":\"https:\\\/\\\/www.dax-pro.com\\\/new\\\/wp-content\\\/uploads\\\/2020\\\/10\\\/henkel-1.jpg\",\"contentUrl\":\"https:\\\/\\\/www.dax-pro.com\\\/new\\\/wp-content\\\/uploads\\\/2020\\\/10\\\/henkel-1.jpg\"},{\"@type\":\"BreadcrumbList\",\"@id\":\"https:\\\/\\\/www.article-marketing.eu\\\/comunicatistampa\\\/azienda-tedesca-henkel-cambia-il-presidente-della-divisione-italiana-sara-mara-panajia\\\/#breadcrumb\",\"itemListElement\":[{\"@type\":\"ListItem\",\"position\":1,\"name\":\"Home\",\"item\":\"https:\\\/\\\/www.article-marketing.eu\\\/comunicatistampa\\\/\"},{\"@type\":\"ListItem\",\"position\":2,\"name\":\"Azienda tedesca Henkel cambia il presidente della divisione italiana: sar\u00e0 Mara Panajia\"}]},{\"@type\":\"WebSite\",\"@id\":\"https:\\\/\\\/www.article-marketing.eu\\\/comunicatistampa\\\/#website\",\"url\":\"https:\\\/\\\/www.article-marketing.eu\\\/comunicatistampa\\\/\",\"name\":\"Article Marketing\",\"description\":\"article marketing &amp; press release\",\"potentialAction\":[{\"@type\":\"SearchAction\",\"target\":{\"@type\":\"EntryPoint\",\"urlTemplate\":\"https:\\\/\\\/www.article-marketing.eu\\\/comunicatistampa\\\/?s={search_term_string}\"},\"query-input\":{\"@type\":\"PropertyValueSpecification\",\"valueRequired\":true,\"valueName\":\"search_term_string\"}}],\"inLanguage\":\"it-IT\"},{\"@type\":\"Person\",\"@id\":\"https:\\\/\\\/www.article-marketing.eu\\\/comunicatistampa\\\/#\\\/schema\\\/person\\\/eb0d46093829ff5c8faf8fc7703db387\",\"name\":\"heliricci\",\"image\":{\"@type\":\"ImageObject\",\"inLanguage\":\"it-IT\",\"@id\":\"https:\\\/\\\/secure.gravatar.com\\\/avatar\\\/c6d7bd728cdc2edbc0952c2d33ef684ae63b49979e1912fdf2804320fb36a0d6?s=96&d=mm&r=g\",\"url\":\"https:\\\/\\\/secure.gravatar.com\\\/avatar\\\/c6d7bd728cdc2edbc0952c2d33ef684ae63b49979e1912fdf2804320fb36a0d6?s=96&d=mm&r=g\",\"contentUrl\":\"https:\\\/\\\/secure.gravatar.com\\\/avatar\\\/c6d7bd728cdc2edbc0952c2d33ef684ae63b49979e1912fdf2804320fb36a0d6?s=96&d=mm&r=g\",\"caption\":\"heliricci\"},\"url\":\"https:\\\/\\\/www.article-marketing.eu\\\/comunicatistampa\\\/author\\\/heliricci\\\/\"}]}<\/script>\n<!-- \/ Yoast SEO plugin. -->","yoast_head_json":{"title":"Azienda tedesca Henkel cambia il presidente della divisione italiana: sar\u00e0 Mara Panajia","robots":{"index":"index","follow":"follow","max-snippet":"max-snippet:-1","max-image-preview":"max-image-preview:large","max-video-preview":"max-video-preview:-1"},"canonical":"https:\/\/www.article-marketing.eu\/comunicatistampa\/azienda-tedesca-henkel-cambia-il-presidente-della-divisione-italiana-sara-mara-panajia\/","og_locale":"it_IT","og_type":"article","og_title":"Azienda tedesca Henkel cambia il presidente della divisione italiana: sar\u00e0 Mara Panajia","og_description":"Cambia il vertice della divisione italiana di Henkel. L&#8217;azienda tedesca, leader nei prodotti per il lavaggio e la cura dei capelli, vedr\u00e0 infatti Mara Panajia come presidente e amministratore della controllata Henkel Italia. La novit\u00e0 nell&#8217;azienda tedesca Mara Panajia \u00e8 un volto storico dell&#8217;azienda, visto che ci lavora da oltre vent&#8217;anni. Nel 2021 \u00e8 stata citata da Forbes come una delle 100 donne italiane di maggior successo. Dopo la laureaContinue reading...","og_url":"https:\/\/www.article-marketing.eu\/comunicatistampa\/azienda-tedesca-henkel-cambia-il-presidente-della-divisione-italiana-sara-mara-panajia\/","og_site_name":"Article Marketing","article_published_time":"2022-09-13T06:33:30+00:00","og_image":[{"url":"https:\/\/www.dax-pro.com\/new\/wp-content\/uploads\/2020\/10\/henkel-1.jpg","type":"","width":"","height":""}],"author":"heliricci","twitter_card":"summary_large_image","twitter_misc":{"Scritto da":"heliricci","Tempo di lettura stimato":"2 minuti"},"schema":{"@context":"https:\/\/schema.org","@graph":[{"@type":"Article","@id":"https:\/\/www.article-marketing.eu\/comunicatistampa\/azienda-tedesca-henkel-cambia-il-presidente-della-divisione-italiana-sara-mara-panajia\/#article","isPartOf":{"@id":"https:\/\/www.article-marketing.eu\/comunicatistampa\/azienda-tedesca-henkel-cambia-il-presidente-della-divisione-italiana-sara-mara-panajia\/"},"author":{"name":"heliricci","@id":"https:\/\/www.article-marketing.eu\/comunicatistampa\/#\/schema\/person\/eb0d46093829ff5c8faf8fc7703db387"},"headline":"Azienda tedesca Henkel cambia il presidente della divisione italiana: sar\u00e0 Mara Panajia","datePublished":"2022-09-13T06:33:30+00:00","mainEntityOfPage":{"@id":"https:\/\/www.article-marketing.eu\/comunicatistampa\/azienda-tedesca-henkel-cambia-il-presidente-della-divisione-italiana-sara-mara-panajia\/"},"wordCount":329,"commentCount":0,"image":{"@id":"https:\/\/www.article-marketing.eu\/comunicatistampa\/azienda-tedesca-henkel-cambia-il-presidente-della-divisione-italiana-sara-mara-panajia\/#primaryimage"},"thumbnailUrl":"https:\/\/www.dax-pro.com\/new\/wp-content\/uploads\/2020\/10\/henkel-1.jpg","keywords":["dax","henkel","Panajia"],"articleSection":["Aziende"],"inLanguage":"it-IT","potentialAction":[{"@type":"CommentAction","name":"Comment","target":["https:\/\/www.article-marketing.eu\/comunicatistampa\/azienda-tedesca-henkel-cambia-il-presidente-della-divisione-italiana-sara-mara-panajia\/#respond"]}]},{"@type":"WebPage","@id":"https:\/\/www.article-marketing.eu\/comunicatistampa\/azienda-tedesca-henkel-cambia-il-presidente-della-divisione-italiana-sara-mara-panajia\/","url":"https:\/\/www.article-marketing.eu\/comunicatistampa\/azienda-tedesca-henkel-cambia-il-presidente-della-divisione-italiana-sara-mara-panajia\/","name":"Azienda tedesca Henkel cambia il presidente della divisione italiana: sar\u00e0 Mara Panajia","isPartOf":{"@id":"https:\/\/www.article-marketing.eu\/comunicatistampa\/#website"},"primaryImageOfPage":{"@id":"https:\/\/www.article-marketing.eu\/comunicatistampa\/azienda-tedesca-henkel-cambia-il-presidente-della-divisione-italiana-sara-mara-panajia\/#primaryimage"},"image":{"@id":"https:\/\/www.article-marketing.eu\/comunicatistampa\/azienda-tedesca-henkel-cambia-il-presidente-della-divisione-italiana-sara-mara-panajia\/#primaryimage"},"thumbnailUrl":"https:\/\/www.dax-pro.com\/new\/wp-content\/uploads\/2020\/10\/henkel-1.jpg","datePublished":"2022-09-13T06:33:30+00:00","author":{"@id":"https:\/\/www.article-marketing.eu\/comunicatistampa\/#\/schema\/person\/eb0d46093829ff5c8faf8fc7703db387"},"breadcrumb":{"@id":"https:\/\/www.article-marketing.eu\/comunicatistampa\/azienda-tedesca-henkel-cambia-il-presidente-della-divisione-italiana-sara-mara-panajia\/#breadcrumb"},"inLanguage":"it-IT","potentialAction":[{"@type":"ReadAction","target":["https:\/\/www.article-marketing.eu\/comunicatistampa\/azienda-tedesca-henkel-cambia-il-presidente-della-divisione-italiana-sara-mara-panajia\/"]}]},{"@type":"ImageObject","inLanguage":"it-IT","@id":"https:\/\/www.article-marketing.eu\/comunicatistampa\/azienda-tedesca-henkel-cambia-il-presidente-della-divisione-italiana-sara-mara-panajia\/#primaryimage","url":"https:\/\/www.dax-pro.com\/new\/wp-content\/uploads\/2020\/10\/henkel-1.jpg","contentUrl":"https:\/\/www.dax-pro.com\/new\/wp-content\/uploads\/2020\/10\/henkel-1.jpg"},{"@type":"BreadcrumbList","@id":"https:\/\/www.article-marketing.eu\/comunicatistampa\/azienda-tedesca-henkel-cambia-il-presidente-della-divisione-italiana-sara-mara-panajia\/#breadcrumb","itemListElement":[{"@type":"ListItem","position":1,"name":"Home","item":"https:\/\/www.article-marketing.eu\/comunicatistampa\/"},{"@type":"ListItem","position":2,"name":"Azienda tedesca Henkel cambia il presidente della divisione italiana: sar\u00e0 Mara Panajia"}]},{"@type":"WebSite","@id":"https:\/\/www.article-marketing.eu\/comunicatistampa\/#website","url":"https:\/\/www.article-marketing.eu\/comunicatistampa\/","name":"Article Marketing","description":"article marketing &amp; press release","potentialAction":[{"@type":"SearchAction","target":{"@type":"EntryPoint","urlTemplate":"https:\/\/www.article-marketing.eu\/comunicatistampa\/?s={search_term_string}"},"query-input":{"@type":"PropertyValueSpecification","valueRequired":true,"valueName":"search_term_string"}}],"inLanguage":"it-IT"},{"@type":"Person","@id":"https:\/\/www.article-marketing.eu\/comunicatistampa\/#\/schema\/person\/eb0d46093829ff5c8faf8fc7703db387","name":"heliricci","image":{"@type":"ImageObject","inLanguage":"it-IT","@id":"https:\/\/secure.gravatar.com\/avatar\/c6d7bd728cdc2edbc0952c2d33ef684ae63b49979e1912fdf2804320fb36a0d6?s=96&d=mm&r=g","url":"https:\/\/secure.gravatar.com\/avatar\/c6d7bd728cdc2edbc0952c2d33ef684ae63b49979e1912fdf2804320fb36a0d6?s=96&d=mm&r=g","contentUrl":"https:\/\/secure.gravatar.com\/avatar\/c6d7bd728cdc2edbc0952c2d33ef684ae63b49979e1912fdf2804320fb36a0d6?s=96&d=mm&r=g","caption":"heliricci"},"url":"https:\/\/www.article-marketing.eu\/comunicatistampa\/author\/heliricci\/"}]}},"_links":{"self":[{"href":"https:\/\/www.article-marketing.eu\/comunicatistampa\/wp-json\/wp\/v2\/posts\/24680","targetHints":{"allow":["GET"]}}],"collection":[{"href":"https:\/\/www.article-marketing.eu\/comunicatistampa\/wp-json\/wp\/v2\/posts"}],"about":[{"href":"https:\/\/www.article-marketing.eu\/comunicatistampa\/wp-json\/wp\/v2\/types\/post"}],"author":[{"embeddable":true,"href":"https:\/\/www.article-marketing.eu\/comunicatistampa\/wp-json\/wp\/v2\/users\/7116"}],"replies":[{"embeddable":true,"href":"https:\/\/www.article-marketing.eu\/comunicatistampa\/wp-json\/wp\/v2\/comments?post=24680"}],"version-history":[{"count":2,"href":"https:\/\/www.article-marketing.eu\/comunicatistampa\/wp-json\/wp\/v2\/posts\/24680\/revisions"}],"predecessor-version":[{"id":24697,"href":"https:\/\/www.article-marketing.eu\/comunicatistampa\/wp-json\/wp\/v2\/posts\/24680\/revisions\/24697"}],"wp:attachment":[{"href":"https:\/\/www.article-marketing.eu\/comunicatistampa\/wp-json\/wp\/v2\/media?parent=24680"}],"wp:term":[{"taxonomy":"category","embeddable":true,"href":"https:\/\/www.article-marketing.eu\/comunicatistampa\/wp-json\/wp\/v2\/categories?post=24680"},{"taxonomy":"post_tag","embeddable":true,"href":"https:\/\/www.article-marketing.eu\/comunicatistampa\/wp-json\/wp\/v2\/tags?post=24680"}],"curies":[{"name":"wp","href":"https:\/\/api.w.org\/{rel}","templated":true}]}}