{"id":24778,"date":"2022-10-13T07:28:42","date_gmt":"2022-10-13T05:28:42","guid":{"rendered":"https:\/\/www.article-marketing.eu\/comunicatistampa\/?p=24778"},"modified":"2022-10-09T22:20:41","modified_gmt":"2022-10-09T20:20:41","slug":"accordo-leroy-merlin-ugolini","status":"publish","type":"post","link":"https:\/\/www.article-marketing.eu\/comunicatistampa\/accordo-leroy-merlin-ugolini\/","title":{"rendered":"Accordo Leroy Merlin \u2013 Ugolini"},"content":{"rendered":"<p class=\"xmprfx_MsoNormal\" align=\"center\"><em><b>Grazie a questo accordo lo shop online del colosso francese sar\u00e0 il primo operatore a commercializzare Impera l\u2019innovativo sistema italiano che illumina e protegge da Covid e altre patologie abbattendo le cariche microbiche di oltre il 99%\u00a0<\/b><\/em><\/p>\n<p class=\"xmprfx_MsoNormal\"><em><b>Tavarnelle Val di Pesa (FI), 21 settembre 2022.<\/b><\/em>\u00a0Ugolini Electronic Engineering, che da oltre vent\u2019anni studia e produce soluzioni innovative per l\u2019illuminazione, il benessere e la sicurezza delle persone e dell\u2019ambiente, annuncia l\u2019accordo con Leroy Merlin per la vendita della propria gamma di lampade Impera sullo shop online del colosso francese.<\/p>\n<p><a href=\"https:\/\/rgrcomunicazionemarketing.us1.list-manage.com\/track\/click?u=8f8c987a3a15837b31ecff32d&amp;id=951b234e3e&amp;e=4c592a679b\" target=\"_blank\" rel=\"noopener noreferrer\"><img loading=\"lazy\" decoding=\"async\" id=\"_x0000_i1027\" src=\"https:\/\/mcusercontent.com\/8f8c987a3a15837b31ecff32d\/images\/7b0b016f-256e-d11e-ea83-c73f1590f74a.jpg\" alt=\"\" width=\"800\" height=\"357\" border=\"0\" \/><\/a><\/p>\n<p>Certificata come dispositivo medico in classe 1 (Direttiva CEE 93\/42) da parte del Ministero della Salute e certificata EUDAMED della Commissione Europea, Impera offre un\u2019illuminazione gradevole e adatta a ogni tipo di ambiente ma soprattutto distrugge per irradiazione i virus e i batteri nell\u2019aria e sulle superfici ed \u00e8 quindi ideale anche per locali di difficile areazione, rendendo ogni ambiente pi\u00f9 disinfettato e sicuro.<\/p>\n<p>La tecnologia luminosa a LED\u00a0<em>nearUVA<\/em>\u00a0utilizzata da Impera \u00e8 programmabile nell\u2019intensit\u00e0 per assicurare un comfort visivo ottimale e la sua capacit\u00e0 di ridurre la carica microbica di oltre il 99% e di inattivare il virus SARS-CoV-2 del 99,9%, nonch\u00e9 la totale sicurezza per persone e animali, sono state attestate dall\u2019Universit\u00e0 di Siena con studi, prove di laboratorio e prove sul campo.<\/p>\n<p>Le prove di laboratorio hanno verificato la capacit\u00e0 della tecnologia delle lampade Impera di abbattere di oltre il 99% la componente microbica presente negli ambienti di vita quotidiana, fin oltre 2,5 metri dalla sorgente, con una esposizione delle superfici maggiore di 8 ore.<\/p>\n<p><em>\u201cGrazie al grande lavoro di ricerca e sviluppo del nostro team e alla collaborazione con l\u2019Universit\u00e0 di Siena abbiamo messo a punto una soluzione totalmente made in Italy, innovativa e capace di proporre un nuovo approccio alla lotta contro i virus e i batteri presenti negli ambienti, compreso il SARS CoV-2 che cos\u00ec tanto ha sconvolto le nostre vite negli ultimi anni<\/em>\u00a0\u2013 dichiara\u00a0<strong>Biancamaria Ugolini, CEO di Ugolini Electronic Engineering<\/strong>\u00a0\u2013\u00a0<em>La scelta di inserire la nostra soluzione nel proprio catalogo online da parte di un grande player mondiale come Leroy Merlin \u00e8 un ulteriore riconoscimento della qualit\u00e0 del nostro prodotto e una grande opportunit\u00e0 di visibilit\u00e0 e di incremento delle vendite\u201d\u00a0<\/em>conclude Ugolini.<\/p>\n<p>Il sistema Impera, che sar\u00e0 commercializzato da Leroy Merlin in quattro differenti versioni, \u00e8 facilissimo da installare, esattamente come una comune lampada a soffitto, ed \u00e8 ideale per ogni tipologia di ambiente pubblico, privato o di comunit\u00e0 come reception, aree comuni, uffici, sale riunioni, complessi scolastici, strutture sanitarie, palestre, sale attesa, ascensori, aule, centri commerciali, eccetera.<\/p>\n","protected":false},"excerpt":{"rendered":"<p>Grazie a questo accordo lo shop online del colosso francese sar\u00e0 il primo operatore a commercializzare Impera l\u2019innovativo sistema italiano che illumina e protegge da Covid e altre patologie abbattendo le cariche microbiche di oltre il 99%\u00a0 Tavarnelle Val di Pesa (FI), 21 settembre 2022.\u00a0Ugolini Electronic Engineering, che da oltre vent\u2019anni studia e produce soluzioni innovative per l\u2019illuminazione, il benessere e la sicurezza delle persone e dell\u2019ambiente, annuncia l\u2019accordo con<\/p>\n<p><a class=\"continue-reading\" href=\"https:\/\/www.article-marketing.eu\/comunicatistampa\/accordo-leroy-merlin-ugolini\/\">Continue reading&#8230;<\/a><\/p>\n","protected":false},"author":1112,"featured_media":0,"comment_status":"open","ping_status":"open","sticky":false,"template":"","format":"standard","meta":{"_monsterinsights_skip_tracking":false,"_monsterinsights_sitenote_active":false,"_monsterinsights_sitenote_note":"","_monsterinsights_sitenote_category":0,"footnotes":""},"categories":[78,393,412],"tags":[6172,7609,10101],"class_list":["post-24778","post","type-post","status-publish","format-standard","hentry","category-comunicati-stampa","category-prodotti","category-ricerca-e-sviluppo","tag-la-pulizia-e-la-sanificazione-degli-ambienti-di-lavoro-nellemergenza-covid-19","tag-lampade-led","tag-leroy"],"yoast_head":"<!-- This site is optimized with the Yoast SEO plugin v27.3 - https:\/\/yoast.com\/product\/yoast-seo-wordpress\/ -->\n<title>Accordo Leroy Merlin \u2013 Ugolini - Article Marketing<\/title>\n<meta name=\"description\" content=\"Accordo Leroy Merlin \u2013 Ugolini: lo shop online del colosso francese sar\u00e0 il primo operatore a commercializzare Impera l\u2019innovativo sistema italiano che illumina e protegge da Covid e altre patologie.\" \/>\n<meta name=\"robots\" content=\"index, follow, max-snippet:-1, max-image-preview:large, max-video-preview:-1\" \/>\n<link rel=\"canonical\" href=\"https:\/\/www.article-marketing.eu\/comunicatistampa\/accordo-leroy-merlin-ugolini\/\" \/>\n<meta property=\"og:locale\" content=\"it_IT\" \/>\n<meta property=\"og:type\" content=\"article\" \/>\n<meta property=\"og:title\" content=\"Accordo Leroy Merlin \u2013 Ugolini - Article Marketing\" \/>\n<meta property=\"og:description\" content=\"Accordo Leroy Merlin \u2013 Ugolini: lo shop online del colosso francese sar\u00e0 il primo operatore a commercializzare Impera l\u2019innovativo sistema italiano che illumina e protegge da Covid e altre patologie.\" \/>\n<meta property=\"og:url\" content=\"https:\/\/www.article-marketing.eu\/comunicatistampa\/accordo-leroy-merlin-ugolini\/\" \/>\n<meta property=\"og:site_name\" content=\"Article Marketing\" \/>\n<meta property=\"article:published_time\" content=\"2022-10-13T05:28:42+00:00\" \/>\n<meta property=\"og:image\" content=\"https:\/\/mcusercontent.com\/8f8c987a3a15837b31ecff32d\/images\/7b0b016f-256e-d11e-ea83-c73f1590f74a.jpg\" \/>\n<meta name=\"author\" content=\"RGR Comunicazione\" \/>\n<meta name=\"twitter:card\" content=\"summary_large_image\" \/>\n<meta name=\"twitter:label1\" content=\"Scritto da\" \/>\n\t<meta name=\"twitter:data1\" content=\"RGR Comunicazione\" \/>\n\t<meta name=\"twitter:label2\" content=\"Tempo di lettura stimato\" \/>\n\t<meta name=\"twitter:data2\" content=\"3 minuti\" \/>\n<script type=\"application\/ld+json\" class=\"yoast-schema-graph\">{\"@context\":\"https:\\\/\\\/schema.org\",\"@graph\":[{\"@type\":\"Article\",\"@id\":\"https:\\\/\\\/www.article-marketing.eu\\\/comunicatistampa\\\/accordo-leroy-merlin-ugolini\\\/#article\",\"isPartOf\":{\"@id\":\"https:\\\/\\\/www.article-marketing.eu\\\/comunicatistampa\\\/accordo-leroy-merlin-ugolini\\\/\"},\"author\":{\"name\":\"RGR Comunicazione\",\"@id\":\"https:\\\/\\\/www.article-marketing.eu\\\/comunicatistampa\\\/#\\\/schema\\\/person\\\/76367e3093e2d092ab725eb726737838\"},\"headline\":\"Accordo Leroy Merlin \u2013 Ugolini\",\"datePublished\":\"2022-10-13T05:28:42+00:00\",\"mainEntityOfPage\":{\"@id\":\"https:\\\/\\\/www.article-marketing.eu\\\/comunicatistampa\\\/accordo-leroy-merlin-ugolini\\\/\"},\"wordCount\":425,\"commentCount\":0,\"image\":{\"@id\":\"https:\\\/\\\/www.article-marketing.eu\\\/comunicatistampa\\\/accordo-leroy-merlin-ugolini\\\/#primaryimage\"},\"thumbnailUrl\":\"https:\\\/\\\/mcusercontent.com\\\/8f8c987a3a15837b31ecff32d\\\/images\\\/7b0b016f-256e-d11e-ea83-c73f1590f74a.jpg\",\"keywords\":[\"La pulizia e la sanificazione degli ambienti di lavoro nell\u2019emergenza Covid-19\",\"lampade led\",\"leroy\"],\"articleSection\":[\"Comunicati stampa\",\"Prodotti\",\"Ricerca e sviluppo\"],\"inLanguage\":\"it-IT\",\"potentialAction\":[{\"@type\":\"CommentAction\",\"name\":\"Comment\",\"target\":[\"https:\\\/\\\/www.article-marketing.eu\\\/comunicatistampa\\\/accordo-leroy-merlin-ugolini\\\/#respond\"]}]},{\"@type\":\"WebPage\",\"@id\":\"https:\\\/\\\/www.article-marketing.eu\\\/comunicatistampa\\\/accordo-leroy-merlin-ugolini\\\/\",\"url\":\"https:\\\/\\\/www.article-marketing.eu\\\/comunicatistampa\\\/accordo-leroy-merlin-ugolini\\\/\",\"name\":\"Accordo Leroy Merlin \u2013 Ugolini - Article Marketing\",\"isPartOf\":{\"@id\":\"https:\\\/\\\/www.article-marketing.eu\\\/comunicatistampa\\\/#website\"},\"primaryImageOfPage\":{\"@id\":\"https:\\\/\\\/www.article-marketing.eu\\\/comunicatistampa\\\/accordo-leroy-merlin-ugolini\\\/#primaryimage\"},\"image\":{\"@id\":\"https:\\\/\\\/www.article-marketing.eu\\\/comunicatistampa\\\/accordo-leroy-merlin-ugolini\\\/#primaryimage\"},\"thumbnailUrl\":\"https:\\\/\\\/mcusercontent.com\\\/8f8c987a3a15837b31ecff32d\\\/images\\\/7b0b016f-256e-d11e-ea83-c73f1590f74a.jpg\",\"datePublished\":\"2022-10-13T05:28:42+00:00\",\"author\":{\"@id\":\"https:\\\/\\\/www.article-marketing.eu\\\/comunicatistampa\\\/#\\\/schema\\\/person\\\/76367e3093e2d092ab725eb726737838\"},\"description\":\"Accordo Leroy Merlin \u2013 Ugolini: lo shop online del colosso francese sar\u00e0 il primo operatore a commercializzare Impera l\u2019innovativo sistema italiano che illumina e protegge da Covid e altre patologie.\",\"breadcrumb\":{\"@id\":\"https:\\\/\\\/www.article-marketing.eu\\\/comunicatistampa\\\/accordo-leroy-merlin-ugolini\\\/#breadcrumb\"},\"inLanguage\":\"it-IT\",\"potentialAction\":[{\"@type\":\"ReadAction\",\"target\":[\"https:\\\/\\\/www.article-marketing.eu\\\/comunicatistampa\\\/accordo-leroy-merlin-ugolini\\\/\"]}]},{\"@type\":\"ImageObject\",\"inLanguage\":\"it-IT\",\"@id\":\"https:\\\/\\\/www.article-marketing.eu\\\/comunicatistampa\\\/accordo-leroy-merlin-ugolini\\\/#primaryimage\",\"url\":\"https:\\\/\\\/mcusercontent.com\\\/8f8c987a3a15837b31ecff32d\\\/images\\\/7b0b016f-256e-d11e-ea83-c73f1590f74a.jpg\",\"contentUrl\":\"https:\\\/\\\/mcusercontent.com\\\/8f8c987a3a15837b31ecff32d\\\/images\\\/7b0b016f-256e-d11e-ea83-c73f1590f74a.jpg\"},{\"@type\":\"BreadcrumbList\",\"@id\":\"https:\\\/\\\/www.article-marketing.eu\\\/comunicatistampa\\\/accordo-leroy-merlin-ugolini\\\/#breadcrumb\",\"itemListElement\":[{\"@type\":\"ListItem\",\"position\":1,\"name\":\"Home\",\"item\":\"https:\\\/\\\/www.article-marketing.eu\\\/comunicatistampa\\\/\"},{\"@type\":\"ListItem\",\"position\":2,\"name\":\"Accordo Leroy Merlin \u2013 Ugolini\"}]},{\"@type\":\"WebSite\",\"@id\":\"https:\\\/\\\/www.article-marketing.eu\\\/comunicatistampa\\\/#website\",\"url\":\"https:\\\/\\\/www.article-marketing.eu\\\/comunicatistampa\\\/\",\"name\":\"Article Marketing\",\"description\":\"article marketing &amp; press release\",\"potentialAction\":[{\"@type\":\"SearchAction\",\"target\":{\"@type\":\"EntryPoint\",\"urlTemplate\":\"https:\\\/\\\/www.article-marketing.eu\\\/comunicatistampa\\\/?s={search_term_string}\"},\"query-input\":{\"@type\":\"PropertyValueSpecification\",\"valueRequired\":true,\"valueName\":\"search_term_string\"}}],\"inLanguage\":\"it-IT\"},{\"@type\":\"Person\",\"@id\":\"https:\\\/\\\/www.article-marketing.eu\\\/comunicatistampa\\\/#\\\/schema\\\/person\\\/76367e3093e2d092ab725eb726737838\",\"name\":\"RGR Comunicazione\",\"image\":{\"@type\":\"ImageObject\",\"inLanguage\":\"it-IT\",\"@id\":\"https:\\\/\\\/secure.gravatar.com\\\/avatar\\\/ede9863dffa1dd4d938132da0a252a3ccea8941d92fcb0abedb060c3e79f35ce?s=96&d=mm&r=g\",\"url\":\"https:\\\/\\\/secure.gravatar.com\\\/avatar\\\/ede9863dffa1dd4d938132da0a252a3ccea8941d92fcb0abedb060c3e79f35ce?s=96&d=mm&r=g\",\"contentUrl\":\"https:\\\/\\\/secure.gravatar.com\\\/avatar\\\/ede9863dffa1dd4d938132da0a252a3ccea8941d92fcb0abedb060c3e79f35ce?s=96&d=mm&r=g\",\"caption\":\"RGR Comunicazione\"},\"description\":\"RGR \u00e8 un\u2019agenzia di comunicazione integrata e ufficio stampa, che supporta le aziende nell\u2019esaltare la propria immagine e le proprie eccellenze attraverso il mix pi\u00f9 opportuno di canali di comunicazione.\",\"sameAs\":[\"https:\\\/\\\/www.rgrcomunicazionemarketing.it\\\/\"],\"url\":\"https:\\\/\\\/www.article-marketing.eu\\\/comunicatistampa\\\/author\\\/rgr-comunicazione\\\/\"}]}<\/script>\n<!-- \/ Yoast SEO plugin. -->","yoast_head_json":{"title":"Accordo Leroy Merlin \u2013 Ugolini - Article Marketing","description":"Accordo Leroy Merlin \u2013 Ugolini: lo shop online del colosso francese sar\u00e0 il primo operatore a commercializzare Impera l\u2019innovativo sistema italiano che illumina e protegge da Covid e altre patologie.","robots":{"index":"index","follow":"follow","max-snippet":"max-snippet:-1","max-image-preview":"max-image-preview:large","max-video-preview":"max-video-preview:-1"},"canonical":"https:\/\/www.article-marketing.eu\/comunicatistampa\/accordo-leroy-merlin-ugolini\/","og_locale":"it_IT","og_type":"article","og_title":"Accordo Leroy Merlin \u2013 Ugolini - Article Marketing","og_description":"Accordo Leroy Merlin \u2013 Ugolini: lo shop online del colosso francese sar\u00e0 il primo operatore a commercializzare Impera l\u2019innovativo sistema italiano che illumina e protegge da Covid e altre patologie.","og_url":"https:\/\/www.article-marketing.eu\/comunicatistampa\/accordo-leroy-merlin-ugolini\/","og_site_name":"Article Marketing","article_published_time":"2022-10-13T05:28:42+00:00","og_image":[{"url":"https:\/\/mcusercontent.com\/8f8c987a3a15837b31ecff32d\/images\/7b0b016f-256e-d11e-ea83-c73f1590f74a.jpg","type":"","width":"","height":""}],"author":"RGR Comunicazione","twitter_card":"summary_large_image","twitter_misc":{"Scritto da":"RGR Comunicazione","Tempo di lettura stimato":"3 minuti"},"schema":{"@context":"https:\/\/schema.org","@graph":[{"@type":"Article","@id":"https:\/\/www.article-marketing.eu\/comunicatistampa\/accordo-leroy-merlin-ugolini\/#article","isPartOf":{"@id":"https:\/\/www.article-marketing.eu\/comunicatistampa\/accordo-leroy-merlin-ugolini\/"},"author":{"name":"RGR Comunicazione","@id":"https:\/\/www.article-marketing.eu\/comunicatistampa\/#\/schema\/person\/76367e3093e2d092ab725eb726737838"},"headline":"Accordo Leroy Merlin \u2013 Ugolini","datePublished":"2022-10-13T05:28:42+00:00","mainEntityOfPage":{"@id":"https:\/\/www.article-marketing.eu\/comunicatistampa\/accordo-leroy-merlin-ugolini\/"},"wordCount":425,"commentCount":0,"image":{"@id":"https:\/\/www.article-marketing.eu\/comunicatistampa\/accordo-leroy-merlin-ugolini\/#primaryimage"},"thumbnailUrl":"https:\/\/mcusercontent.com\/8f8c987a3a15837b31ecff32d\/images\/7b0b016f-256e-d11e-ea83-c73f1590f74a.jpg","keywords":["La pulizia e la sanificazione degli ambienti di lavoro nell\u2019emergenza Covid-19","lampade led","leroy"],"articleSection":["Comunicati stampa","Prodotti","Ricerca e sviluppo"],"inLanguage":"it-IT","potentialAction":[{"@type":"CommentAction","name":"Comment","target":["https:\/\/www.article-marketing.eu\/comunicatistampa\/accordo-leroy-merlin-ugolini\/#respond"]}]},{"@type":"WebPage","@id":"https:\/\/www.article-marketing.eu\/comunicatistampa\/accordo-leroy-merlin-ugolini\/","url":"https:\/\/www.article-marketing.eu\/comunicatistampa\/accordo-leroy-merlin-ugolini\/","name":"Accordo Leroy Merlin \u2013 Ugolini - Article Marketing","isPartOf":{"@id":"https:\/\/www.article-marketing.eu\/comunicatistampa\/#website"},"primaryImageOfPage":{"@id":"https:\/\/www.article-marketing.eu\/comunicatistampa\/accordo-leroy-merlin-ugolini\/#primaryimage"},"image":{"@id":"https:\/\/www.article-marketing.eu\/comunicatistampa\/accordo-leroy-merlin-ugolini\/#primaryimage"},"thumbnailUrl":"https:\/\/mcusercontent.com\/8f8c987a3a15837b31ecff32d\/images\/7b0b016f-256e-d11e-ea83-c73f1590f74a.jpg","datePublished":"2022-10-13T05:28:42+00:00","author":{"@id":"https:\/\/www.article-marketing.eu\/comunicatistampa\/#\/schema\/person\/76367e3093e2d092ab725eb726737838"},"description":"Accordo Leroy Merlin \u2013 Ugolini: lo shop online del colosso francese sar\u00e0 il primo operatore a commercializzare Impera l\u2019innovativo sistema italiano che illumina e protegge da Covid e altre patologie.","breadcrumb":{"@id":"https:\/\/www.article-marketing.eu\/comunicatistampa\/accordo-leroy-merlin-ugolini\/#breadcrumb"},"inLanguage":"it-IT","potentialAction":[{"@type":"ReadAction","target":["https:\/\/www.article-marketing.eu\/comunicatistampa\/accordo-leroy-merlin-ugolini\/"]}]},{"@type":"ImageObject","inLanguage":"it-IT","@id":"https:\/\/www.article-marketing.eu\/comunicatistampa\/accordo-leroy-merlin-ugolini\/#primaryimage","url":"https:\/\/mcusercontent.com\/8f8c987a3a15837b31ecff32d\/images\/7b0b016f-256e-d11e-ea83-c73f1590f74a.jpg","contentUrl":"https:\/\/mcusercontent.com\/8f8c987a3a15837b31ecff32d\/images\/7b0b016f-256e-d11e-ea83-c73f1590f74a.jpg"},{"@type":"BreadcrumbList","@id":"https:\/\/www.article-marketing.eu\/comunicatistampa\/accordo-leroy-merlin-ugolini\/#breadcrumb","itemListElement":[{"@type":"ListItem","position":1,"name":"Home","item":"https:\/\/www.article-marketing.eu\/comunicatistampa\/"},{"@type":"ListItem","position":2,"name":"Accordo Leroy Merlin \u2013 Ugolini"}]},{"@type":"WebSite","@id":"https:\/\/www.article-marketing.eu\/comunicatistampa\/#website","url":"https:\/\/www.article-marketing.eu\/comunicatistampa\/","name":"Article Marketing","description":"article marketing &amp; press release","potentialAction":[{"@type":"SearchAction","target":{"@type":"EntryPoint","urlTemplate":"https:\/\/www.article-marketing.eu\/comunicatistampa\/?s={search_term_string}"},"query-input":{"@type":"PropertyValueSpecification","valueRequired":true,"valueName":"search_term_string"}}],"inLanguage":"it-IT"},{"@type":"Person","@id":"https:\/\/www.article-marketing.eu\/comunicatistampa\/#\/schema\/person\/76367e3093e2d092ab725eb726737838","name":"RGR Comunicazione","image":{"@type":"ImageObject","inLanguage":"it-IT","@id":"https:\/\/secure.gravatar.com\/avatar\/ede9863dffa1dd4d938132da0a252a3ccea8941d92fcb0abedb060c3e79f35ce?s=96&d=mm&r=g","url":"https:\/\/secure.gravatar.com\/avatar\/ede9863dffa1dd4d938132da0a252a3ccea8941d92fcb0abedb060c3e79f35ce?s=96&d=mm&r=g","contentUrl":"https:\/\/secure.gravatar.com\/avatar\/ede9863dffa1dd4d938132da0a252a3ccea8941d92fcb0abedb060c3e79f35ce?s=96&d=mm&r=g","caption":"RGR Comunicazione"},"description":"RGR \u00e8 un\u2019agenzia di comunicazione integrata e ufficio stampa, che supporta le aziende nell\u2019esaltare la propria immagine e le proprie eccellenze attraverso il mix pi\u00f9 opportuno di canali di comunicazione.","sameAs":["https:\/\/www.rgrcomunicazionemarketing.it\/"],"url":"https:\/\/www.article-marketing.eu\/comunicatistampa\/author\/rgr-comunicazione\/"}]}},"_links":{"self":[{"href":"https:\/\/www.article-marketing.eu\/comunicatistampa\/wp-json\/wp\/v2\/posts\/24778","targetHints":{"allow":["GET"]}}],"collection":[{"href":"https:\/\/www.article-marketing.eu\/comunicatistampa\/wp-json\/wp\/v2\/posts"}],"about":[{"href":"https:\/\/www.article-marketing.eu\/comunicatistampa\/wp-json\/wp\/v2\/types\/post"}],"author":[{"embeddable":true,"href":"https:\/\/www.article-marketing.eu\/comunicatistampa\/wp-json\/wp\/v2\/users\/1112"}],"replies":[{"embeddable":true,"href":"https:\/\/www.article-marketing.eu\/comunicatistampa\/wp-json\/wp\/v2\/comments?post=24778"}],"version-history":[{"count":2,"href":"https:\/\/www.article-marketing.eu\/comunicatistampa\/wp-json\/wp\/v2\/posts\/24778\/revisions"}],"predecessor-version":[{"id":25013,"href":"https:\/\/www.article-marketing.eu\/comunicatistampa\/wp-json\/wp\/v2\/posts\/24778\/revisions\/25013"}],"wp:attachment":[{"href":"https:\/\/www.article-marketing.eu\/comunicatistampa\/wp-json\/wp\/v2\/media?parent=24778"}],"wp:term":[{"taxonomy":"category","embeddable":true,"href":"https:\/\/www.article-marketing.eu\/comunicatistampa\/wp-json\/wp\/v2\/categories?post=24778"},{"taxonomy":"post_tag","embeddable":true,"href":"https:\/\/www.article-marketing.eu\/comunicatistampa\/wp-json\/wp\/v2\/tags?post=24778"}],"curies":[{"name":"wp","href":"https:\/\/api.w.org\/{rel}","templated":true}]}}