{"id":24780,"date":"2022-10-10T08:18:49","date_gmt":"2022-10-10T06:18:49","guid":{"rendered":"https:\/\/www.article-marketing.eu\/comunicatistampa\/?p=24780"},"modified":"2022-10-09T22:21:27","modified_gmt":"2022-10-09T20:21:27","slug":"una-femminilita-da-tutelare","status":"publish","type":"post","link":"https:\/\/www.article-marketing.eu\/comunicatistampa\/una-femminilita-da-tutelare\/","title":{"rendered":"Una femminilit\u00e0 da tutelare"},"content":{"rendered":"<p align=\"justify\"><span style=\"color: #000000;\"><span style=\"font-family: Helvetica Neue, serif;\"><span style=\"font-family: Verdana, serif;\"><i>Cielo e Terra tra gli sponsor del Calendario \u201cCurvy Women 2023\u201d a testimoniare l\u2019attenzione nel sociale e l\u2019adesione ai valori che rendono la cantina vicentina certificata B Corp<\/i><\/span><sup><span style=\"font-family: Verdana, serif;\"><i>\u00ae<\/i><\/span><\/sup><span style=\"font-family: Verdana, serif;\"><i> un\u2019azienda impegnata nel promuovere il rispetto verso le persone e il pianeta<\/i><\/span><\/span><\/span><\/p>\n<p align=\"justify\"><a name=\"_GoBack\"><\/a> <span style=\"color: #000000;\">\u201c<span style=\"font-family: Helvetica Neue, serif;\"><span style=\"font-family: Verdana, serif;\"><span style=\"font-size: small;\"><i>Pi\u00f9 un acino d\u2019uva \u00e8 curvy e pi\u00f9 \u00e8 bello, ma non solo quello<\/i><\/span><\/span><span style=\"font-family: Verdana, serif;\"><span style=\"font-size: small;\">\u201d \u2013 commenta scherzosamente <\/span><\/span><span style=\"font-family: Verdana, serif;\"><span style=\"font-size: small;\"><b>Paola Cielo, Responsabile comunicazione e pubbliche relazioni della nota cantina Cielo e Terra di Vicenza, sponsor del Calendario \u201cCurvy Women 2023<\/b><\/span><\/span><span style=\"font-family: Verdana, serif;\"><span style=\"font-size: small;\">\u201d. Un sostegno a questa prima edizione dell\u2019opera, quello offerto dalla nota cantina che testimonia la piena adesione ai valori dell\u2019iniziativa promossa dall\u2019Associazione Boteriane in the World per rendere plateale la bellezza delle donne \u201cfloride\u201d, sottolineando come \u201cl\u2019imperfezione diviene strumento di fascino\u201d.<\/span><\/span><\/span><\/span><\/p>\n<p align=\"justify\"><span style=\"color: #000000;\"><span style=\"font-family: Helvetica Neue, serif;\"><span style=\"font-family: Verdana, serif;\"><span style=\"font-size: small;\">Cielo e Terra da anni sta infatti promuovendo interventi che spaziano dalle persone all\u2019ambiente, dall\u2019<\/span><\/span><span style=\"font-family: Verdana, serif;\"><span style=\"font-size: small;\">utilizzo di <\/span><\/span><span style=\"font-family: Verdana, serif;\"><span style=\"font-size: small;\"><b>tappi certificati FSC<\/b><\/span><\/span> <span style=\"font-family: Verdana, serif;\"><span style=\"font-size: small;\"><b>ai progetti sociali come AMREF e Wine2Water<\/b><\/span><\/span> <span style=\"font-family: Verdana, serif;\"><span style=\"font-size: small;\"><b>per sensibilizzare e facilitare l\u2019accesso all\u2019acqua per le donne in Africa<\/b><\/span><\/span><span style=\"font-family: Verdana, serif;\"><span style=\"font-size: small;\">. L\u2019azienda vicentina nata nel 1908 e che oggi \u00e8 composta dall\u2019unione della famiglia Cielo e dei viticoltori delle Cantine dei Colli Berici si distingue per essere <\/span><\/span><span style=\"font-family: Verdana, serif;\"><span style=\"font-size: small;\"><b>un\u2019azienda leader nella produzione e commercializzazione del vino nel rispetto dei principi etici e di sostenibilit\u00e0 integrata, cos\u00ec come emerge dalla Relazione sulla Gestione Integrata 2021.<\/b><\/span><\/span> <\/span><\/span><\/p>\n<p align=\"justify\"><span style=\"color: #000000;\">\u201c<span style=\"font-family: Helvetica Neue, serif;\"><span style=\"font-family: Verdana, serif;\"><span style=\"font-size: small;\"><i>Siamo una <\/i><\/span><\/span><span style=\"font-family: Verdana, serif;\"><span style=\"font-size: small;\"><i><b>realt\u00e0 certificata <\/b><\/i><\/span><\/span><span style=\"font-family: Verdana, serif;\"><span style=\"font-size: small;\"><i><b>B Corp<\/b><\/i><\/span><\/span><sup><span style=\"font-family: Verdana, serif;\"><span style=\"font-size: small;\"><i><b>\u00ae,<\/b><\/i><\/span><\/span><\/sup><i> <\/i><span style=\"font-family: Verdana, serif;\"><span style=\"font-size: small;\"><i><b>la pi\u00f9 grande azienda vitivinicola certificata in Europa<\/b><\/i><\/span><\/span><span style=\"font-family: Verdana, serif;\"><span style=\"font-size: small;\"><i>, nonch\u00e9 una delle pi\u00f9 grandi a livello globale. Oltre alla riduzione dell\u2019impatto ambientale che ci ha permesso di conseguire la <\/i><\/span><\/span><span style=\"font-family: Verdana, serif;\"><span style=\"font-size: small;\"><i><b>certificazione VIVA Sustainable<\/b><\/i><\/span><\/span><span style=\"font-family: Verdana, serif;\"><span style=\"font-size: small;\"><i>, siamo molto sensibili alle persone. <\/i><\/span><\/span><span style=\"font-family: Verdana, serif;\"><span style=\"font-size: small;\"><i><b>In azienda circa un terzo dei dipendenti \u00e8 donna<\/b><\/i><\/span><\/span><span style=\"font-family: Verdana, serif;\"><span style=\"font-size: small;\"><i> e le tematiche legate al mondo femminile ci vedono molto attenti non solo in progetti internazionali, ma anche nella nostra quotidianit\u00e0 lavorativa. Ecco perch\u00e9 abbiamo sposato subito questa iniziativa<\/i><\/span><\/span><span style=\"font-family: Verdana, serif;\"><span style=\"font-size: small;\">\u201d \u2013 spiega Paola Cielo. <\/span><\/span><\/span><\/span><\/p>\n<p align=\"justify\"><span style=\"color: #000000;\">\u201c<span style=\"font-family: Helvetica Neue, serif;\"><span style=\"font-family: Verdana, serif;\"><span style=\"font-size: small;\"><i>Il tema della discriminazione e del body shaming \u00e8 molto attuale, come, dimostrano i recenti articoli usciti sulle riviste e sui quotidiani nazionali, coinvolge un vasto pubblico anche di adolescenti, pi\u00f9 fragile e che vivono con sofferenza quelle che erroneamente sono considerate imperfezioni e che spesso portano a stati di malessere, depressione, isolamento, fino a gesti estremi dai risvolti drammatici<\/i><\/span><\/span><span style=\"font-family: Verdana, serif;\"><span style=\"font-size: small;\">\u201d. Chiosa la Responsabile comunicazione e relazioni pubbliche di Cielo e Terra. <\/span><\/span><\/span><\/span><\/p>\n<p align=\"justify\">\u201c<span style=\"font-family: Helvetica Neue, serif;\"><span style=\"font-size: small;\"><span style=\"font-family: Verdana, serif;\"><i>Un\u2019azienda socialmente responsabile<\/i><\/span><span style=\"font-family: Verdana, serif;\">\u201d \u2013 conclude Paola Cielo \u2013 \u201c<\/span><span style=\"font-family: Verdana, serif;\"><i>Deve contribuire a sensibilizzare la propria filiera su tematiche quanto mai attuali, perch\u00e9 un\u2019impresa non \u00e8 solo un luogo produttivo, ma anche una realt\u00e0 fatta di persone e che con esse deve condividere vision e mission in un contesto lavorativo, ma prima ancora, umano<\/i><\/span><span style=\"font-family: Verdana, serif;\">\u201d. <\/span><\/span><\/span><\/p>\n<p align=\"justify\"><span style=\"font-family: Helvetica Neue, serif;\"><span style=\"font-size: small;\"><span style=\"font-family: Verdana, serif;\">https:\/\/cieloeterravini.com\/<\/span><\/span><\/span><\/p>\n","protected":false},"excerpt":{"rendered":"<p>Cielo e Terra tra gli sponsor del Calendario \u201cCurvy Women 2023\u201d a testimoniare l\u2019attenzione nel sociale e l\u2019adesione ai valori che rendono la cantina vicentina certificata B Corp\u00ae un\u2019azienda impegnata nel promuovere il rispetto verso le persone e il pianeta \u201cPi\u00f9 un acino d\u2019uva \u00e8 curvy e pi\u00f9 \u00e8 bello, ma non solo quello\u201d \u2013 commenta scherzosamente Paola Cielo, Responsabile comunicazione e pubbliche relazioni della nota cantina Cielo e Terra<\/p>\n<p><a class=\"continue-reading\" href=\"https:\/\/www.article-marketing.eu\/comunicatistampa\/una-femminilita-da-tutelare\/\">Continue reading&#8230;<\/a><\/p>\n","protected":false},"author":397,"featured_media":0,"comment_status":"open","ping_status":"open","sticky":false,"template":"","format":"standard","meta":{"_monsterinsights_skip_tracking":false,"_monsterinsights_sitenote_active":false,"_monsterinsights_sitenote_note":"","_monsterinsights_sitenote_category":0,"footnotes":""},"categories":[78],"tags":[],"class_list":["post-24780","post","type-post","status-publish","format-standard","hentry","category-comunicati-stampa"],"yoast_head":"<!-- This site is optimized with the Yoast SEO plugin v27.3 - https:\/\/yoast.com\/product\/yoast-seo-wordpress\/ -->\n<title>Una femminilit\u00e0 da tutelare - Article Marketing<\/title>\n<meta name=\"robots\" content=\"index, follow, max-snippet:-1, max-image-preview:large, max-video-preview:-1\" \/>\n<link rel=\"canonical\" href=\"https:\/\/www.article-marketing.eu\/comunicatistampa\/una-femminilita-da-tutelare\/\" \/>\n<meta property=\"og:locale\" content=\"it_IT\" \/>\n<meta property=\"og:type\" content=\"article\" \/>\n<meta property=\"og:title\" content=\"Una femminilit\u00e0 da tutelare - Article Marketing\" \/>\n<meta property=\"og:description\" content=\"Cielo e Terra tra gli sponsor del Calendario \u201cCurvy Women 2023\u201d a testimoniare l\u2019attenzione nel sociale e l\u2019adesione ai valori che rendono la cantina vicentina certificata B Corp\u00ae un\u2019azienda impegnata nel promuovere il rispetto verso le persone e il pianeta \u201cPi\u00f9 un acino d\u2019uva \u00e8 curvy e pi\u00f9 \u00e8 bello, ma non solo quello\u201d \u2013 commenta scherzosamente Paola Cielo, Responsabile comunicazione e pubbliche relazioni della nota cantina Cielo e TerraContinue reading...\" \/>\n<meta property=\"og:url\" content=\"https:\/\/www.article-marketing.eu\/comunicatistampa\/una-femminilita-da-tutelare\/\" \/>\n<meta property=\"og:site_name\" content=\"Article Marketing\" \/>\n<meta property=\"article:published_time\" content=\"2022-10-10T06:18:49+00:00\" \/>\n<meta name=\"author\" content=\"Borderline Agency\" \/>\n<meta name=\"twitter:card\" content=\"summary_large_image\" \/>\n<meta name=\"twitter:label1\" content=\"Scritto da\" \/>\n\t<meta name=\"twitter:data1\" content=\"Borderline Agency\" \/>\n\t<meta name=\"twitter:label2\" content=\"Tempo di lettura stimato\" \/>\n\t<meta name=\"twitter:data2\" content=\"3 minuti\" \/>\n<script type=\"application\/ld+json\" class=\"yoast-schema-graph\">{\"@context\":\"https:\\\/\\\/schema.org\",\"@graph\":[{\"@type\":\"Article\",\"@id\":\"https:\\\/\\\/www.article-marketing.eu\\\/comunicatistampa\\\/una-femminilita-da-tutelare\\\/#article\",\"isPartOf\":{\"@id\":\"https:\\\/\\\/www.article-marketing.eu\\\/comunicatistampa\\\/una-femminilita-da-tutelare\\\/\"},\"author\":{\"name\":\"Borderline Agency\",\"@id\":\"https:\\\/\\\/www.article-marketing.eu\\\/comunicatistampa\\\/#\\\/schema\\\/person\\\/1c4ab1c7aad84347e26e78235da6ff1b\"},\"headline\":\"Una femminilit\u00e0 da tutelare\",\"datePublished\":\"2022-10-10T06:18:49+00:00\",\"mainEntityOfPage\":{\"@id\":\"https:\\\/\\\/www.article-marketing.eu\\\/comunicatistampa\\\/una-femminilita-da-tutelare\\\/\"},\"wordCount\":427,\"commentCount\":0,\"articleSection\":[\"Comunicati stampa\"],\"inLanguage\":\"it-IT\",\"potentialAction\":[{\"@type\":\"CommentAction\",\"name\":\"Comment\",\"target\":[\"https:\\\/\\\/www.article-marketing.eu\\\/comunicatistampa\\\/una-femminilita-da-tutelare\\\/#respond\"]}]},{\"@type\":\"WebPage\",\"@id\":\"https:\\\/\\\/www.article-marketing.eu\\\/comunicatistampa\\\/una-femminilita-da-tutelare\\\/\",\"url\":\"https:\\\/\\\/www.article-marketing.eu\\\/comunicatistampa\\\/una-femminilita-da-tutelare\\\/\",\"name\":\"Una femminilit\u00e0 da tutelare - Article Marketing\",\"isPartOf\":{\"@id\":\"https:\\\/\\\/www.article-marketing.eu\\\/comunicatistampa\\\/#website\"},\"datePublished\":\"2022-10-10T06:18:49+00:00\",\"author\":{\"@id\":\"https:\\\/\\\/www.article-marketing.eu\\\/comunicatistampa\\\/#\\\/schema\\\/person\\\/1c4ab1c7aad84347e26e78235da6ff1b\"},\"breadcrumb\":{\"@id\":\"https:\\\/\\\/www.article-marketing.eu\\\/comunicatistampa\\\/una-femminilita-da-tutelare\\\/#breadcrumb\"},\"inLanguage\":\"it-IT\",\"potentialAction\":[{\"@type\":\"ReadAction\",\"target\":[\"https:\\\/\\\/www.article-marketing.eu\\\/comunicatistampa\\\/una-femminilita-da-tutelare\\\/\"]}]},{\"@type\":\"BreadcrumbList\",\"@id\":\"https:\\\/\\\/www.article-marketing.eu\\\/comunicatistampa\\\/una-femminilita-da-tutelare\\\/#breadcrumb\",\"itemListElement\":[{\"@type\":\"ListItem\",\"position\":1,\"name\":\"Home\",\"item\":\"https:\\\/\\\/www.article-marketing.eu\\\/comunicatistampa\\\/\"},{\"@type\":\"ListItem\",\"position\":2,\"name\":\"Una femminilit\u00e0 da tutelare\"}]},{\"@type\":\"WebSite\",\"@id\":\"https:\\\/\\\/www.article-marketing.eu\\\/comunicatistampa\\\/#website\",\"url\":\"https:\\\/\\\/www.article-marketing.eu\\\/comunicatistampa\\\/\",\"name\":\"Article Marketing\",\"description\":\"article marketing &amp; press release\",\"potentialAction\":[{\"@type\":\"SearchAction\",\"target\":{\"@type\":\"EntryPoint\",\"urlTemplate\":\"https:\\\/\\\/www.article-marketing.eu\\\/comunicatistampa\\\/?s={search_term_string}\"},\"query-input\":{\"@type\":\"PropertyValueSpecification\",\"valueRequired\":true,\"valueName\":\"search_term_string\"}}],\"inLanguage\":\"it-IT\"},{\"@type\":\"Person\",\"@id\":\"https:\\\/\\\/www.article-marketing.eu\\\/comunicatistampa\\\/#\\\/schema\\\/person\\\/1c4ab1c7aad84347e26e78235da6ff1b\",\"name\":\"Borderline Agency\",\"image\":{\"@type\":\"ImageObject\",\"inLanguage\":\"it-IT\",\"@id\":\"https:\\\/\\\/secure.gravatar.com\\\/avatar\\\/741fa053101610cb0be7dc835c116926549ae4ae2142ff35eac04d78fda61461?s=96&d=mm&r=g\",\"url\":\"https:\\\/\\\/secure.gravatar.com\\\/avatar\\\/741fa053101610cb0be7dc835c116926549ae4ae2142ff35eac04d78fda61461?s=96&d=mm&r=g\",\"contentUrl\":\"https:\\\/\\\/secure.gravatar.com\\\/avatar\\\/741fa053101610cb0be7dc835c116926549ae4ae2142ff35eac04d78fda61461?s=96&d=mm&r=g\",\"caption\":\"Borderline Agency\"},\"url\":\"https:\\\/\\\/www.article-marketing.eu\\\/comunicatistampa\\\/author\\\/borderline-agency\\\/\"}]}<\/script>\n<!-- \/ Yoast SEO plugin. -->","yoast_head_json":{"title":"Una femminilit\u00e0 da tutelare - Article Marketing","robots":{"index":"index","follow":"follow","max-snippet":"max-snippet:-1","max-image-preview":"max-image-preview:large","max-video-preview":"max-video-preview:-1"},"canonical":"https:\/\/www.article-marketing.eu\/comunicatistampa\/una-femminilita-da-tutelare\/","og_locale":"it_IT","og_type":"article","og_title":"Una femminilit\u00e0 da tutelare - Article Marketing","og_description":"Cielo e Terra tra gli sponsor del Calendario \u201cCurvy Women 2023\u201d a testimoniare l\u2019attenzione nel sociale e l\u2019adesione ai valori che rendono la cantina vicentina certificata B Corp\u00ae un\u2019azienda impegnata nel promuovere il rispetto verso le persone e il pianeta \u201cPi\u00f9 un acino d\u2019uva \u00e8 curvy e pi\u00f9 \u00e8 bello, ma non solo quello\u201d \u2013 commenta scherzosamente Paola Cielo, Responsabile comunicazione e pubbliche relazioni della nota cantina Cielo e TerraContinue reading...","og_url":"https:\/\/www.article-marketing.eu\/comunicatistampa\/una-femminilita-da-tutelare\/","og_site_name":"Article Marketing","article_published_time":"2022-10-10T06:18:49+00:00","author":"Borderline Agency","twitter_card":"summary_large_image","twitter_misc":{"Scritto da":"Borderline Agency","Tempo di lettura stimato":"3 minuti"},"schema":{"@context":"https:\/\/schema.org","@graph":[{"@type":"Article","@id":"https:\/\/www.article-marketing.eu\/comunicatistampa\/una-femminilita-da-tutelare\/#article","isPartOf":{"@id":"https:\/\/www.article-marketing.eu\/comunicatistampa\/una-femminilita-da-tutelare\/"},"author":{"name":"Borderline Agency","@id":"https:\/\/www.article-marketing.eu\/comunicatistampa\/#\/schema\/person\/1c4ab1c7aad84347e26e78235da6ff1b"},"headline":"Una femminilit\u00e0 da tutelare","datePublished":"2022-10-10T06:18:49+00:00","mainEntityOfPage":{"@id":"https:\/\/www.article-marketing.eu\/comunicatistampa\/una-femminilita-da-tutelare\/"},"wordCount":427,"commentCount":0,"articleSection":["Comunicati stampa"],"inLanguage":"it-IT","potentialAction":[{"@type":"CommentAction","name":"Comment","target":["https:\/\/www.article-marketing.eu\/comunicatistampa\/una-femminilita-da-tutelare\/#respond"]}]},{"@type":"WebPage","@id":"https:\/\/www.article-marketing.eu\/comunicatistampa\/una-femminilita-da-tutelare\/","url":"https:\/\/www.article-marketing.eu\/comunicatistampa\/una-femminilita-da-tutelare\/","name":"Una femminilit\u00e0 da tutelare - Article Marketing","isPartOf":{"@id":"https:\/\/www.article-marketing.eu\/comunicatistampa\/#website"},"datePublished":"2022-10-10T06:18:49+00:00","author":{"@id":"https:\/\/www.article-marketing.eu\/comunicatistampa\/#\/schema\/person\/1c4ab1c7aad84347e26e78235da6ff1b"},"breadcrumb":{"@id":"https:\/\/www.article-marketing.eu\/comunicatistampa\/una-femminilita-da-tutelare\/#breadcrumb"},"inLanguage":"it-IT","potentialAction":[{"@type":"ReadAction","target":["https:\/\/www.article-marketing.eu\/comunicatistampa\/una-femminilita-da-tutelare\/"]}]},{"@type":"BreadcrumbList","@id":"https:\/\/www.article-marketing.eu\/comunicatistampa\/una-femminilita-da-tutelare\/#breadcrumb","itemListElement":[{"@type":"ListItem","position":1,"name":"Home","item":"https:\/\/www.article-marketing.eu\/comunicatistampa\/"},{"@type":"ListItem","position":2,"name":"Una femminilit\u00e0 da tutelare"}]},{"@type":"WebSite","@id":"https:\/\/www.article-marketing.eu\/comunicatistampa\/#website","url":"https:\/\/www.article-marketing.eu\/comunicatistampa\/","name":"Article Marketing","description":"article marketing &amp; press release","potentialAction":[{"@type":"SearchAction","target":{"@type":"EntryPoint","urlTemplate":"https:\/\/www.article-marketing.eu\/comunicatistampa\/?s={search_term_string}"},"query-input":{"@type":"PropertyValueSpecification","valueRequired":true,"valueName":"search_term_string"}}],"inLanguage":"it-IT"},{"@type":"Person","@id":"https:\/\/www.article-marketing.eu\/comunicatistampa\/#\/schema\/person\/1c4ab1c7aad84347e26e78235da6ff1b","name":"Borderline Agency","image":{"@type":"ImageObject","inLanguage":"it-IT","@id":"https:\/\/secure.gravatar.com\/avatar\/741fa053101610cb0be7dc835c116926549ae4ae2142ff35eac04d78fda61461?s=96&d=mm&r=g","url":"https:\/\/secure.gravatar.com\/avatar\/741fa053101610cb0be7dc835c116926549ae4ae2142ff35eac04d78fda61461?s=96&d=mm&r=g","contentUrl":"https:\/\/secure.gravatar.com\/avatar\/741fa053101610cb0be7dc835c116926549ae4ae2142ff35eac04d78fda61461?s=96&d=mm&r=g","caption":"Borderline Agency"},"url":"https:\/\/www.article-marketing.eu\/comunicatistampa\/author\/borderline-agency\/"}]}},"_links":{"self":[{"href":"https:\/\/www.article-marketing.eu\/comunicatistampa\/wp-json\/wp\/v2\/posts\/24780","targetHints":{"allow":["GET"]}}],"collection":[{"href":"https:\/\/www.article-marketing.eu\/comunicatistampa\/wp-json\/wp\/v2\/posts"}],"about":[{"href":"https:\/\/www.article-marketing.eu\/comunicatistampa\/wp-json\/wp\/v2\/types\/post"}],"author":[{"embeddable":true,"href":"https:\/\/www.article-marketing.eu\/comunicatistampa\/wp-json\/wp\/v2\/users\/397"}],"replies":[{"embeddable":true,"href":"https:\/\/www.article-marketing.eu\/comunicatistampa\/wp-json\/wp\/v2\/comments?post=24780"}],"version-history":[{"count":2,"href":"https:\/\/www.article-marketing.eu\/comunicatistampa\/wp-json\/wp\/v2\/posts\/24780\/revisions"}],"predecessor-version":[{"id":25014,"href":"https:\/\/www.article-marketing.eu\/comunicatistampa\/wp-json\/wp\/v2\/posts\/24780\/revisions\/25014"}],"wp:attachment":[{"href":"https:\/\/www.article-marketing.eu\/comunicatistampa\/wp-json\/wp\/v2\/media?parent=24780"}],"wp:term":[{"taxonomy":"category","embeddable":true,"href":"https:\/\/www.article-marketing.eu\/comunicatistampa\/wp-json\/wp\/v2\/categories?post=24780"},{"taxonomy":"post_tag","embeddable":true,"href":"https:\/\/www.article-marketing.eu\/comunicatistampa\/wp-json\/wp\/v2\/tags?post=24780"}],"curies":[{"name":"wp","href":"https:\/\/api.w.org\/{rel}","templated":true}]}}