{"id":24822,"date":"2022-10-11T10:13:01","date_gmt":"2022-10-11T08:13:01","guid":{"rendered":"https:\/\/www.article-marketing.eu\/comunicatistampa\/?p=24822"},"modified":"2022-10-09T22:24:44","modified_gmt":"2022-10-09T20:24:44","slug":"gruppo-fs-sigla-memorandum-of-understanding-con-msc-per-progetti-nella-logistica","status":"publish","type":"post","link":"https:\/\/www.article-marketing.eu\/comunicatistampa\/gruppo-fs-sigla-memorandum-of-understanding-con-msc-per-progetti-nella-logistica\/","title":{"rendered":"Gruppo FS sigla Memorandum of Understanding con MSC per progetti nella logistica"},"content":{"rendered":"<p><em><strong>Siglato a Ginevra il Memorandum of Understanding tra il <a title=\"Gruppo FS: l'accordo con MSC\" href=\"https:\/\/www.corriere.it\/economia\/aziende\/22_settembre_14\/gruppo-fs-msc-firmano-accordo-sviluppare-nuove-sinergie-logistica-dee53086-343e-11ed-84b2-7a0a86c6b31e.shtml\">Gruppo FS<\/a>, rappresentato dall&#8217;AD Luigi Ferraris e dall&#8217;Amministratore Delegato di Mercitalia Logistics Gianpiero Strisciuglio, e il Gruppo MSC, presente con il Group Chairman Gianluigi Aponte e con Giuseppe Prudente, Chief Logistics Officer di MSC e Presidente di MEDLOG.<\/strong><\/em><\/p>\n<h2>Gruppo FS e MSC a supporto dell&#8217;intermodalit\u00e0 treno-mare<\/h2>\n<p>Nuove sinergie per il settore della logistica, sviluppo dell&#8217;interazione tra il trasporto ferroviario e quello marittimo: \u00e8 basato su queste premesse il Memorandum of Understanding firmato il 14 settembre 2022 a Ginevra tra il <strong>Gruppo FS<\/strong> e MSC. Come reso noto, il Memorandum consentir\u00e0 in primo luogo di verificare la possibilit\u00e0 e il reciproco interesse nel realizzare una partnership commerciale e operativa per lo sviluppo del trasporto combinato marittimo. A rendere operativo il Memorandum, ha comunicato il <strong>Gruppo FS<\/strong>, saranno successivi e specifici accordi attraverso l&#8217;iniziativa delle societ\u00e0 del Polo Logistica di FS &#8211; a iniziare dalla capofila Mercitalia Logistics &#8211; e delle societ\u00e0 del Gruppo MSC, tra cui MEDWAY e MEDLOG. Una partnership che, nelle scorse settimane, ha gi\u00e0 mosso i primi passi grazie all&#8217;avvio di una collaborazione nel terminal portuale di Gioia Tauro (servizi di manovra) e tra la stessa Gioia Tauro e l&#8217;Interporto di Padova (trasporto ferroviario).<\/p>\n<h2>Le dichiarazioni del Gruppo FS e di MSC sull&#8217;intesa<\/h2>\n<p><em>&#8220;La firma di questo MoU con un partner internazionale come MSC rafforza la strategia del Polo Logistica del <a title=\"Gruppo FS: l'intesa con MSC\" href=\"https:\/\/www.corriere.it\/economia\/aziende\/22_settembre_14\/gruppo-fs-msc-firmano-accordo-sviluppare-nuove-sinergie-logistica-dee53086-343e-11ed-84b2-7a0a86c6b31e.shtml\">Gruppo FS<\/a> come operatore di sistema, consolidando la sua presenza lungo la catena di valore della logistica e ponendo al centro, su distanze superiori ai 300\/400 km, il trasporto ferroviario&#8221;<\/em>, cos\u00ec Gianpiero Strisciuglio, AD di Mercitalia Logistics, nel commentare l&#8217;intesa: <em>&#8220;\u00c8 infatti un obiettivo del Piano Industriale di FS raddoppiare in un decennio l&#8217;attuale quota delle merci trasportate in treno anche grazie a connessioni sempre pi\u00f9 efficaci dei nostri porti e dei nostri terminal alla rete nazionale e ai corridoi ferroviari europei&#8221;<\/em>. A fargli eco Giuseppe Prudente, Chief Logistics Officer di MSC e Presidente di MEDLOG: <em>&#8220;Questa partnership si inscrive nel quadro di una ormai lunga collaborazione tra MSC Group e <strong>Gruppo FS<\/strong>. Il nostro Gruppo, attraverso MEDLOG e MEDWAY, vanta una forte presenza nell&#8217;intermodale sia in Italia che in Europa&#8221;<\/em>, ha commentato, aggiungendo come tale partnership rivesta <em>&#8220;un ruolo molto importante per lo sviluppo del nostro business, tanto per i terminal portuali e in-land che per sperimentare nuovi corridoi. In questa logica il trasporto ferroviario \u00e8 un modal shift, rappresenta un nuovo modello di sviluppo del trasporto merci in Italia, per una logistica pi\u00f9 intelligente e sostenibile per l&#8217;ambiente e per i lavoratori&#8221;<\/em>.<\/p>\n","protected":false},"excerpt":{"rendered":"<p>Siglato a Ginevra il Memorandum of Understanding tra il Gruppo FS, rappresentato dall&#8217;AD Luigi Ferraris e dall&#8217;Amministratore Delegato di Mercitalia Logistics Gianpiero Strisciuglio, e il Gruppo MSC, presente con il Group Chairman Gianluigi Aponte e con Giuseppe Prudente, Chief Logistics Officer di MSC e Presidente di MEDLOG. Gruppo FS e MSC a supporto dell&#8217;intermodalit\u00e0 treno-mare Nuove sinergie per il settore della logistica, sviluppo dell&#8217;interazione tra il trasporto ferroviario e quello<\/p>\n<p><a class=\"continue-reading\" href=\"https:\/\/www.article-marketing.eu\/comunicatistampa\/gruppo-fs-sigla-memorandum-of-understanding-con-msc-per-progetti-nella-logistica\/\">Continue reading&#8230;<\/a><\/p>\n","protected":false},"author":7203,"featured_media":0,"comment_status":"open","ping_status":"open","sticky":false,"template":"","format":"standard","meta":{"_monsterinsights_skip_tracking":false,"_monsterinsights_sitenote_active":false,"_monsterinsights_sitenote_note":"","_monsterinsights_sitenote_category":0,"footnotes":""},"categories":[386],"tags":[10013,9540],"class_list":["post-24822","post","type-post","status-publish","format-standard","hentry","category-economia-e-lavoro","tag-gruppo-fs","tag-luigi-ferraris"],"yoast_head":"<!-- This site is optimized with the Yoast SEO plugin v27.3 - https:\/\/yoast.com\/product\/yoast-seo-wordpress\/ -->\n<title>Gruppo FS sigla Memorandum of Understanding con MSC per progetti nella logistica<\/title>\n<meta name=\"robots\" content=\"index, follow, max-snippet:-1, max-image-preview:large, max-video-preview:-1\" \/>\n<link rel=\"canonical\" href=\"https:\/\/www.article-marketing.eu\/comunicatistampa\/gruppo-fs-sigla-memorandum-of-understanding-con-msc-per-progetti-nella-logistica\/\" \/>\n<meta property=\"og:locale\" content=\"it_IT\" \/>\n<meta property=\"og:type\" content=\"article\" \/>\n<meta property=\"og:title\" content=\"Gruppo FS sigla Memorandum of Understanding con MSC per progetti nella logistica\" \/>\n<meta property=\"og:description\" content=\"Siglato a Ginevra il Memorandum of Understanding tra il Gruppo FS, rappresentato dall&#8217;AD Luigi Ferraris e dall&#8217;Amministratore Delegato di Mercitalia Logistics Gianpiero Strisciuglio, e il Gruppo MSC, presente con il Group Chairman Gianluigi Aponte e con Giuseppe Prudente, Chief Logistics Officer di MSC e Presidente di MEDLOG. Gruppo FS e MSC a supporto dell&#8217;intermodalit\u00e0 treno-mare Nuove sinergie per il settore della logistica, sviluppo dell&#8217;interazione tra il trasporto ferroviario e quelloContinue reading...\" \/>\n<meta property=\"og:url\" content=\"https:\/\/www.article-marketing.eu\/comunicatistampa\/gruppo-fs-sigla-memorandum-of-understanding-con-msc-per-progetti-nella-logistica\/\" \/>\n<meta property=\"og:site_name\" content=\"Article Marketing\" \/>\n<meta property=\"article:published_time\" content=\"2022-10-11T08:13:01+00:00\" \/>\n<meta name=\"author\" content=\"gbofficeprnews\" \/>\n<meta name=\"twitter:card\" content=\"summary_large_image\" \/>\n<meta name=\"twitter:label1\" content=\"Scritto da\" \/>\n\t<meta name=\"twitter:data1\" content=\"gbofficeprnews\" \/>\n\t<meta name=\"twitter:label2\" content=\"Tempo di lettura stimato\" \/>\n\t<meta name=\"twitter:data2\" content=\"3 minuti\" \/>\n<script type=\"application\/ld+json\" class=\"yoast-schema-graph\">{\"@context\":\"https:\\\/\\\/schema.org\",\"@graph\":[{\"@type\":\"Article\",\"@id\":\"https:\\\/\\\/www.article-marketing.eu\\\/comunicatistampa\\\/gruppo-fs-sigla-memorandum-of-understanding-con-msc-per-progetti-nella-logistica\\\/#article\",\"isPartOf\":{\"@id\":\"https:\\\/\\\/www.article-marketing.eu\\\/comunicatistampa\\\/gruppo-fs-sigla-memorandum-of-understanding-con-msc-per-progetti-nella-logistica\\\/\"},\"author\":{\"name\":\"gbofficeprnews\",\"@id\":\"https:\\\/\\\/www.article-marketing.eu\\\/comunicatistampa\\\/#\\\/schema\\\/person\\\/00c541681af1a376511ed63d59ca096f\"},\"headline\":\"Gruppo FS sigla Memorandum of Understanding con MSC per progetti nella logistica\",\"datePublished\":\"2022-10-11T08:13:01+00:00\",\"mainEntityOfPage\":{\"@id\":\"https:\\\/\\\/www.article-marketing.eu\\\/comunicatistampa\\\/gruppo-fs-sigla-memorandum-of-understanding-con-msc-per-progetti-nella-logistica\\\/\"},\"wordCount\":432,\"commentCount\":0,\"keywords\":[\"Gruppo FS\",\"Luigi Ferraris\"],\"articleSection\":[\"Economia e lavoro\"],\"inLanguage\":\"it-IT\",\"potentialAction\":[{\"@type\":\"CommentAction\",\"name\":\"Comment\",\"target\":[\"https:\\\/\\\/www.article-marketing.eu\\\/comunicatistampa\\\/gruppo-fs-sigla-memorandum-of-understanding-con-msc-per-progetti-nella-logistica\\\/#respond\"]}]},{\"@type\":\"WebPage\",\"@id\":\"https:\\\/\\\/www.article-marketing.eu\\\/comunicatistampa\\\/gruppo-fs-sigla-memorandum-of-understanding-con-msc-per-progetti-nella-logistica\\\/\",\"url\":\"https:\\\/\\\/www.article-marketing.eu\\\/comunicatistampa\\\/gruppo-fs-sigla-memorandum-of-understanding-con-msc-per-progetti-nella-logistica\\\/\",\"name\":\"Gruppo FS sigla Memorandum of Understanding con MSC per progetti nella logistica\",\"isPartOf\":{\"@id\":\"https:\\\/\\\/www.article-marketing.eu\\\/comunicatistampa\\\/#website\"},\"datePublished\":\"2022-10-11T08:13:01+00:00\",\"author\":{\"@id\":\"https:\\\/\\\/www.article-marketing.eu\\\/comunicatistampa\\\/#\\\/schema\\\/person\\\/00c541681af1a376511ed63d59ca096f\"},\"breadcrumb\":{\"@id\":\"https:\\\/\\\/www.article-marketing.eu\\\/comunicatistampa\\\/gruppo-fs-sigla-memorandum-of-understanding-con-msc-per-progetti-nella-logistica\\\/#breadcrumb\"},\"inLanguage\":\"it-IT\",\"potentialAction\":[{\"@type\":\"ReadAction\",\"target\":[\"https:\\\/\\\/www.article-marketing.eu\\\/comunicatistampa\\\/gruppo-fs-sigla-memorandum-of-understanding-con-msc-per-progetti-nella-logistica\\\/\"]}]},{\"@type\":\"BreadcrumbList\",\"@id\":\"https:\\\/\\\/www.article-marketing.eu\\\/comunicatistampa\\\/gruppo-fs-sigla-memorandum-of-understanding-con-msc-per-progetti-nella-logistica\\\/#breadcrumb\",\"itemListElement\":[{\"@type\":\"ListItem\",\"position\":1,\"name\":\"Home\",\"item\":\"https:\\\/\\\/www.article-marketing.eu\\\/comunicatistampa\\\/\"},{\"@type\":\"ListItem\",\"position\":2,\"name\":\"Gruppo FS sigla Memorandum of Understanding con MSC per progetti nella logistica\"}]},{\"@type\":\"WebSite\",\"@id\":\"https:\\\/\\\/www.article-marketing.eu\\\/comunicatistampa\\\/#website\",\"url\":\"https:\\\/\\\/www.article-marketing.eu\\\/comunicatistampa\\\/\",\"name\":\"Article Marketing\",\"description\":\"article marketing &amp; press release\",\"potentialAction\":[{\"@type\":\"SearchAction\",\"target\":{\"@type\":\"EntryPoint\",\"urlTemplate\":\"https:\\\/\\\/www.article-marketing.eu\\\/comunicatistampa\\\/?s={search_term_string}\"},\"query-input\":{\"@type\":\"PropertyValueSpecification\",\"valueRequired\":true,\"valueName\":\"search_term_string\"}}],\"inLanguage\":\"it-IT\"},{\"@type\":\"Person\",\"@id\":\"https:\\\/\\\/www.article-marketing.eu\\\/comunicatistampa\\\/#\\\/schema\\\/person\\\/00c541681af1a376511ed63d59ca096f\",\"name\":\"gbofficeprnews\",\"image\":{\"@type\":\"ImageObject\",\"inLanguage\":\"it-IT\",\"@id\":\"https:\\\/\\\/secure.gravatar.com\\\/avatar\\\/6c895f4b9cd59fffe899c25f76b85bf0d427605c1f0d3b07c81e155c001265cf?s=96&d=mm&r=g\",\"url\":\"https:\\\/\\\/secure.gravatar.com\\\/avatar\\\/6c895f4b9cd59fffe899c25f76b85bf0d427605c1f0d3b07c81e155c001265cf?s=96&d=mm&r=g\",\"contentUrl\":\"https:\\\/\\\/secure.gravatar.com\\\/avatar\\\/6c895f4b9cd59fffe899c25f76b85bf0d427605c1f0d3b07c81e155c001265cf?s=96&d=mm&r=g\",\"caption\":\"gbofficeprnews\"},\"url\":\"https:\\\/\\\/www.article-marketing.eu\\\/comunicatistampa\\\/author\\\/gbofficeprnews\\\/\"}]}<\/script>\n<!-- \/ Yoast SEO plugin. -->","yoast_head_json":{"title":"Gruppo FS sigla Memorandum of Understanding con MSC per progetti nella logistica","robots":{"index":"index","follow":"follow","max-snippet":"max-snippet:-1","max-image-preview":"max-image-preview:large","max-video-preview":"max-video-preview:-1"},"canonical":"https:\/\/www.article-marketing.eu\/comunicatistampa\/gruppo-fs-sigla-memorandum-of-understanding-con-msc-per-progetti-nella-logistica\/","og_locale":"it_IT","og_type":"article","og_title":"Gruppo FS sigla Memorandum of Understanding con MSC per progetti nella logistica","og_description":"Siglato a Ginevra il Memorandum of Understanding tra il Gruppo FS, rappresentato dall&#8217;AD Luigi Ferraris e dall&#8217;Amministratore Delegato di Mercitalia Logistics Gianpiero Strisciuglio, e il Gruppo MSC, presente con il Group Chairman Gianluigi Aponte e con Giuseppe Prudente, Chief Logistics Officer di MSC e Presidente di MEDLOG. Gruppo FS e MSC a supporto dell&#8217;intermodalit\u00e0 treno-mare Nuove sinergie per il settore della logistica, sviluppo dell&#8217;interazione tra il trasporto ferroviario e quelloContinue reading...","og_url":"https:\/\/www.article-marketing.eu\/comunicatistampa\/gruppo-fs-sigla-memorandum-of-understanding-con-msc-per-progetti-nella-logistica\/","og_site_name":"Article Marketing","article_published_time":"2022-10-11T08:13:01+00:00","author":"gbofficeprnews","twitter_card":"summary_large_image","twitter_misc":{"Scritto da":"gbofficeprnews","Tempo di lettura stimato":"3 minuti"},"schema":{"@context":"https:\/\/schema.org","@graph":[{"@type":"Article","@id":"https:\/\/www.article-marketing.eu\/comunicatistampa\/gruppo-fs-sigla-memorandum-of-understanding-con-msc-per-progetti-nella-logistica\/#article","isPartOf":{"@id":"https:\/\/www.article-marketing.eu\/comunicatistampa\/gruppo-fs-sigla-memorandum-of-understanding-con-msc-per-progetti-nella-logistica\/"},"author":{"name":"gbofficeprnews","@id":"https:\/\/www.article-marketing.eu\/comunicatistampa\/#\/schema\/person\/00c541681af1a376511ed63d59ca096f"},"headline":"Gruppo FS sigla Memorandum of Understanding con MSC per progetti nella logistica","datePublished":"2022-10-11T08:13:01+00:00","mainEntityOfPage":{"@id":"https:\/\/www.article-marketing.eu\/comunicatistampa\/gruppo-fs-sigla-memorandum-of-understanding-con-msc-per-progetti-nella-logistica\/"},"wordCount":432,"commentCount":0,"keywords":["Gruppo FS","Luigi Ferraris"],"articleSection":["Economia e lavoro"],"inLanguage":"it-IT","potentialAction":[{"@type":"CommentAction","name":"Comment","target":["https:\/\/www.article-marketing.eu\/comunicatistampa\/gruppo-fs-sigla-memorandum-of-understanding-con-msc-per-progetti-nella-logistica\/#respond"]}]},{"@type":"WebPage","@id":"https:\/\/www.article-marketing.eu\/comunicatistampa\/gruppo-fs-sigla-memorandum-of-understanding-con-msc-per-progetti-nella-logistica\/","url":"https:\/\/www.article-marketing.eu\/comunicatistampa\/gruppo-fs-sigla-memorandum-of-understanding-con-msc-per-progetti-nella-logistica\/","name":"Gruppo FS sigla Memorandum of Understanding con MSC per progetti nella logistica","isPartOf":{"@id":"https:\/\/www.article-marketing.eu\/comunicatistampa\/#website"},"datePublished":"2022-10-11T08:13:01+00:00","author":{"@id":"https:\/\/www.article-marketing.eu\/comunicatistampa\/#\/schema\/person\/00c541681af1a376511ed63d59ca096f"},"breadcrumb":{"@id":"https:\/\/www.article-marketing.eu\/comunicatistampa\/gruppo-fs-sigla-memorandum-of-understanding-con-msc-per-progetti-nella-logistica\/#breadcrumb"},"inLanguage":"it-IT","potentialAction":[{"@type":"ReadAction","target":["https:\/\/www.article-marketing.eu\/comunicatistampa\/gruppo-fs-sigla-memorandum-of-understanding-con-msc-per-progetti-nella-logistica\/"]}]},{"@type":"BreadcrumbList","@id":"https:\/\/www.article-marketing.eu\/comunicatistampa\/gruppo-fs-sigla-memorandum-of-understanding-con-msc-per-progetti-nella-logistica\/#breadcrumb","itemListElement":[{"@type":"ListItem","position":1,"name":"Home","item":"https:\/\/www.article-marketing.eu\/comunicatistampa\/"},{"@type":"ListItem","position":2,"name":"Gruppo FS sigla Memorandum of Understanding con MSC per progetti nella logistica"}]},{"@type":"WebSite","@id":"https:\/\/www.article-marketing.eu\/comunicatistampa\/#website","url":"https:\/\/www.article-marketing.eu\/comunicatistampa\/","name":"Article Marketing","description":"article marketing &amp; press release","potentialAction":[{"@type":"SearchAction","target":{"@type":"EntryPoint","urlTemplate":"https:\/\/www.article-marketing.eu\/comunicatistampa\/?s={search_term_string}"},"query-input":{"@type":"PropertyValueSpecification","valueRequired":true,"valueName":"search_term_string"}}],"inLanguage":"it-IT"},{"@type":"Person","@id":"https:\/\/www.article-marketing.eu\/comunicatistampa\/#\/schema\/person\/00c541681af1a376511ed63d59ca096f","name":"gbofficeprnews","image":{"@type":"ImageObject","inLanguage":"it-IT","@id":"https:\/\/secure.gravatar.com\/avatar\/6c895f4b9cd59fffe899c25f76b85bf0d427605c1f0d3b07c81e155c001265cf?s=96&d=mm&r=g","url":"https:\/\/secure.gravatar.com\/avatar\/6c895f4b9cd59fffe899c25f76b85bf0d427605c1f0d3b07c81e155c001265cf?s=96&d=mm&r=g","contentUrl":"https:\/\/secure.gravatar.com\/avatar\/6c895f4b9cd59fffe899c25f76b85bf0d427605c1f0d3b07c81e155c001265cf?s=96&d=mm&r=g","caption":"gbofficeprnews"},"url":"https:\/\/www.article-marketing.eu\/comunicatistampa\/author\/gbofficeprnews\/"}]}},"_links":{"self":[{"href":"https:\/\/www.article-marketing.eu\/comunicatistampa\/wp-json\/wp\/v2\/posts\/24822","targetHints":{"allow":["GET"]}}],"collection":[{"href":"https:\/\/www.article-marketing.eu\/comunicatistampa\/wp-json\/wp\/v2\/posts"}],"about":[{"href":"https:\/\/www.article-marketing.eu\/comunicatistampa\/wp-json\/wp\/v2\/types\/post"}],"author":[{"embeddable":true,"href":"https:\/\/www.article-marketing.eu\/comunicatistampa\/wp-json\/wp\/v2\/users\/7203"}],"replies":[{"embeddable":true,"href":"https:\/\/www.article-marketing.eu\/comunicatistampa\/wp-json\/wp\/v2\/comments?post=24822"}],"version-history":[{"count":2,"href":"https:\/\/www.article-marketing.eu\/comunicatistampa\/wp-json\/wp\/v2\/posts\/24822\/revisions"}],"predecessor-version":[{"id":25018,"href":"https:\/\/www.article-marketing.eu\/comunicatistampa\/wp-json\/wp\/v2\/posts\/24822\/revisions\/25018"}],"wp:attachment":[{"href":"https:\/\/www.article-marketing.eu\/comunicatistampa\/wp-json\/wp\/v2\/media?parent=24822"}],"wp:term":[{"taxonomy":"category","embeddable":true,"href":"https:\/\/www.article-marketing.eu\/comunicatistampa\/wp-json\/wp\/v2\/categories?post=24822"},{"taxonomy":"post_tag","embeddable":true,"href":"https:\/\/www.article-marketing.eu\/comunicatistampa\/wp-json\/wp\/v2\/tags?post=24822"}],"curies":[{"name":"wp","href":"https:\/\/api.w.org\/{rel}","templated":true}]}}