{"id":24827,"date":"2022-10-12T10:27:13","date_gmt":"2022-10-12T08:27:13","guid":{"rendered":"https:\/\/www.article-marketing.eu\/comunicatistampa\/?p=24827"},"modified":"2022-10-09T22:29:06","modified_gmt":"2022-10-09T20:29:06","slug":"micro-raccolta-dei-rifiuti-focus-sui-servizi-offerti-da-ares-ambiente","status":"publish","type":"post","link":"https:\/\/www.article-marketing.eu\/comunicatistampa\/micro-raccolta-dei-rifiuti-focus-sui-servizi-offerti-da-ares-ambiente\/","title":{"rendered":"Micro raccolta dei rifiuti: focus sui servizi offerti da Ares Ambiente"},"content":{"rendered":"<p><strong><em>Con sede a Treviolo, <a title=\"Ares Ambiente: le attivit\u00e0 - Crunchbase\" href=\"https:\/\/www.crunchbase.com\/organization\/ares-ambiente\">Ares Ambiente<\/a> \u00e8 attiva nel settore dell&#8217;intermediazione dei rifiuti dal 2008.<\/em><\/strong><\/p>\n<h2>Ares Ambiente: micro raccolta, a chi si rivolge il servizio e quali i rifiuti trattati<\/h2>\n<p>Da sempre al fianco delle PMI italiane, <strong>Ares Ambiente<\/strong> \u00e8 una societ\u00e0 specializzata nell&#8217;intermediazione dei rifiuti e nella gestione di impianti autorizzati che offre tra i suoi numerosi servizi anche quelli destinati alla micro raccolta. Pensato per artigiani e industrie di medie e piccole dimensioni, il servizio offerto dall&#8217;azienda di Treviolo (Bergamo) \u00e8 rivolto nello specifico a carrozzerie, officine meccaniche, falegnamerie, fonderie, imprese edili e attivit\u00e0 del settore agro-alimentare e ittico, nonch\u00e9 ad aziende chimiche, settore imballaggi e concerie. Numerosi i rifiuti, pericolosi e non pericolosi, trattati da <strong>Ares Ambiente<\/strong>. Pitture, solventi, ghiaia, pietrisco, bitume, scarti animali e vegetali, rifiuti agrochimici, fanghi e rifiuti plastici i principali.<\/p>\n<h2>Ares Ambiente, le tre fasi del processo di micro raccolta<\/h2>\n<p>Il processo di micro raccolta targato <strong>Ares Ambiente<\/strong> \u00e8 articolato in tre fasi. La prima riguarda il servizio di ritiro rifiuti, effettuato con mezzi idonei (dotati o di sponda idraulica o di cassoni carrabili) e iscritti alla Categoria 4 (non pericolosi) e 5 (pericolosi) nel rispetto della normativa ADR sulle classi di pericolo. Nella seconda fase, dedicata all&#8217;imballaggio e al confezionamento, i rifiuti vengono confezionati in fusti, scatole, sacconi, big bags o cisternette che possono essere utilizzate sia per lo stoccaggio in loco che per il trasporto. L&#8217;ultima fase prevede lo smaltimento e\/o recupero con accesso diretto agli impianti convenzionati. Durante tutto il processo, il team di <strong>Ares Ambiente<\/strong> provveder\u00e0 alla gestione della documentazione garantendo la tracciabilit\u00e0 dello smaltimento (o recupero) su tutta la filiera. L&#8217;azienda inoltre \u00e8 in grado di indirizzare il cliente verso laboratori di analisi indipendenti e accreditati, per la caratterizzazione del rifiuto che possono contare su tecnici abilitati secondo normativa 10802 per l&#8217;elaborazione verbale di campionamento.<\/p>\n","protected":false},"excerpt":{"rendered":"<p>Con sede a Treviolo, Ares Ambiente \u00e8 attiva nel settore dell&#8217;intermediazione dei rifiuti dal 2008. Ares Ambiente: micro raccolta, a chi si rivolge il servizio e quali i rifiuti trattati Da sempre al fianco delle PMI italiane, Ares Ambiente \u00e8 una societ\u00e0 specializzata nell&#8217;intermediazione dei rifiuti e nella gestione di impianti autorizzati che offre tra i suoi numerosi servizi anche quelli destinati alla micro raccolta. Pensato per artigiani e industrie<\/p>\n<p><a class=\"continue-reading\" href=\"https:\/\/www.article-marketing.eu\/comunicatistampa\/micro-raccolta-dei-rifiuti-focus-sui-servizi-offerti-da-ares-ambiente\/\">Continue reading&#8230;<\/a><\/p>\n","protected":false},"author":6477,"featured_media":0,"comment_status":"open","ping_status":"open","sticky":false,"template":"","format":"standard","meta":{"_monsterinsights_skip_tracking":false,"_monsterinsights_sitenote_active":false,"_monsterinsights_sitenote_note":"","_monsterinsights_sitenote_category":0,"footnotes":""},"categories":[388],"tags":[9165],"class_list":["post-24827","post","type-post","status-publish","format-standard","hentry","category-aziende","tag-ares-ambiente"],"yoast_head":"<!-- This site is optimized with the Yoast SEO plugin v27.3 - https:\/\/yoast.com\/product\/yoast-seo-wordpress\/ -->\n<title>Micro raccolta dei rifiuti: focus sui servizi offerti da Ares Ambiente<\/title>\n<meta name=\"robots\" content=\"index, follow, max-snippet:-1, max-image-preview:large, max-video-preview:-1\" \/>\n<link rel=\"canonical\" href=\"https:\/\/www.article-marketing.eu\/comunicatistampa\/micro-raccolta-dei-rifiuti-focus-sui-servizi-offerti-da-ares-ambiente\/\" \/>\n<meta property=\"og:locale\" content=\"it_IT\" \/>\n<meta property=\"og:type\" content=\"article\" \/>\n<meta property=\"og:title\" content=\"Micro raccolta dei rifiuti: focus sui servizi offerti da Ares Ambiente\" \/>\n<meta property=\"og:description\" content=\"Con sede a Treviolo, Ares Ambiente \u00e8 attiva nel settore dell&#8217;intermediazione dei rifiuti dal 2008. Ares Ambiente: micro raccolta, a chi si rivolge il servizio e quali i rifiuti trattati Da sempre al fianco delle PMI italiane, Ares Ambiente \u00e8 una societ\u00e0 specializzata nell&#8217;intermediazione dei rifiuti e nella gestione di impianti autorizzati che offre tra i suoi numerosi servizi anche quelli destinati alla micro raccolta. Pensato per artigiani e industrieContinue reading...\" \/>\n<meta property=\"og:url\" content=\"https:\/\/www.article-marketing.eu\/comunicatistampa\/micro-raccolta-dei-rifiuti-focus-sui-servizi-offerti-da-ares-ambiente\/\" \/>\n<meta property=\"og:site_name\" content=\"Article Marketing\" \/>\n<meta property=\"article:published_time\" content=\"2022-10-12T08:27:13+00:00\" \/>\n<meta name=\"author\" content=\"articolinews\" \/>\n<meta name=\"twitter:card\" content=\"summary_large_image\" \/>\n<meta name=\"twitter:label1\" content=\"Scritto da\" \/>\n\t<meta name=\"twitter:data1\" content=\"articolinews\" \/>\n\t<meta name=\"twitter:label2\" content=\"Tempo di lettura stimato\" \/>\n\t<meta name=\"twitter:data2\" content=\"2 minuti\" \/>\n<script type=\"application\/ld+json\" class=\"yoast-schema-graph\">{\"@context\":\"https:\\\/\\\/schema.org\",\"@graph\":[{\"@type\":\"Article\",\"@id\":\"https:\\\/\\\/www.article-marketing.eu\\\/comunicatistampa\\\/micro-raccolta-dei-rifiuti-focus-sui-servizi-offerti-da-ares-ambiente\\\/#article\",\"isPartOf\":{\"@id\":\"https:\\\/\\\/www.article-marketing.eu\\\/comunicatistampa\\\/micro-raccolta-dei-rifiuti-focus-sui-servizi-offerti-da-ares-ambiente\\\/\"},\"author\":{\"name\":\"articolinews\",\"@id\":\"https:\\\/\\\/www.article-marketing.eu\\\/comunicatistampa\\\/#\\\/schema\\\/person\\\/2fcaf8f8f3a9eef9eb7f27532d3ca458\"},\"headline\":\"Micro raccolta dei rifiuti: focus sui servizi offerti da Ares Ambiente\",\"datePublished\":\"2022-10-12T08:27:13+00:00\",\"mainEntityOfPage\":{\"@id\":\"https:\\\/\\\/www.article-marketing.eu\\\/comunicatistampa\\\/micro-raccolta-dei-rifiuti-focus-sui-servizi-offerti-da-ares-ambiente\\\/\"},\"wordCount\":310,\"commentCount\":0,\"keywords\":[\"Ares Ambiente\"],\"articleSection\":[\"Aziende\"],\"inLanguage\":\"it-IT\",\"potentialAction\":[{\"@type\":\"CommentAction\",\"name\":\"Comment\",\"target\":[\"https:\\\/\\\/www.article-marketing.eu\\\/comunicatistampa\\\/micro-raccolta-dei-rifiuti-focus-sui-servizi-offerti-da-ares-ambiente\\\/#respond\"]}]},{\"@type\":\"WebPage\",\"@id\":\"https:\\\/\\\/www.article-marketing.eu\\\/comunicatistampa\\\/micro-raccolta-dei-rifiuti-focus-sui-servizi-offerti-da-ares-ambiente\\\/\",\"url\":\"https:\\\/\\\/www.article-marketing.eu\\\/comunicatistampa\\\/micro-raccolta-dei-rifiuti-focus-sui-servizi-offerti-da-ares-ambiente\\\/\",\"name\":\"Micro raccolta dei rifiuti: focus sui servizi offerti da Ares Ambiente\",\"isPartOf\":{\"@id\":\"https:\\\/\\\/www.article-marketing.eu\\\/comunicatistampa\\\/#website\"},\"datePublished\":\"2022-10-12T08:27:13+00:00\",\"author\":{\"@id\":\"https:\\\/\\\/www.article-marketing.eu\\\/comunicatistampa\\\/#\\\/schema\\\/person\\\/2fcaf8f8f3a9eef9eb7f27532d3ca458\"},\"breadcrumb\":{\"@id\":\"https:\\\/\\\/www.article-marketing.eu\\\/comunicatistampa\\\/micro-raccolta-dei-rifiuti-focus-sui-servizi-offerti-da-ares-ambiente\\\/#breadcrumb\"},\"inLanguage\":\"it-IT\",\"potentialAction\":[{\"@type\":\"ReadAction\",\"target\":[\"https:\\\/\\\/www.article-marketing.eu\\\/comunicatistampa\\\/micro-raccolta-dei-rifiuti-focus-sui-servizi-offerti-da-ares-ambiente\\\/\"]}]},{\"@type\":\"BreadcrumbList\",\"@id\":\"https:\\\/\\\/www.article-marketing.eu\\\/comunicatistampa\\\/micro-raccolta-dei-rifiuti-focus-sui-servizi-offerti-da-ares-ambiente\\\/#breadcrumb\",\"itemListElement\":[{\"@type\":\"ListItem\",\"position\":1,\"name\":\"Home\",\"item\":\"https:\\\/\\\/www.article-marketing.eu\\\/comunicatistampa\\\/\"},{\"@type\":\"ListItem\",\"position\":2,\"name\":\"Micro raccolta dei rifiuti: focus sui servizi offerti da Ares Ambiente\"}]},{\"@type\":\"WebSite\",\"@id\":\"https:\\\/\\\/www.article-marketing.eu\\\/comunicatistampa\\\/#website\",\"url\":\"https:\\\/\\\/www.article-marketing.eu\\\/comunicatistampa\\\/\",\"name\":\"Article Marketing\",\"description\":\"article marketing &amp; press release\",\"potentialAction\":[{\"@type\":\"SearchAction\",\"target\":{\"@type\":\"EntryPoint\",\"urlTemplate\":\"https:\\\/\\\/www.article-marketing.eu\\\/comunicatistampa\\\/?s={search_term_string}\"},\"query-input\":{\"@type\":\"PropertyValueSpecification\",\"valueRequired\":true,\"valueName\":\"search_term_string\"}}],\"inLanguage\":\"it-IT\"},{\"@type\":\"Person\",\"@id\":\"https:\\\/\\\/www.article-marketing.eu\\\/comunicatistampa\\\/#\\\/schema\\\/person\\\/2fcaf8f8f3a9eef9eb7f27532d3ca458\",\"name\":\"articolinews\",\"image\":{\"@type\":\"ImageObject\",\"inLanguage\":\"it-IT\",\"@id\":\"https:\\\/\\\/secure.gravatar.com\\\/avatar\\\/9e2a264bab04e17dea24d937c9956304649a848cb73c46747a692ff1bdeb1cb7?s=96&d=mm&r=g\",\"url\":\"https:\\\/\\\/secure.gravatar.com\\\/avatar\\\/9e2a264bab04e17dea24d937c9956304649a848cb73c46747a692ff1bdeb1cb7?s=96&d=mm&r=g\",\"contentUrl\":\"https:\\\/\\\/secure.gravatar.com\\\/avatar\\\/9e2a264bab04e17dea24d937c9956304649a848cb73c46747a692ff1bdeb1cb7?s=96&d=mm&r=g\",\"caption\":\"articolinews\"},\"url\":\"https:\\\/\\\/www.article-marketing.eu\\\/comunicatistampa\\\/author\\\/articolinews\\\/\"}]}<\/script>\n<!-- \/ Yoast SEO plugin. -->","yoast_head_json":{"title":"Micro raccolta dei rifiuti: focus sui servizi offerti da Ares Ambiente","robots":{"index":"index","follow":"follow","max-snippet":"max-snippet:-1","max-image-preview":"max-image-preview:large","max-video-preview":"max-video-preview:-1"},"canonical":"https:\/\/www.article-marketing.eu\/comunicatistampa\/micro-raccolta-dei-rifiuti-focus-sui-servizi-offerti-da-ares-ambiente\/","og_locale":"it_IT","og_type":"article","og_title":"Micro raccolta dei rifiuti: focus sui servizi offerti da Ares Ambiente","og_description":"Con sede a Treviolo, Ares Ambiente \u00e8 attiva nel settore dell&#8217;intermediazione dei rifiuti dal 2008. Ares Ambiente: micro raccolta, a chi si rivolge il servizio e quali i rifiuti trattati Da sempre al fianco delle PMI italiane, Ares Ambiente \u00e8 una societ\u00e0 specializzata nell&#8217;intermediazione dei rifiuti e nella gestione di impianti autorizzati che offre tra i suoi numerosi servizi anche quelli destinati alla micro raccolta. Pensato per artigiani e industrieContinue reading...","og_url":"https:\/\/www.article-marketing.eu\/comunicatistampa\/micro-raccolta-dei-rifiuti-focus-sui-servizi-offerti-da-ares-ambiente\/","og_site_name":"Article Marketing","article_published_time":"2022-10-12T08:27:13+00:00","author":"articolinews","twitter_card":"summary_large_image","twitter_misc":{"Scritto da":"articolinews","Tempo di lettura stimato":"2 minuti"},"schema":{"@context":"https:\/\/schema.org","@graph":[{"@type":"Article","@id":"https:\/\/www.article-marketing.eu\/comunicatistampa\/micro-raccolta-dei-rifiuti-focus-sui-servizi-offerti-da-ares-ambiente\/#article","isPartOf":{"@id":"https:\/\/www.article-marketing.eu\/comunicatistampa\/micro-raccolta-dei-rifiuti-focus-sui-servizi-offerti-da-ares-ambiente\/"},"author":{"name":"articolinews","@id":"https:\/\/www.article-marketing.eu\/comunicatistampa\/#\/schema\/person\/2fcaf8f8f3a9eef9eb7f27532d3ca458"},"headline":"Micro raccolta dei rifiuti: focus sui servizi offerti da Ares Ambiente","datePublished":"2022-10-12T08:27:13+00:00","mainEntityOfPage":{"@id":"https:\/\/www.article-marketing.eu\/comunicatistampa\/micro-raccolta-dei-rifiuti-focus-sui-servizi-offerti-da-ares-ambiente\/"},"wordCount":310,"commentCount":0,"keywords":["Ares Ambiente"],"articleSection":["Aziende"],"inLanguage":"it-IT","potentialAction":[{"@type":"CommentAction","name":"Comment","target":["https:\/\/www.article-marketing.eu\/comunicatistampa\/micro-raccolta-dei-rifiuti-focus-sui-servizi-offerti-da-ares-ambiente\/#respond"]}]},{"@type":"WebPage","@id":"https:\/\/www.article-marketing.eu\/comunicatistampa\/micro-raccolta-dei-rifiuti-focus-sui-servizi-offerti-da-ares-ambiente\/","url":"https:\/\/www.article-marketing.eu\/comunicatistampa\/micro-raccolta-dei-rifiuti-focus-sui-servizi-offerti-da-ares-ambiente\/","name":"Micro raccolta dei rifiuti: focus sui servizi offerti da Ares Ambiente","isPartOf":{"@id":"https:\/\/www.article-marketing.eu\/comunicatistampa\/#website"},"datePublished":"2022-10-12T08:27:13+00:00","author":{"@id":"https:\/\/www.article-marketing.eu\/comunicatistampa\/#\/schema\/person\/2fcaf8f8f3a9eef9eb7f27532d3ca458"},"breadcrumb":{"@id":"https:\/\/www.article-marketing.eu\/comunicatistampa\/micro-raccolta-dei-rifiuti-focus-sui-servizi-offerti-da-ares-ambiente\/#breadcrumb"},"inLanguage":"it-IT","potentialAction":[{"@type":"ReadAction","target":["https:\/\/www.article-marketing.eu\/comunicatistampa\/micro-raccolta-dei-rifiuti-focus-sui-servizi-offerti-da-ares-ambiente\/"]}]},{"@type":"BreadcrumbList","@id":"https:\/\/www.article-marketing.eu\/comunicatistampa\/micro-raccolta-dei-rifiuti-focus-sui-servizi-offerti-da-ares-ambiente\/#breadcrumb","itemListElement":[{"@type":"ListItem","position":1,"name":"Home","item":"https:\/\/www.article-marketing.eu\/comunicatistampa\/"},{"@type":"ListItem","position":2,"name":"Micro raccolta dei rifiuti: focus sui servizi offerti da Ares Ambiente"}]},{"@type":"WebSite","@id":"https:\/\/www.article-marketing.eu\/comunicatistampa\/#website","url":"https:\/\/www.article-marketing.eu\/comunicatistampa\/","name":"Article Marketing","description":"article marketing &amp; press release","potentialAction":[{"@type":"SearchAction","target":{"@type":"EntryPoint","urlTemplate":"https:\/\/www.article-marketing.eu\/comunicatistampa\/?s={search_term_string}"},"query-input":{"@type":"PropertyValueSpecification","valueRequired":true,"valueName":"search_term_string"}}],"inLanguage":"it-IT"},{"@type":"Person","@id":"https:\/\/www.article-marketing.eu\/comunicatistampa\/#\/schema\/person\/2fcaf8f8f3a9eef9eb7f27532d3ca458","name":"articolinews","image":{"@type":"ImageObject","inLanguage":"it-IT","@id":"https:\/\/secure.gravatar.com\/avatar\/9e2a264bab04e17dea24d937c9956304649a848cb73c46747a692ff1bdeb1cb7?s=96&d=mm&r=g","url":"https:\/\/secure.gravatar.com\/avatar\/9e2a264bab04e17dea24d937c9956304649a848cb73c46747a692ff1bdeb1cb7?s=96&d=mm&r=g","contentUrl":"https:\/\/secure.gravatar.com\/avatar\/9e2a264bab04e17dea24d937c9956304649a848cb73c46747a692ff1bdeb1cb7?s=96&d=mm&r=g","caption":"articolinews"},"url":"https:\/\/www.article-marketing.eu\/comunicatistampa\/author\/articolinews\/"}]}},"_links":{"self":[{"href":"https:\/\/www.article-marketing.eu\/comunicatistampa\/wp-json\/wp\/v2\/posts\/24827","targetHints":{"allow":["GET"]}}],"collection":[{"href":"https:\/\/www.article-marketing.eu\/comunicatistampa\/wp-json\/wp\/v2\/posts"}],"about":[{"href":"https:\/\/www.article-marketing.eu\/comunicatistampa\/wp-json\/wp\/v2\/types\/post"}],"author":[{"embeddable":true,"href":"https:\/\/www.article-marketing.eu\/comunicatistampa\/wp-json\/wp\/v2\/users\/6477"}],"replies":[{"embeddable":true,"href":"https:\/\/www.article-marketing.eu\/comunicatistampa\/wp-json\/wp\/v2\/comments?post=24827"}],"version-history":[{"count":2,"href":"https:\/\/www.article-marketing.eu\/comunicatistampa\/wp-json\/wp\/v2\/posts\/24827\/revisions"}],"predecessor-version":[{"id":25027,"href":"https:\/\/www.article-marketing.eu\/comunicatistampa\/wp-json\/wp\/v2\/posts\/24827\/revisions\/25027"}],"wp:attachment":[{"href":"https:\/\/www.article-marketing.eu\/comunicatistampa\/wp-json\/wp\/v2\/media?parent=24827"}],"wp:term":[{"taxonomy":"category","embeddable":true,"href":"https:\/\/www.article-marketing.eu\/comunicatistampa\/wp-json\/wp\/v2\/categories?post=24827"},{"taxonomy":"post_tag","embeddable":true,"href":"https:\/\/www.article-marketing.eu\/comunicatistampa\/wp-json\/wp\/v2\/tags?post=24827"}],"curies":[{"name":"wp","href":"https:\/\/api.w.org\/{rel}","templated":true}]}}