{"id":24845,"date":"2022-10-07T10:25:38","date_gmt":"2022-10-07T08:25:38","guid":{"rendered":"https:\/\/www.article-marketing.eu\/comunicatistampa\/?p=24845"},"modified":"2022-10-05T17:56:11","modified_gmt":"2022-10-05T15:56:11","slug":"i-vini-premium-di-casa-defra-protagonisti-al-viwine-festival","status":"publish","type":"post","link":"https:\/\/www.article-marketing.eu\/comunicatistampa\/i-vini-premium-di-casa-defra-protagonisti-al-viwine-festival\/","title":{"rendered":"I vini premium di Casa Defr\u00e0  protagonisti al ViWine Festival"},"content":{"rendered":"<p align=\"justify\"><span style=\"color: #000000;\"><span style=\"font-family: Helvetica Neue, serif;\"><span style=\"font-family: Verdana, serif;\"><i>Bagno di folla per la terza edizione dell\u2019evento settembrino dove la celebre cantina vicentina ha incontrato il proprio pubblico, portando in degustazione <\/i><\/span><span style=\"font-family: Verdana, serif;\"><i>le selezioni Doc Colli Berici, <\/i><\/span><span style=\"font-family: Verdana, serif;\"><i>Rosso Riserva, Bianco Superiore e Barbarano.<\/i><\/span><\/span><\/span><\/p>\n<p align=\"justify\"><span style=\"color: #000000;\"><span style=\"font-family: Helvetica Neue, serif;\"><span style=\"font-family: Verdana, serif;\"><span style=\"font-size: small;\">Uno stretto legame con il territorio che l\u2019ha vista nascere nel 1908 e che si rinnova quotidianamente, grazie all\u2019attenzione rivolta all\u2019area in cui opera. Questa la filosofia di <\/span><\/span><span style=\"font-family: Verdana, serif;\"><span style=\"font-size: small;\"><b>Cielo e Terra<\/b><\/span><\/span><span style=\"font-family: Verdana, serif;\"><span style=\"font-size: small;\">, la cantina vicentina che fin dalla sua costituzione ha sempre testimoniato con coerenza il proprio impegno. L\u2019occasione offerta dalla <\/span><\/span><span style=\"font-family: Verdana, serif;\"><span style=\"font-size: small;\"><b>terza edizione di ViWine Festival, dal 23 al 25 settembre<\/b><\/span><\/span><span style=\"font-family: Verdana, serif;\"><span style=\"font-size: small;\">, ha permesso alla <\/span><\/span><span style=\"font-family: Verdana, serif;\"><span style=\"font-size: small;\"><b>cantina vicentina<\/b><\/span><\/span><span style=\"font-family: Verdana, serif;\"><span style=\"font-size: small;\"> di <\/span><\/span><span style=\"font-family: Verdana, serif;\"><span style=\"font-size: small;\"><b>incontrare il proprio pubblico<\/b><\/span><\/span><span style=\"font-family: Verdana, serif;\"><span style=\"font-size: small;\">, portando in degustazione i vini premium di Casa Defr\u00e0 con le selezioni Doc Colli Berici, <\/span><\/span><span style=\"font-family: Verdana, serif;\"><span style=\"font-size: small;\">Rosso Riserva, Bianco Superiore e Barbarano.<\/span><\/span> <\/span><\/span><\/p>\n<p align=\"justify\"><span style=\"color: #000000;\"><span style=\"font-family: Helvetica Neue, serif;\"><span style=\"font-family: Verdana, serif;\"><span style=\"font-size: small;\">Casa Defr\u00e0 \u00e8 presente in diversi punti vendita del vicentino<\/span><\/span><span style=\"font-family: Helvetica, serif;\"><span style=\"font-size: small;\">, <\/span><\/span><span style=\"font-family: Helvetica, serif;\"><span style=\"font-size: small;\">tra cui i gruppi Al\u00ec, Conad, Eurospar, Famila e<\/span><\/span> <span style=\"font-family: Verdana, serif;\"><span style=\"font-size: small;\">affianca alla linea dei monovarietali doc, con un ottimo rapporto prezzo qualit\u00e0, la linea premium, frutto della stretta collaborazioni ventennale con i viticoltori delle Cantine dei Colli Berici, unendo vitigni locali con quelli pi\u00f9 importanti e rinomati per celebrare i momenti speciali.<\/span><\/span><\/span><\/span><\/p>\n<p align=\"justify\"><span style=\"color: #000000;\"><span style=\"font-family: Helvetica Neue, serif;\"><span style=\"font-family: Verdana, serif;\"><span style=\"font-size: small;\">L\u2019evento, oltre all\u2019apprezzamento del prodotto da parte del grande pubblico, ha permesso di rafforzare <\/span><\/span><span style=\"font-family: Verdana, serif;\"><span style=\"font-size: small;\">quel dialogo che da anni si esplicita in <\/span><\/span><span style=\"font-family: Verdana, serif;\"><span style=\"font-size: small;\"><b>interventi sul territorio, come il restauro della villa in stile palladiano \u201cLa Favorita\u201d, le visite delle scolaresche, ma anche il supporto a tante iniziative in ambito locale<\/b><\/span><\/span><span style=\"font-family: Verdana, serif;\"><span style=\"font-size: small;\">. Cielo e Terra si caratterizza infatti non solo per il valore delle produzioni, ma anche per una mission che da anni promuove azioni rivolte alle persone e all\u2019ambiente, spaziando dall\u2019<\/span><\/span><span style=\"font-family: Verdana, serif;\"><span style=\"font-size: small;\">utilizzo di <\/span><\/span><span style=\"font-family: Verdana, serif;\"><span style=\"font-size: small;\"><b>tappi certificati FSC<\/b><\/span><\/span> <span style=\"font-family: Verdana, serif;\"><span style=\"font-size: small;\"><b>ai progetti sociali come AMREF e Wine2Water<\/b><\/span><\/span> <span style=\"font-family: Verdana, serif;\"><span style=\"font-size: small;\"><b>per sensibilizzare e facilitare l\u2019accesso all\u2019acqua per le donne in Africa<\/b><\/span><\/span><span style=\"font-family: Verdana, serif;\"><span style=\"font-size: small;\">. <\/span><\/span><\/span><\/span><\/p>\n<p align=\"justify\"><span style=\"color: #000000;\"><span style=\"font-family: Helvetica Neue, serif;\"><span style=\"font-family: Verdana, serif;\"><span style=\"font-size: small;\">L\u2019azienda vicentina nata nel 1908 e che oggi \u00e8 composta dall\u2019unione della famiglia Cielo e dei viticoltori delle Cantine dei Colli Berici si distingue per essere <\/span><\/span><span style=\"font-family: Verdana, serif;\"><span style=\"font-size: small;\"><b>un\u2019azienda leader nella produzione e commercializzazione del vino nel rispetto dei principi etici e di sostenibilit\u00e0 integrata, cos\u00ec come emerge dalla Relazione sulla Gestione Integrata 2021.<\/b><\/span><\/span> <\/span><\/span><\/p>\n<p align=\"justify\"><span style=\"color: #000000;\"><span style=\"font-family: Helvetica Neue, serif;\"><span style=\"font-family: Verdana, serif;\"><span style=\"font-size: small;\">Le attivit\u00e0 di carattere internazionale si integrano con quelle sul territorio in cui \u00e8 nata e dove ha saputo svilupparsi fino a diventare un punto di riferimento, non solo in termini produttivi, ma anche per essere una <\/span><\/span><span style=\"font-family: Verdana, serif;\"><span style=\"font-size: small;\"><b>realt\u00e0 certificata <\/b><\/span><\/span><span style=\"font-family: Verdana, serif;\"><span style=\"font-size: small;\"><b>B Corp<\/b><\/span><\/span><sup><span style=\"font-family: Verdana, serif;\"><span style=\"font-size: small;\"><b>\u00ae,<\/b><\/span><\/span><\/sup> <span style=\"font-family: Verdana, serif;\"><span style=\"font-size: small;\"><b>la pi\u00f9 grande azienda vitivinicola certificata in Europa<\/b><\/span><\/span><span style=\"font-family: Verdana, serif;\"><span style=\"font-size: small;\">, nonch\u00e9 una delle pi\u00f9 grandi a livello globale. Se la riduzione dell\u2019impatto ambientale ha permesso a Cielo e Terra di conseguire la <\/span><\/span><span style=\"font-family: Verdana, serif;\"><span style=\"font-size: small;\"><b>certificazione VIVA Sustainable<\/b><\/span><\/span><span style=\"font-family: Verdana, serif;\"><span style=\"font-size: small;\">, anche la <\/span><\/span><span style=\"font-family: Verdana, serif;\"><span style=\"font-size: small;\"><b>sensibilit\u00e0 verso le persone<\/b><\/span><\/span><span style=\"font-family: Verdana, serif;\"><span style=\"font-size: small;\"> l\u2019ha vista impegnata nel tempo in progetti internazionali, nazionali, ma anche locali, nella ferma convinzione che <\/span><\/span><span style=\"font-family: Verdana, serif;\"><span style=\"font-size: small;\"><b>un\u2019<\/b><\/span><\/span><span style=\"font-family: Verdana, serif;\"><span style=\"font-size: small;\"><b>azienda socialmente responsabile<\/b><\/span><\/span><span style=\"font-family: Verdana, serif;\"><span style=\"font-size: small;\"> debba contribuire a sensibilizzare la propria filiera anche su tematiche territoriali e mantenere un rapporto diretto con la societ\u00e0 in cui si inserisce, poich\u00e9 un\u2019impresa non \u00e8 solo un luogo produttivo, ma anche una realt\u00e0 fatta di persone e con esse \u00e8 bene condividere vision e mission in un contesto lavorativo, ma prima ancora, umano.<\/span><\/span><\/span><\/span><\/p>\n<p align=\"justify\"><span style=\"color: #000000;\"><span style=\"font-family: Helvetica Neue, serif;\"><span style=\"font-family: Verdana, serif;\"><span style=\"font-size: small;\">Naturale quanto piacevole, dunque, il bagno di folla in Piazza dei Signori, dove il ViWine Festival \u00e8 stato per Cielo e Terra l\u2019ennesima occasione per essere protagonista della terra da cui ha avuto origine quella che oggi \u00e8 una cantina simbolo e ambasciatrice del made in Italy in tutto il mondo.<\/span><\/span><\/span><\/span><\/p>\n<p align=\"justify\"><span style=\"color: #000000;\"><span style=\"font-family: Verdana, serif;\"><span style=\"font-size: small;\">https:\/\/cieloeterravini.com\/<\/span><\/span><\/span><\/p>\n","protected":false},"excerpt":{"rendered":"<p>Bagno di folla per la terza edizione dell\u2019evento settembrino dove la celebre cantina vicentina ha incontrato il proprio pubblico, portando in degustazione le selezioni Doc Colli Berici, Rosso Riserva, Bianco Superiore e Barbarano. Uno stretto legame con il territorio che l\u2019ha vista nascere nel 1908 e che si rinnova quotidianamente, grazie all\u2019attenzione rivolta all\u2019area in cui opera. Questa la filosofia di Cielo e Terra, la cantina vicentina che fin dalla<\/p>\n<p><a class=\"continue-reading\" href=\"https:\/\/www.article-marketing.eu\/comunicatistampa\/i-vini-premium-di-casa-defra-protagonisti-al-viwine-festival\/\">Continue reading&#8230;<\/a><\/p>\n","protected":false},"author":397,"featured_media":0,"comment_status":"open","ping_status":"open","sticky":false,"template":"","format":"standard","meta":{"_monsterinsights_skip_tracking":false,"_monsterinsights_sitenote_active":false,"_monsterinsights_sitenote_note":"","_monsterinsights_sitenote_category":0,"footnotes":""},"categories":[78],"tags":[],"class_list":["post-24845","post","type-post","status-publish","format-standard","hentry","category-comunicati-stampa"],"yoast_head":"<!-- This site is optimized with the Yoast SEO plugin v27.3 - https:\/\/yoast.com\/product\/yoast-seo-wordpress\/ -->\n<title>I vini premium di Casa Defr\u00e0 protagonisti al ViWine Festival<\/title>\n<meta name=\"robots\" content=\"index, follow, max-snippet:-1, max-image-preview:large, max-video-preview:-1\" \/>\n<link rel=\"canonical\" href=\"https:\/\/www.article-marketing.eu\/comunicatistampa\/i-vini-premium-di-casa-defra-protagonisti-al-viwine-festival\/\" \/>\n<meta property=\"og:locale\" content=\"it_IT\" \/>\n<meta property=\"og:type\" content=\"article\" \/>\n<meta property=\"og:title\" content=\"I vini premium di Casa Defr\u00e0 protagonisti al ViWine Festival\" \/>\n<meta property=\"og:description\" content=\"Bagno di folla per la terza edizione dell\u2019evento settembrino dove la celebre cantina vicentina ha incontrato il proprio pubblico, portando in degustazione le selezioni Doc Colli Berici, Rosso Riserva, Bianco Superiore e Barbarano. Uno stretto legame con il territorio che l\u2019ha vista nascere nel 1908 e che si rinnova quotidianamente, grazie all\u2019attenzione rivolta all\u2019area in cui opera. Questa la filosofia di Cielo e Terra, la cantina vicentina che fin dallaContinue reading...\" \/>\n<meta property=\"og:url\" content=\"https:\/\/www.article-marketing.eu\/comunicatistampa\/i-vini-premium-di-casa-defra-protagonisti-al-viwine-festival\/\" \/>\n<meta property=\"og:site_name\" content=\"Article Marketing\" \/>\n<meta property=\"article:published_time\" content=\"2022-10-07T08:25:38+00:00\" \/>\n<meta name=\"author\" content=\"Borderline Agency\" \/>\n<meta name=\"twitter:card\" content=\"summary_large_image\" \/>\n<meta name=\"twitter:label1\" content=\"Scritto da\" \/>\n\t<meta name=\"twitter:data1\" content=\"Borderline Agency\" \/>\n\t<meta name=\"twitter:label2\" content=\"Tempo di lettura stimato\" \/>\n\t<meta name=\"twitter:data2\" content=\"3 minuti\" \/>\n<script type=\"application\/ld+json\" class=\"yoast-schema-graph\">{\"@context\":\"https:\\\/\\\/schema.org\",\"@graph\":[{\"@type\":\"Article\",\"@id\":\"https:\\\/\\\/www.article-marketing.eu\\\/comunicatistampa\\\/i-vini-premium-di-casa-defra-protagonisti-al-viwine-festival\\\/#article\",\"isPartOf\":{\"@id\":\"https:\\\/\\\/www.article-marketing.eu\\\/comunicatistampa\\\/i-vini-premium-di-casa-defra-protagonisti-al-viwine-festival\\\/\"},\"author\":{\"name\":\"Borderline Agency\",\"@id\":\"https:\\\/\\\/www.article-marketing.eu\\\/comunicatistampa\\\/#\\\/schema\\\/person\\\/1c4ab1c7aad84347e26e78235da6ff1b\"},\"headline\":\"I vini premium di Casa Defr\u00e0 protagonisti al ViWine Festival\",\"datePublished\":\"2022-10-07T08:25:38+00:00\",\"mainEntityOfPage\":{\"@id\":\"https:\\\/\\\/www.article-marketing.eu\\\/comunicatistampa\\\/i-vini-premium-di-casa-defra-protagonisti-al-viwine-festival\\\/\"},\"wordCount\":564,\"commentCount\":0,\"articleSection\":[\"Comunicati stampa\"],\"inLanguage\":\"it-IT\",\"potentialAction\":[{\"@type\":\"CommentAction\",\"name\":\"Comment\",\"target\":[\"https:\\\/\\\/www.article-marketing.eu\\\/comunicatistampa\\\/i-vini-premium-di-casa-defra-protagonisti-al-viwine-festival\\\/#respond\"]}]},{\"@type\":\"WebPage\",\"@id\":\"https:\\\/\\\/www.article-marketing.eu\\\/comunicatistampa\\\/i-vini-premium-di-casa-defra-protagonisti-al-viwine-festival\\\/\",\"url\":\"https:\\\/\\\/www.article-marketing.eu\\\/comunicatistampa\\\/i-vini-premium-di-casa-defra-protagonisti-al-viwine-festival\\\/\",\"name\":\"I vini premium di Casa Defr\u00e0 protagonisti al ViWine Festival\",\"isPartOf\":{\"@id\":\"https:\\\/\\\/www.article-marketing.eu\\\/comunicatistampa\\\/#website\"},\"datePublished\":\"2022-10-07T08:25:38+00:00\",\"author\":{\"@id\":\"https:\\\/\\\/www.article-marketing.eu\\\/comunicatistampa\\\/#\\\/schema\\\/person\\\/1c4ab1c7aad84347e26e78235da6ff1b\"},\"breadcrumb\":{\"@id\":\"https:\\\/\\\/www.article-marketing.eu\\\/comunicatistampa\\\/i-vini-premium-di-casa-defra-protagonisti-al-viwine-festival\\\/#breadcrumb\"},\"inLanguage\":\"it-IT\",\"potentialAction\":[{\"@type\":\"ReadAction\",\"target\":[\"https:\\\/\\\/www.article-marketing.eu\\\/comunicatistampa\\\/i-vini-premium-di-casa-defra-protagonisti-al-viwine-festival\\\/\"]}]},{\"@type\":\"BreadcrumbList\",\"@id\":\"https:\\\/\\\/www.article-marketing.eu\\\/comunicatistampa\\\/i-vini-premium-di-casa-defra-protagonisti-al-viwine-festival\\\/#breadcrumb\",\"itemListElement\":[{\"@type\":\"ListItem\",\"position\":1,\"name\":\"Home\",\"item\":\"https:\\\/\\\/www.article-marketing.eu\\\/comunicatistampa\\\/\"},{\"@type\":\"ListItem\",\"position\":2,\"name\":\"I vini premium di Casa Defr\u00e0 protagonisti al ViWine Festival\"}]},{\"@type\":\"WebSite\",\"@id\":\"https:\\\/\\\/www.article-marketing.eu\\\/comunicatistampa\\\/#website\",\"url\":\"https:\\\/\\\/www.article-marketing.eu\\\/comunicatistampa\\\/\",\"name\":\"Article Marketing\",\"description\":\"article marketing &amp; press release\",\"potentialAction\":[{\"@type\":\"SearchAction\",\"target\":{\"@type\":\"EntryPoint\",\"urlTemplate\":\"https:\\\/\\\/www.article-marketing.eu\\\/comunicatistampa\\\/?s={search_term_string}\"},\"query-input\":{\"@type\":\"PropertyValueSpecification\",\"valueRequired\":true,\"valueName\":\"search_term_string\"}}],\"inLanguage\":\"it-IT\"},{\"@type\":\"Person\",\"@id\":\"https:\\\/\\\/www.article-marketing.eu\\\/comunicatistampa\\\/#\\\/schema\\\/person\\\/1c4ab1c7aad84347e26e78235da6ff1b\",\"name\":\"Borderline Agency\",\"image\":{\"@type\":\"ImageObject\",\"inLanguage\":\"it-IT\",\"@id\":\"https:\\\/\\\/secure.gravatar.com\\\/avatar\\\/741fa053101610cb0be7dc835c116926549ae4ae2142ff35eac04d78fda61461?s=96&d=mm&r=g\",\"url\":\"https:\\\/\\\/secure.gravatar.com\\\/avatar\\\/741fa053101610cb0be7dc835c116926549ae4ae2142ff35eac04d78fda61461?s=96&d=mm&r=g\",\"contentUrl\":\"https:\\\/\\\/secure.gravatar.com\\\/avatar\\\/741fa053101610cb0be7dc835c116926549ae4ae2142ff35eac04d78fda61461?s=96&d=mm&r=g\",\"caption\":\"Borderline Agency\"},\"url\":\"https:\\\/\\\/www.article-marketing.eu\\\/comunicatistampa\\\/author\\\/borderline-agency\\\/\"}]}<\/script>\n<!-- \/ Yoast SEO plugin. -->","yoast_head_json":{"title":"I vini premium di Casa Defr\u00e0 protagonisti al ViWine Festival","robots":{"index":"index","follow":"follow","max-snippet":"max-snippet:-1","max-image-preview":"max-image-preview:large","max-video-preview":"max-video-preview:-1"},"canonical":"https:\/\/www.article-marketing.eu\/comunicatistampa\/i-vini-premium-di-casa-defra-protagonisti-al-viwine-festival\/","og_locale":"it_IT","og_type":"article","og_title":"I vini premium di Casa Defr\u00e0 protagonisti al ViWine Festival","og_description":"Bagno di folla per la terza edizione dell\u2019evento settembrino dove la celebre cantina vicentina ha incontrato il proprio pubblico, portando in degustazione le selezioni Doc Colli Berici, Rosso Riserva, Bianco Superiore e Barbarano. Uno stretto legame con il territorio che l\u2019ha vista nascere nel 1908 e che si rinnova quotidianamente, grazie all\u2019attenzione rivolta all\u2019area in cui opera. Questa la filosofia di Cielo e Terra, la cantina vicentina che fin dallaContinue reading...","og_url":"https:\/\/www.article-marketing.eu\/comunicatistampa\/i-vini-premium-di-casa-defra-protagonisti-al-viwine-festival\/","og_site_name":"Article Marketing","article_published_time":"2022-10-07T08:25:38+00:00","author":"Borderline Agency","twitter_card":"summary_large_image","twitter_misc":{"Scritto da":"Borderline Agency","Tempo di lettura stimato":"3 minuti"},"schema":{"@context":"https:\/\/schema.org","@graph":[{"@type":"Article","@id":"https:\/\/www.article-marketing.eu\/comunicatistampa\/i-vini-premium-di-casa-defra-protagonisti-al-viwine-festival\/#article","isPartOf":{"@id":"https:\/\/www.article-marketing.eu\/comunicatistampa\/i-vini-premium-di-casa-defra-protagonisti-al-viwine-festival\/"},"author":{"name":"Borderline Agency","@id":"https:\/\/www.article-marketing.eu\/comunicatistampa\/#\/schema\/person\/1c4ab1c7aad84347e26e78235da6ff1b"},"headline":"I vini premium di Casa Defr\u00e0 protagonisti al ViWine Festival","datePublished":"2022-10-07T08:25:38+00:00","mainEntityOfPage":{"@id":"https:\/\/www.article-marketing.eu\/comunicatistampa\/i-vini-premium-di-casa-defra-protagonisti-al-viwine-festival\/"},"wordCount":564,"commentCount":0,"articleSection":["Comunicati stampa"],"inLanguage":"it-IT","potentialAction":[{"@type":"CommentAction","name":"Comment","target":["https:\/\/www.article-marketing.eu\/comunicatistampa\/i-vini-premium-di-casa-defra-protagonisti-al-viwine-festival\/#respond"]}]},{"@type":"WebPage","@id":"https:\/\/www.article-marketing.eu\/comunicatistampa\/i-vini-premium-di-casa-defra-protagonisti-al-viwine-festival\/","url":"https:\/\/www.article-marketing.eu\/comunicatistampa\/i-vini-premium-di-casa-defra-protagonisti-al-viwine-festival\/","name":"I vini premium di Casa Defr\u00e0 protagonisti al ViWine Festival","isPartOf":{"@id":"https:\/\/www.article-marketing.eu\/comunicatistampa\/#website"},"datePublished":"2022-10-07T08:25:38+00:00","author":{"@id":"https:\/\/www.article-marketing.eu\/comunicatistampa\/#\/schema\/person\/1c4ab1c7aad84347e26e78235da6ff1b"},"breadcrumb":{"@id":"https:\/\/www.article-marketing.eu\/comunicatistampa\/i-vini-premium-di-casa-defra-protagonisti-al-viwine-festival\/#breadcrumb"},"inLanguage":"it-IT","potentialAction":[{"@type":"ReadAction","target":["https:\/\/www.article-marketing.eu\/comunicatistampa\/i-vini-premium-di-casa-defra-protagonisti-al-viwine-festival\/"]}]},{"@type":"BreadcrumbList","@id":"https:\/\/www.article-marketing.eu\/comunicatistampa\/i-vini-premium-di-casa-defra-protagonisti-al-viwine-festival\/#breadcrumb","itemListElement":[{"@type":"ListItem","position":1,"name":"Home","item":"https:\/\/www.article-marketing.eu\/comunicatistampa\/"},{"@type":"ListItem","position":2,"name":"I vini premium di Casa Defr\u00e0 protagonisti al ViWine Festival"}]},{"@type":"WebSite","@id":"https:\/\/www.article-marketing.eu\/comunicatistampa\/#website","url":"https:\/\/www.article-marketing.eu\/comunicatistampa\/","name":"Article Marketing","description":"article marketing &amp; press release","potentialAction":[{"@type":"SearchAction","target":{"@type":"EntryPoint","urlTemplate":"https:\/\/www.article-marketing.eu\/comunicatistampa\/?s={search_term_string}"},"query-input":{"@type":"PropertyValueSpecification","valueRequired":true,"valueName":"search_term_string"}}],"inLanguage":"it-IT"},{"@type":"Person","@id":"https:\/\/www.article-marketing.eu\/comunicatistampa\/#\/schema\/person\/1c4ab1c7aad84347e26e78235da6ff1b","name":"Borderline Agency","image":{"@type":"ImageObject","inLanguage":"it-IT","@id":"https:\/\/secure.gravatar.com\/avatar\/741fa053101610cb0be7dc835c116926549ae4ae2142ff35eac04d78fda61461?s=96&d=mm&r=g","url":"https:\/\/secure.gravatar.com\/avatar\/741fa053101610cb0be7dc835c116926549ae4ae2142ff35eac04d78fda61461?s=96&d=mm&r=g","contentUrl":"https:\/\/secure.gravatar.com\/avatar\/741fa053101610cb0be7dc835c116926549ae4ae2142ff35eac04d78fda61461?s=96&d=mm&r=g","caption":"Borderline Agency"},"url":"https:\/\/www.article-marketing.eu\/comunicatistampa\/author\/borderline-agency\/"}]}},"_links":{"self":[{"href":"https:\/\/www.article-marketing.eu\/comunicatistampa\/wp-json\/wp\/v2\/posts\/24845","targetHints":{"allow":["GET"]}}],"collection":[{"href":"https:\/\/www.article-marketing.eu\/comunicatistampa\/wp-json\/wp\/v2\/posts"}],"about":[{"href":"https:\/\/www.article-marketing.eu\/comunicatistampa\/wp-json\/wp\/v2\/types\/post"}],"author":[{"embeddable":true,"href":"https:\/\/www.article-marketing.eu\/comunicatistampa\/wp-json\/wp\/v2\/users\/397"}],"replies":[{"embeddable":true,"href":"https:\/\/www.article-marketing.eu\/comunicatistampa\/wp-json\/wp\/v2\/comments?post=24845"}],"version-history":[{"count":2,"href":"https:\/\/www.article-marketing.eu\/comunicatistampa\/wp-json\/wp\/v2\/posts\/24845\/revisions"}],"predecessor-version":[{"id":24969,"href":"https:\/\/www.article-marketing.eu\/comunicatistampa\/wp-json\/wp\/v2\/posts\/24845\/revisions\/24969"}],"wp:attachment":[{"href":"https:\/\/www.article-marketing.eu\/comunicatistampa\/wp-json\/wp\/v2\/media?parent=24845"}],"wp:term":[{"taxonomy":"category","embeddable":true,"href":"https:\/\/www.article-marketing.eu\/comunicatistampa\/wp-json\/wp\/v2\/categories?post=24845"},{"taxonomy":"post_tag","embeddable":true,"href":"https:\/\/www.article-marketing.eu\/comunicatistampa\/wp-json\/wp\/v2\/tags?post=24845"}],"curies":[{"name":"wp","href":"https:\/\/api.w.org\/{rel}","templated":true}]}}