{"id":24870,"date":"2022-10-13T09:30:39","date_gmt":"2022-10-13T07:30:39","guid":{"rendered":"https:\/\/www.article-marketing.eu\/comunicatistampa\/?p=24870"},"modified":"2022-10-09T22:31:59","modified_gmt":"2022-10-09T20:31:59","slug":"pordenonelegge-alessandro-benetton-presenta-la-traiettoria","status":"publish","type":"post","link":"https:\/\/www.article-marketing.eu\/comunicatistampa\/pordenonelegge-alessandro-benetton-presenta-la-traiettoria\/","title":{"rendered":"Pordenonelegge: Alessandro Benetton presenta \u201cLa Traiettoria\u201d"},"content":{"rendered":"<p><em><strong>La &#8220;Traiettoria&#8221; di <a title=\"Alessandro Benetton: la formazione e la carriera\" href=\"https:\/\/www.h2biz.net\/Imprenditore\/alessandro-benetton-10260\">Alessandro Benetton<\/a> arriva a Pordenonelegge: &#8220;La volont\u00e0 di questo libro \u00e8 quella di comunicare soprattutto con i giovani, gli stessi giovani che ogni tanto fanno fatica a essere capiti&#8221;.<\/strong><\/em><\/p>\n<p><a title=\"Alessandro Benetton: il profilo professionale\" href=\"https:\/\/www.h2biz.net\/Imprenditore\/alessandro-benetton-10260\"><img loading=\"lazy\" decoding=\"async\" src=\"https:\/\/www.h2biz.net\/images\/Plats\/crop_min_20200312145454.jpg\" alt=\"Alessandro Benetton\" width=\"120\" height=\"120\" \/><\/a><\/p>\n<h2>Alessandro Benetton: la presentazione de &#8216;La Traiettoria&#8217; a Pordenonelegge<\/h2>\n<p><em>&#8220;Lo so, vi sembrer\u00e0 strano, ma mi sono emozionato molto su quel palco&#8221;<\/em>: per <strong>Alessandro Benetton<\/strong> presentare il libro &#8216;La Traiettoria&#8217; \u00e8 <em>&#8220;ogni volta sempre fonte di emozione&#8221;<\/em> ma quella vissuta lo scorso 15 settembre a Pordenonelegge \u00e8 destinata ad essere ricordata a lungo in quanto &#8220;era la prima volta che partecipavo a un festival di questo tipo da autore&#8221;. <strong>Alessandro Benetton<\/strong> ha deciso di affidare a Linkedin il racconto di quell&#8217;esperienza: <em>&#8220;\u00c8 stato bello vedere gli sguardi attenti e i sorrisi complici delle persone a cui voglio bene e che stimo tra il pubblico. Familiari, amici, collaboratori di 21 Invest&#8221;<\/em>. L&#8217;incontro si \u00e8 tenuto lo scorso 15 settembre: a intervistarlo il giornalista Francesco De Filippo.<\/p>\n<h2>Alessandro Benetton: il percorso della nostra vita \u00e8 tutto da scrivere<\/h2>\n<p><em>&#8220;L&#8217;ho gi\u00e0 detto molte volte, la volont\u00e0 di questo libro \u00e8 quella di comunicare soprattutto con i giovani, gli stessi giovani che ogni tanto fanno fatica a essere capiti&#8221;<\/em>, scrive su Linkedin <a title=\"Alessandro Benetton: l'iter professionale\" href=\"https:\/\/www.h2biz.net\/Imprenditore\/alessandro-benetton-10260\">Alessandro Benetton<\/a> sottolineando quanto emerso nel corso dell&#8217;incontro a Pordenonelegge. \u00c8 a loro infatti che si rivolge &#8220;La Traiettoria&#8221;. I giovani: <em>&#8220;Ho voluto raccontare la mia storia per dare loro un messaggio&#8221;<\/em>. Lo ricorda anche nel suo post su Linkedin <strong>Alessandro Benetton<\/strong>: <em>&#8220;Esiste un modo per trovare la propria strada, l&#8217;importante \u00e8 essere disposti a lottare. A prescindere dal proprio punto di partenza, dalla propria condizione iniziale, dal proprio cognome (spoiler: io ne so qualcosa)&#8221;<\/em>. Un altro aspetto che emerge dall&#8217;autobiografia \u00e8 come la vita riesca ad essere imprevedibile: <em>&#8220;Spesso pensiamo che il nostro punto di partenza determini il punto di arrivo. Eppure impariamo presto che il percorso della nostra vita \u00e8 tutto da scrivere&#8221;<\/em>. L&#8217;imprevedibilit\u00e0 deve essere affrontata, gestita senza farsi travolgere da paure immotivate: solo cos\u00ec potremo scegliere liberamente (e scrivere) il nostro percorso.<\/p>\n","protected":false},"excerpt":{"rendered":"<p>La &#8220;Traiettoria&#8221; di Alessandro Benetton arriva a Pordenonelegge: &#8220;La volont\u00e0 di questo libro \u00e8 quella di comunicare soprattutto con i giovani, gli stessi giovani che ogni tanto fanno fatica a essere capiti&#8221;. Alessandro Benetton: la presentazione de &#8216;La Traiettoria&#8217; a Pordenonelegge &#8220;Lo so, vi sembrer\u00e0 strano, ma mi sono emozionato molto su quel palco&#8221;: per Alessandro Benetton presentare il libro &#8216;La Traiettoria&#8217; \u00e8 &#8220;ogni volta sempre fonte di emozione&#8221; ma<\/p>\n<p><a class=\"continue-reading\" href=\"https:\/\/www.article-marketing.eu\/comunicatistampa\/pordenonelegge-alessandro-benetton-presenta-la-traiettoria\/\">Continue reading&#8230;<\/a><\/p>\n","protected":false},"author":6477,"featured_media":0,"comment_status":"open","ping_status":"open","sticky":false,"template":"","format":"standard","meta":{"_monsterinsights_skip_tracking":false,"_monsterinsights_sitenote_active":false,"_monsterinsights_sitenote_note":"","_monsterinsights_sitenote_category":0,"footnotes":""},"categories":[78],"tags":[9630],"class_list":["post-24870","post","type-post","status-publish","format-standard","hentry","category-comunicati-stampa","tag-alessandro-benetton"],"yoast_head":"<!-- This site is optimized with the Yoast SEO plugin v27.3 - https:\/\/yoast.com\/product\/yoast-seo-wordpress\/ -->\n<title>Pordenonelegge: Alessandro Benetton presenta \u201cLa Traiettoria\u201d<\/title>\n<meta name=\"robots\" content=\"index, follow, max-snippet:-1, max-image-preview:large, max-video-preview:-1\" \/>\n<link rel=\"canonical\" href=\"https:\/\/www.article-marketing.eu\/comunicatistampa\/pordenonelegge-alessandro-benetton-presenta-la-traiettoria\/\" \/>\n<meta property=\"og:locale\" content=\"it_IT\" \/>\n<meta property=\"og:type\" content=\"article\" \/>\n<meta property=\"og:title\" content=\"Pordenonelegge: Alessandro Benetton presenta \u201cLa Traiettoria\u201d\" \/>\n<meta property=\"og:description\" content=\"La &#8220;Traiettoria&#8221; di Alessandro Benetton arriva a Pordenonelegge: &#8220;La volont\u00e0 di questo libro \u00e8 quella di comunicare soprattutto con i giovani, gli stessi giovani che ogni tanto fanno fatica a essere capiti&#8221;. Alessandro Benetton: la presentazione de &#8216;La Traiettoria&#8217; a Pordenonelegge &#8220;Lo so, vi sembrer\u00e0 strano, ma mi sono emozionato molto su quel palco&#8221;: per Alessandro Benetton presentare il libro &#8216;La Traiettoria&#8217; \u00e8 &#8220;ogni volta sempre fonte di emozione&#8221; maContinue reading...\" \/>\n<meta property=\"og:url\" content=\"https:\/\/www.article-marketing.eu\/comunicatistampa\/pordenonelegge-alessandro-benetton-presenta-la-traiettoria\/\" \/>\n<meta property=\"og:site_name\" content=\"Article Marketing\" \/>\n<meta property=\"article:published_time\" content=\"2022-10-13T07:30:39+00:00\" \/>\n<meta property=\"og:image\" content=\"https:\/\/www.h2biz.net\/images\/Plats\/crop_min_20200312145454.jpg\" \/>\n<meta name=\"author\" content=\"articolinews\" \/>\n<meta name=\"twitter:card\" content=\"summary_large_image\" \/>\n<meta name=\"twitter:label1\" content=\"Scritto da\" \/>\n\t<meta name=\"twitter:data1\" content=\"articolinews\" \/>\n\t<meta name=\"twitter:label2\" content=\"Tempo di lettura stimato\" \/>\n\t<meta name=\"twitter:data2\" content=\"2 minuti\" \/>\n<script type=\"application\/ld+json\" class=\"yoast-schema-graph\">{\"@context\":\"https:\\\/\\\/schema.org\",\"@graph\":[{\"@type\":\"Article\",\"@id\":\"https:\\\/\\\/www.article-marketing.eu\\\/comunicatistampa\\\/pordenonelegge-alessandro-benetton-presenta-la-traiettoria\\\/#article\",\"isPartOf\":{\"@id\":\"https:\\\/\\\/www.article-marketing.eu\\\/comunicatistampa\\\/pordenonelegge-alessandro-benetton-presenta-la-traiettoria\\\/\"},\"author\":{\"name\":\"articolinews\",\"@id\":\"https:\\\/\\\/www.article-marketing.eu\\\/comunicatistampa\\\/#\\\/schema\\\/person\\\/2fcaf8f8f3a9eef9eb7f27532d3ca458\"},\"headline\":\"Pordenonelegge: Alessandro Benetton presenta \u201cLa Traiettoria\u201d\",\"datePublished\":\"2022-10-13T07:30:39+00:00\",\"mainEntityOfPage\":{\"@id\":\"https:\\\/\\\/www.article-marketing.eu\\\/comunicatistampa\\\/pordenonelegge-alessandro-benetton-presenta-la-traiettoria\\\/\"},\"wordCount\":328,\"commentCount\":0,\"image\":{\"@id\":\"https:\\\/\\\/www.article-marketing.eu\\\/comunicatistampa\\\/pordenonelegge-alessandro-benetton-presenta-la-traiettoria\\\/#primaryimage\"},\"thumbnailUrl\":\"https:\\\/\\\/www.h2biz.net\\\/images\\\/Plats\\\/crop_min_20200312145454.jpg\",\"keywords\":[\"Alessandro Benetton\"],\"articleSection\":[\"Comunicati stampa\"],\"inLanguage\":\"it-IT\",\"potentialAction\":[{\"@type\":\"CommentAction\",\"name\":\"Comment\",\"target\":[\"https:\\\/\\\/www.article-marketing.eu\\\/comunicatistampa\\\/pordenonelegge-alessandro-benetton-presenta-la-traiettoria\\\/#respond\"]}]},{\"@type\":\"WebPage\",\"@id\":\"https:\\\/\\\/www.article-marketing.eu\\\/comunicatistampa\\\/pordenonelegge-alessandro-benetton-presenta-la-traiettoria\\\/\",\"url\":\"https:\\\/\\\/www.article-marketing.eu\\\/comunicatistampa\\\/pordenonelegge-alessandro-benetton-presenta-la-traiettoria\\\/\",\"name\":\"Pordenonelegge: Alessandro Benetton presenta \u201cLa Traiettoria\u201d\",\"isPartOf\":{\"@id\":\"https:\\\/\\\/www.article-marketing.eu\\\/comunicatistampa\\\/#website\"},\"primaryImageOfPage\":{\"@id\":\"https:\\\/\\\/www.article-marketing.eu\\\/comunicatistampa\\\/pordenonelegge-alessandro-benetton-presenta-la-traiettoria\\\/#primaryimage\"},\"image\":{\"@id\":\"https:\\\/\\\/www.article-marketing.eu\\\/comunicatistampa\\\/pordenonelegge-alessandro-benetton-presenta-la-traiettoria\\\/#primaryimage\"},\"thumbnailUrl\":\"https:\\\/\\\/www.h2biz.net\\\/images\\\/Plats\\\/crop_min_20200312145454.jpg\",\"datePublished\":\"2022-10-13T07:30:39+00:00\",\"author\":{\"@id\":\"https:\\\/\\\/www.article-marketing.eu\\\/comunicatistampa\\\/#\\\/schema\\\/person\\\/2fcaf8f8f3a9eef9eb7f27532d3ca458\"},\"breadcrumb\":{\"@id\":\"https:\\\/\\\/www.article-marketing.eu\\\/comunicatistampa\\\/pordenonelegge-alessandro-benetton-presenta-la-traiettoria\\\/#breadcrumb\"},\"inLanguage\":\"it-IT\",\"potentialAction\":[{\"@type\":\"ReadAction\",\"target\":[\"https:\\\/\\\/www.article-marketing.eu\\\/comunicatistampa\\\/pordenonelegge-alessandro-benetton-presenta-la-traiettoria\\\/\"]}]},{\"@type\":\"ImageObject\",\"inLanguage\":\"it-IT\",\"@id\":\"https:\\\/\\\/www.article-marketing.eu\\\/comunicatistampa\\\/pordenonelegge-alessandro-benetton-presenta-la-traiettoria\\\/#primaryimage\",\"url\":\"https:\\\/\\\/www.h2biz.net\\\/images\\\/Plats\\\/crop_min_20200312145454.jpg\",\"contentUrl\":\"https:\\\/\\\/www.h2biz.net\\\/images\\\/Plats\\\/crop_min_20200312145454.jpg\"},{\"@type\":\"BreadcrumbList\",\"@id\":\"https:\\\/\\\/www.article-marketing.eu\\\/comunicatistampa\\\/pordenonelegge-alessandro-benetton-presenta-la-traiettoria\\\/#breadcrumb\",\"itemListElement\":[{\"@type\":\"ListItem\",\"position\":1,\"name\":\"Home\",\"item\":\"https:\\\/\\\/www.article-marketing.eu\\\/comunicatistampa\\\/\"},{\"@type\":\"ListItem\",\"position\":2,\"name\":\"Pordenonelegge: Alessandro Benetton presenta \u201cLa Traiettoria\u201d\"}]},{\"@type\":\"WebSite\",\"@id\":\"https:\\\/\\\/www.article-marketing.eu\\\/comunicatistampa\\\/#website\",\"url\":\"https:\\\/\\\/www.article-marketing.eu\\\/comunicatistampa\\\/\",\"name\":\"Article Marketing\",\"description\":\"article marketing &amp; press release\",\"potentialAction\":[{\"@type\":\"SearchAction\",\"target\":{\"@type\":\"EntryPoint\",\"urlTemplate\":\"https:\\\/\\\/www.article-marketing.eu\\\/comunicatistampa\\\/?s={search_term_string}\"},\"query-input\":{\"@type\":\"PropertyValueSpecification\",\"valueRequired\":true,\"valueName\":\"search_term_string\"}}],\"inLanguage\":\"it-IT\"},{\"@type\":\"Person\",\"@id\":\"https:\\\/\\\/www.article-marketing.eu\\\/comunicatistampa\\\/#\\\/schema\\\/person\\\/2fcaf8f8f3a9eef9eb7f27532d3ca458\",\"name\":\"articolinews\",\"image\":{\"@type\":\"ImageObject\",\"inLanguage\":\"it-IT\",\"@id\":\"https:\\\/\\\/secure.gravatar.com\\\/avatar\\\/9e2a264bab04e17dea24d937c9956304649a848cb73c46747a692ff1bdeb1cb7?s=96&d=mm&r=g\",\"url\":\"https:\\\/\\\/secure.gravatar.com\\\/avatar\\\/9e2a264bab04e17dea24d937c9956304649a848cb73c46747a692ff1bdeb1cb7?s=96&d=mm&r=g\",\"contentUrl\":\"https:\\\/\\\/secure.gravatar.com\\\/avatar\\\/9e2a264bab04e17dea24d937c9956304649a848cb73c46747a692ff1bdeb1cb7?s=96&d=mm&r=g\",\"caption\":\"articolinews\"},\"url\":\"https:\\\/\\\/www.article-marketing.eu\\\/comunicatistampa\\\/author\\\/articolinews\\\/\"}]}<\/script>\n<!-- \/ Yoast SEO plugin. -->","yoast_head_json":{"title":"Pordenonelegge: Alessandro Benetton presenta \u201cLa Traiettoria\u201d","robots":{"index":"index","follow":"follow","max-snippet":"max-snippet:-1","max-image-preview":"max-image-preview:large","max-video-preview":"max-video-preview:-1"},"canonical":"https:\/\/www.article-marketing.eu\/comunicatistampa\/pordenonelegge-alessandro-benetton-presenta-la-traiettoria\/","og_locale":"it_IT","og_type":"article","og_title":"Pordenonelegge: Alessandro Benetton presenta \u201cLa Traiettoria\u201d","og_description":"La &#8220;Traiettoria&#8221; di Alessandro Benetton arriva a Pordenonelegge: &#8220;La volont\u00e0 di questo libro \u00e8 quella di comunicare soprattutto con i giovani, gli stessi giovani che ogni tanto fanno fatica a essere capiti&#8221;. Alessandro Benetton: la presentazione de &#8216;La Traiettoria&#8217; a Pordenonelegge &#8220;Lo so, vi sembrer\u00e0 strano, ma mi sono emozionato molto su quel palco&#8221;: per Alessandro Benetton presentare il libro &#8216;La Traiettoria&#8217; \u00e8 &#8220;ogni volta sempre fonte di emozione&#8221; maContinue reading...","og_url":"https:\/\/www.article-marketing.eu\/comunicatistampa\/pordenonelegge-alessandro-benetton-presenta-la-traiettoria\/","og_site_name":"Article Marketing","article_published_time":"2022-10-13T07:30:39+00:00","og_image":[{"url":"https:\/\/www.h2biz.net\/images\/Plats\/crop_min_20200312145454.jpg","type":"","width":"","height":""}],"author":"articolinews","twitter_card":"summary_large_image","twitter_misc":{"Scritto da":"articolinews","Tempo di lettura stimato":"2 minuti"},"schema":{"@context":"https:\/\/schema.org","@graph":[{"@type":"Article","@id":"https:\/\/www.article-marketing.eu\/comunicatistampa\/pordenonelegge-alessandro-benetton-presenta-la-traiettoria\/#article","isPartOf":{"@id":"https:\/\/www.article-marketing.eu\/comunicatistampa\/pordenonelegge-alessandro-benetton-presenta-la-traiettoria\/"},"author":{"name":"articolinews","@id":"https:\/\/www.article-marketing.eu\/comunicatistampa\/#\/schema\/person\/2fcaf8f8f3a9eef9eb7f27532d3ca458"},"headline":"Pordenonelegge: Alessandro Benetton presenta \u201cLa Traiettoria\u201d","datePublished":"2022-10-13T07:30:39+00:00","mainEntityOfPage":{"@id":"https:\/\/www.article-marketing.eu\/comunicatistampa\/pordenonelegge-alessandro-benetton-presenta-la-traiettoria\/"},"wordCount":328,"commentCount":0,"image":{"@id":"https:\/\/www.article-marketing.eu\/comunicatistampa\/pordenonelegge-alessandro-benetton-presenta-la-traiettoria\/#primaryimage"},"thumbnailUrl":"https:\/\/www.h2biz.net\/images\/Plats\/crop_min_20200312145454.jpg","keywords":["Alessandro Benetton"],"articleSection":["Comunicati stampa"],"inLanguage":"it-IT","potentialAction":[{"@type":"CommentAction","name":"Comment","target":["https:\/\/www.article-marketing.eu\/comunicatistampa\/pordenonelegge-alessandro-benetton-presenta-la-traiettoria\/#respond"]}]},{"@type":"WebPage","@id":"https:\/\/www.article-marketing.eu\/comunicatistampa\/pordenonelegge-alessandro-benetton-presenta-la-traiettoria\/","url":"https:\/\/www.article-marketing.eu\/comunicatistampa\/pordenonelegge-alessandro-benetton-presenta-la-traiettoria\/","name":"Pordenonelegge: Alessandro Benetton presenta \u201cLa Traiettoria\u201d","isPartOf":{"@id":"https:\/\/www.article-marketing.eu\/comunicatistampa\/#website"},"primaryImageOfPage":{"@id":"https:\/\/www.article-marketing.eu\/comunicatistampa\/pordenonelegge-alessandro-benetton-presenta-la-traiettoria\/#primaryimage"},"image":{"@id":"https:\/\/www.article-marketing.eu\/comunicatistampa\/pordenonelegge-alessandro-benetton-presenta-la-traiettoria\/#primaryimage"},"thumbnailUrl":"https:\/\/www.h2biz.net\/images\/Plats\/crop_min_20200312145454.jpg","datePublished":"2022-10-13T07:30:39+00:00","author":{"@id":"https:\/\/www.article-marketing.eu\/comunicatistampa\/#\/schema\/person\/2fcaf8f8f3a9eef9eb7f27532d3ca458"},"breadcrumb":{"@id":"https:\/\/www.article-marketing.eu\/comunicatistampa\/pordenonelegge-alessandro-benetton-presenta-la-traiettoria\/#breadcrumb"},"inLanguage":"it-IT","potentialAction":[{"@type":"ReadAction","target":["https:\/\/www.article-marketing.eu\/comunicatistampa\/pordenonelegge-alessandro-benetton-presenta-la-traiettoria\/"]}]},{"@type":"ImageObject","inLanguage":"it-IT","@id":"https:\/\/www.article-marketing.eu\/comunicatistampa\/pordenonelegge-alessandro-benetton-presenta-la-traiettoria\/#primaryimage","url":"https:\/\/www.h2biz.net\/images\/Plats\/crop_min_20200312145454.jpg","contentUrl":"https:\/\/www.h2biz.net\/images\/Plats\/crop_min_20200312145454.jpg"},{"@type":"BreadcrumbList","@id":"https:\/\/www.article-marketing.eu\/comunicatistampa\/pordenonelegge-alessandro-benetton-presenta-la-traiettoria\/#breadcrumb","itemListElement":[{"@type":"ListItem","position":1,"name":"Home","item":"https:\/\/www.article-marketing.eu\/comunicatistampa\/"},{"@type":"ListItem","position":2,"name":"Pordenonelegge: Alessandro Benetton presenta \u201cLa Traiettoria\u201d"}]},{"@type":"WebSite","@id":"https:\/\/www.article-marketing.eu\/comunicatistampa\/#website","url":"https:\/\/www.article-marketing.eu\/comunicatistampa\/","name":"Article Marketing","description":"article marketing &amp; press release","potentialAction":[{"@type":"SearchAction","target":{"@type":"EntryPoint","urlTemplate":"https:\/\/www.article-marketing.eu\/comunicatistampa\/?s={search_term_string}"},"query-input":{"@type":"PropertyValueSpecification","valueRequired":true,"valueName":"search_term_string"}}],"inLanguage":"it-IT"},{"@type":"Person","@id":"https:\/\/www.article-marketing.eu\/comunicatistampa\/#\/schema\/person\/2fcaf8f8f3a9eef9eb7f27532d3ca458","name":"articolinews","image":{"@type":"ImageObject","inLanguage":"it-IT","@id":"https:\/\/secure.gravatar.com\/avatar\/9e2a264bab04e17dea24d937c9956304649a848cb73c46747a692ff1bdeb1cb7?s=96&d=mm&r=g","url":"https:\/\/secure.gravatar.com\/avatar\/9e2a264bab04e17dea24d937c9956304649a848cb73c46747a692ff1bdeb1cb7?s=96&d=mm&r=g","contentUrl":"https:\/\/secure.gravatar.com\/avatar\/9e2a264bab04e17dea24d937c9956304649a848cb73c46747a692ff1bdeb1cb7?s=96&d=mm&r=g","caption":"articolinews"},"url":"https:\/\/www.article-marketing.eu\/comunicatistampa\/author\/articolinews\/"}]}},"_links":{"self":[{"href":"https:\/\/www.article-marketing.eu\/comunicatistampa\/wp-json\/wp\/v2\/posts\/24870","targetHints":{"allow":["GET"]}}],"collection":[{"href":"https:\/\/www.article-marketing.eu\/comunicatistampa\/wp-json\/wp\/v2\/posts"}],"about":[{"href":"https:\/\/www.article-marketing.eu\/comunicatistampa\/wp-json\/wp\/v2\/types\/post"}],"author":[{"embeddable":true,"href":"https:\/\/www.article-marketing.eu\/comunicatistampa\/wp-json\/wp\/v2\/users\/6477"}],"replies":[{"embeddable":true,"href":"https:\/\/www.article-marketing.eu\/comunicatistampa\/wp-json\/wp\/v2\/comments?post=24870"}],"version-history":[{"count":2,"href":"https:\/\/www.article-marketing.eu\/comunicatistampa\/wp-json\/wp\/v2\/posts\/24870\/revisions"}],"predecessor-version":[{"id":25032,"href":"https:\/\/www.article-marketing.eu\/comunicatistampa\/wp-json\/wp\/v2\/posts\/24870\/revisions\/25032"}],"wp:attachment":[{"href":"https:\/\/www.article-marketing.eu\/comunicatistampa\/wp-json\/wp\/v2\/media?parent=24870"}],"wp:term":[{"taxonomy":"category","embeddable":true,"href":"https:\/\/www.article-marketing.eu\/comunicatistampa\/wp-json\/wp\/v2\/categories?post=24870"},{"taxonomy":"post_tag","embeddable":true,"href":"https:\/\/www.article-marketing.eu\/comunicatistampa\/wp-json\/wp\/v2\/tags?post=24870"}],"curies":[{"name":"wp","href":"https:\/\/api.w.org\/{rel}","templated":true}]}}