{"id":24881,"date":"2022-10-14T08:30:52","date_gmt":"2022-10-14T06:30:52","guid":{"rendered":"https:\/\/www.article-marketing.eu\/comunicatistampa\/?p=24881"},"modified":"2022-10-09T22:33:25","modified_gmt":"2022-10-09T20:33:25","slug":"conferito-a-luigi-ferraris-gruppo-fs-il-premio-guido-carli-xiii-edizione","status":"publish","type":"post","link":"https:\/\/www.article-marketing.eu\/comunicatistampa\/conferito-a-luigi-ferraris-gruppo-fs-il-premio-guido-carli-xiii-edizione\/","title":{"rendered":"Conferito a Luigi Ferraris (Gruppo FS) il Premio Guido Carli XIII Edizione"},"content":{"rendered":"<p><em><strong>Il manager si \u00e8 distinto per l&#8217;impegno nella promozione dell&#8217;immagine dell&#8217;Italia a livello internazionale. A consegnare il riconoscimento a <a title=\"Luigi Ferraris: il premio - La Stampa\" href=\"https:\/\/finanza.lastampa.it\/News\/2022\/05\/06\/gruppo-fs-a-luigi-ferraris-il-premio-guido-carli\/MTcxXzIwMjItMDUtMDZfVExC\">Luigi Ferraris<\/a> il CEO di Vodafone Italia Aldo Bisio.<\/strong><\/em><\/p>\n<p><a title=\"Luigi Ferraris: le dichiarazioni - La Stampa\" href=\"https:\/\/finanza.lastampa.it\/News\/2022\/05\/06\/gruppo-fs-a-luigi-ferraris-il-premio-guido-carli\/MTcxXzIwMjItMDUtMDZfVExC\"><img decoding=\"async\" src=\"https:\/\/images.teleborsa.it\/t\/stabile\/152721.t.W300.H188.M4.jpg\" alt=\"Luigi Ferraris\" width=\"120\" \/><\/a><\/p>\n<h2>Luigi Ferraris: &#8220;Fase storica delicata, nostro impegno anche in Europa&#8221;<\/h2>\n<p><strong>Luigi Ferraris<\/strong> si aggiudica il Premio Guido Carli. Ex Terna, con esperienze in Enel e Poste Italiane, dal 2020 il manager ha preso in mano le redini del Gruppo FS, che ora guida verso la realizzazione dell&#8217;ambizioso Piano Industriale 2022-2031. Giunto alla 13esima edizione, il noto riconoscimento nasce con l&#8217;obiettivo di accendere i riflettori sulle personalit\u00e0 del Made in Italy impegnate nei campi pi\u00f9 disparati, dal mondo dell&#8217;impresa fino alla cultura. Quest&#8217;anno l&#8217;evento, tornato in presenza, si \u00e8 tenuto all&#8217;Auditorium Parco della Musica di Roma. Intervenuto sul palco, l&#8217;AD di Gruppo FS si \u00e8 detto onorato del premio, per poi sottolineare il periodo particolarmente complesso che l&#8217;Europa si trova ad attraversare: <em>&#8220;Siamo in una fase storica delicata<\/em> &#8211; ha dichiarato <strong>Luigi Ferraris<\/strong> &#8211; <em>e mai come oggi abbiamo un impegno cos\u00ec forte nel connettere le persone in modo rapido ed efficiente, con infrastrutture che ci permettono di muoverci non solo nel nostro Paese, ma anche in Europa&#8221;<\/em>. Ex Governatore di Bankitalia ed ex Ministro delle Finanze, Guido Carli \u00e8 tra i firmatari del Trattato di Maastricht ed \u00e8 quindi considerato uno dei principali sostenitori del progetto europeo. Non a caso, durante l&#8217;ultima edizione, il Premio ha celebrato anche il 30esimo anniversario del Trattato.<\/p>\n<h2>Luigi Ferraris: &#8220;In Ferrovie grande umanit\u00e0 e spirito di servizio&#8221;<\/h2>\n<p>Nel suo intervento <a title=\"Luigi Ferraris: il riconoscimento - La Stampa\" href=\"https:\/\/finanza.lastampa.it\/News\/2022\/05\/06\/gruppo-fs-a-luigi-ferraris-il-premio-guido-carli\/MTcxXzIwMjItMDUtMDZfVExC\">Luigi Ferraris<\/a> ha evidenziato anche l&#8217;impegno portato avanti dal Gruppo FS negli ultimi anni: <em>&#8220;Non posso non pensare alle persone che lavorano in Ferrovie nelle quali ho trovato grande umanit\u00e0 e spirito di servizio, che si \u00e8 manifestato a pieno durante la crisi pandemica con passione e dedizione. Nonostante le tragedie che stiamo vivendo<\/em> &#8211; ha aggiunto &#8211; <em>colgo l&#8217;ottimismo nell&#8217;entrare in una fase nuova, di rinascita, e ritengo doveroso rinnovare il mio ringraziamento a chi lavora in questo Gruppo&#8221;<\/em>. A consegnare la medaglia in bronzo del Poligrafico e Zecca dello Stato nelle mani di <strong>Luigi Ferraris<\/strong> il CEO di Vodafone Italia Aldo Bisio, che ha fatto parte della giuria presieduta da Gianni Letta composta da top manager, imprenditori ed editori. <em>&#8220;Un talento che ormai non conosce confini&#8221;<\/em>, \u00e8 la frase usata da Bisio sul palco per descrivere la parabola di successo del manager.<\/p>\n","protected":false},"excerpt":{"rendered":"<p>Il manager si \u00e8 distinto per l&#8217;impegno nella promozione dell&#8217;immagine dell&#8217;Italia a livello internazionale. A consegnare il riconoscimento a Luigi Ferraris il CEO di Vodafone Italia Aldo Bisio. Luigi Ferraris: &#8220;Fase storica delicata, nostro impegno anche in Europa&#8221; Luigi Ferraris si aggiudica il Premio Guido Carli. Ex Terna, con esperienze in Enel e Poste Italiane, dal 2020 il manager ha preso in mano le redini del Gruppo FS, che ora<\/p>\n<p><a class=\"continue-reading\" href=\"https:\/\/www.article-marketing.eu\/comunicatistampa\/conferito-a-luigi-ferraris-gruppo-fs-il-premio-guido-carli-xiii-edizione\/\">Continue reading&#8230;<\/a><\/p>\n","protected":false},"author":7203,"featured_media":0,"comment_status":"open","ping_status":"open","sticky":false,"template":"","format":"standard","meta":{"_monsterinsights_skip_tracking":false,"_monsterinsights_sitenote_active":false,"_monsterinsights_sitenote_note":"","_monsterinsights_sitenote_category":0,"footnotes":""},"categories":[386],"tags":[10013,9540],"class_list":["post-24881","post","type-post","status-publish","format-standard","hentry","category-economia-e-lavoro","tag-gruppo-fs","tag-luigi-ferraris"],"yoast_head":"<!-- This site is optimized with the Yoast SEO plugin v27.3 - https:\/\/yoast.com\/product\/yoast-seo-wordpress\/ -->\n<title>Conferito a Luigi Ferraris (Gruppo FS) il Premio Guido Carli XIII Edizione<\/title>\n<meta name=\"robots\" content=\"index, follow, max-snippet:-1, max-image-preview:large, max-video-preview:-1\" \/>\n<link rel=\"canonical\" href=\"https:\/\/www.article-marketing.eu\/comunicatistampa\/conferito-a-luigi-ferraris-gruppo-fs-il-premio-guido-carli-xiii-edizione\/\" \/>\n<meta property=\"og:locale\" content=\"it_IT\" \/>\n<meta property=\"og:type\" content=\"article\" \/>\n<meta property=\"og:title\" content=\"Conferito a Luigi Ferraris (Gruppo FS) il Premio Guido Carli XIII Edizione\" \/>\n<meta property=\"og:description\" content=\"Il manager si \u00e8 distinto per l&#8217;impegno nella promozione dell&#8217;immagine dell&#8217;Italia a livello internazionale. A consegnare il riconoscimento a Luigi Ferraris il CEO di Vodafone Italia Aldo Bisio. Luigi Ferraris: &#8220;Fase storica delicata, nostro impegno anche in Europa&#8221; Luigi Ferraris si aggiudica il Premio Guido Carli. Ex Terna, con esperienze in Enel e Poste Italiane, dal 2020 il manager ha preso in mano le redini del Gruppo FS, che oraContinue reading...\" \/>\n<meta property=\"og:url\" content=\"https:\/\/www.article-marketing.eu\/comunicatistampa\/conferito-a-luigi-ferraris-gruppo-fs-il-premio-guido-carli-xiii-edizione\/\" \/>\n<meta property=\"og:site_name\" content=\"Article Marketing\" \/>\n<meta property=\"article:published_time\" content=\"2022-10-14T06:30:52+00:00\" \/>\n<meta property=\"og:image\" content=\"https:\/\/images.teleborsa.it\/t\/stabile\/152721.t.W300.H188.M4.jpg\" \/>\n<meta name=\"author\" content=\"gbofficeprnews\" \/>\n<meta name=\"twitter:card\" content=\"summary_large_image\" \/>\n<meta name=\"twitter:label1\" content=\"Scritto da\" \/>\n\t<meta name=\"twitter:data1\" content=\"gbofficeprnews\" \/>\n\t<meta name=\"twitter:label2\" content=\"Tempo di lettura stimato\" \/>\n\t<meta name=\"twitter:data2\" content=\"3 minuti\" \/>\n<script type=\"application\/ld+json\" class=\"yoast-schema-graph\">{\"@context\":\"https:\\\/\\\/schema.org\",\"@graph\":[{\"@type\":\"Article\",\"@id\":\"https:\\\/\\\/www.article-marketing.eu\\\/comunicatistampa\\\/conferito-a-luigi-ferraris-gruppo-fs-il-premio-guido-carli-xiii-edizione\\\/#article\",\"isPartOf\":{\"@id\":\"https:\\\/\\\/www.article-marketing.eu\\\/comunicatistampa\\\/conferito-a-luigi-ferraris-gruppo-fs-il-premio-guido-carli-xiii-edizione\\\/\"},\"author\":{\"name\":\"gbofficeprnews\",\"@id\":\"https:\\\/\\\/www.article-marketing.eu\\\/comunicatistampa\\\/#\\\/schema\\\/person\\\/00c541681af1a376511ed63d59ca096f\"},\"headline\":\"Conferito a Luigi Ferraris (Gruppo FS) il Premio Guido Carli XIII Edizione\",\"datePublished\":\"2022-10-14T06:30:52+00:00\",\"mainEntityOfPage\":{\"@id\":\"https:\\\/\\\/www.article-marketing.eu\\\/comunicatistampa\\\/conferito-a-luigi-ferraris-gruppo-fs-il-premio-guido-carli-xiii-edizione\\\/\"},\"wordCount\":402,\"commentCount\":0,\"image\":{\"@id\":\"https:\\\/\\\/www.article-marketing.eu\\\/comunicatistampa\\\/conferito-a-luigi-ferraris-gruppo-fs-il-premio-guido-carli-xiii-edizione\\\/#primaryimage\"},\"thumbnailUrl\":\"https:\\\/\\\/images.teleborsa.it\\\/t\\\/stabile\\\/152721.t.W300.H188.M4.jpg\",\"keywords\":[\"Gruppo FS\",\"Luigi Ferraris\"],\"articleSection\":[\"Economia e lavoro\"],\"inLanguage\":\"it-IT\",\"potentialAction\":[{\"@type\":\"CommentAction\",\"name\":\"Comment\",\"target\":[\"https:\\\/\\\/www.article-marketing.eu\\\/comunicatistampa\\\/conferito-a-luigi-ferraris-gruppo-fs-il-premio-guido-carli-xiii-edizione\\\/#respond\"]}]},{\"@type\":\"WebPage\",\"@id\":\"https:\\\/\\\/www.article-marketing.eu\\\/comunicatistampa\\\/conferito-a-luigi-ferraris-gruppo-fs-il-premio-guido-carli-xiii-edizione\\\/\",\"url\":\"https:\\\/\\\/www.article-marketing.eu\\\/comunicatistampa\\\/conferito-a-luigi-ferraris-gruppo-fs-il-premio-guido-carli-xiii-edizione\\\/\",\"name\":\"Conferito a Luigi Ferraris (Gruppo FS) il Premio Guido Carli XIII Edizione\",\"isPartOf\":{\"@id\":\"https:\\\/\\\/www.article-marketing.eu\\\/comunicatistampa\\\/#website\"},\"primaryImageOfPage\":{\"@id\":\"https:\\\/\\\/www.article-marketing.eu\\\/comunicatistampa\\\/conferito-a-luigi-ferraris-gruppo-fs-il-premio-guido-carli-xiii-edizione\\\/#primaryimage\"},\"image\":{\"@id\":\"https:\\\/\\\/www.article-marketing.eu\\\/comunicatistampa\\\/conferito-a-luigi-ferraris-gruppo-fs-il-premio-guido-carli-xiii-edizione\\\/#primaryimage\"},\"thumbnailUrl\":\"https:\\\/\\\/images.teleborsa.it\\\/t\\\/stabile\\\/152721.t.W300.H188.M4.jpg\",\"datePublished\":\"2022-10-14T06:30:52+00:00\",\"author\":{\"@id\":\"https:\\\/\\\/www.article-marketing.eu\\\/comunicatistampa\\\/#\\\/schema\\\/person\\\/00c541681af1a376511ed63d59ca096f\"},\"breadcrumb\":{\"@id\":\"https:\\\/\\\/www.article-marketing.eu\\\/comunicatistampa\\\/conferito-a-luigi-ferraris-gruppo-fs-il-premio-guido-carli-xiii-edizione\\\/#breadcrumb\"},\"inLanguage\":\"it-IT\",\"potentialAction\":[{\"@type\":\"ReadAction\",\"target\":[\"https:\\\/\\\/www.article-marketing.eu\\\/comunicatistampa\\\/conferito-a-luigi-ferraris-gruppo-fs-il-premio-guido-carli-xiii-edizione\\\/\"]}]},{\"@type\":\"ImageObject\",\"inLanguage\":\"it-IT\",\"@id\":\"https:\\\/\\\/www.article-marketing.eu\\\/comunicatistampa\\\/conferito-a-luigi-ferraris-gruppo-fs-il-premio-guido-carli-xiii-edizione\\\/#primaryimage\",\"url\":\"https:\\\/\\\/images.teleborsa.it\\\/t\\\/stabile\\\/152721.t.W300.H188.M4.jpg\",\"contentUrl\":\"https:\\\/\\\/images.teleborsa.it\\\/t\\\/stabile\\\/152721.t.W300.H188.M4.jpg\"},{\"@type\":\"BreadcrumbList\",\"@id\":\"https:\\\/\\\/www.article-marketing.eu\\\/comunicatistampa\\\/conferito-a-luigi-ferraris-gruppo-fs-il-premio-guido-carli-xiii-edizione\\\/#breadcrumb\",\"itemListElement\":[{\"@type\":\"ListItem\",\"position\":1,\"name\":\"Home\",\"item\":\"https:\\\/\\\/www.article-marketing.eu\\\/comunicatistampa\\\/\"},{\"@type\":\"ListItem\",\"position\":2,\"name\":\"Conferito a Luigi Ferraris (Gruppo FS) il Premio Guido Carli XIII Edizione\"}]},{\"@type\":\"WebSite\",\"@id\":\"https:\\\/\\\/www.article-marketing.eu\\\/comunicatistampa\\\/#website\",\"url\":\"https:\\\/\\\/www.article-marketing.eu\\\/comunicatistampa\\\/\",\"name\":\"Article Marketing\",\"description\":\"article marketing &amp; press release\",\"potentialAction\":[{\"@type\":\"SearchAction\",\"target\":{\"@type\":\"EntryPoint\",\"urlTemplate\":\"https:\\\/\\\/www.article-marketing.eu\\\/comunicatistampa\\\/?s={search_term_string}\"},\"query-input\":{\"@type\":\"PropertyValueSpecification\",\"valueRequired\":true,\"valueName\":\"search_term_string\"}}],\"inLanguage\":\"it-IT\"},{\"@type\":\"Person\",\"@id\":\"https:\\\/\\\/www.article-marketing.eu\\\/comunicatistampa\\\/#\\\/schema\\\/person\\\/00c541681af1a376511ed63d59ca096f\",\"name\":\"gbofficeprnews\",\"image\":{\"@type\":\"ImageObject\",\"inLanguage\":\"it-IT\",\"@id\":\"https:\\\/\\\/secure.gravatar.com\\\/avatar\\\/6c895f4b9cd59fffe899c25f76b85bf0d427605c1f0d3b07c81e155c001265cf?s=96&d=mm&r=g\",\"url\":\"https:\\\/\\\/secure.gravatar.com\\\/avatar\\\/6c895f4b9cd59fffe899c25f76b85bf0d427605c1f0d3b07c81e155c001265cf?s=96&d=mm&r=g\",\"contentUrl\":\"https:\\\/\\\/secure.gravatar.com\\\/avatar\\\/6c895f4b9cd59fffe899c25f76b85bf0d427605c1f0d3b07c81e155c001265cf?s=96&d=mm&r=g\",\"caption\":\"gbofficeprnews\"},\"url\":\"https:\\\/\\\/www.article-marketing.eu\\\/comunicatistampa\\\/author\\\/gbofficeprnews\\\/\"}]}<\/script>\n<!-- \/ Yoast SEO plugin. -->","yoast_head_json":{"title":"Conferito a Luigi Ferraris (Gruppo FS) il Premio Guido Carli XIII Edizione","robots":{"index":"index","follow":"follow","max-snippet":"max-snippet:-1","max-image-preview":"max-image-preview:large","max-video-preview":"max-video-preview:-1"},"canonical":"https:\/\/www.article-marketing.eu\/comunicatistampa\/conferito-a-luigi-ferraris-gruppo-fs-il-premio-guido-carli-xiii-edizione\/","og_locale":"it_IT","og_type":"article","og_title":"Conferito a Luigi Ferraris (Gruppo FS) il Premio Guido Carli XIII Edizione","og_description":"Il manager si \u00e8 distinto per l&#8217;impegno nella promozione dell&#8217;immagine dell&#8217;Italia a livello internazionale. A consegnare il riconoscimento a Luigi Ferraris il CEO di Vodafone Italia Aldo Bisio. Luigi Ferraris: &#8220;Fase storica delicata, nostro impegno anche in Europa&#8221; Luigi Ferraris si aggiudica il Premio Guido Carli. Ex Terna, con esperienze in Enel e Poste Italiane, dal 2020 il manager ha preso in mano le redini del Gruppo FS, che oraContinue reading...","og_url":"https:\/\/www.article-marketing.eu\/comunicatistampa\/conferito-a-luigi-ferraris-gruppo-fs-il-premio-guido-carli-xiii-edizione\/","og_site_name":"Article Marketing","article_published_time":"2022-10-14T06:30:52+00:00","og_image":[{"url":"https:\/\/images.teleborsa.it\/t\/stabile\/152721.t.W300.H188.M4.jpg","type":"","width":"","height":""}],"author":"gbofficeprnews","twitter_card":"summary_large_image","twitter_misc":{"Scritto da":"gbofficeprnews","Tempo di lettura stimato":"3 minuti"},"schema":{"@context":"https:\/\/schema.org","@graph":[{"@type":"Article","@id":"https:\/\/www.article-marketing.eu\/comunicatistampa\/conferito-a-luigi-ferraris-gruppo-fs-il-premio-guido-carli-xiii-edizione\/#article","isPartOf":{"@id":"https:\/\/www.article-marketing.eu\/comunicatistampa\/conferito-a-luigi-ferraris-gruppo-fs-il-premio-guido-carli-xiii-edizione\/"},"author":{"name":"gbofficeprnews","@id":"https:\/\/www.article-marketing.eu\/comunicatistampa\/#\/schema\/person\/00c541681af1a376511ed63d59ca096f"},"headline":"Conferito a Luigi Ferraris (Gruppo FS) il Premio Guido Carli XIII Edizione","datePublished":"2022-10-14T06:30:52+00:00","mainEntityOfPage":{"@id":"https:\/\/www.article-marketing.eu\/comunicatistampa\/conferito-a-luigi-ferraris-gruppo-fs-il-premio-guido-carli-xiii-edizione\/"},"wordCount":402,"commentCount":0,"image":{"@id":"https:\/\/www.article-marketing.eu\/comunicatistampa\/conferito-a-luigi-ferraris-gruppo-fs-il-premio-guido-carli-xiii-edizione\/#primaryimage"},"thumbnailUrl":"https:\/\/images.teleborsa.it\/t\/stabile\/152721.t.W300.H188.M4.jpg","keywords":["Gruppo FS","Luigi Ferraris"],"articleSection":["Economia e lavoro"],"inLanguage":"it-IT","potentialAction":[{"@type":"CommentAction","name":"Comment","target":["https:\/\/www.article-marketing.eu\/comunicatistampa\/conferito-a-luigi-ferraris-gruppo-fs-il-premio-guido-carli-xiii-edizione\/#respond"]}]},{"@type":"WebPage","@id":"https:\/\/www.article-marketing.eu\/comunicatistampa\/conferito-a-luigi-ferraris-gruppo-fs-il-premio-guido-carli-xiii-edizione\/","url":"https:\/\/www.article-marketing.eu\/comunicatistampa\/conferito-a-luigi-ferraris-gruppo-fs-il-premio-guido-carli-xiii-edizione\/","name":"Conferito a Luigi Ferraris (Gruppo FS) il Premio Guido Carli XIII Edizione","isPartOf":{"@id":"https:\/\/www.article-marketing.eu\/comunicatistampa\/#website"},"primaryImageOfPage":{"@id":"https:\/\/www.article-marketing.eu\/comunicatistampa\/conferito-a-luigi-ferraris-gruppo-fs-il-premio-guido-carli-xiii-edizione\/#primaryimage"},"image":{"@id":"https:\/\/www.article-marketing.eu\/comunicatistampa\/conferito-a-luigi-ferraris-gruppo-fs-il-premio-guido-carli-xiii-edizione\/#primaryimage"},"thumbnailUrl":"https:\/\/images.teleborsa.it\/t\/stabile\/152721.t.W300.H188.M4.jpg","datePublished":"2022-10-14T06:30:52+00:00","author":{"@id":"https:\/\/www.article-marketing.eu\/comunicatistampa\/#\/schema\/person\/00c541681af1a376511ed63d59ca096f"},"breadcrumb":{"@id":"https:\/\/www.article-marketing.eu\/comunicatistampa\/conferito-a-luigi-ferraris-gruppo-fs-il-premio-guido-carli-xiii-edizione\/#breadcrumb"},"inLanguage":"it-IT","potentialAction":[{"@type":"ReadAction","target":["https:\/\/www.article-marketing.eu\/comunicatistampa\/conferito-a-luigi-ferraris-gruppo-fs-il-premio-guido-carli-xiii-edizione\/"]}]},{"@type":"ImageObject","inLanguage":"it-IT","@id":"https:\/\/www.article-marketing.eu\/comunicatistampa\/conferito-a-luigi-ferraris-gruppo-fs-il-premio-guido-carli-xiii-edizione\/#primaryimage","url":"https:\/\/images.teleborsa.it\/t\/stabile\/152721.t.W300.H188.M4.jpg","contentUrl":"https:\/\/images.teleborsa.it\/t\/stabile\/152721.t.W300.H188.M4.jpg"},{"@type":"BreadcrumbList","@id":"https:\/\/www.article-marketing.eu\/comunicatistampa\/conferito-a-luigi-ferraris-gruppo-fs-il-premio-guido-carli-xiii-edizione\/#breadcrumb","itemListElement":[{"@type":"ListItem","position":1,"name":"Home","item":"https:\/\/www.article-marketing.eu\/comunicatistampa\/"},{"@type":"ListItem","position":2,"name":"Conferito a Luigi Ferraris (Gruppo FS) il Premio Guido Carli XIII Edizione"}]},{"@type":"WebSite","@id":"https:\/\/www.article-marketing.eu\/comunicatistampa\/#website","url":"https:\/\/www.article-marketing.eu\/comunicatistampa\/","name":"Article Marketing","description":"article marketing &amp; press release","potentialAction":[{"@type":"SearchAction","target":{"@type":"EntryPoint","urlTemplate":"https:\/\/www.article-marketing.eu\/comunicatistampa\/?s={search_term_string}"},"query-input":{"@type":"PropertyValueSpecification","valueRequired":true,"valueName":"search_term_string"}}],"inLanguage":"it-IT"},{"@type":"Person","@id":"https:\/\/www.article-marketing.eu\/comunicatistampa\/#\/schema\/person\/00c541681af1a376511ed63d59ca096f","name":"gbofficeprnews","image":{"@type":"ImageObject","inLanguage":"it-IT","@id":"https:\/\/secure.gravatar.com\/avatar\/6c895f4b9cd59fffe899c25f76b85bf0d427605c1f0d3b07c81e155c001265cf?s=96&d=mm&r=g","url":"https:\/\/secure.gravatar.com\/avatar\/6c895f4b9cd59fffe899c25f76b85bf0d427605c1f0d3b07c81e155c001265cf?s=96&d=mm&r=g","contentUrl":"https:\/\/secure.gravatar.com\/avatar\/6c895f4b9cd59fffe899c25f76b85bf0d427605c1f0d3b07c81e155c001265cf?s=96&d=mm&r=g","caption":"gbofficeprnews"},"url":"https:\/\/www.article-marketing.eu\/comunicatistampa\/author\/gbofficeprnews\/"}]}},"_links":{"self":[{"href":"https:\/\/www.article-marketing.eu\/comunicatistampa\/wp-json\/wp\/v2\/posts\/24881","targetHints":{"allow":["GET"]}}],"collection":[{"href":"https:\/\/www.article-marketing.eu\/comunicatistampa\/wp-json\/wp\/v2\/posts"}],"about":[{"href":"https:\/\/www.article-marketing.eu\/comunicatistampa\/wp-json\/wp\/v2\/types\/post"}],"author":[{"embeddable":true,"href":"https:\/\/www.article-marketing.eu\/comunicatistampa\/wp-json\/wp\/v2\/users\/7203"}],"replies":[{"embeddable":true,"href":"https:\/\/www.article-marketing.eu\/comunicatistampa\/wp-json\/wp\/v2\/comments?post=24881"}],"version-history":[{"count":2,"href":"https:\/\/www.article-marketing.eu\/comunicatistampa\/wp-json\/wp\/v2\/posts\/24881\/revisions"}],"predecessor-version":[{"id":25035,"href":"https:\/\/www.article-marketing.eu\/comunicatistampa\/wp-json\/wp\/v2\/posts\/24881\/revisions\/25035"}],"wp:attachment":[{"href":"https:\/\/www.article-marketing.eu\/comunicatistampa\/wp-json\/wp\/v2\/media?parent=24881"}],"wp:term":[{"taxonomy":"category","embeddable":true,"href":"https:\/\/www.article-marketing.eu\/comunicatistampa\/wp-json\/wp\/v2\/categories?post=24881"},{"taxonomy":"post_tag","embeddable":true,"href":"https:\/\/www.article-marketing.eu\/comunicatistampa\/wp-json\/wp\/v2\/tags?post=24881"}],"curies":[{"name":"wp","href":"https:\/\/api.w.org\/{rel}","templated":true}]}}