{"id":24898,"date":"2022-10-05T17:32:34","date_gmt":"2022-10-05T15:32:34","guid":{"rendered":"https:\/\/www.article-marketing.eu\/comunicatistampa\/?p=24898"},"modified":"2022-10-05T17:32:34","modified_gmt":"2022-10-05T15:32:34","slug":"web-2-0-federico-motta-editore-affronta-il-tema-dei-social-network-in-un-recente-saggio","status":"publish","type":"post","link":"https:\/\/www.article-marketing.eu\/comunicatistampa\/web-2-0-federico-motta-editore-affronta-il-tema-dei-social-network-in-un-recente-saggio\/","title":{"rendered":"Web 2.0: Federico Motta Editore affronta il tema dei social network in un recente saggio"},"content":{"rendered":"<p><em><strong>In uno dei suoi recenti articoli online, la Casa Editrice <a title=\"Federico Motta Editore: la storia - Original Contents\" href=\"https:\/\/www.originalcontents.eu\/tag\/federico-motta-editore\/\">Federico Motta Editore<\/a> tratta di Web 2.0 e di social network. Tra i temi affrontati: l&#8217;impatto che hanno i media sulla nostra cultura e la definizione di social network.<\/strong><\/em><\/p>\n<p><img loading=\"lazy\" decoding=\"async\" class=\"alignnone\" src=\"https:\/\/www.originalcontents.eu\/wp-content\/uploads\/2021\/07\/federico-motta-editore.jpg\" alt=\"Federico Motta Editore\" width=\"120\" height=\"296\" \/><\/p>\n<h2>Federico Motta Editore: i media e il loro impatto sulla cultura del XXI secolo<\/h2>\n<p>Quando si parla di social media, ci si riferisce a strumenti che hanno rivoluzionato non solo il web e il modo in cui questo viene utilizzato, ma anche la societ\u00e0 moderna. Sono milioni gli utenti che ogni giorno trascorrono ore della loro giornata sulle piattaforme digitali, sulle quali esprimono le proprie opinioni, diffondono notizie, condividono foto e video. Nel saggio &#8220;I mezzi di comunicazione&#8221;, pubblicato sull&#8217;<em>Et\u00e0 Moderna<\/em> di <strong>Federico Motta Editore<\/strong>, Michela Nacci e Peppino Ortoleva parlano del concetto di media come qualcosa di <em>&#8220;molto complesso e ricco di ambiguit\u00e0&#8221;<\/em>. Il medium viene considerato come pi\u00f9 di un semplice intermediario sociale tra emittente e destinatario. Una volta che entra in una determinata cultura, uno strumento digitale lascia delle tracce, modificando e trasformando la societ\u00e0 in cui si \u00e8 insediato. Cos\u00ec, i media digitali hanno plasmato nel profondo la cultura del XXI secolo.<\/p>\n<h2>Federico Motta Editore: la definizione di &#8220;social network&#8221;<\/h2>\n<p>Ce ne sono per tutti i gusti: da Twitter a Instagram, da LinkedIn a TikTok. I social network vengono utilizzati quotidianamente da persone fisiche e aziende, compresa la Casa Editrice <strong>Federico Motta Editore<\/strong>. Ma sappiamo cosa sono veramente? Come suggerisce la stessa parola, il social network non \u00e8 altro che una rete sociale. Il termine viene utilizzato in sociologia per indicare un gruppo di persone unite da vari legami, che possono essere di natura familiare, lavorativa o altro. Oggi, il termine viene pi\u00f9 frequentemente usato per riferirsi a quei servizi online che permettono di creare reti di relazioni con altri utenti. Uno dei primi siti in assoluto ad offrire servizi analoghi a quelli degli attuali social network fu SixDegrees, nato nel 1997. Attualmente il social network pi\u00f9 conosciuto e utilizzato rimane Facebook, piattaforma che tra l&#8217;altro ha rappresentato per molti la porta d&#8217;ingresso per questo nuovo mondo.<\/p>\n","protected":false},"excerpt":{"rendered":"<p>In uno dei suoi recenti articoli online, la Casa Editrice Federico Motta Editore tratta di Web 2.0 e di social network. Tra i temi affrontati: l&#8217;impatto che hanno i media sulla nostra cultura e la definizione di social network. Federico Motta Editore: i media e il loro impatto sulla cultura del XXI secolo Quando si parla di social media, ci si riferisce a strumenti che hanno rivoluzionato non solo il<\/p>\n<p><a class=\"continue-reading\" href=\"https:\/\/www.article-marketing.eu\/comunicatistampa\/web-2-0-federico-motta-editore-affronta-il-tema-dei-social-network-in-un-recente-saggio\/\">Continue reading&#8230;<\/a><\/p>\n","protected":false},"author":6477,"featured_media":0,"comment_status":"open","ping_status":"open","sticky":false,"template":"","format":"standard","meta":{"_monsterinsights_skip_tracking":false,"_monsterinsights_sitenote_active":false,"_monsterinsights_sitenote_note":"","_monsterinsights_sitenote_category":0,"footnotes":""},"categories":[388],"tags":[9413],"class_list":["post-24898","post","type-post","status-publish","format-standard","hentry","category-aziende","tag-federico-motta-editore"],"yoast_head":"<!-- This site is optimized with the Yoast SEO plugin v27.3 - https:\/\/yoast.com\/product\/yoast-seo-wordpress\/ -->\n<title>Web 2.0: Federico Motta Editore affronta il tema dei social network in un recente saggio<\/title>\n<meta name=\"robots\" content=\"index, follow, max-snippet:-1, max-image-preview:large, max-video-preview:-1\" \/>\n<link rel=\"canonical\" href=\"https:\/\/www.article-marketing.eu\/comunicatistampa\/web-2-0-federico-motta-editore-affronta-il-tema-dei-social-network-in-un-recente-saggio\/\" \/>\n<meta property=\"og:locale\" content=\"it_IT\" \/>\n<meta property=\"og:type\" content=\"article\" \/>\n<meta property=\"og:title\" content=\"Web 2.0: Federico Motta Editore affronta il tema dei social network in un recente saggio\" \/>\n<meta property=\"og:description\" content=\"In uno dei suoi recenti articoli online, la Casa Editrice Federico Motta Editore tratta di Web 2.0 e di social network. Tra i temi affrontati: l&#8217;impatto che hanno i media sulla nostra cultura e la definizione di social network. Federico Motta Editore: i media e il loro impatto sulla cultura del XXI secolo Quando si parla di social media, ci si riferisce a strumenti che hanno rivoluzionato non solo ilContinue reading...\" \/>\n<meta property=\"og:url\" content=\"https:\/\/www.article-marketing.eu\/comunicatistampa\/web-2-0-federico-motta-editore-affronta-il-tema-dei-social-network-in-un-recente-saggio\/\" \/>\n<meta property=\"og:site_name\" content=\"Article Marketing\" \/>\n<meta property=\"article:published_time\" content=\"2022-10-05T15:32:34+00:00\" \/>\n<meta property=\"og:image\" content=\"https:\/\/www.originalcontents.eu\/wp-content\/uploads\/2021\/07\/federico-motta-editore.jpg\" \/>\n<meta name=\"author\" content=\"articolinews\" \/>\n<meta name=\"twitter:card\" content=\"summary_large_image\" \/>\n<meta name=\"twitter:label1\" content=\"Scritto da\" \/>\n\t<meta name=\"twitter:data1\" content=\"articolinews\" \/>\n\t<meta name=\"twitter:label2\" content=\"Tempo di lettura stimato\" \/>\n\t<meta name=\"twitter:data2\" content=\"3 minuti\" \/>\n<script type=\"application\/ld+json\" class=\"yoast-schema-graph\">{\"@context\":\"https:\\\/\\\/schema.org\",\"@graph\":[{\"@type\":\"Article\",\"@id\":\"https:\\\/\\\/www.article-marketing.eu\\\/comunicatistampa\\\/web-2-0-federico-motta-editore-affronta-il-tema-dei-social-network-in-un-recente-saggio\\\/#article\",\"isPartOf\":{\"@id\":\"https:\\\/\\\/www.article-marketing.eu\\\/comunicatistampa\\\/web-2-0-federico-motta-editore-affronta-il-tema-dei-social-network-in-un-recente-saggio\\\/\"},\"author\":{\"name\":\"articolinews\",\"@id\":\"https:\\\/\\\/www.article-marketing.eu\\\/comunicatistampa\\\/#\\\/schema\\\/person\\\/2fcaf8f8f3a9eef9eb7f27532d3ca458\"},\"headline\":\"Web 2.0: Federico Motta Editore affronta il tema dei social network in un recente saggio\",\"datePublished\":\"2022-10-05T15:32:34+00:00\",\"mainEntityOfPage\":{\"@id\":\"https:\\\/\\\/www.article-marketing.eu\\\/comunicatistampa\\\/web-2-0-federico-motta-editore-affronta-il-tema-dei-social-network-in-un-recente-saggio\\\/\"},\"wordCount\":360,\"commentCount\":0,\"image\":{\"@id\":\"https:\\\/\\\/www.article-marketing.eu\\\/comunicatistampa\\\/web-2-0-federico-motta-editore-affronta-il-tema-dei-social-network-in-un-recente-saggio\\\/#primaryimage\"},\"thumbnailUrl\":\"https:\\\/\\\/www.originalcontents.eu\\\/wp-content\\\/uploads\\\/2021\\\/07\\\/federico-motta-editore.jpg\",\"keywords\":[\"Federico Motta Editore\"],\"articleSection\":[\"Aziende\"],\"inLanguage\":\"it-IT\",\"potentialAction\":[{\"@type\":\"CommentAction\",\"name\":\"Comment\",\"target\":[\"https:\\\/\\\/www.article-marketing.eu\\\/comunicatistampa\\\/web-2-0-federico-motta-editore-affronta-il-tema-dei-social-network-in-un-recente-saggio\\\/#respond\"]}]},{\"@type\":\"WebPage\",\"@id\":\"https:\\\/\\\/www.article-marketing.eu\\\/comunicatistampa\\\/web-2-0-federico-motta-editore-affronta-il-tema-dei-social-network-in-un-recente-saggio\\\/\",\"url\":\"https:\\\/\\\/www.article-marketing.eu\\\/comunicatistampa\\\/web-2-0-federico-motta-editore-affronta-il-tema-dei-social-network-in-un-recente-saggio\\\/\",\"name\":\"Web 2.0: Federico Motta Editore affronta il tema dei social network in un recente saggio\",\"isPartOf\":{\"@id\":\"https:\\\/\\\/www.article-marketing.eu\\\/comunicatistampa\\\/#website\"},\"primaryImageOfPage\":{\"@id\":\"https:\\\/\\\/www.article-marketing.eu\\\/comunicatistampa\\\/web-2-0-federico-motta-editore-affronta-il-tema-dei-social-network-in-un-recente-saggio\\\/#primaryimage\"},\"image\":{\"@id\":\"https:\\\/\\\/www.article-marketing.eu\\\/comunicatistampa\\\/web-2-0-federico-motta-editore-affronta-il-tema-dei-social-network-in-un-recente-saggio\\\/#primaryimage\"},\"thumbnailUrl\":\"https:\\\/\\\/www.originalcontents.eu\\\/wp-content\\\/uploads\\\/2021\\\/07\\\/federico-motta-editore.jpg\",\"datePublished\":\"2022-10-05T15:32:34+00:00\",\"author\":{\"@id\":\"https:\\\/\\\/www.article-marketing.eu\\\/comunicatistampa\\\/#\\\/schema\\\/person\\\/2fcaf8f8f3a9eef9eb7f27532d3ca458\"},\"breadcrumb\":{\"@id\":\"https:\\\/\\\/www.article-marketing.eu\\\/comunicatistampa\\\/web-2-0-federico-motta-editore-affronta-il-tema-dei-social-network-in-un-recente-saggio\\\/#breadcrumb\"},\"inLanguage\":\"it-IT\",\"potentialAction\":[{\"@type\":\"ReadAction\",\"target\":[\"https:\\\/\\\/www.article-marketing.eu\\\/comunicatistampa\\\/web-2-0-federico-motta-editore-affronta-il-tema-dei-social-network-in-un-recente-saggio\\\/\"]}]},{\"@type\":\"ImageObject\",\"inLanguage\":\"it-IT\",\"@id\":\"https:\\\/\\\/www.article-marketing.eu\\\/comunicatistampa\\\/web-2-0-federico-motta-editore-affronta-il-tema-dei-social-network-in-un-recente-saggio\\\/#primaryimage\",\"url\":\"https:\\\/\\\/www.originalcontents.eu\\\/wp-content\\\/uploads\\\/2021\\\/07\\\/federico-motta-editore.jpg\",\"contentUrl\":\"https:\\\/\\\/www.originalcontents.eu\\\/wp-content\\\/uploads\\\/2021\\\/07\\\/federico-motta-editore.jpg\"},{\"@type\":\"BreadcrumbList\",\"@id\":\"https:\\\/\\\/www.article-marketing.eu\\\/comunicatistampa\\\/web-2-0-federico-motta-editore-affronta-il-tema-dei-social-network-in-un-recente-saggio\\\/#breadcrumb\",\"itemListElement\":[{\"@type\":\"ListItem\",\"position\":1,\"name\":\"Home\",\"item\":\"https:\\\/\\\/www.article-marketing.eu\\\/comunicatistampa\\\/\"},{\"@type\":\"ListItem\",\"position\":2,\"name\":\"Web 2.0: Federico Motta Editore affronta il tema dei social network in un recente saggio\"}]},{\"@type\":\"WebSite\",\"@id\":\"https:\\\/\\\/www.article-marketing.eu\\\/comunicatistampa\\\/#website\",\"url\":\"https:\\\/\\\/www.article-marketing.eu\\\/comunicatistampa\\\/\",\"name\":\"Article Marketing\",\"description\":\"article marketing &amp; press release\",\"potentialAction\":[{\"@type\":\"SearchAction\",\"target\":{\"@type\":\"EntryPoint\",\"urlTemplate\":\"https:\\\/\\\/www.article-marketing.eu\\\/comunicatistampa\\\/?s={search_term_string}\"},\"query-input\":{\"@type\":\"PropertyValueSpecification\",\"valueRequired\":true,\"valueName\":\"search_term_string\"}}],\"inLanguage\":\"it-IT\"},{\"@type\":\"Person\",\"@id\":\"https:\\\/\\\/www.article-marketing.eu\\\/comunicatistampa\\\/#\\\/schema\\\/person\\\/2fcaf8f8f3a9eef9eb7f27532d3ca458\",\"name\":\"articolinews\",\"image\":{\"@type\":\"ImageObject\",\"inLanguage\":\"it-IT\",\"@id\":\"https:\\\/\\\/secure.gravatar.com\\\/avatar\\\/9e2a264bab04e17dea24d937c9956304649a848cb73c46747a692ff1bdeb1cb7?s=96&d=mm&r=g\",\"url\":\"https:\\\/\\\/secure.gravatar.com\\\/avatar\\\/9e2a264bab04e17dea24d937c9956304649a848cb73c46747a692ff1bdeb1cb7?s=96&d=mm&r=g\",\"contentUrl\":\"https:\\\/\\\/secure.gravatar.com\\\/avatar\\\/9e2a264bab04e17dea24d937c9956304649a848cb73c46747a692ff1bdeb1cb7?s=96&d=mm&r=g\",\"caption\":\"articolinews\"},\"url\":\"https:\\\/\\\/www.article-marketing.eu\\\/comunicatistampa\\\/author\\\/articolinews\\\/\"}]}<\/script>\n<!-- \/ Yoast SEO plugin. -->","yoast_head_json":{"title":"Web 2.0: Federico Motta Editore affronta il tema dei social network in un recente saggio","robots":{"index":"index","follow":"follow","max-snippet":"max-snippet:-1","max-image-preview":"max-image-preview:large","max-video-preview":"max-video-preview:-1"},"canonical":"https:\/\/www.article-marketing.eu\/comunicatistampa\/web-2-0-federico-motta-editore-affronta-il-tema-dei-social-network-in-un-recente-saggio\/","og_locale":"it_IT","og_type":"article","og_title":"Web 2.0: Federico Motta Editore affronta il tema dei social network in un recente saggio","og_description":"In uno dei suoi recenti articoli online, la Casa Editrice Federico Motta Editore tratta di Web 2.0 e di social network. Tra i temi affrontati: l&#8217;impatto che hanno i media sulla nostra cultura e la definizione di social network. Federico Motta Editore: i media e il loro impatto sulla cultura del XXI secolo Quando si parla di social media, ci si riferisce a strumenti che hanno rivoluzionato non solo ilContinue reading...","og_url":"https:\/\/www.article-marketing.eu\/comunicatistampa\/web-2-0-federico-motta-editore-affronta-il-tema-dei-social-network-in-un-recente-saggio\/","og_site_name":"Article Marketing","article_published_time":"2022-10-05T15:32:34+00:00","og_image":[{"url":"https:\/\/www.originalcontents.eu\/wp-content\/uploads\/2021\/07\/federico-motta-editore.jpg","type":"","width":"","height":""}],"author":"articolinews","twitter_card":"summary_large_image","twitter_misc":{"Scritto da":"articolinews","Tempo di lettura stimato":"3 minuti"},"schema":{"@context":"https:\/\/schema.org","@graph":[{"@type":"Article","@id":"https:\/\/www.article-marketing.eu\/comunicatistampa\/web-2-0-federico-motta-editore-affronta-il-tema-dei-social-network-in-un-recente-saggio\/#article","isPartOf":{"@id":"https:\/\/www.article-marketing.eu\/comunicatistampa\/web-2-0-federico-motta-editore-affronta-il-tema-dei-social-network-in-un-recente-saggio\/"},"author":{"name":"articolinews","@id":"https:\/\/www.article-marketing.eu\/comunicatistampa\/#\/schema\/person\/2fcaf8f8f3a9eef9eb7f27532d3ca458"},"headline":"Web 2.0: Federico Motta Editore affronta il tema dei social network in un recente saggio","datePublished":"2022-10-05T15:32:34+00:00","mainEntityOfPage":{"@id":"https:\/\/www.article-marketing.eu\/comunicatistampa\/web-2-0-federico-motta-editore-affronta-il-tema-dei-social-network-in-un-recente-saggio\/"},"wordCount":360,"commentCount":0,"image":{"@id":"https:\/\/www.article-marketing.eu\/comunicatistampa\/web-2-0-federico-motta-editore-affronta-il-tema-dei-social-network-in-un-recente-saggio\/#primaryimage"},"thumbnailUrl":"https:\/\/www.originalcontents.eu\/wp-content\/uploads\/2021\/07\/federico-motta-editore.jpg","keywords":["Federico Motta Editore"],"articleSection":["Aziende"],"inLanguage":"it-IT","potentialAction":[{"@type":"CommentAction","name":"Comment","target":["https:\/\/www.article-marketing.eu\/comunicatistampa\/web-2-0-federico-motta-editore-affronta-il-tema-dei-social-network-in-un-recente-saggio\/#respond"]}]},{"@type":"WebPage","@id":"https:\/\/www.article-marketing.eu\/comunicatistampa\/web-2-0-federico-motta-editore-affronta-il-tema-dei-social-network-in-un-recente-saggio\/","url":"https:\/\/www.article-marketing.eu\/comunicatistampa\/web-2-0-federico-motta-editore-affronta-il-tema-dei-social-network-in-un-recente-saggio\/","name":"Web 2.0: Federico Motta Editore affronta il tema dei social network in un recente saggio","isPartOf":{"@id":"https:\/\/www.article-marketing.eu\/comunicatistampa\/#website"},"primaryImageOfPage":{"@id":"https:\/\/www.article-marketing.eu\/comunicatistampa\/web-2-0-federico-motta-editore-affronta-il-tema-dei-social-network-in-un-recente-saggio\/#primaryimage"},"image":{"@id":"https:\/\/www.article-marketing.eu\/comunicatistampa\/web-2-0-federico-motta-editore-affronta-il-tema-dei-social-network-in-un-recente-saggio\/#primaryimage"},"thumbnailUrl":"https:\/\/www.originalcontents.eu\/wp-content\/uploads\/2021\/07\/federico-motta-editore.jpg","datePublished":"2022-10-05T15:32:34+00:00","author":{"@id":"https:\/\/www.article-marketing.eu\/comunicatistampa\/#\/schema\/person\/2fcaf8f8f3a9eef9eb7f27532d3ca458"},"breadcrumb":{"@id":"https:\/\/www.article-marketing.eu\/comunicatistampa\/web-2-0-federico-motta-editore-affronta-il-tema-dei-social-network-in-un-recente-saggio\/#breadcrumb"},"inLanguage":"it-IT","potentialAction":[{"@type":"ReadAction","target":["https:\/\/www.article-marketing.eu\/comunicatistampa\/web-2-0-federico-motta-editore-affronta-il-tema-dei-social-network-in-un-recente-saggio\/"]}]},{"@type":"ImageObject","inLanguage":"it-IT","@id":"https:\/\/www.article-marketing.eu\/comunicatistampa\/web-2-0-federico-motta-editore-affronta-il-tema-dei-social-network-in-un-recente-saggio\/#primaryimage","url":"https:\/\/www.originalcontents.eu\/wp-content\/uploads\/2021\/07\/federico-motta-editore.jpg","contentUrl":"https:\/\/www.originalcontents.eu\/wp-content\/uploads\/2021\/07\/federico-motta-editore.jpg"},{"@type":"BreadcrumbList","@id":"https:\/\/www.article-marketing.eu\/comunicatistampa\/web-2-0-federico-motta-editore-affronta-il-tema-dei-social-network-in-un-recente-saggio\/#breadcrumb","itemListElement":[{"@type":"ListItem","position":1,"name":"Home","item":"https:\/\/www.article-marketing.eu\/comunicatistampa\/"},{"@type":"ListItem","position":2,"name":"Web 2.0: Federico Motta Editore affronta il tema dei social network in un recente saggio"}]},{"@type":"WebSite","@id":"https:\/\/www.article-marketing.eu\/comunicatistampa\/#website","url":"https:\/\/www.article-marketing.eu\/comunicatistampa\/","name":"Article Marketing","description":"article marketing &amp; press release","potentialAction":[{"@type":"SearchAction","target":{"@type":"EntryPoint","urlTemplate":"https:\/\/www.article-marketing.eu\/comunicatistampa\/?s={search_term_string}"},"query-input":{"@type":"PropertyValueSpecification","valueRequired":true,"valueName":"search_term_string"}}],"inLanguage":"it-IT"},{"@type":"Person","@id":"https:\/\/www.article-marketing.eu\/comunicatistampa\/#\/schema\/person\/2fcaf8f8f3a9eef9eb7f27532d3ca458","name":"articolinews","image":{"@type":"ImageObject","inLanguage":"it-IT","@id":"https:\/\/secure.gravatar.com\/avatar\/9e2a264bab04e17dea24d937c9956304649a848cb73c46747a692ff1bdeb1cb7?s=96&d=mm&r=g","url":"https:\/\/secure.gravatar.com\/avatar\/9e2a264bab04e17dea24d937c9956304649a848cb73c46747a692ff1bdeb1cb7?s=96&d=mm&r=g","contentUrl":"https:\/\/secure.gravatar.com\/avatar\/9e2a264bab04e17dea24d937c9956304649a848cb73c46747a692ff1bdeb1cb7?s=96&d=mm&r=g","caption":"articolinews"},"url":"https:\/\/www.article-marketing.eu\/comunicatistampa\/author\/articolinews\/"}]}},"_links":{"self":[{"href":"https:\/\/www.article-marketing.eu\/comunicatistampa\/wp-json\/wp\/v2\/posts\/24898","targetHints":{"allow":["GET"]}}],"collection":[{"href":"https:\/\/www.article-marketing.eu\/comunicatistampa\/wp-json\/wp\/v2\/posts"}],"about":[{"href":"https:\/\/www.article-marketing.eu\/comunicatistampa\/wp-json\/wp\/v2\/types\/post"}],"author":[{"embeddable":true,"href":"https:\/\/www.article-marketing.eu\/comunicatistampa\/wp-json\/wp\/v2\/users\/6477"}],"replies":[{"embeddable":true,"href":"https:\/\/www.article-marketing.eu\/comunicatistampa\/wp-json\/wp\/v2\/comments?post=24898"}],"version-history":[{"count":2,"href":"https:\/\/www.article-marketing.eu\/comunicatistampa\/wp-json\/wp\/v2\/posts\/24898\/revisions"}],"predecessor-version":[{"id":24948,"href":"https:\/\/www.article-marketing.eu\/comunicatistampa\/wp-json\/wp\/v2\/posts\/24898\/revisions\/24948"}],"wp:attachment":[{"href":"https:\/\/www.article-marketing.eu\/comunicatistampa\/wp-json\/wp\/v2\/media?parent=24898"}],"wp:term":[{"taxonomy":"category","embeddable":true,"href":"https:\/\/www.article-marketing.eu\/comunicatistampa\/wp-json\/wp\/v2\/categories?post=24898"},{"taxonomy":"post_tag","embeddable":true,"href":"https:\/\/www.article-marketing.eu\/comunicatistampa\/wp-json\/wp\/v2\/tags?post=24898"}],"curies":[{"name":"wp","href":"https:\/\/api.w.org\/{rel}","templated":true}]}}