{"id":24900,"date":"2022-10-05T17:25:48","date_gmt":"2022-10-05T15:25:48","guid":{"rendered":"https:\/\/www.article-marketing.eu\/comunicatistampa\/?p=24900"},"modified":"2022-10-05T17:25:48","modified_gmt":"2022-10-05T15:25:48","slug":"dora-tortora-e-il-direttore-artistico-della-scuola-di-musica-a-tutta-musica","status":"publish","type":"post","link":"https:\/\/www.article-marketing.eu\/comunicatistampa\/dora-tortora-e-il-direttore-artistico-della-scuola-di-musica-a-tutta-musica\/","title":{"rendered":"Dora Tortora \u00e8 il direttore artistico della scuola di musica \u201cA tutta Musica!\u201d"},"content":{"rendered":"<p><em>La scuola di musica torinese ha ufficializzato il nome del suo direttore artistico per l\u2019anno accademico 2022\/2023. <\/em><\/p>\n<p>&nbsp;<\/p>\n<p>Viene dal<strong> jazz<\/strong> e ha una profonda conoscenza <strong>artistica<\/strong> e <strong>didattica<\/strong> la persona scelta per guidare la <strong>scuola di musica<\/strong> \u201c<strong>A Tutta Musica!<\/strong>\u201d di <strong>Torino<\/strong>. <strong>Dora Tortora<\/strong>, artista di rilievo del panorama jazzistico nazionale e docente, guider\u00e0 il gruppo di docenti e svilupper\u00e0 le nuove proposte didattiche della scuola musicale torinese.<\/p>\n<p>Un segno concreto della volont\u00e0 della scuola di ripartire puntando sulla qualit\u00e0 e l\u2019esperienza a seguito delle vicissitudini sanitarie degli ultimi anni, che hanno portato ad una forte virtualizzazione dell\u2019<strong>offerta formativa<\/strong>.<\/p>\n<p>&nbsp;<\/p>\n<p>L\u2019arrivo di Dora Tortora porter\u00e0 ad un rinnovo evolutivo dell\u2019offerta didattica della scuola e dar\u00e0 agli allievi la possibilit\u00e0 di entrare in contatto concretamente con il mondo della<strong> musica<\/strong> a pi\u00f9 livelli. Dalle attivit\u00e0 propedeutiche per i <strong>bambini<\/strong>, fino a quelle pi\u00f9 professionali per gli <strong>adulti<\/strong>. Nuovi <strong>corsi<\/strong>, <strong>workshop<\/strong> e <strong>masterclass <\/strong>porteranno gli allievi e le band a contatto con molti aspetti pratici e professionisti del mercato musicale.<\/p>\n<p>&nbsp;<\/p>\n<p>Di seguito il profilo di Dora Tortora e della scuola di musica \u201cA Tutta Musica!\u201d:<\/p>\n<p>&nbsp;<\/p>\n<p><strong>Dora Tortora<\/strong> \u00e8 una cantante jazz, pianista, arrangiatrice e docente italiana. Da sempre affascinata dalla musica, si \u00e8 diplomata con il massimo dei voti al Conservatorio \u201cG. F. Ghedini\u201d di Cuneo e ha sviluppato e ampliato le sue competenze musicali e artistiche partecipando a corsi, workshop, convegni e masterclass.<\/p>\n<p>La sua voce calda &#8211; <em>impreziosita da un vibrato naturale<\/em> &#8211; le conferisce uno <em>charme<\/em> canoro al quale \u00e8 difficile sottrarsi. Ha partecipato, in qualit\u00e0 di voce solista, a progetti musicali e ha dato vita a importanti collaborazioni artistiche. Dora alterna la sua attivit\u00e0 artistica con quella di docente, condividendo le sue esperienze con bambini, ragazzi e adulti. Per ottimizzare l\u2019esperienza formativa dei suoi allievi ha scelto di utilizzare le tecniche per l\u2019apprendimento musicale teorizzate da <strong>Edwin Gordon<\/strong>. Vive e lavora a Torino<\/p>\n<p>&nbsp;<\/p>\n<p>\u201c<strong>A Tutta Musica!<\/strong>\u201d (rigorosamente con il punto esclamativo), \u00e8 una scuola di musica di Torino, con sede in zona \u201c<strong>Vanchiglietta<\/strong>\u201d. Fondata nel 2011 \u00e8 diventata un riferimento cittadino nell\u2019ambito dello studio delle tecniche di canto e strumentali a tutti i livelli. Il metodo didattico si basa sulle tecniche per l\u2019apprendimento musicale teorizzate da Edwin Gordon. Queste tecniche si adattano alle potenzialit\u00e0 di base di bambini, ragazzi e adulti semplificando con un approccio pratico l\u2019apprendimento della musica.<\/p>\n<p>Oltre a quella legata alla tecnica vocale, l\u2019offerta didattica prevede un ricco elenco di strumenti musicali che possono essere studiati individualmente o in gruppo. Tra questi: pianoforte e tastiere, chitarra (classica e elettrica), violino, arpa, basso elettrico, batteria, flauto dolce, ukulele e molti altri.<\/p>\n<p>&nbsp;<\/p>\n<p>Per maggiori informazioni <a href=\"http:\/\/www.atuttamusicatorino.it\">www.atuttamusicatorino.it<\/a><\/p>\n","protected":false},"excerpt":{"rendered":"<p>La scuola di musica torinese ha ufficializzato il nome del suo direttore artistico per l\u2019anno accademico 2022\/2023. &nbsp; Viene dal jazz e ha una profonda conoscenza artistica e didattica la persona scelta per guidare la scuola di musica \u201cA Tutta Musica!\u201d di Torino. Dora Tortora, artista di rilievo del panorama jazzistico nazionale e docente, guider\u00e0 il gruppo di docenti e svilupper\u00e0 le nuove proposte didattiche della scuola musicale torinese. Un<\/p>\n<p><a class=\"continue-reading\" href=\"https:\/\/www.article-marketing.eu\/comunicatistampa\/dora-tortora-e-il-direttore-artistico-della-scuola-di-musica-a-tutta-musica\/\">Continue reading&#8230;<\/a><\/p>\n","protected":false},"author":966,"featured_media":0,"comment_status":"open","ping_status":"open","sticky":false,"template":"","format":"standard","meta":{"_monsterinsights_skip_tracking":false,"_monsterinsights_sitenote_active":false,"_monsterinsights_sitenote_note":"","_monsterinsights_sitenote_category":0,"footnotes":""},"categories":[407,387,78,379,386,352,378,411,367,368,390,394,414],"tags":[10073,10075,10072,10077,10071,1515,10076,10074,10078,10079,48,10081],"class_list":["post-24900","post","type-post","status-publish","format-standard","hentry","category-arte-e-cultura","category-attivita-commerciali","category-comunicati-stampa","category-corsi","category-economia-e-lavoro","category-hobbies","category-istruzione","category-musica","category-news-e-attualita","category-persone","category-professionisti","category-servizi","category-teatro","tag-a-tutta-musica","tag-arrangiatrice","tag-cantante","tag-direttore-artistico","tag-dora-tortora","tag-jazz","tag-maestra","tag-pianoforte","tag-scuola-di-musica","tag-scuola-musicale","tag-torino","tag-vanchiglietta"],"yoast_head":"<!-- This site is optimized with the Yoast SEO plugin v27.3 - https:\/\/yoast.com\/product\/yoast-seo-wordpress\/ -->\n<title>Dora Tortora \u00e8 il direttore artistico della scuola di musica \u201cA tutta Musica!\u201d<\/title>\n<meta name=\"description\" content=\"Dora Tortora \u00e8 il direttore artistico della scuola di musica torinese (zona vanchiglietta) \u201cA tutta Musica!\u201d\" \/>\n<meta name=\"robots\" content=\"index, follow, max-snippet:-1, max-image-preview:large, max-video-preview:-1\" \/>\n<link rel=\"canonical\" href=\"https:\/\/www.article-marketing.eu\/comunicatistampa\/dora-tortora-e-il-direttore-artistico-della-scuola-di-musica-a-tutta-musica\/\" \/>\n<meta property=\"og:locale\" content=\"it_IT\" \/>\n<meta property=\"og:type\" content=\"article\" \/>\n<meta property=\"og:title\" content=\"Dora Tortora \u00e8 il direttore artistico della scuola di musica \u201cA tutta Musica!\u201d\" \/>\n<meta property=\"og:description\" content=\"Dora Tortora \u00e8 il direttore artistico della scuola di musica torinese (zona vanchiglietta) \u201cA tutta Musica!\u201d\" \/>\n<meta property=\"og:url\" content=\"https:\/\/www.article-marketing.eu\/comunicatistampa\/dora-tortora-e-il-direttore-artistico-della-scuola-di-musica-a-tutta-musica\/\" \/>\n<meta property=\"og:site_name\" content=\"Article Marketing\" \/>\n<meta property=\"article:published_time\" content=\"2022-10-05T15:25:48+00:00\" \/>\n<meta name=\"author\" content=\"cosmosmedia\" \/>\n<meta name=\"twitter:card\" content=\"summary_large_image\" \/>\n<meta name=\"twitter:label1\" content=\"Scritto da\" \/>\n\t<meta name=\"twitter:data1\" content=\"cosmosmedia\" \/>\n\t<meta name=\"twitter:label2\" content=\"Tempo di lettura stimato\" \/>\n\t<meta name=\"twitter:data2\" content=\"3 minuti\" \/>\n<script type=\"application\/ld+json\" class=\"yoast-schema-graph\">{\"@context\":\"https:\\\/\\\/schema.org\",\"@graph\":[{\"@type\":\"Article\",\"@id\":\"https:\\\/\\\/www.article-marketing.eu\\\/comunicatistampa\\\/dora-tortora-e-il-direttore-artistico-della-scuola-di-musica-a-tutta-musica\\\/#article\",\"isPartOf\":{\"@id\":\"https:\\\/\\\/www.article-marketing.eu\\\/comunicatistampa\\\/dora-tortora-e-il-direttore-artistico-della-scuola-di-musica-a-tutta-musica\\\/\"},\"author\":{\"name\":\"cosmosmedia\",\"@id\":\"https:\\\/\\\/www.article-marketing.eu\\\/comunicatistampa\\\/#\\\/schema\\\/person\\\/0097d43b57e97ad86cc1ef1ade5ab3b9\"},\"headline\":\"Dora Tortora \u00e8 il direttore artistico della scuola di musica \u201cA tutta Musica!\u201d\",\"datePublished\":\"2022-10-05T15:25:48+00:00\",\"mainEntityOfPage\":{\"@id\":\"https:\\\/\\\/www.article-marketing.eu\\\/comunicatistampa\\\/dora-tortora-e-il-direttore-artistico-della-scuola-di-musica-a-tutta-musica\\\/\"},\"wordCount\":462,\"commentCount\":0,\"keywords\":[\"a tutta musica\",\"arrangiatrice\",\"cantante\",\"direttore artistico\",\"dora tortora\",\"jazz\",\"maestra\",\"pianoforte\",\"scuola di musica\",\"scuola musicale\",\"torino\",\"vanchiglietta\"],\"articleSection\":[\"Arte e cultura\",\"Attivit\u00e0 commerciali\",\"Comunicati stampa\",\"Corsi\",\"Economia e lavoro\",\"Hobbies\",\"Istruzione\",\"Musica\",\"News e Attualit\u00e0\",\"Persone\",\"Professionisti\",\"Servizi\",\"Teatro\"],\"inLanguage\":\"it-IT\",\"potentialAction\":[{\"@type\":\"CommentAction\",\"name\":\"Comment\",\"target\":[\"https:\\\/\\\/www.article-marketing.eu\\\/comunicatistampa\\\/dora-tortora-e-il-direttore-artistico-della-scuola-di-musica-a-tutta-musica\\\/#respond\"]}]},{\"@type\":\"WebPage\",\"@id\":\"https:\\\/\\\/www.article-marketing.eu\\\/comunicatistampa\\\/dora-tortora-e-il-direttore-artistico-della-scuola-di-musica-a-tutta-musica\\\/\",\"url\":\"https:\\\/\\\/www.article-marketing.eu\\\/comunicatistampa\\\/dora-tortora-e-il-direttore-artistico-della-scuola-di-musica-a-tutta-musica\\\/\",\"name\":\"Dora Tortora \u00e8 il direttore artistico della scuola di musica \u201cA tutta Musica!\u201d\",\"isPartOf\":{\"@id\":\"https:\\\/\\\/www.article-marketing.eu\\\/comunicatistampa\\\/#website\"},\"datePublished\":\"2022-10-05T15:25:48+00:00\",\"author\":{\"@id\":\"https:\\\/\\\/www.article-marketing.eu\\\/comunicatistampa\\\/#\\\/schema\\\/person\\\/0097d43b57e97ad86cc1ef1ade5ab3b9\"},\"description\":\"Dora Tortora \u00e8 il direttore artistico della scuola di musica torinese (zona vanchiglietta) \u201cA tutta Musica!\u201d\",\"breadcrumb\":{\"@id\":\"https:\\\/\\\/www.article-marketing.eu\\\/comunicatistampa\\\/dora-tortora-e-il-direttore-artistico-della-scuola-di-musica-a-tutta-musica\\\/#breadcrumb\"},\"inLanguage\":\"it-IT\",\"potentialAction\":[{\"@type\":\"ReadAction\",\"target\":[\"https:\\\/\\\/www.article-marketing.eu\\\/comunicatistampa\\\/dora-tortora-e-il-direttore-artistico-della-scuola-di-musica-a-tutta-musica\\\/\"]}]},{\"@type\":\"BreadcrumbList\",\"@id\":\"https:\\\/\\\/www.article-marketing.eu\\\/comunicatistampa\\\/dora-tortora-e-il-direttore-artistico-della-scuola-di-musica-a-tutta-musica\\\/#breadcrumb\",\"itemListElement\":[{\"@type\":\"ListItem\",\"position\":1,\"name\":\"Home\",\"item\":\"https:\\\/\\\/www.article-marketing.eu\\\/comunicatistampa\\\/\"},{\"@type\":\"ListItem\",\"position\":2,\"name\":\"Dora Tortora \u00e8 il direttore artistico della scuola di musica \u201cA tutta Musica!\u201d\"}]},{\"@type\":\"WebSite\",\"@id\":\"https:\\\/\\\/www.article-marketing.eu\\\/comunicatistampa\\\/#website\",\"url\":\"https:\\\/\\\/www.article-marketing.eu\\\/comunicatistampa\\\/\",\"name\":\"Article Marketing\",\"description\":\"article marketing &amp; press release\",\"potentialAction\":[{\"@type\":\"SearchAction\",\"target\":{\"@type\":\"EntryPoint\",\"urlTemplate\":\"https:\\\/\\\/www.article-marketing.eu\\\/comunicatistampa\\\/?s={search_term_string}\"},\"query-input\":{\"@type\":\"PropertyValueSpecification\",\"valueRequired\":true,\"valueName\":\"search_term_string\"}}],\"inLanguage\":\"it-IT\"},{\"@type\":\"Person\",\"@id\":\"https:\\\/\\\/www.article-marketing.eu\\\/comunicatistampa\\\/#\\\/schema\\\/person\\\/0097d43b57e97ad86cc1ef1ade5ab3b9\",\"name\":\"cosmosmedia\",\"image\":{\"@type\":\"ImageObject\",\"inLanguage\":\"it-IT\",\"@id\":\"https:\\\/\\\/secure.gravatar.com\\\/avatar\\\/dab897c95700f34c5341a7f7dafb77fb04c9ebdda4b4b86decbbe6731e56a3cc?s=96&d=mm&r=g\",\"url\":\"https:\\\/\\\/secure.gravatar.com\\\/avatar\\\/dab897c95700f34c5341a7f7dafb77fb04c9ebdda4b4b86decbbe6731e56a3cc?s=96&d=mm&r=g\",\"contentUrl\":\"https:\\\/\\\/secure.gravatar.com\\\/avatar\\\/dab897c95700f34c5341a7f7dafb77fb04c9ebdda4b4b86decbbe6731e56a3cc?s=96&d=mm&r=g\",\"caption\":\"cosmosmedia\"},\"url\":\"https:\\\/\\\/www.article-marketing.eu\\\/comunicatistampa\\\/author\\\/cosmosmedia\\\/\"}]}<\/script>\n<!-- \/ Yoast SEO plugin. -->","yoast_head_json":{"title":"Dora Tortora \u00e8 il direttore artistico della scuola di musica \u201cA tutta Musica!\u201d","description":"Dora Tortora \u00e8 il direttore artistico della scuola di musica torinese (zona vanchiglietta) \u201cA tutta Musica!\u201d","robots":{"index":"index","follow":"follow","max-snippet":"max-snippet:-1","max-image-preview":"max-image-preview:large","max-video-preview":"max-video-preview:-1"},"canonical":"https:\/\/www.article-marketing.eu\/comunicatistampa\/dora-tortora-e-il-direttore-artistico-della-scuola-di-musica-a-tutta-musica\/","og_locale":"it_IT","og_type":"article","og_title":"Dora Tortora \u00e8 il direttore artistico della scuola di musica \u201cA tutta Musica!\u201d","og_description":"Dora Tortora \u00e8 il direttore artistico della scuola di musica torinese (zona vanchiglietta) \u201cA tutta Musica!\u201d","og_url":"https:\/\/www.article-marketing.eu\/comunicatistampa\/dora-tortora-e-il-direttore-artistico-della-scuola-di-musica-a-tutta-musica\/","og_site_name":"Article Marketing","article_published_time":"2022-10-05T15:25:48+00:00","author":"cosmosmedia","twitter_card":"summary_large_image","twitter_misc":{"Scritto da":"cosmosmedia","Tempo di lettura stimato":"3 minuti"},"schema":{"@context":"https:\/\/schema.org","@graph":[{"@type":"Article","@id":"https:\/\/www.article-marketing.eu\/comunicatistampa\/dora-tortora-e-il-direttore-artistico-della-scuola-di-musica-a-tutta-musica\/#article","isPartOf":{"@id":"https:\/\/www.article-marketing.eu\/comunicatistampa\/dora-tortora-e-il-direttore-artistico-della-scuola-di-musica-a-tutta-musica\/"},"author":{"name":"cosmosmedia","@id":"https:\/\/www.article-marketing.eu\/comunicatistampa\/#\/schema\/person\/0097d43b57e97ad86cc1ef1ade5ab3b9"},"headline":"Dora Tortora \u00e8 il direttore artistico della scuola di musica \u201cA tutta Musica!\u201d","datePublished":"2022-10-05T15:25:48+00:00","mainEntityOfPage":{"@id":"https:\/\/www.article-marketing.eu\/comunicatistampa\/dora-tortora-e-il-direttore-artistico-della-scuola-di-musica-a-tutta-musica\/"},"wordCount":462,"commentCount":0,"keywords":["a tutta musica","arrangiatrice","cantante","direttore artistico","dora tortora","jazz","maestra","pianoforte","scuola di musica","scuola musicale","torino","vanchiglietta"],"articleSection":["Arte e cultura","Attivit\u00e0 commerciali","Comunicati stampa","Corsi","Economia e lavoro","Hobbies","Istruzione","Musica","News e Attualit\u00e0","Persone","Professionisti","Servizi","Teatro"],"inLanguage":"it-IT","potentialAction":[{"@type":"CommentAction","name":"Comment","target":["https:\/\/www.article-marketing.eu\/comunicatistampa\/dora-tortora-e-il-direttore-artistico-della-scuola-di-musica-a-tutta-musica\/#respond"]}]},{"@type":"WebPage","@id":"https:\/\/www.article-marketing.eu\/comunicatistampa\/dora-tortora-e-il-direttore-artistico-della-scuola-di-musica-a-tutta-musica\/","url":"https:\/\/www.article-marketing.eu\/comunicatistampa\/dora-tortora-e-il-direttore-artistico-della-scuola-di-musica-a-tutta-musica\/","name":"Dora Tortora \u00e8 il direttore artistico della scuola di musica \u201cA tutta Musica!\u201d","isPartOf":{"@id":"https:\/\/www.article-marketing.eu\/comunicatistampa\/#website"},"datePublished":"2022-10-05T15:25:48+00:00","author":{"@id":"https:\/\/www.article-marketing.eu\/comunicatistampa\/#\/schema\/person\/0097d43b57e97ad86cc1ef1ade5ab3b9"},"description":"Dora Tortora \u00e8 il direttore artistico della scuola di musica torinese (zona vanchiglietta) \u201cA tutta Musica!\u201d","breadcrumb":{"@id":"https:\/\/www.article-marketing.eu\/comunicatistampa\/dora-tortora-e-il-direttore-artistico-della-scuola-di-musica-a-tutta-musica\/#breadcrumb"},"inLanguage":"it-IT","potentialAction":[{"@type":"ReadAction","target":["https:\/\/www.article-marketing.eu\/comunicatistampa\/dora-tortora-e-il-direttore-artistico-della-scuola-di-musica-a-tutta-musica\/"]}]},{"@type":"BreadcrumbList","@id":"https:\/\/www.article-marketing.eu\/comunicatistampa\/dora-tortora-e-il-direttore-artistico-della-scuola-di-musica-a-tutta-musica\/#breadcrumb","itemListElement":[{"@type":"ListItem","position":1,"name":"Home","item":"https:\/\/www.article-marketing.eu\/comunicatistampa\/"},{"@type":"ListItem","position":2,"name":"Dora Tortora \u00e8 il direttore artistico della scuola di musica \u201cA tutta Musica!\u201d"}]},{"@type":"WebSite","@id":"https:\/\/www.article-marketing.eu\/comunicatistampa\/#website","url":"https:\/\/www.article-marketing.eu\/comunicatistampa\/","name":"Article Marketing","description":"article marketing &amp; press release","potentialAction":[{"@type":"SearchAction","target":{"@type":"EntryPoint","urlTemplate":"https:\/\/www.article-marketing.eu\/comunicatistampa\/?s={search_term_string}"},"query-input":{"@type":"PropertyValueSpecification","valueRequired":true,"valueName":"search_term_string"}}],"inLanguage":"it-IT"},{"@type":"Person","@id":"https:\/\/www.article-marketing.eu\/comunicatistampa\/#\/schema\/person\/0097d43b57e97ad86cc1ef1ade5ab3b9","name":"cosmosmedia","image":{"@type":"ImageObject","inLanguage":"it-IT","@id":"https:\/\/secure.gravatar.com\/avatar\/dab897c95700f34c5341a7f7dafb77fb04c9ebdda4b4b86decbbe6731e56a3cc?s=96&d=mm&r=g","url":"https:\/\/secure.gravatar.com\/avatar\/dab897c95700f34c5341a7f7dafb77fb04c9ebdda4b4b86decbbe6731e56a3cc?s=96&d=mm&r=g","contentUrl":"https:\/\/secure.gravatar.com\/avatar\/dab897c95700f34c5341a7f7dafb77fb04c9ebdda4b4b86decbbe6731e56a3cc?s=96&d=mm&r=g","caption":"cosmosmedia"},"url":"https:\/\/www.article-marketing.eu\/comunicatistampa\/author\/cosmosmedia\/"}]}},"_links":{"self":[{"href":"https:\/\/www.article-marketing.eu\/comunicatistampa\/wp-json\/wp\/v2\/posts\/24900","targetHints":{"allow":["GET"]}}],"collection":[{"href":"https:\/\/www.article-marketing.eu\/comunicatistampa\/wp-json\/wp\/v2\/posts"}],"about":[{"href":"https:\/\/www.article-marketing.eu\/comunicatistampa\/wp-json\/wp\/v2\/types\/post"}],"author":[{"embeddable":true,"href":"https:\/\/www.article-marketing.eu\/comunicatistampa\/wp-json\/wp\/v2\/users\/966"}],"replies":[{"embeddable":true,"href":"https:\/\/www.article-marketing.eu\/comunicatistampa\/wp-json\/wp\/v2\/comments?post=24900"}],"version-history":[{"count":2,"href":"https:\/\/www.article-marketing.eu\/comunicatistampa\/wp-json\/wp\/v2\/posts\/24900\/revisions"}],"predecessor-version":[{"id":24936,"href":"https:\/\/www.article-marketing.eu\/comunicatistampa\/wp-json\/wp\/v2\/posts\/24900\/revisions\/24936"}],"wp:attachment":[{"href":"https:\/\/www.article-marketing.eu\/comunicatistampa\/wp-json\/wp\/v2\/media?parent=24900"}],"wp:term":[{"taxonomy":"category","embeddable":true,"href":"https:\/\/www.article-marketing.eu\/comunicatistampa\/wp-json\/wp\/v2\/categories?post=24900"},{"taxonomy":"post_tag","embeddable":true,"href":"https:\/\/www.article-marketing.eu\/comunicatistampa\/wp-json\/wp\/v2\/tags?post=24900"}],"curies":[{"name":"wp","href":"https:\/\/api.w.org\/{rel}","templated":true}]}}