{"id":24903,"date":"2022-10-05T17:32:22","date_gmt":"2022-10-05T15:32:22","guid":{"rendered":"https:\/\/www.article-marketing.eu\/comunicatistampa\/?p=24903"},"modified":"2022-10-05T17:32:22","modified_gmt":"2022-10-05T15:32:22","slug":"capital-market-day-francesco-milleri-traccia-il-futuro-di-essilorluxottica","status":"publish","type":"post","link":"https:\/\/www.article-marketing.eu\/comunicatistampa\/capital-market-day-francesco-milleri-traccia-il-futuro-di-essilorluxottica\/","title":{"rendered":"Capital Market Day: Francesco Milleri traccia il futuro di EssilorLuxottica"},"content":{"rendered":"<p><em><strong>EssilorLuxottica: l&#8217;omaggio del Presidente e AD <a title=\"Francesco Milleri - Top Manager Online\" href=\"https:\/\/www.topmanageronline.eu\/tag\/francesco-milleri\/\">Francesco Milleri<\/a> a Leonardo Del Vecchio nel corso del Capital Market Day che si \u00e8 tenuto a Milano lo scorso 14 settembre.<\/strong><\/em><\/p>\n<p><a title=\"Francesco Milleri: Top Manager Online\" href=\"https:\/\/www.topmanageronline.eu\/tag\/francesco-milleri\/\"><img decoding=\"async\" src=\"https:\/\/www.topmanageronline.eu\/wp-content\/uploads\/2022\/03\/francesco-milleri-600x400.jpg\" alt=\"Francesco Milleri\" width=\"120\" \/><\/a><\/p>\n<h2>Francesco Milleri, Presidente e AD di EssilorLuxottica: l&#8217;intervento al Capital Market Day<\/h2>\n<p><strong>Francesco Milleri<\/strong>, Presidente e AD di EssilorLuxottica, non poteva non aprire il Capital Market Day lo scorso 14 settembre senza ricordare colui che ha creduto, investito, scommesso nella crescita di questa realt\u00e0: <em>&#8220;Con la scomparsa di Leonardo Del Vecchio abbiamo perso un visionario, un grande imprenditore e il nostro Presidente&#8221;<\/em>. L&#8217;evento si \u00e8 tenuto a Milano in una location particolarmente significativa, nel distretto del design di via Tortona: <em>&#8220;Questo luogo parla di lui, dei suoi sogni, del suo modo di fare impresa e del futuro&#8221;<\/em>. Qui infatti, al numero 35, sorge la Digital Factory di Luxottica fortemente voluta dall&#8217;imprenditore: <em>&#8220;Qui possiamo sentire le sue idee e la sua visione sulla tecnologia&#8221;<\/em>, ha sottolineato infatti <strong>Francesco Milleri<\/strong> in occasione dell&#8217;incontro con analisti e investitori che ha coinciso con la notizia del rinnovo dell&#8217;accordo di licenza con il Gruppo Armani per altri 15 anni.<\/p>\n<h2>EssilorLuxottica, Francesco Milleri: siamo entusiasti di continuare il viaggio con il Gruppo Armani<\/h2>\n<p><em>&#8220;Siamo estremamente orgogliosi della nostra storia con il Gruppo Armani e della magia che abbiamo creato insieme&#8221;<\/em>, ha commentato in merito <a title=\"Francesco Milleri, Top Manager Online\" href=\"https:\/\/www.topmanageronline.eu\/tag\/francesco-milleri\/\">Francesco Milleri<\/a>, Presidente e AD di EssilorLuxottica. <em>&#8220;Leonardo Del Vecchio ha visto in Giorgio Armani un imprenditore con una passione comune per la qualit\u00e0 e l&#8217;innovazione e siamo entusiasti di continuare il viaggio che hanno iniziato&#8221;<\/em>: un nuovo modello di partnership a lungo termine ispirato proprio dalla lungimirante vision del fondatore a cui si deve anche la nascita di EssilorLuxottica che oggi \u00e8 <em>&#8220;nella migliore posizione per cambiare la propria strategia, diventando una societ\u00e0 sempre pi\u00f9 integrata&#8221;<\/em>. Nel contesto attuale segnato dall&#8217;aumento dei costi dell&#8217;energia e delle materie prime, l&#8217;ottica resta di non incrementare i prezzi di listino come ha spiegato <strong>Francesco Milleri<\/strong>: <em>&#8220;Per ora non lo abbiamo fatto, non stiamo aumentando i prezzi, trasferendo i costi sul consumatore&#8221;<\/em>. EssilorLuxottica ha quindi confermato gli obiettivi finanziari per il medio termine, con un traguardo di ricavi annui tra i 27 miliardi e i 28 miliardi di euro nel 2026 e un utile operativo adjusted compreso tra il 19% e il 20% dei ricavi.<\/p>\n","protected":false},"excerpt":{"rendered":"<p>EssilorLuxottica: l&#8217;omaggio del Presidente e AD Francesco Milleri a Leonardo Del Vecchio nel corso del Capital Market Day che si \u00e8 tenuto a Milano lo scorso 14 settembre. Francesco Milleri, Presidente e AD di EssilorLuxottica: l&#8217;intervento al Capital Market Day Francesco Milleri, Presidente e AD di EssilorLuxottica, non poteva non aprire il Capital Market Day lo scorso 14 settembre senza ricordare colui che ha creduto, investito, scommesso nella crescita di<\/p>\n<p><a class=\"continue-reading\" href=\"https:\/\/www.article-marketing.eu\/comunicatistampa\/capital-market-day-francesco-milleri-traccia-il-futuro-di-essilorluxottica\/\">Continue reading&#8230;<\/a><\/p>\n","protected":false},"author":7201,"featured_media":0,"comment_status":"open","ping_status":"open","sticky":false,"template":"","format":"standard","meta":{"_monsterinsights_skip_tracking":false,"_monsterinsights_sitenote_active":false,"_monsterinsights_sitenote_note":"","_monsterinsights_sitenote_category":0,"footnotes":""},"categories":[386],"tags":[9537],"class_list":["post-24903","post","type-post","status-publish","format-standard","hentry","category-economia-e-lavoro","tag-francesco-milleri"],"yoast_head":"<!-- This site is optimized with the Yoast SEO plugin v27.3 - https:\/\/yoast.com\/product\/yoast-seo-wordpress\/ -->\n<title>Capital Market Day: Francesco Milleri traccia il futuro di EssilorLuxottica<\/title>\n<meta name=\"robots\" content=\"index, follow, max-snippet:-1, max-image-preview:large, max-video-preview:-1\" \/>\n<link rel=\"canonical\" href=\"https:\/\/www.article-marketing.eu\/comunicatistampa\/capital-market-day-francesco-milleri-traccia-il-futuro-di-essilorluxottica\/\" \/>\n<meta property=\"og:locale\" content=\"it_IT\" \/>\n<meta property=\"og:type\" content=\"article\" \/>\n<meta property=\"og:title\" content=\"Capital Market Day: Francesco Milleri traccia il futuro di EssilorLuxottica\" \/>\n<meta property=\"og:description\" content=\"EssilorLuxottica: l&#8217;omaggio del Presidente e AD Francesco Milleri a Leonardo Del Vecchio nel corso del Capital Market Day che si \u00e8 tenuto a Milano lo scorso 14 settembre. Francesco Milleri, Presidente e AD di EssilorLuxottica: l&#8217;intervento al Capital Market Day Francesco Milleri, Presidente e AD di EssilorLuxottica, non poteva non aprire il Capital Market Day lo scorso 14 settembre senza ricordare colui che ha creduto, investito, scommesso nella crescita diContinue reading...\" \/>\n<meta property=\"og:url\" content=\"https:\/\/www.article-marketing.eu\/comunicatistampa\/capital-market-day-francesco-milleri-traccia-il-futuro-di-essilorluxottica\/\" \/>\n<meta property=\"og:site_name\" content=\"Article Marketing\" \/>\n<meta property=\"article:published_time\" content=\"2022-10-05T15:32:22+00:00\" \/>\n<meta property=\"og:image\" content=\"https:\/\/www.topmanageronline.eu\/wp-content\/uploads\/2022\/03\/francesco-milleri-600x400.jpg\" \/>\n<meta name=\"author\" content=\"agencyfmnews\" \/>\n<meta name=\"twitter:card\" content=\"summary_large_image\" \/>\n<meta name=\"twitter:label1\" content=\"Scritto da\" \/>\n\t<meta name=\"twitter:data1\" content=\"agencyfmnews\" \/>\n\t<meta name=\"twitter:label2\" content=\"Tempo di lettura stimato\" \/>\n\t<meta name=\"twitter:data2\" content=\"3 minuti\" \/>\n<script type=\"application\/ld+json\" class=\"yoast-schema-graph\">{\"@context\":\"https:\\\/\\\/schema.org\",\"@graph\":[{\"@type\":\"Article\",\"@id\":\"https:\\\/\\\/www.article-marketing.eu\\\/comunicatistampa\\\/capital-market-day-francesco-milleri-traccia-il-futuro-di-essilorluxottica\\\/#article\",\"isPartOf\":{\"@id\":\"https:\\\/\\\/www.article-marketing.eu\\\/comunicatistampa\\\/capital-market-day-francesco-milleri-traccia-il-futuro-di-essilorluxottica\\\/\"},\"author\":{\"name\":\"agencyfmnews\",\"@id\":\"https:\\\/\\\/www.article-marketing.eu\\\/comunicatistampa\\\/#\\\/schema\\\/person\\\/66af7693bfb8cff6cc30b41435a1aec3\"},\"headline\":\"Capital Market Day: Francesco Milleri traccia il futuro di EssilorLuxottica\",\"datePublished\":\"2022-10-05T15:32:22+00:00\",\"mainEntityOfPage\":{\"@id\":\"https:\\\/\\\/www.article-marketing.eu\\\/comunicatistampa\\\/capital-market-day-francesco-milleri-traccia-il-futuro-di-essilorluxottica\\\/\"},\"wordCount\":376,\"commentCount\":0,\"image\":{\"@id\":\"https:\\\/\\\/www.article-marketing.eu\\\/comunicatistampa\\\/capital-market-day-francesco-milleri-traccia-il-futuro-di-essilorluxottica\\\/#primaryimage\"},\"thumbnailUrl\":\"https:\\\/\\\/www.topmanageronline.eu\\\/wp-content\\\/uploads\\\/2022\\\/03\\\/francesco-milleri-600x400.jpg\",\"keywords\":[\"Francesco Milleri\"],\"articleSection\":[\"Economia e lavoro\"],\"inLanguage\":\"it-IT\",\"potentialAction\":[{\"@type\":\"CommentAction\",\"name\":\"Comment\",\"target\":[\"https:\\\/\\\/www.article-marketing.eu\\\/comunicatistampa\\\/capital-market-day-francesco-milleri-traccia-il-futuro-di-essilorluxottica\\\/#respond\"]}]},{\"@type\":\"WebPage\",\"@id\":\"https:\\\/\\\/www.article-marketing.eu\\\/comunicatistampa\\\/capital-market-day-francesco-milleri-traccia-il-futuro-di-essilorluxottica\\\/\",\"url\":\"https:\\\/\\\/www.article-marketing.eu\\\/comunicatistampa\\\/capital-market-day-francesco-milleri-traccia-il-futuro-di-essilorluxottica\\\/\",\"name\":\"Capital Market Day: Francesco Milleri traccia il futuro di EssilorLuxottica\",\"isPartOf\":{\"@id\":\"https:\\\/\\\/www.article-marketing.eu\\\/comunicatistampa\\\/#website\"},\"primaryImageOfPage\":{\"@id\":\"https:\\\/\\\/www.article-marketing.eu\\\/comunicatistampa\\\/capital-market-day-francesco-milleri-traccia-il-futuro-di-essilorluxottica\\\/#primaryimage\"},\"image\":{\"@id\":\"https:\\\/\\\/www.article-marketing.eu\\\/comunicatistampa\\\/capital-market-day-francesco-milleri-traccia-il-futuro-di-essilorluxottica\\\/#primaryimage\"},\"thumbnailUrl\":\"https:\\\/\\\/www.topmanageronline.eu\\\/wp-content\\\/uploads\\\/2022\\\/03\\\/francesco-milleri-600x400.jpg\",\"datePublished\":\"2022-10-05T15:32:22+00:00\",\"author\":{\"@id\":\"https:\\\/\\\/www.article-marketing.eu\\\/comunicatistampa\\\/#\\\/schema\\\/person\\\/66af7693bfb8cff6cc30b41435a1aec3\"},\"breadcrumb\":{\"@id\":\"https:\\\/\\\/www.article-marketing.eu\\\/comunicatistampa\\\/capital-market-day-francesco-milleri-traccia-il-futuro-di-essilorluxottica\\\/#breadcrumb\"},\"inLanguage\":\"it-IT\",\"potentialAction\":[{\"@type\":\"ReadAction\",\"target\":[\"https:\\\/\\\/www.article-marketing.eu\\\/comunicatistampa\\\/capital-market-day-francesco-milleri-traccia-il-futuro-di-essilorluxottica\\\/\"]}]},{\"@type\":\"ImageObject\",\"inLanguage\":\"it-IT\",\"@id\":\"https:\\\/\\\/www.article-marketing.eu\\\/comunicatistampa\\\/capital-market-day-francesco-milleri-traccia-il-futuro-di-essilorluxottica\\\/#primaryimage\",\"url\":\"https:\\\/\\\/www.topmanageronline.eu\\\/wp-content\\\/uploads\\\/2022\\\/03\\\/francesco-milleri-600x400.jpg\",\"contentUrl\":\"https:\\\/\\\/www.topmanageronline.eu\\\/wp-content\\\/uploads\\\/2022\\\/03\\\/francesco-milleri-600x400.jpg\"},{\"@type\":\"BreadcrumbList\",\"@id\":\"https:\\\/\\\/www.article-marketing.eu\\\/comunicatistampa\\\/capital-market-day-francesco-milleri-traccia-il-futuro-di-essilorluxottica\\\/#breadcrumb\",\"itemListElement\":[{\"@type\":\"ListItem\",\"position\":1,\"name\":\"Home\",\"item\":\"https:\\\/\\\/www.article-marketing.eu\\\/comunicatistampa\\\/\"},{\"@type\":\"ListItem\",\"position\":2,\"name\":\"Capital Market Day: Francesco Milleri traccia il futuro di EssilorLuxottica\"}]},{\"@type\":\"WebSite\",\"@id\":\"https:\\\/\\\/www.article-marketing.eu\\\/comunicatistampa\\\/#website\",\"url\":\"https:\\\/\\\/www.article-marketing.eu\\\/comunicatistampa\\\/\",\"name\":\"Article Marketing\",\"description\":\"article marketing &amp; press release\",\"potentialAction\":[{\"@type\":\"SearchAction\",\"target\":{\"@type\":\"EntryPoint\",\"urlTemplate\":\"https:\\\/\\\/www.article-marketing.eu\\\/comunicatistampa\\\/?s={search_term_string}\"},\"query-input\":{\"@type\":\"PropertyValueSpecification\",\"valueRequired\":true,\"valueName\":\"search_term_string\"}}],\"inLanguage\":\"it-IT\"},{\"@type\":\"Person\",\"@id\":\"https:\\\/\\\/www.article-marketing.eu\\\/comunicatistampa\\\/#\\\/schema\\\/person\\\/66af7693bfb8cff6cc30b41435a1aec3\",\"name\":\"agencyfmnews\",\"image\":{\"@type\":\"ImageObject\",\"inLanguage\":\"it-IT\",\"@id\":\"https:\\\/\\\/secure.gravatar.com\\\/avatar\\\/8e5548a62f8b6ff81a9ac11775d9d70f3acc1c790a2c05679bbfba17ff579efc?s=96&d=mm&r=g\",\"url\":\"https:\\\/\\\/secure.gravatar.com\\\/avatar\\\/8e5548a62f8b6ff81a9ac11775d9d70f3acc1c790a2c05679bbfba17ff579efc?s=96&d=mm&r=g\",\"contentUrl\":\"https:\\\/\\\/secure.gravatar.com\\\/avatar\\\/8e5548a62f8b6ff81a9ac11775d9d70f3acc1c790a2c05679bbfba17ff579efc?s=96&d=mm&r=g\",\"caption\":\"agencyfmnews\"},\"url\":\"https:\\\/\\\/www.article-marketing.eu\\\/comunicatistampa\\\/author\\\/agencyfmnews\\\/\"}]}<\/script>\n<!-- \/ Yoast SEO plugin. -->","yoast_head_json":{"title":"Capital Market Day: Francesco Milleri traccia il futuro di EssilorLuxottica","robots":{"index":"index","follow":"follow","max-snippet":"max-snippet:-1","max-image-preview":"max-image-preview:large","max-video-preview":"max-video-preview:-1"},"canonical":"https:\/\/www.article-marketing.eu\/comunicatistampa\/capital-market-day-francesco-milleri-traccia-il-futuro-di-essilorluxottica\/","og_locale":"it_IT","og_type":"article","og_title":"Capital Market Day: Francesco Milleri traccia il futuro di EssilorLuxottica","og_description":"EssilorLuxottica: l&#8217;omaggio del Presidente e AD Francesco Milleri a Leonardo Del Vecchio nel corso del Capital Market Day che si \u00e8 tenuto a Milano lo scorso 14 settembre. Francesco Milleri, Presidente e AD di EssilorLuxottica: l&#8217;intervento al Capital Market Day Francesco Milleri, Presidente e AD di EssilorLuxottica, non poteva non aprire il Capital Market Day lo scorso 14 settembre senza ricordare colui che ha creduto, investito, scommesso nella crescita diContinue reading...","og_url":"https:\/\/www.article-marketing.eu\/comunicatistampa\/capital-market-day-francesco-milleri-traccia-il-futuro-di-essilorluxottica\/","og_site_name":"Article Marketing","article_published_time":"2022-10-05T15:32:22+00:00","og_image":[{"url":"https:\/\/www.topmanageronline.eu\/wp-content\/uploads\/2022\/03\/francesco-milleri-600x400.jpg","type":"","width":"","height":""}],"author":"agencyfmnews","twitter_card":"summary_large_image","twitter_misc":{"Scritto da":"agencyfmnews","Tempo di lettura stimato":"3 minuti"},"schema":{"@context":"https:\/\/schema.org","@graph":[{"@type":"Article","@id":"https:\/\/www.article-marketing.eu\/comunicatistampa\/capital-market-day-francesco-milleri-traccia-il-futuro-di-essilorluxottica\/#article","isPartOf":{"@id":"https:\/\/www.article-marketing.eu\/comunicatistampa\/capital-market-day-francesco-milleri-traccia-il-futuro-di-essilorluxottica\/"},"author":{"name":"agencyfmnews","@id":"https:\/\/www.article-marketing.eu\/comunicatistampa\/#\/schema\/person\/66af7693bfb8cff6cc30b41435a1aec3"},"headline":"Capital Market Day: Francesco Milleri traccia il futuro di EssilorLuxottica","datePublished":"2022-10-05T15:32:22+00:00","mainEntityOfPage":{"@id":"https:\/\/www.article-marketing.eu\/comunicatistampa\/capital-market-day-francesco-milleri-traccia-il-futuro-di-essilorluxottica\/"},"wordCount":376,"commentCount":0,"image":{"@id":"https:\/\/www.article-marketing.eu\/comunicatistampa\/capital-market-day-francesco-milleri-traccia-il-futuro-di-essilorluxottica\/#primaryimage"},"thumbnailUrl":"https:\/\/www.topmanageronline.eu\/wp-content\/uploads\/2022\/03\/francesco-milleri-600x400.jpg","keywords":["Francesco Milleri"],"articleSection":["Economia e lavoro"],"inLanguage":"it-IT","potentialAction":[{"@type":"CommentAction","name":"Comment","target":["https:\/\/www.article-marketing.eu\/comunicatistampa\/capital-market-day-francesco-milleri-traccia-il-futuro-di-essilorluxottica\/#respond"]}]},{"@type":"WebPage","@id":"https:\/\/www.article-marketing.eu\/comunicatistampa\/capital-market-day-francesco-milleri-traccia-il-futuro-di-essilorluxottica\/","url":"https:\/\/www.article-marketing.eu\/comunicatistampa\/capital-market-day-francesco-milleri-traccia-il-futuro-di-essilorluxottica\/","name":"Capital Market Day: Francesco Milleri traccia il futuro di EssilorLuxottica","isPartOf":{"@id":"https:\/\/www.article-marketing.eu\/comunicatistampa\/#website"},"primaryImageOfPage":{"@id":"https:\/\/www.article-marketing.eu\/comunicatistampa\/capital-market-day-francesco-milleri-traccia-il-futuro-di-essilorluxottica\/#primaryimage"},"image":{"@id":"https:\/\/www.article-marketing.eu\/comunicatistampa\/capital-market-day-francesco-milleri-traccia-il-futuro-di-essilorluxottica\/#primaryimage"},"thumbnailUrl":"https:\/\/www.topmanageronline.eu\/wp-content\/uploads\/2022\/03\/francesco-milleri-600x400.jpg","datePublished":"2022-10-05T15:32:22+00:00","author":{"@id":"https:\/\/www.article-marketing.eu\/comunicatistampa\/#\/schema\/person\/66af7693bfb8cff6cc30b41435a1aec3"},"breadcrumb":{"@id":"https:\/\/www.article-marketing.eu\/comunicatistampa\/capital-market-day-francesco-milleri-traccia-il-futuro-di-essilorluxottica\/#breadcrumb"},"inLanguage":"it-IT","potentialAction":[{"@type":"ReadAction","target":["https:\/\/www.article-marketing.eu\/comunicatistampa\/capital-market-day-francesco-milleri-traccia-il-futuro-di-essilorluxottica\/"]}]},{"@type":"ImageObject","inLanguage":"it-IT","@id":"https:\/\/www.article-marketing.eu\/comunicatistampa\/capital-market-day-francesco-milleri-traccia-il-futuro-di-essilorluxottica\/#primaryimage","url":"https:\/\/www.topmanageronline.eu\/wp-content\/uploads\/2022\/03\/francesco-milleri-600x400.jpg","contentUrl":"https:\/\/www.topmanageronline.eu\/wp-content\/uploads\/2022\/03\/francesco-milleri-600x400.jpg"},{"@type":"BreadcrumbList","@id":"https:\/\/www.article-marketing.eu\/comunicatistampa\/capital-market-day-francesco-milleri-traccia-il-futuro-di-essilorluxottica\/#breadcrumb","itemListElement":[{"@type":"ListItem","position":1,"name":"Home","item":"https:\/\/www.article-marketing.eu\/comunicatistampa\/"},{"@type":"ListItem","position":2,"name":"Capital Market Day: Francesco Milleri traccia il futuro di EssilorLuxottica"}]},{"@type":"WebSite","@id":"https:\/\/www.article-marketing.eu\/comunicatistampa\/#website","url":"https:\/\/www.article-marketing.eu\/comunicatistampa\/","name":"Article Marketing","description":"article marketing &amp; press release","potentialAction":[{"@type":"SearchAction","target":{"@type":"EntryPoint","urlTemplate":"https:\/\/www.article-marketing.eu\/comunicatistampa\/?s={search_term_string}"},"query-input":{"@type":"PropertyValueSpecification","valueRequired":true,"valueName":"search_term_string"}}],"inLanguage":"it-IT"},{"@type":"Person","@id":"https:\/\/www.article-marketing.eu\/comunicatistampa\/#\/schema\/person\/66af7693bfb8cff6cc30b41435a1aec3","name":"agencyfmnews","image":{"@type":"ImageObject","inLanguage":"it-IT","@id":"https:\/\/secure.gravatar.com\/avatar\/8e5548a62f8b6ff81a9ac11775d9d70f3acc1c790a2c05679bbfba17ff579efc?s=96&d=mm&r=g","url":"https:\/\/secure.gravatar.com\/avatar\/8e5548a62f8b6ff81a9ac11775d9d70f3acc1c790a2c05679bbfba17ff579efc?s=96&d=mm&r=g","contentUrl":"https:\/\/secure.gravatar.com\/avatar\/8e5548a62f8b6ff81a9ac11775d9d70f3acc1c790a2c05679bbfba17ff579efc?s=96&d=mm&r=g","caption":"agencyfmnews"},"url":"https:\/\/www.article-marketing.eu\/comunicatistampa\/author\/agencyfmnews\/"}]}},"_links":{"self":[{"href":"https:\/\/www.article-marketing.eu\/comunicatistampa\/wp-json\/wp\/v2\/posts\/24903","targetHints":{"allow":["GET"]}}],"collection":[{"href":"https:\/\/www.article-marketing.eu\/comunicatistampa\/wp-json\/wp\/v2\/posts"}],"about":[{"href":"https:\/\/www.article-marketing.eu\/comunicatistampa\/wp-json\/wp\/v2\/types\/post"}],"author":[{"embeddable":true,"href":"https:\/\/www.article-marketing.eu\/comunicatistampa\/wp-json\/wp\/v2\/users\/7201"}],"replies":[{"embeddable":true,"href":"https:\/\/www.article-marketing.eu\/comunicatistampa\/wp-json\/wp\/v2\/comments?post=24903"}],"version-history":[{"count":2,"href":"https:\/\/www.article-marketing.eu\/comunicatistampa\/wp-json\/wp\/v2\/posts\/24903\/revisions"}],"predecessor-version":[{"id":24947,"href":"https:\/\/www.article-marketing.eu\/comunicatistampa\/wp-json\/wp\/v2\/posts\/24903\/revisions\/24947"}],"wp:attachment":[{"href":"https:\/\/www.article-marketing.eu\/comunicatistampa\/wp-json\/wp\/v2\/media?parent=24903"}],"wp:term":[{"taxonomy":"category","embeddable":true,"href":"https:\/\/www.article-marketing.eu\/comunicatistampa\/wp-json\/wp\/v2\/categories?post=24903"},{"taxonomy":"post_tag","embeddable":true,"href":"https:\/\/www.article-marketing.eu\/comunicatistampa\/wp-json\/wp\/v2\/tags?post=24903"}],"curies":[{"name":"wp","href":"https:\/\/api.w.org\/{rel}","templated":true}]}}