{"id":24905,"date":"2022-10-05T17:31:47","date_gmt":"2022-10-05T15:31:47","guid":{"rendered":"https:\/\/www.article-marketing.eu\/comunicatistampa\/?p=24905"},"modified":"2022-10-05T17:31:47","modified_gmt":"2022-10-05T15:31:47","slug":"pierroberto-folgiero-il-panel-conversation-on-leadership-con-lad-e-dg-di-fincantieri","status":"publish","type":"post","link":"https:\/\/www.article-marketing.eu\/comunicatistampa\/pierroberto-folgiero-il-panel-conversation-on-leadership-con-lad-e-dg-di-fincantieri\/","title":{"rendered":"Pierroberto Folgiero: il panel \u201cConversation on Leadership\u201d con l\u2019AD e DG di Fincantieri"},"content":{"rendered":"<p><em><strong>&#8220;La sfida \u00e8 nel mio DNA e Fincantieri \u00e8 sicuramente un esempio fantastico&#8221;: l&#8217;AD e DG <a title=\"Pierroberto Folgiero: la vision sulla leadership\" href=\"https:\/\/www.luiss.it\/evento\/2022\/09\/14\/freshers-conversation-leadership-pierroberto-folgiero\">Pierroberto Folgiero<\/a> interviene al panel &#8220;Conversation on Leadership&#8221;.<\/strong><\/em><\/p>\n<p><a title=\"Pierroberto Folgiero al panel della Luiss\" href=\"https:\/\/www.luiss.it\/evento\/2022\/09\/14\/freshers-conversation-leadership-pierroberto-folgiero\"><img decoding=\"async\" src=\"https:\/\/www.topmanagers.it\/SharingFolder\/TopManager\/it\/ManagerProfilePhoto\/Photo\/Pierroberto-Folgiero-topmanagers.jpg\" alt=\"Pierroberto Folgiero\" width=\"120\" \/><\/a><\/p>\n<h2>&#8220;Conversation on Leadership&#8221;: la vision dell&#8217;AD e DG di Fincantieri Pierroberto Folgiero<\/h2>\n<p>Riconsiderare le sfide come opportunit\u00e0 di crescita personale e affrontarle senza timore: l&#8217;invito arriva da <strong>Pierroberto Folgiero<\/strong>, Amministratore Delegato e Direttore Generale di Fincantieri, intervenuto lo scorso 14 settembre al panel &#8220;Conversation on Leadership&#8221; organizzato dall&#8217;Universit\u00e0 Luiss. <em>&#8220;La sfida \u00e8 nel mio DNA e Fincantieri \u00e8 sicuramente un esempio fantastico&#8221;<\/em>, ha sottolineato <strong>Pierroberto Folgiero<\/strong> ricordando quelle che impegnano attualmente il Gruppo: il raggiungimento di traguardi sempre pi\u00f9 performanti sul fronte dell&#8217;innovazione tecnologica, il rafforzamento della propria leadership a livello globale, il conseguimento di obiettivi di sostenibilit\u00e0 sempre pi\u00f9 ambiziosi a beneficio del pianeta e delle future generazioni.<\/p>\n<h2>Pierroberto Folgiero: leadership \u00e8 anche saper valorizzare le proprie risorse<\/h2>\n<p>Nel corso del panel &#8220;Conversation on Leadership&#8221; si sono confrontati con <a title=\"Pierroberto Folgiero al panel &quot;Conversation on Leadership&quot;\" href=\"https:\/\/www.luiss.it\/evento\/2022\/09\/14\/freshers-conversation-leadership-pierroberto-folgiero\">Pierroberto Folgiero<\/a> anche Silvia Dello Russo, Professoressa Associata di Comportamento Organizzativo e Gestione delle Risorse Umane, e Luca Giustiniano, Prorettore per l&#8217;Organizzazione e Faculty presso l&#8217;Universit\u00e0 Luiss Guido Carli. Tra i numerosi argomenti ci si \u00e8 soffermati in particolare sulla figura del leader e sulla validit\u00e0 dei modelli di leadership, in linea con il format nato proprio con l&#8217;intento di promuovere un confronto costruttivo tra i CEO di primarie aziende italiane e internazionali e i docenti dell&#8217;ateneo Luiss. L&#8217;AD e DG di Fincantieri ha parlato anche delle competenze necessarie per riuscire a guidare efficacemente il team, della responsabilit\u00e0 nel valorizzare le proprie risorse, dell&#8217;importanza di guadagnarsi la credibilit\u00e0 e di quanto impegno implichi una leadership efficace. I panel &#8220;Conversation on Leadership&#8221; sono organizzati nell&#8217;ambito della Freshers&#8217; Week e aperti al pubblico. <strong>Pierroberto Folgiero<\/strong> si \u00e8 laureato alla Luiss Guido Carli in Economia e Commercio: membro dell&#8217;Advisory Board dell&#8217;Universit\u00e0, \u00e8 Visiting Professor in Management of Circular Economy presso la facolt\u00e0 di Law, Digital Innovation and Sustainability.<\/p>\n","protected":false},"excerpt":{"rendered":"<p>&#8220;La sfida \u00e8 nel mio DNA e Fincantieri \u00e8 sicuramente un esempio fantastico&#8221;: l&#8217;AD e DG Pierroberto Folgiero interviene al panel &#8220;Conversation on Leadership&#8221;. &#8220;Conversation on Leadership&#8221;: la vision dell&#8217;AD e DG di Fincantieri Pierroberto Folgiero Riconsiderare le sfide come opportunit\u00e0 di crescita personale e affrontarle senza timore: l&#8217;invito arriva da Pierroberto Folgiero, Amministratore Delegato e Direttore Generale di Fincantieri, intervenuto lo scorso 14 settembre al panel &#8220;Conversation on Leadership&#8221;<\/p>\n<p><a class=\"continue-reading\" href=\"https:\/\/www.article-marketing.eu\/comunicatistampa\/pierroberto-folgiero-il-panel-conversation-on-leadership-con-lad-e-dg-di-fincantieri\/\">Continue reading&#8230;<\/a><\/p>\n","protected":false},"author":6477,"featured_media":0,"comment_status":"open","ping_status":"open","sticky":false,"template":"","format":"standard","meta":{"_monsterinsights_skip_tracking":false,"_monsterinsights_sitenote_active":false,"_monsterinsights_sitenote_note":"","_monsterinsights_sitenote_category":0,"footnotes":""},"categories":[386],"tags":[10004],"class_list":["post-24905","post","type-post","status-publish","format-standard","hentry","category-economia-e-lavoro","tag-pierroberto-folgiero"],"yoast_head":"<!-- This site is optimized with the Yoast SEO plugin v27.3 - https:\/\/yoast.com\/product\/yoast-seo-wordpress\/ -->\n<title>Pierroberto Folgiero: il panel \u201cConversation on Leadership\u201d con l\u2019AD e DG di Fincantieri<\/title>\n<meta name=\"robots\" content=\"index, follow, max-snippet:-1, max-image-preview:large, max-video-preview:-1\" \/>\n<link rel=\"canonical\" href=\"https:\/\/www.article-marketing.eu\/comunicatistampa\/pierroberto-folgiero-il-panel-conversation-on-leadership-con-lad-e-dg-di-fincantieri\/\" \/>\n<meta property=\"og:locale\" content=\"it_IT\" \/>\n<meta property=\"og:type\" content=\"article\" \/>\n<meta property=\"og:title\" content=\"Pierroberto Folgiero: il panel \u201cConversation on Leadership\u201d con l\u2019AD e DG di Fincantieri\" \/>\n<meta property=\"og:description\" content=\"&#8220;La sfida \u00e8 nel mio DNA e Fincantieri \u00e8 sicuramente un esempio fantastico&#8221;: l&#8217;AD e DG Pierroberto Folgiero interviene al panel &#8220;Conversation on Leadership&#8221;. &#8220;Conversation on Leadership&#8221;: la vision dell&#8217;AD e DG di Fincantieri Pierroberto Folgiero Riconsiderare le sfide come opportunit\u00e0 di crescita personale e affrontarle senza timore: l&#8217;invito arriva da Pierroberto Folgiero, Amministratore Delegato e Direttore Generale di Fincantieri, intervenuto lo scorso 14 settembre al panel &#8220;Conversation on Leadership&#8221;Continue reading...\" \/>\n<meta property=\"og:url\" content=\"https:\/\/www.article-marketing.eu\/comunicatistampa\/pierroberto-folgiero-il-panel-conversation-on-leadership-con-lad-e-dg-di-fincantieri\/\" \/>\n<meta property=\"og:site_name\" content=\"Article Marketing\" \/>\n<meta property=\"article:published_time\" content=\"2022-10-05T15:31:47+00:00\" \/>\n<meta property=\"og:image\" content=\"https:\/\/www.topmanagers.it\/SharingFolder\/TopManager\/it\/ManagerProfilePhoto\/Photo\/Pierroberto-Folgiero-topmanagers.jpg\" \/>\n<meta name=\"author\" content=\"articolinews\" \/>\n<meta name=\"twitter:card\" content=\"summary_large_image\" \/>\n<meta name=\"twitter:label1\" content=\"Scritto da\" \/>\n\t<meta name=\"twitter:data1\" content=\"articolinews\" \/>\n\t<meta name=\"twitter:label2\" content=\"Tempo di lettura stimato\" \/>\n\t<meta name=\"twitter:data2\" content=\"2 minuti\" \/>\n<script type=\"application\/ld+json\" class=\"yoast-schema-graph\">{\"@context\":\"https:\\\/\\\/schema.org\",\"@graph\":[{\"@type\":\"Article\",\"@id\":\"https:\\\/\\\/www.article-marketing.eu\\\/comunicatistampa\\\/pierroberto-folgiero-il-panel-conversation-on-leadership-con-lad-e-dg-di-fincantieri\\\/#article\",\"isPartOf\":{\"@id\":\"https:\\\/\\\/www.article-marketing.eu\\\/comunicatistampa\\\/pierroberto-folgiero-il-panel-conversation-on-leadership-con-lad-e-dg-di-fincantieri\\\/\"},\"author\":{\"name\":\"articolinews\",\"@id\":\"https:\\\/\\\/www.article-marketing.eu\\\/comunicatistampa\\\/#\\\/schema\\\/person\\\/2fcaf8f8f3a9eef9eb7f27532d3ca458\"},\"headline\":\"Pierroberto Folgiero: il panel \u201cConversation on Leadership\u201d con l\u2019AD e DG di Fincantieri\",\"datePublished\":\"2022-10-05T15:31:47+00:00\",\"mainEntityOfPage\":{\"@id\":\"https:\\\/\\\/www.article-marketing.eu\\\/comunicatistampa\\\/pierroberto-folgiero-il-panel-conversation-on-leadership-con-lad-e-dg-di-fincantieri\\\/\"},\"wordCount\":324,\"commentCount\":0,\"image\":{\"@id\":\"https:\\\/\\\/www.article-marketing.eu\\\/comunicatistampa\\\/pierroberto-folgiero-il-panel-conversation-on-leadership-con-lad-e-dg-di-fincantieri\\\/#primaryimage\"},\"thumbnailUrl\":\"https:\\\/\\\/www.topmanagers.it\\\/SharingFolder\\\/TopManager\\\/it\\\/ManagerProfilePhoto\\\/Photo\\\/Pierroberto-Folgiero-topmanagers.jpg\",\"keywords\":[\"Pierroberto Folgiero\"],\"articleSection\":[\"Economia e lavoro\"],\"inLanguage\":\"it-IT\",\"potentialAction\":[{\"@type\":\"CommentAction\",\"name\":\"Comment\",\"target\":[\"https:\\\/\\\/www.article-marketing.eu\\\/comunicatistampa\\\/pierroberto-folgiero-il-panel-conversation-on-leadership-con-lad-e-dg-di-fincantieri\\\/#respond\"]}]},{\"@type\":\"WebPage\",\"@id\":\"https:\\\/\\\/www.article-marketing.eu\\\/comunicatistampa\\\/pierroberto-folgiero-il-panel-conversation-on-leadership-con-lad-e-dg-di-fincantieri\\\/\",\"url\":\"https:\\\/\\\/www.article-marketing.eu\\\/comunicatistampa\\\/pierroberto-folgiero-il-panel-conversation-on-leadership-con-lad-e-dg-di-fincantieri\\\/\",\"name\":\"Pierroberto Folgiero: il panel \u201cConversation on Leadership\u201d con l\u2019AD e DG di Fincantieri\",\"isPartOf\":{\"@id\":\"https:\\\/\\\/www.article-marketing.eu\\\/comunicatistampa\\\/#website\"},\"primaryImageOfPage\":{\"@id\":\"https:\\\/\\\/www.article-marketing.eu\\\/comunicatistampa\\\/pierroberto-folgiero-il-panel-conversation-on-leadership-con-lad-e-dg-di-fincantieri\\\/#primaryimage\"},\"image\":{\"@id\":\"https:\\\/\\\/www.article-marketing.eu\\\/comunicatistampa\\\/pierroberto-folgiero-il-panel-conversation-on-leadership-con-lad-e-dg-di-fincantieri\\\/#primaryimage\"},\"thumbnailUrl\":\"https:\\\/\\\/www.topmanagers.it\\\/SharingFolder\\\/TopManager\\\/it\\\/ManagerProfilePhoto\\\/Photo\\\/Pierroberto-Folgiero-topmanagers.jpg\",\"datePublished\":\"2022-10-05T15:31:47+00:00\",\"author\":{\"@id\":\"https:\\\/\\\/www.article-marketing.eu\\\/comunicatistampa\\\/#\\\/schema\\\/person\\\/2fcaf8f8f3a9eef9eb7f27532d3ca458\"},\"breadcrumb\":{\"@id\":\"https:\\\/\\\/www.article-marketing.eu\\\/comunicatistampa\\\/pierroberto-folgiero-il-panel-conversation-on-leadership-con-lad-e-dg-di-fincantieri\\\/#breadcrumb\"},\"inLanguage\":\"it-IT\",\"potentialAction\":[{\"@type\":\"ReadAction\",\"target\":[\"https:\\\/\\\/www.article-marketing.eu\\\/comunicatistampa\\\/pierroberto-folgiero-il-panel-conversation-on-leadership-con-lad-e-dg-di-fincantieri\\\/\"]}]},{\"@type\":\"ImageObject\",\"inLanguage\":\"it-IT\",\"@id\":\"https:\\\/\\\/www.article-marketing.eu\\\/comunicatistampa\\\/pierroberto-folgiero-il-panel-conversation-on-leadership-con-lad-e-dg-di-fincantieri\\\/#primaryimage\",\"url\":\"https:\\\/\\\/www.topmanagers.it\\\/SharingFolder\\\/TopManager\\\/it\\\/ManagerProfilePhoto\\\/Photo\\\/Pierroberto-Folgiero-topmanagers.jpg\",\"contentUrl\":\"https:\\\/\\\/www.topmanagers.it\\\/SharingFolder\\\/TopManager\\\/it\\\/ManagerProfilePhoto\\\/Photo\\\/Pierroberto-Folgiero-topmanagers.jpg\"},{\"@type\":\"BreadcrumbList\",\"@id\":\"https:\\\/\\\/www.article-marketing.eu\\\/comunicatistampa\\\/pierroberto-folgiero-il-panel-conversation-on-leadership-con-lad-e-dg-di-fincantieri\\\/#breadcrumb\",\"itemListElement\":[{\"@type\":\"ListItem\",\"position\":1,\"name\":\"Home\",\"item\":\"https:\\\/\\\/www.article-marketing.eu\\\/comunicatistampa\\\/\"},{\"@type\":\"ListItem\",\"position\":2,\"name\":\"Pierroberto Folgiero: il panel \u201cConversation on Leadership\u201d con l\u2019AD e DG di Fincantieri\"}]},{\"@type\":\"WebSite\",\"@id\":\"https:\\\/\\\/www.article-marketing.eu\\\/comunicatistampa\\\/#website\",\"url\":\"https:\\\/\\\/www.article-marketing.eu\\\/comunicatistampa\\\/\",\"name\":\"Article Marketing\",\"description\":\"article marketing &amp; press release\",\"potentialAction\":[{\"@type\":\"SearchAction\",\"target\":{\"@type\":\"EntryPoint\",\"urlTemplate\":\"https:\\\/\\\/www.article-marketing.eu\\\/comunicatistampa\\\/?s={search_term_string}\"},\"query-input\":{\"@type\":\"PropertyValueSpecification\",\"valueRequired\":true,\"valueName\":\"search_term_string\"}}],\"inLanguage\":\"it-IT\"},{\"@type\":\"Person\",\"@id\":\"https:\\\/\\\/www.article-marketing.eu\\\/comunicatistampa\\\/#\\\/schema\\\/person\\\/2fcaf8f8f3a9eef9eb7f27532d3ca458\",\"name\":\"articolinews\",\"image\":{\"@type\":\"ImageObject\",\"inLanguage\":\"it-IT\",\"@id\":\"https:\\\/\\\/secure.gravatar.com\\\/avatar\\\/9e2a264bab04e17dea24d937c9956304649a848cb73c46747a692ff1bdeb1cb7?s=96&d=mm&r=g\",\"url\":\"https:\\\/\\\/secure.gravatar.com\\\/avatar\\\/9e2a264bab04e17dea24d937c9956304649a848cb73c46747a692ff1bdeb1cb7?s=96&d=mm&r=g\",\"contentUrl\":\"https:\\\/\\\/secure.gravatar.com\\\/avatar\\\/9e2a264bab04e17dea24d937c9956304649a848cb73c46747a692ff1bdeb1cb7?s=96&d=mm&r=g\",\"caption\":\"articolinews\"},\"url\":\"https:\\\/\\\/www.article-marketing.eu\\\/comunicatistampa\\\/author\\\/articolinews\\\/\"}]}<\/script>\n<!-- \/ Yoast SEO plugin. -->","yoast_head_json":{"title":"Pierroberto Folgiero: il panel \u201cConversation on Leadership\u201d con l\u2019AD e DG di Fincantieri","robots":{"index":"index","follow":"follow","max-snippet":"max-snippet:-1","max-image-preview":"max-image-preview:large","max-video-preview":"max-video-preview:-1"},"canonical":"https:\/\/www.article-marketing.eu\/comunicatistampa\/pierroberto-folgiero-il-panel-conversation-on-leadership-con-lad-e-dg-di-fincantieri\/","og_locale":"it_IT","og_type":"article","og_title":"Pierroberto Folgiero: il panel \u201cConversation on Leadership\u201d con l\u2019AD e DG di Fincantieri","og_description":"&#8220;La sfida \u00e8 nel mio DNA e Fincantieri \u00e8 sicuramente un esempio fantastico&#8221;: l&#8217;AD e DG Pierroberto Folgiero interviene al panel &#8220;Conversation on Leadership&#8221;. &#8220;Conversation on Leadership&#8221;: la vision dell&#8217;AD e DG di Fincantieri Pierroberto Folgiero Riconsiderare le sfide come opportunit\u00e0 di crescita personale e affrontarle senza timore: l&#8217;invito arriva da Pierroberto Folgiero, Amministratore Delegato e Direttore Generale di Fincantieri, intervenuto lo scorso 14 settembre al panel &#8220;Conversation on Leadership&#8221;Continue reading...","og_url":"https:\/\/www.article-marketing.eu\/comunicatistampa\/pierroberto-folgiero-il-panel-conversation-on-leadership-con-lad-e-dg-di-fincantieri\/","og_site_name":"Article Marketing","article_published_time":"2022-10-05T15:31:47+00:00","og_image":[{"url":"https:\/\/www.topmanagers.it\/SharingFolder\/TopManager\/it\/ManagerProfilePhoto\/Photo\/Pierroberto-Folgiero-topmanagers.jpg","type":"","width":"","height":""}],"author":"articolinews","twitter_card":"summary_large_image","twitter_misc":{"Scritto da":"articolinews","Tempo di lettura stimato":"2 minuti"},"schema":{"@context":"https:\/\/schema.org","@graph":[{"@type":"Article","@id":"https:\/\/www.article-marketing.eu\/comunicatistampa\/pierroberto-folgiero-il-panel-conversation-on-leadership-con-lad-e-dg-di-fincantieri\/#article","isPartOf":{"@id":"https:\/\/www.article-marketing.eu\/comunicatistampa\/pierroberto-folgiero-il-panel-conversation-on-leadership-con-lad-e-dg-di-fincantieri\/"},"author":{"name":"articolinews","@id":"https:\/\/www.article-marketing.eu\/comunicatistampa\/#\/schema\/person\/2fcaf8f8f3a9eef9eb7f27532d3ca458"},"headline":"Pierroberto Folgiero: il panel \u201cConversation on Leadership\u201d con l\u2019AD e DG di Fincantieri","datePublished":"2022-10-05T15:31:47+00:00","mainEntityOfPage":{"@id":"https:\/\/www.article-marketing.eu\/comunicatistampa\/pierroberto-folgiero-il-panel-conversation-on-leadership-con-lad-e-dg-di-fincantieri\/"},"wordCount":324,"commentCount":0,"image":{"@id":"https:\/\/www.article-marketing.eu\/comunicatistampa\/pierroberto-folgiero-il-panel-conversation-on-leadership-con-lad-e-dg-di-fincantieri\/#primaryimage"},"thumbnailUrl":"https:\/\/www.topmanagers.it\/SharingFolder\/TopManager\/it\/ManagerProfilePhoto\/Photo\/Pierroberto-Folgiero-topmanagers.jpg","keywords":["Pierroberto Folgiero"],"articleSection":["Economia e lavoro"],"inLanguage":"it-IT","potentialAction":[{"@type":"CommentAction","name":"Comment","target":["https:\/\/www.article-marketing.eu\/comunicatistampa\/pierroberto-folgiero-il-panel-conversation-on-leadership-con-lad-e-dg-di-fincantieri\/#respond"]}]},{"@type":"WebPage","@id":"https:\/\/www.article-marketing.eu\/comunicatistampa\/pierroberto-folgiero-il-panel-conversation-on-leadership-con-lad-e-dg-di-fincantieri\/","url":"https:\/\/www.article-marketing.eu\/comunicatistampa\/pierroberto-folgiero-il-panel-conversation-on-leadership-con-lad-e-dg-di-fincantieri\/","name":"Pierroberto Folgiero: il panel \u201cConversation on Leadership\u201d con l\u2019AD e DG di Fincantieri","isPartOf":{"@id":"https:\/\/www.article-marketing.eu\/comunicatistampa\/#website"},"primaryImageOfPage":{"@id":"https:\/\/www.article-marketing.eu\/comunicatistampa\/pierroberto-folgiero-il-panel-conversation-on-leadership-con-lad-e-dg-di-fincantieri\/#primaryimage"},"image":{"@id":"https:\/\/www.article-marketing.eu\/comunicatistampa\/pierroberto-folgiero-il-panel-conversation-on-leadership-con-lad-e-dg-di-fincantieri\/#primaryimage"},"thumbnailUrl":"https:\/\/www.topmanagers.it\/SharingFolder\/TopManager\/it\/ManagerProfilePhoto\/Photo\/Pierroberto-Folgiero-topmanagers.jpg","datePublished":"2022-10-05T15:31:47+00:00","author":{"@id":"https:\/\/www.article-marketing.eu\/comunicatistampa\/#\/schema\/person\/2fcaf8f8f3a9eef9eb7f27532d3ca458"},"breadcrumb":{"@id":"https:\/\/www.article-marketing.eu\/comunicatistampa\/pierroberto-folgiero-il-panel-conversation-on-leadership-con-lad-e-dg-di-fincantieri\/#breadcrumb"},"inLanguage":"it-IT","potentialAction":[{"@type":"ReadAction","target":["https:\/\/www.article-marketing.eu\/comunicatistampa\/pierroberto-folgiero-il-panel-conversation-on-leadership-con-lad-e-dg-di-fincantieri\/"]}]},{"@type":"ImageObject","inLanguage":"it-IT","@id":"https:\/\/www.article-marketing.eu\/comunicatistampa\/pierroberto-folgiero-il-panel-conversation-on-leadership-con-lad-e-dg-di-fincantieri\/#primaryimage","url":"https:\/\/www.topmanagers.it\/SharingFolder\/TopManager\/it\/ManagerProfilePhoto\/Photo\/Pierroberto-Folgiero-topmanagers.jpg","contentUrl":"https:\/\/www.topmanagers.it\/SharingFolder\/TopManager\/it\/ManagerProfilePhoto\/Photo\/Pierroberto-Folgiero-topmanagers.jpg"},{"@type":"BreadcrumbList","@id":"https:\/\/www.article-marketing.eu\/comunicatistampa\/pierroberto-folgiero-il-panel-conversation-on-leadership-con-lad-e-dg-di-fincantieri\/#breadcrumb","itemListElement":[{"@type":"ListItem","position":1,"name":"Home","item":"https:\/\/www.article-marketing.eu\/comunicatistampa\/"},{"@type":"ListItem","position":2,"name":"Pierroberto Folgiero: il panel \u201cConversation on Leadership\u201d con l\u2019AD e DG di Fincantieri"}]},{"@type":"WebSite","@id":"https:\/\/www.article-marketing.eu\/comunicatistampa\/#website","url":"https:\/\/www.article-marketing.eu\/comunicatistampa\/","name":"Article Marketing","description":"article marketing &amp; press release","potentialAction":[{"@type":"SearchAction","target":{"@type":"EntryPoint","urlTemplate":"https:\/\/www.article-marketing.eu\/comunicatistampa\/?s={search_term_string}"},"query-input":{"@type":"PropertyValueSpecification","valueRequired":true,"valueName":"search_term_string"}}],"inLanguage":"it-IT"},{"@type":"Person","@id":"https:\/\/www.article-marketing.eu\/comunicatistampa\/#\/schema\/person\/2fcaf8f8f3a9eef9eb7f27532d3ca458","name":"articolinews","image":{"@type":"ImageObject","inLanguage":"it-IT","@id":"https:\/\/secure.gravatar.com\/avatar\/9e2a264bab04e17dea24d937c9956304649a848cb73c46747a692ff1bdeb1cb7?s=96&d=mm&r=g","url":"https:\/\/secure.gravatar.com\/avatar\/9e2a264bab04e17dea24d937c9956304649a848cb73c46747a692ff1bdeb1cb7?s=96&d=mm&r=g","contentUrl":"https:\/\/secure.gravatar.com\/avatar\/9e2a264bab04e17dea24d937c9956304649a848cb73c46747a692ff1bdeb1cb7?s=96&d=mm&r=g","caption":"articolinews"},"url":"https:\/\/www.article-marketing.eu\/comunicatistampa\/author\/articolinews\/"}]}},"_links":{"self":[{"href":"https:\/\/www.article-marketing.eu\/comunicatistampa\/wp-json\/wp\/v2\/posts\/24905","targetHints":{"allow":["GET"]}}],"collection":[{"href":"https:\/\/www.article-marketing.eu\/comunicatistampa\/wp-json\/wp\/v2\/posts"}],"about":[{"href":"https:\/\/www.article-marketing.eu\/comunicatistampa\/wp-json\/wp\/v2\/types\/post"}],"author":[{"embeddable":true,"href":"https:\/\/www.article-marketing.eu\/comunicatistampa\/wp-json\/wp\/v2\/users\/6477"}],"replies":[{"embeddable":true,"href":"https:\/\/www.article-marketing.eu\/comunicatistampa\/wp-json\/wp\/v2\/comments?post=24905"}],"version-history":[{"count":2,"href":"https:\/\/www.article-marketing.eu\/comunicatistampa\/wp-json\/wp\/v2\/posts\/24905\/revisions"}],"predecessor-version":[{"id":24946,"href":"https:\/\/www.article-marketing.eu\/comunicatistampa\/wp-json\/wp\/v2\/posts\/24905\/revisions\/24946"}],"wp:attachment":[{"href":"https:\/\/www.article-marketing.eu\/comunicatistampa\/wp-json\/wp\/v2\/media?parent=24905"}],"wp:term":[{"taxonomy":"category","embeddable":true,"href":"https:\/\/www.article-marketing.eu\/comunicatistampa\/wp-json\/wp\/v2\/categories?post=24905"},{"taxonomy":"post_tag","embeddable":true,"href":"https:\/\/www.article-marketing.eu\/comunicatistampa\/wp-json\/wp\/v2\/tags?post=24905"}],"curies":[{"name":"wp","href":"https:\/\/api.w.org\/{rel}","templated":true}]}}