{"id":24907,"date":"2022-10-05T17:25:24","date_gmt":"2022-10-05T15:25:24","guid":{"rendered":"https:\/\/www.article-marketing.eu\/comunicatistampa\/?p=24907"},"modified":"2022-10-05T17:25:24","modified_gmt":"2022-10-05T15:25:24","slug":"lesperienza-di-velox-servizi-al-lake-garda-hospitality-summit","status":"publish","type":"post","link":"https:\/\/www.article-marketing.eu\/comunicatistampa\/lesperienza-di-velox-servizi-al-lake-garda-hospitality-summit\/","title":{"rendered":"L\u2019esperienza di Velox Servizi al Lake Garda Hospitality Summit"},"content":{"rendered":"<p align=\"justify\"><span style=\"font-family: Verdana;\"><span style=\"font-size: medium;\"><i>Il 25 ottobre l\u2019incontro a Dogana Veneta Lazise (VR) per illustrare i fattori chiave di un sistema turistico evoluto e competitivo. L\u2019azienda veronese testimonia come qualit\u00e0, formazione e tecnologia siano tra i fattori chiave per diventare imprese ad alto valore aggiunto<\/i><\/span><\/span><\/p>\n<p class=\"western\" align=\"justify\"><span style=\"color: #000000;\"><span style=\"font-family: Verdana;\"><span style=\"font-size: medium;\">Il futuro e il cambiamento del sistema turistico italiano si danno <\/span><\/span><\/span><span style=\"color: #000000;\"><span style=\"font-family: Verdana;\"><span style=\"font-size: medium;\"><b>appuntamento a Dogana Veneta Lazise (VR) per il Lake Garda Hospitality Summit<\/b><\/span><\/span><\/span><span style=\"color: #000000;\"><span style=\"font-family: Verdana;\"><span style=\"font-size: medium;\">, <\/span><\/span><\/span><span style=\"color: #000000;\"><span style=\"font-family: Verdana;\"><span style=\"font-size: medium;\"><b>organizzato il 25 ottobre da Formazione Alberghiera<\/b><\/span><\/span><\/span><span style=\"color: #000000;\"><span style=\"font-family: Verdana;\"><span style=\"font-size: medium;\">, <\/span><\/span><\/span><span style=\"color: #000000;\"><span style=\"font-family: Verdana;\"><span style=\"font-size: medium;\"><b>la <\/b><\/span><\/span><\/span><span style=\"font-family: Verdana;\"><span style=\"font-size: medium;\"><b>una scuola di alta formazione del settore turistico divenuta uno dei principali punti di riferimento in Italia<\/b><\/span><\/span><span style=\"font-family: Verdana;\"><span style=\"font-size: medium;\"> per tutti coloro che desiderano una formazione pi\u00f9 completa ed approfondita, grazie a corsi professionali alberghieri che aiutano aziende e privati ad accrescere il proprio valore nell\u2019arte dell\u2019ospitalit\u00e0.<\/span><\/span><\/p>\n<p class=\"western\" align=\"justify\"><span style=\"font-family: Verdana;\"><span style=\"font-size: medium;\">Un tema molto sentito e discusso, dove non solo la carenza di personale, ma anche la qualit\u00e0 talvolta discutibile rischiano di vedere l\u2019Italia penalizzata come scelta tra le mete turistiche del pubblico internazionale.<\/span><\/span><\/p>\n<p class=\"western\" align=\"justify\"><span style=\"font-family: Verdana;\"><span style=\"font-size: medium;\">La giornata di approfondimento \u00e8 quindi l\u2019occasione per mettere in luce le problematiche del settore, per rispondere adeguatamente alle richieste di un <\/span><\/span><span style=\"color: #000000;\"><span style=\"font-family: Verdana;\"><span style=\"font-size: medium;\">turista sempre pi\u00f9 esigente e consapevole.<\/span><\/span><\/span><\/p>\n<p class=\"western\" align=\"justify\"><span style=\"color: #000000;\"><span style=\"font-family: Verdana;\"><span style=\"font-size: medium;\">Numerosi gli interventi di valore, tenuti da esperti che tratteranno i tanti punti cruciali con cui deve necessariamente confrontarsi un\u2019impresa alberghiera. A portare il proprio supporto e la propria esperienza anche <\/span><\/span><\/span><span style=\"color: #000000;\"><span style=\"font-family: Verdana;\"><span style=\"font-size: medium;\"><b>Velox Servizi, <\/b><\/span><\/span><\/span><span style=\"font-family: Verdana;\"><span style=\"font-size: medium;\"><b>l\u2019azienda veronese, fondata nel 1990 da Gianmaria Villa<\/b><\/span><\/span><span style=\"font-family: Verdana;\"><span style=\"font-size: medium;\"> che \u00e8 la testimonianza concreta di come sia possibile <\/span><\/span><span style=\"font-family: Verdana;\"><span style=\"font-size: medium;\"><b>garantire elevati standard qualitativi grazie a un aggiornamento continuo e l\u2019adozione di tecnologie innovative<\/b><\/span><\/span><span style=\"font-family: Verdana;\"><span style=\"font-size: medium;\"> per far fronte alle nuove necessit\u00e0 di uno scenario in continua evoluzione.<\/span><\/span><\/p>\n<p class=\"western\" align=\"justify\"><span style=\"font-family: Verdana;\"><span style=\"font-size: medium;\"><b>Da anni Velox Servizi \u00e8 un<\/b><\/span><\/span> <span style=\"font-family: Verdana;\"><span style=\"font-size: medium;\"><b>punto di riferimento a livello nazionale nell\u2019ambito delle pulizie professionali<\/b><\/span><\/span><span style=\"font-family: Verdana;\"><span style=\"font-size: medium;\"> e certificata secondo i maggiori e pi\u00f9 stringenti sistemi di qualit\u00e0, con un approccio che le \u00e8 valso una crescita costante e che oggi si prepara a un ulteriore ambizioso piano di sviluppo su tutto il territorio nazionale.<\/span><\/span><\/p>\n<p class=\"western\" align=\"justify\"><span style=\"font-family: Verdana;\"><span style=\"font-size: medium;\"><b>La visione imprenditoriale<\/b><\/span><\/span><span style=\"font-family: Verdana;\"><span style=\"font-size: medium;\"> che da oltre trent\u2019anni porta avanti il fondatore Gianmaria Villa<\/span><\/span><b> <\/b><span style=\"font-family: Verdana;\"><span style=\"font-size: medium;\">si basa<\/span><\/span><b> <\/b><span style=\"font-family: Verdana;\"><span style=\"font-size: medium;\">sul <\/span><\/span><span style=\"font-family: Verdana;\"><span style=\"font-size: medium;\"><b>concetto di struttura come una vera e propria impresa<\/b><\/span><\/span><span style=\"font-family: Verdana;\"><span style=\"font-size: medium;\">, basata <\/span><\/span><span style=\"font-family: Verdana;\"><span style=\"font-size: medium;\"><b>su analisi delle specifiche problematiche e soluzioni concrete, efficaci e personalizzate<\/b><\/span><\/span><span style=\"font-family: Verdana;\"><span style=\"font-size: medium;\">. <\/span><\/span><\/p>\n<p class=\"western\" align=\"justify\"><span style=\"font-family: Verdana;\"><span style=\"font-size: medium;\">Proprio lo studio del settore e la capacit\u00e0 di anticiparne le dinamiche spiega la <\/span><\/span><span style=\"font-family: Verdana;\"><span style=\"font-size: medium;\"><b>crescita<\/b><\/span><\/span><span style=\"font-family: Verdana;\"><span style=\"font-size: medium;\"> di Velox Servizi e la <\/span><\/span><span style=\"font-family: Verdana;\"><span style=\"font-size: medium;\"><b>continua espansione non solo in termini di fatturato, ma anche di offerta<\/b><\/span><\/span><span style=\"font-family: Verdana;\"><span style=\"font-size: medium;\">, rispondendo alle necessit\u00e0 crescenti di una filiera troppo spesso carente a causa di molteplici fattori. <\/span><\/span><\/p>\n<p class=\"western\" align=\"justify\"><span style=\"font-family: Verdana;\"><span style=\"font-size: medium;\"><b>Un successo spiegato anche da<\/b><\/span><\/span> <span style=\"font-family: Verdana;\"><span style=\"font-size: medium;\"><b>Oscar Chemello, Responsabile commerciale dell\u2019azienda come la capacit\u00e0 di presentare una proposta completa e altamente specializzata<\/b><\/span><\/span><i> <\/i><span style=\"font-family: Verdana;\"><span style=\"font-size: medium;\"><b>con un modello di servizio tutto italiano<\/b><\/span><\/span><span style=\"font-family: Verdana;\"><span style=\"font-size: medium;\">.<\/span><\/span><\/p>\n<p class=\"western\" align=\"justify\"><span style=\"font-family: Verdana;\"><span style=\"font-size: medium;\">In effetti, per un Paese apprezzato nel mondo proprio per quell\u2019<\/span><\/span><span style=\"font-family: Verdana;\"><span style=\"font-size: medium;\"><b>Italian Style <\/b><\/span><\/span><span style=\"font-family: Verdana;\"><span style=\"font-size: medium;\">che lo caratterizza e che troppo spesso viene trascurato, il valore di una formazione professionale e completa \u00e8 fondamentale e l\u2019obiettivo del Lake Garda Hospitality Summit \u00e8 proprio quello di insegnare, proprio come gi\u00e0 in Velox Servizi, <\/span><\/span><span style=\"font-family: Verdana;\"><span style=\"font-size: medium;\"><b>un approccio differente, fortemente dinamico<\/b><\/span><\/span><span style=\"font-family: Verdana;\"><span style=\"font-size: medium;\">, basato su un\u2019accurata selezione di <\/span><\/span><span style=\"font-family: Verdana;\"><span style=\"font-size: medium;\"><b>figure altamente qualificate e costantemente formate<\/b><\/span><\/span><span style=\"font-family: Verdana;\"><span style=\"font-size: medium;\">, affiancate da <\/span><\/span><span style=\"font-family: Verdana;\"><span style=\"font-size: medium;\"><b>tecnici e responsabili di area<\/b><\/span><\/span><span style=\"font-family: Verdana;\"><span style=\"font-size: medium;\">, in grado di verificare gli elevati standard qualitativi e una <\/span><\/span><span style=\"font-family: Verdana;\"><span style=\"font-size: medium;\"><b>gestione diretta sui diversi interventi<\/b><\/span><\/span><span style=\"font-family: Verdana;\"><span style=\"font-size: medium;\">. Un <\/span><\/span><span style=\"font-family: Verdana;\"><span style=\"font-size: medium;\"><b>sistema di lavoro evoluto<\/b><\/span><\/span><span style=\"font-family: Verdana;\"><span style=\"font-size: medium;\"> che non mira al risparmio sul personale e sui prodotti, ma anzi <\/span><\/span><span style=\"font-family: Verdana;\"><span style=\"font-size: medium;\"><b>un investimento sulla professionalit\u00e0 degli individui e il supporto di tecnologie moderne e all\u2019avanguardia<\/b><\/span><\/span><span style=\"font-family: Verdana;\"><span style=\"font-size: medium;\">. <\/span><\/span><\/p>\n<p class=\"western\" align=\"justify\"><span style=\"font-family: Verdana;\"><span style=\"font-size: medium;\">Una formula vincente che <\/span><\/span><span style=\"font-family: Verdana;\"><span style=\"font-size: medium;\"><b>Velox Servizi testimonia annunciando un importante piano di espansione su tutto il territorio italiano<\/b><\/span><\/span><span style=\"font-family: Verdana;\"><span style=\"font-size: medium;\">, con particolare focus al centro sud, con l\u2019obiettivo l\u2019implementazione di altre 50-70 strutture entro fine 2023 che andrebbero ad aggiungersi al proprio attuale portfolio alberghiero di 150 strutture sui segmenti di riferimento leisure e business. Il risultato premiante \u00e8 frutto di un cambio di mentalit\u00e0 in cui la gestione di tutta la filiera rende possibile un alto livello qualitativo, ben percepito e comunicato, in cui ogni attore \u00e8 partner e concorre al pieno successo del settore turistico italiano.<\/span><\/span><\/p>\n<p class=\"western\" align=\"justify\"><span style=\"font-family: Verdana;\"><span style=\"font-size: small;\">https:\/\/www.veloxservizi.it\/index.cfm\/it\/<\/span><\/span><\/p>\n","protected":false},"excerpt":{"rendered":"<p>Il 25 ottobre l\u2019incontro a Dogana Veneta Lazise (VR) per illustrare i fattori chiave di un sistema turistico evoluto e competitivo. L\u2019azienda veronese testimonia come qualit\u00e0, formazione e tecnologia siano tra i fattori chiave per diventare imprese ad alto valore aggiunto Il futuro e il cambiamento del sistema turistico italiano si danno appuntamento a Dogana Veneta Lazise (VR) per il Lake Garda Hospitality Summit, organizzato il 25 ottobre da Formazione<\/p>\n<p><a class=\"continue-reading\" href=\"https:\/\/www.article-marketing.eu\/comunicatistampa\/lesperienza-di-velox-servizi-al-lake-garda-hospitality-summit\/\">Continue reading&#8230;<\/a><\/p>\n","protected":false},"author":397,"featured_media":0,"comment_status":"open","ping_status":"open","sticky":false,"template":"","format":"standard","meta":{"_monsterinsights_skip_tracking":false,"_monsterinsights_sitenote_active":false,"_monsterinsights_sitenote_note":"","_monsterinsights_sitenote_category":0,"footnotes":""},"categories":[78],"tags":[],"class_list":["post-24907","post","type-post","status-publish","format-standard","hentry","category-comunicati-stampa"],"yoast_head":"<!-- This site is optimized with the Yoast SEO plugin v27.3 - https:\/\/yoast.com\/product\/yoast-seo-wordpress\/ -->\n<title>L\u2019esperienza di Velox Servizi al Lake Garda Hospitality Summit<\/title>\n<meta name=\"robots\" content=\"index, follow, max-snippet:-1, max-image-preview:large, max-video-preview:-1\" \/>\n<link rel=\"canonical\" href=\"https:\/\/www.article-marketing.eu\/comunicatistampa\/lesperienza-di-velox-servizi-al-lake-garda-hospitality-summit\/\" \/>\n<meta property=\"og:locale\" content=\"it_IT\" \/>\n<meta property=\"og:type\" content=\"article\" \/>\n<meta property=\"og:title\" content=\"L\u2019esperienza di Velox Servizi al Lake Garda Hospitality Summit\" \/>\n<meta property=\"og:description\" content=\"Il 25 ottobre l\u2019incontro a Dogana Veneta Lazise (VR) per illustrare i fattori chiave di un sistema turistico evoluto e competitivo. L\u2019azienda veronese testimonia come qualit\u00e0, formazione e tecnologia siano tra i fattori chiave per diventare imprese ad alto valore aggiunto Il futuro e il cambiamento del sistema turistico italiano si danno appuntamento a Dogana Veneta Lazise (VR) per il Lake Garda Hospitality Summit, organizzato il 25 ottobre da FormazioneContinue reading...\" \/>\n<meta property=\"og:url\" content=\"https:\/\/www.article-marketing.eu\/comunicatistampa\/lesperienza-di-velox-servizi-al-lake-garda-hospitality-summit\/\" \/>\n<meta property=\"og:site_name\" content=\"Article Marketing\" \/>\n<meta property=\"article:published_time\" content=\"2022-10-05T15:25:24+00:00\" \/>\n<meta name=\"author\" content=\"Borderline Agency\" \/>\n<meta name=\"twitter:card\" content=\"summary_large_image\" \/>\n<meta name=\"twitter:label1\" content=\"Scritto da\" \/>\n\t<meta name=\"twitter:data1\" content=\"Borderline Agency\" \/>\n\t<meta name=\"twitter:label2\" content=\"Tempo di lettura stimato\" \/>\n\t<meta name=\"twitter:data2\" content=\"4 minuti\" \/>\n<script type=\"application\/ld+json\" class=\"yoast-schema-graph\">{\"@context\":\"https:\\\/\\\/schema.org\",\"@graph\":[{\"@type\":\"Article\",\"@id\":\"https:\\\/\\\/www.article-marketing.eu\\\/comunicatistampa\\\/lesperienza-di-velox-servizi-al-lake-garda-hospitality-summit\\\/#article\",\"isPartOf\":{\"@id\":\"https:\\\/\\\/www.article-marketing.eu\\\/comunicatistampa\\\/lesperienza-di-velox-servizi-al-lake-garda-hospitality-summit\\\/\"},\"author\":{\"name\":\"Borderline Agency\",\"@id\":\"https:\\\/\\\/www.article-marketing.eu\\\/comunicatistampa\\\/#\\\/schema\\\/person\\\/1c4ab1c7aad84347e26e78235da6ff1b\"},\"headline\":\"L\u2019esperienza di Velox Servizi al Lake Garda Hospitality Summit\",\"datePublished\":\"2022-10-05T15:25:24+00:00\",\"mainEntityOfPage\":{\"@id\":\"https:\\\/\\\/www.article-marketing.eu\\\/comunicatistampa\\\/lesperienza-di-velox-servizi-al-lake-garda-hospitality-summit\\\/\"},\"wordCount\":656,\"commentCount\":0,\"articleSection\":[\"Comunicati stampa\"],\"inLanguage\":\"it-IT\",\"potentialAction\":[{\"@type\":\"CommentAction\",\"name\":\"Comment\",\"target\":[\"https:\\\/\\\/www.article-marketing.eu\\\/comunicatistampa\\\/lesperienza-di-velox-servizi-al-lake-garda-hospitality-summit\\\/#respond\"]}]},{\"@type\":\"WebPage\",\"@id\":\"https:\\\/\\\/www.article-marketing.eu\\\/comunicatistampa\\\/lesperienza-di-velox-servizi-al-lake-garda-hospitality-summit\\\/\",\"url\":\"https:\\\/\\\/www.article-marketing.eu\\\/comunicatistampa\\\/lesperienza-di-velox-servizi-al-lake-garda-hospitality-summit\\\/\",\"name\":\"L\u2019esperienza di Velox Servizi al Lake Garda Hospitality Summit\",\"isPartOf\":{\"@id\":\"https:\\\/\\\/www.article-marketing.eu\\\/comunicatistampa\\\/#website\"},\"datePublished\":\"2022-10-05T15:25:24+00:00\",\"author\":{\"@id\":\"https:\\\/\\\/www.article-marketing.eu\\\/comunicatistampa\\\/#\\\/schema\\\/person\\\/1c4ab1c7aad84347e26e78235da6ff1b\"},\"breadcrumb\":{\"@id\":\"https:\\\/\\\/www.article-marketing.eu\\\/comunicatistampa\\\/lesperienza-di-velox-servizi-al-lake-garda-hospitality-summit\\\/#breadcrumb\"},\"inLanguage\":\"it-IT\",\"potentialAction\":[{\"@type\":\"ReadAction\",\"target\":[\"https:\\\/\\\/www.article-marketing.eu\\\/comunicatistampa\\\/lesperienza-di-velox-servizi-al-lake-garda-hospitality-summit\\\/\"]}]},{\"@type\":\"BreadcrumbList\",\"@id\":\"https:\\\/\\\/www.article-marketing.eu\\\/comunicatistampa\\\/lesperienza-di-velox-servizi-al-lake-garda-hospitality-summit\\\/#breadcrumb\",\"itemListElement\":[{\"@type\":\"ListItem\",\"position\":1,\"name\":\"Home\",\"item\":\"https:\\\/\\\/www.article-marketing.eu\\\/comunicatistampa\\\/\"},{\"@type\":\"ListItem\",\"position\":2,\"name\":\"L\u2019esperienza di Velox Servizi al Lake Garda Hospitality Summit\"}]},{\"@type\":\"WebSite\",\"@id\":\"https:\\\/\\\/www.article-marketing.eu\\\/comunicatistampa\\\/#website\",\"url\":\"https:\\\/\\\/www.article-marketing.eu\\\/comunicatistampa\\\/\",\"name\":\"Article Marketing\",\"description\":\"article marketing &amp; press release\",\"potentialAction\":[{\"@type\":\"SearchAction\",\"target\":{\"@type\":\"EntryPoint\",\"urlTemplate\":\"https:\\\/\\\/www.article-marketing.eu\\\/comunicatistampa\\\/?s={search_term_string}\"},\"query-input\":{\"@type\":\"PropertyValueSpecification\",\"valueRequired\":true,\"valueName\":\"search_term_string\"}}],\"inLanguage\":\"it-IT\"},{\"@type\":\"Person\",\"@id\":\"https:\\\/\\\/www.article-marketing.eu\\\/comunicatistampa\\\/#\\\/schema\\\/person\\\/1c4ab1c7aad84347e26e78235da6ff1b\",\"name\":\"Borderline Agency\",\"image\":{\"@type\":\"ImageObject\",\"inLanguage\":\"it-IT\",\"@id\":\"https:\\\/\\\/secure.gravatar.com\\\/avatar\\\/741fa053101610cb0be7dc835c116926549ae4ae2142ff35eac04d78fda61461?s=96&d=mm&r=g\",\"url\":\"https:\\\/\\\/secure.gravatar.com\\\/avatar\\\/741fa053101610cb0be7dc835c116926549ae4ae2142ff35eac04d78fda61461?s=96&d=mm&r=g\",\"contentUrl\":\"https:\\\/\\\/secure.gravatar.com\\\/avatar\\\/741fa053101610cb0be7dc835c116926549ae4ae2142ff35eac04d78fda61461?s=96&d=mm&r=g\",\"caption\":\"Borderline Agency\"},\"url\":\"https:\\\/\\\/www.article-marketing.eu\\\/comunicatistampa\\\/author\\\/borderline-agency\\\/\"}]}<\/script>\n<!-- \/ Yoast SEO plugin. -->","yoast_head_json":{"title":"L\u2019esperienza di Velox Servizi al Lake Garda Hospitality Summit","robots":{"index":"index","follow":"follow","max-snippet":"max-snippet:-1","max-image-preview":"max-image-preview:large","max-video-preview":"max-video-preview:-1"},"canonical":"https:\/\/www.article-marketing.eu\/comunicatistampa\/lesperienza-di-velox-servizi-al-lake-garda-hospitality-summit\/","og_locale":"it_IT","og_type":"article","og_title":"L\u2019esperienza di Velox Servizi al Lake Garda Hospitality Summit","og_description":"Il 25 ottobre l\u2019incontro a Dogana Veneta Lazise (VR) per illustrare i fattori chiave di un sistema turistico evoluto e competitivo. L\u2019azienda veronese testimonia come qualit\u00e0, formazione e tecnologia siano tra i fattori chiave per diventare imprese ad alto valore aggiunto Il futuro e il cambiamento del sistema turistico italiano si danno appuntamento a Dogana Veneta Lazise (VR) per il Lake Garda Hospitality Summit, organizzato il 25 ottobre da FormazioneContinue reading...","og_url":"https:\/\/www.article-marketing.eu\/comunicatistampa\/lesperienza-di-velox-servizi-al-lake-garda-hospitality-summit\/","og_site_name":"Article Marketing","article_published_time":"2022-10-05T15:25:24+00:00","author":"Borderline Agency","twitter_card":"summary_large_image","twitter_misc":{"Scritto da":"Borderline Agency","Tempo di lettura stimato":"4 minuti"},"schema":{"@context":"https:\/\/schema.org","@graph":[{"@type":"Article","@id":"https:\/\/www.article-marketing.eu\/comunicatistampa\/lesperienza-di-velox-servizi-al-lake-garda-hospitality-summit\/#article","isPartOf":{"@id":"https:\/\/www.article-marketing.eu\/comunicatistampa\/lesperienza-di-velox-servizi-al-lake-garda-hospitality-summit\/"},"author":{"name":"Borderline Agency","@id":"https:\/\/www.article-marketing.eu\/comunicatistampa\/#\/schema\/person\/1c4ab1c7aad84347e26e78235da6ff1b"},"headline":"L\u2019esperienza di Velox Servizi al Lake Garda Hospitality Summit","datePublished":"2022-10-05T15:25:24+00:00","mainEntityOfPage":{"@id":"https:\/\/www.article-marketing.eu\/comunicatistampa\/lesperienza-di-velox-servizi-al-lake-garda-hospitality-summit\/"},"wordCount":656,"commentCount":0,"articleSection":["Comunicati stampa"],"inLanguage":"it-IT","potentialAction":[{"@type":"CommentAction","name":"Comment","target":["https:\/\/www.article-marketing.eu\/comunicatistampa\/lesperienza-di-velox-servizi-al-lake-garda-hospitality-summit\/#respond"]}]},{"@type":"WebPage","@id":"https:\/\/www.article-marketing.eu\/comunicatistampa\/lesperienza-di-velox-servizi-al-lake-garda-hospitality-summit\/","url":"https:\/\/www.article-marketing.eu\/comunicatistampa\/lesperienza-di-velox-servizi-al-lake-garda-hospitality-summit\/","name":"L\u2019esperienza di Velox Servizi al Lake Garda Hospitality Summit","isPartOf":{"@id":"https:\/\/www.article-marketing.eu\/comunicatistampa\/#website"},"datePublished":"2022-10-05T15:25:24+00:00","author":{"@id":"https:\/\/www.article-marketing.eu\/comunicatistampa\/#\/schema\/person\/1c4ab1c7aad84347e26e78235da6ff1b"},"breadcrumb":{"@id":"https:\/\/www.article-marketing.eu\/comunicatistampa\/lesperienza-di-velox-servizi-al-lake-garda-hospitality-summit\/#breadcrumb"},"inLanguage":"it-IT","potentialAction":[{"@type":"ReadAction","target":["https:\/\/www.article-marketing.eu\/comunicatistampa\/lesperienza-di-velox-servizi-al-lake-garda-hospitality-summit\/"]}]},{"@type":"BreadcrumbList","@id":"https:\/\/www.article-marketing.eu\/comunicatistampa\/lesperienza-di-velox-servizi-al-lake-garda-hospitality-summit\/#breadcrumb","itemListElement":[{"@type":"ListItem","position":1,"name":"Home","item":"https:\/\/www.article-marketing.eu\/comunicatistampa\/"},{"@type":"ListItem","position":2,"name":"L\u2019esperienza di Velox Servizi al Lake Garda Hospitality Summit"}]},{"@type":"WebSite","@id":"https:\/\/www.article-marketing.eu\/comunicatistampa\/#website","url":"https:\/\/www.article-marketing.eu\/comunicatistampa\/","name":"Article Marketing","description":"article marketing &amp; press release","potentialAction":[{"@type":"SearchAction","target":{"@type":"EntryPoint","urlTemplate":"https:\/\/www.article-marketing.eu\/comunicatistampa\/?s={search_term_string}"},"query-input":{"@type":"PropertyValueSpecification","valueRequired":true,"valueName":"search_term_string"}}],"inLanguage":"it-IT"},{"@type":"Person","@id":"https:\/\/www.article-marketing.eu\/comunicatistampa\/#\/schema\/person\/1c4ab1c7aad84347e26e78235da6ff1b","name":"Borderline Agency","image":{"@type":"ImageObject","inLanguage":"it-IT","@id":"https:\/\/secure.gravatar.com\/avatar\/741fa053101610cb0be7dc835c116926549ae4ae2142ff35eac04d78fda61461?s=96&d=mm&r=g","url":"https:\/\/secure.gravatar.com\/avatar\/741fa053101610cb0be7dc835c116926549ae4ae2142ff35eac04d78fda61461?s=96&d=mm&r=g","contentUrl":"https:\/\/secure.gravatar.com\/avatar\/741fa053101610cb0be7dc835c116926549ae4ae2142ff35eac04d78fda61461?s=96&d=mm&r=g","caption":"Borderline Agency"},"url":"https:\/\/www.article-marketing.eu\/comunicatistampa\/author\/borderline-agency\/"}]}},"_links":{"self":[{"href":"https:\/\/www.article-marketing.eu\/comunicatistampa\/wp-json\/wp\/v2\/posts\/24907","targetHints":{"allow":["GET"]}}],"collection":[{"href":"https:\/\/www.article-marketing.eu\/comunicatistampa\/wp-json\/wp\/v2\/posts"}],"about":[{"href":"https:\/\/www.article-marketing.eu\/comunicatistampa\/wp-json\/wp\/v2\/types\/post"}],"author":[{"embeddable":true,"href":"https:\/\/www.article-marketing.eu\/comunicatistampa\/wp-json\/wp\/v2\/users\/397"}],"replies":[{"embeddable":true,"href":"https:\/\/www.article-marketing.eu\/comunicatistampa\/wp-json\/wp\/v2\/comments?post=24907"}],"version-history":[{"count":2,"href":"https:\/\/www.article-marketing.eu\/comunicatistampa\/wp-json\/wp\/v2\/posts\/24907\/revisions"}],"predecessor-version":[{"id":24935,"href":"https:\/\/www.article-marketing.eu\/comunicatistampa\/wp-json\/wp\/v2\/posts\/24907\/revisions\/24935"}],"wp:attachment":[{"href":"https:\/\/www.article-marketing.eu\/comunicatistampa\/wp-json\/wp\/v2\/media?parent=24907"}],"wp:term":[{"taxonomy":"category","embeddable":true,"href":"https:\/\/www.article-marketing.eu\/comunicatistampa\/wp-json\/wp\/v2\/categories?post=24907"},{"taxonomy":"post_tag","embeddable":true,"href":"https:\/\/www.article-marketing.eu\/comunicatistampa\/wp-json\/wp\/v2\/tags?post=24907"}],"curies":[{"name":"wp","href":"https:\/\/api.w.org\/{rel}","templated":true}]}}