{"id":24916,"date":"2022-10-05T17:24:52","date_gmt":"2022-10-05T15:24:52","guid":{"rendered":"https:\/\/www.article-marketing.eu\/comunicatistampa\/?p=24916"},"modified":"2022-10-05T17:24:52","modified_gmt":"2022-10-05T15:24:52","slug":"eclissi-il-primo-inedito-di-tatiana-murdaca","status":"publish","type":"post","link":"https:\/\/www.article-marketing.eu\/comunicatistampa\/eclissi-il-primo-inedito-di-tatiana-murdaca\/","title":{"rendered":"Eclissi il primo inedito di Tatiana Murdaca\u2028"},"content":{"rendered":"<p style=\"text-align: center;\"><strong>in radio, su YouTube e sui digital store<\/strong><\/p>\n<p><img loading=\"lazy\" decoding=\"async\" class=\"aligncenter\" src=\"https:\/\/www.joyfreepress.com\/wp-content\/uploads\/2022\/10\/Cover-Eclissi.jpg\" width=\"342\" height=\"342\" \/><\/p>\n<p><strong>Eclissi<\/strong> \u00e8 una presa di coscienza del male e del bene che coesistono nell\u2019uomo. Il buio cerca di oscurare la luce da sempre cos\u00ec come la luna durante l\u2019eclissi oscura il sole ma il fatto che sia nascosto non vuol dire che sia assente, Il sole resta l\u00ec anche se noi non lo vediamo.<br \/>\nOgnuno di noi ha una parte pi\u00f9 oscura che cerca di risucchiare la luce, \u00e8 come una lotta interiore. Basta poco per sprofondare perch\u00e9 \u00e8 sottile la distanza tra l\u2019orrore e la bellezza, tra la colpa e la purezza tra l\u2019amore.<br \/>\nMa \u00e8 questione di scelta, di prendere una posizione se essere luce nel mondo o vivere nascosti nelle tenebre.<\/p>\n<p>Appassionata alla musica fin da bambina, <strong>Tatiana Murdaca<\/strong>, nata a Locri (RC) il 19 maggio del 1996, inizia a dedicarsi allo studio del canto presso l\u2019accademia musicale ABC, ottenendo in pochi mesi un ottimo risultato arrivando tra i primi tre concorrenti su mille in tutta Italia nel noto concorso Video Festival Live.<br \/>\nHa poi proseguito i suoi studi inseguendo il suo sogno partecipando a vari concorsi, provini e stage formativi con personaggi importanti della musica.<br \/>\nNel 2018 vince la 33esima edizione del Festival La Vela D\u2019oro che le da l\u2019opportunit\u00e0 di realizzare un progetto musicale finanziato dal festival con professionisti del settore tra cui Lorenzo Vizzini , autore del suo primo singolo ECLISSI e Umberto Iervolino che ne ha curato l\u2019arrangiamento e la produzione artistica.<\/p>\n<p>Credits<br \/>\nUna produzione Festival Vela D&#8217;oro<br \/>\nAutore Lorenzo Vizzini<br \/>\narrangiamento e produzione artistica M. Umberto Iervolino<\/p>\n<p><a href=\"https:\/\/www.instagram.com\/tatianamurdaca\">https:\/\/www.instagram.com\/tatianamurdaca<\/a><br \/>\n<a href=\"https:\/\/www.facebook.com\/TatyMurdaca\">\u2028https:\/\/www.facebook.com\/TatyMurdaca<\/a><br \/>\n<a href=\"https:\/\/www.youtube.com\/c\/TatianaMurdaca\">\u2028https:\/\/www.youtube.com\/c\/TatianaMurdaca<\/a><\/p>\n","protected":false},"excerpt":{"rendered":"<p>in radio, su YouTube e sui digital store Eclissi \u00e8 una presa di coscienza del male e del bene che coesistono nell\u2019uomo. Il buio cerca di oscurare la luce da sempre cos\u00ec come la luna durante l\u2019eclissi oscura il sole ma il fatto che sia nascosto non vuol dire che sia assente, Il sole resta l\u00ec anche se noi non lo vediamo. Ognuno di noi ha una parte pi\u00f9 oscura<\/p>\n<p><a class=\"continue-reading\" href=\"https:\/\/www.article-marketing.eu\/comunicatistampa\/eclissi-il-primo-inedito-di-tatiana-murdaca\/\">Continue reading&#8230;<\/a><\/p>\n","protected":false},"author":1680,"featured_media":0,"comment_status":"open","ping_status":"open","sticky":false,"template":"","format":"standard","meta":{"_monsterinsights_skip_tracking":false,"_monsterinsights_sitenote_active":false,"_monsterinsights_sitenote_note":"","_monsterinsights_sitenote_category":0,"footnotes":""},"categories":[411],"tags":[10133,10134,7378,3522],"class_list":["post-24916","post","type-post","status-publish","format-standard","hentry","category-musica","tag-debutto","tag-murdaca","tag-nuovo","tag-singolo"],"yoast_head":"<!-- This site is optimized with the Yoast SEO plugin v27.3 - https:\/\/yoast.com\/product\/yoast-seo-wordpress\/ -->\n<title>Eclissi il primo inedito di Tatiana Murdaca\u2028 - Article Marketing<\/title>\n<meta name=\"robots\" content=\"index, follow, max-snippet:-1, max-image-preview:large, max-video-preview:-1\" \/>\n<link rel=\"canonical\" href=\"https:\/\/www.article-marketing.eu\/comunicatistampa\/eclissi-il-primo-inedito-di-tatiana-murdaca\/\" \/>\n<meta property=\"og:locale\" content=\"it_IT\" \/>\n<meta property=\"og:type\" content=\"article\" \/>\n<meta property=\"og:title\" content=\"Eclissi il primo inedito di Tatiana Murdaca\u2028 - Article Marketing\" \/>\n<meta property=\"og:description\" content=\"in radio, su YouTube e sui digital store Eclissi \u00e8 una presa di coscienza del male e del bene che coesistono nell\u2019uomo. Il buio cerca di oscurare la luce da sempre cos\u00ec come la luna durante l\u2019eclissi oscura il sole ma il fatto che sia nascosto non vuol dire che sia assente, Il sole resta l\u00ec anche se noi non lo vediamo. Ognuno di noi ha una parte pi\u00f9 oscuraContinue reading...\" \/>\n<meta property=\"og:url\" content=\"https:\/\/www.article-marketing.eu\/comunicatistampa\/eclissi-il-primo-inedito-di-tatiana-murdaca\/\" \/>\n<meta property=\"og:site_name\" content=\"Article Marketing\" \/>\n<meta property=\"article:published_time\" content=\"2022-10-05T15:24:52+00:00\" \/>\n<meta property=\"og:image\" content=\"https:\/\/www.joyfreepress.com\/wp-content\/uploads\/2022\/10\/Cover-Eclissi.jpg\" \/>\n<meta name=\"author\" content=\"Micro961\" \/>\n<meta name=\"twitter:card\" content=\"summary_large_image\" \/>\n<meta name=\"twitter:label1\" content=\"Scritto da\" \/>\n\t<meta name=\"twitter:data1\" content=\"Micro961\" \/>\n\t<meta name=\"twitter:label2\" content=\"Tempo di lettura stimato\" \/>\n\t<meta name=\"twitter:data2\" content=\"2 minuti\" \/>\n<script type=\"application\/ld+json\" class=\"yoast-schema-graph\">{\"@context\":\"https:\\\/\\\/schema.org\",\"@graph\":[{\"@type\":\"Article\",\"@id\":\"https:\\\/\\\/www.article-marketing.eu\\\/comunicatistampa\\\/eclissi-il-primo-inedito-di-tatiana-murdaca\\\/#article\",\"isPartOf\":{\"@id\":\"https:\\\/\\\/www.article-marketing.eu\\\/comunicatistampa\\\/eclissi-il-primo-inedito-di-tatiana-murdaca\\\/\"},\"author\":{\"name\":\"Micro961\",\"@id\":\"https:\\\/\\\/www.article-marketing.eu\\\/comunicatistampa\\\/#\\\/schema\\\/person\\\/9beeb909be59832a9bcbec84cb3786f5\"},\"headline\":\"Eclissi il primo inedito di Tatiana Murdaca\\u2028\",\"datePublished\":\"2022-10-05T15:24:52+00:00\",\"mainEntityOfPage\":{\"@id\":\"https:\\\/\\\/www.article-marketing.eu\\\/comunicatistampa\\\/eclissi-il-primo-inedito-di-tatiana-murdaca\\\/\"},\"wordCount\":286,\"commentCount\":0,\"image\":{\"@id\":\"https:\\\/\\\/www.article-marketing.eu\\\/comunicatistampa\\\/eclissi-il-primo-inedito-di-tatiana-murdaca\\\/#primaryimage\"},\"thumbnailUrl\":\"https:\\\/\\\/www.joyfreepress.com\\\/wp-content\\\/uploads\\\/2022\\\/10\\\/Cover-Eclissi.jpg\",\"keywords\":[\"debutto\",\"Murdaca\",\"Nuovo\",\"Singolo\"],\"articleSection\":[\"Musica\"],\"inLanguage\":\"it-IT\",\"potentialAction\":[{\"@type\":\"CommentAction\",\"name\":\"Comment\",\"target\":[\"https:\\\/\\\/www.article-marketing.eu\\\/comunicatistampa\\\/eclissi-il-primo-inedito-di-tatiana-murdaca\\\/#respond\"]}]},{\"@type\":\"WebPage\",\"@id\":\"https:\\\/\\\/www.article-marketing.eu\\\/comunicatistampa\\\/eclissi-il-primo-inedito-di-tatiana-murdaca\\\/\",\"url\":\"https:\\\/\\\/www.article-marketing.eu\\\/comunicatistampa\\\/eclissi-il-primo-inedito-di-tatiana-murdaca\\\/\",\"name\":\"Eclissi il primo inedito di Tatiana Murdaca\\u2028 - Article Marketing\",\"isPartOf\":{\"@id\":\"https:\\\/\\\/www.article-marketing.eu\\\/comunicatistampa\\\/#website\"},\"primaryImageOfPage\":{\"@id\":\"https:\\\/\\\/www.article-marketing.eu\\\/comunicatistampa\\\/eclissi-il-primo-inedito-di-tatiana-murdaca\\\/#primaryimage\"},\"image\":{\"@id\":\"https:\\\/\\\/www.article-marketing.eu\\\/comunicatistampa\\\/eclissi-il-primo-inedito-di-tatiana-murdaca\\\/#primaryimage\"},\"thumbnailUrl\":\"https:\\\/\\\/www.joyfreepress.com\\\/wp-content\\\/uploads\\\/2022\\\/10\\\/Cover-Eclissi.jpg\",\"datePublished\":\"2022-10-05T15:24:52+00:00\",\"author\":{\"@id\":\"https:\\\/\\\/www.article-marketing.eu\\\/comunicatistampa\\\/#\\\/schema\\\/person\\\/9beeb909be59832a9bcbec84cb3786f5\"},\"breadcrumb\":{\"@id\":\"https:\\\/\\\/www.article-marketing.eu\\\/comunicatistampa\\\/eclissi-il-primo-inedito-di-tatiana-murdaca\\\/#breadcrumb\"},\"inLanguage\":\"it-IT\",\"potentialAction\":[{\"@type\":\"ReadAction\",\"target\":[\"https:\\\/\\\/www.article-marketing.eu\\\/comunicatistampa\\\/eclissi-il-primo-inedito-di-tatiana-murdaca\\\/\"]}]},{\"@type\":\"ImageObject\",\"inLanguage\":\"it-IT\",\"@id\":\"https:\\\/\\\/www.article-marketing.eu\\\/comunicatistampa\\\/eclissi-il-primo-inedito-di-tatiana-murdaca\\\/#primaryimage\",\"url\":\"https:\\\/\\\/www.joyfreepress.com\\\/wp-content\\\/uploads\\\/2022\\\/10\\\/Cover-Eclissi.jpg\",\"contentUrl\":\"https:\\\/\\\/www.joyfreepress.com\\\/wp-content\\\/uploads\\\/2022\\\/10\\\/Cover-Eclissi.jpg\"},{\"@type\":\"BreadcrumbList\",\"@id\":\"https:\\\/\\\/www.article-marketing.eu\\\/comunicatistampa\\\/eclissi-il-primo-inedito-di-tatiana-murdaca\\\/#breadcrumb\",\"itemListElement\":[{\"@type\":\"ListItem\",\"position\":1,\"name\":\"Home\",\"item\":\"https:\\\/\\\/www.article-marketing.eu\\\/comunicatistampa\\\/\"},{\"@type\":\"ListItem\",\"position\":2,\"name\":\"Eclissi il primo inedito di Tatiana Murdaca\\u2028\"}]},{\"@type\":\"WebSite\",\"@id\":\"https:\\\/\\\/www.article-marketing.eu\\\/comunicatistampa\\\/#website\",\"url\":\"https:\\\/\\\/www.article-marketing.eu\\\/comunicatistampa\\\/\",\"name\":\"Article Marketing\",\"description\":\"article marketing &amp; press release\",\"potentialAction\":[{\"@type\":\"SearchAction\",\"target\":{\"@type\":\"EntryPoint\",\"urlTemplate\":\"https:\\\/\\\/www.article-marketing.eu\\\/comunicatistampa\\\/?s={search_term_string}\"},\"query-input\":{\"@type\":\"PropertyValueSpecification\",\"valueRequired\":true,\"valueName\":\"search_term_string\"}}],\"inLanguage\":\"it-IT\"},{\"@type\":\"Person\",\"@id\":\"https:\\\/\\\/www.article-marketing.eu\\\/comunicatistampa\\\/#\\\/schema\\\/person\\\/9beeb909be59832a9bcbec84cb3786f5\",\"name\":\"Micro961\",\"image\":{\"@type\":\"ImageObject\",\"inLanguage\":\"it-IT\",\"@id\":\"https:\\\/\\\/secure.gravatar.com\\\/avatar\\\/cd6f5864b85cc3687c05b2965bb186afcd70a2a89789a156c92a4f1d66e87827?s=96&d=mm&r=g\",\"url\":\"https:\\\/\\\/secure.gravatar.com\\\/avatar\\\/cd6f5864b85cc3687c05b2965bb186afcd70a2a89789a156c92a4f1d66e87827?s=96&d=mm&r=g\",\"contentUrl\":\"https:\\\/\\\/secure.gravatar.com\\\/avatar\\\/cd6f5864b85cc3687c05b2965bb186afcd70a2a89789a156c92a4f1d66e87827?s=96&d=mm&r=g\",\"caption\":\"Micro961\"},\"url\":\"https:\\\/\\\/www.article-marketing.eu\\\/comunicatistampa\\\/author\\\/micro961\\\/\"}]}<\/script>\n<!-- \/ Yoast SEO plugin. -->","yoast_head_json":{"title":"Eclissi il primo inedito di Tatiana Murdaca\u2028 - Article Marketing","robots":{"index":"index","follow":"follow","max-snippet":"max-snippet:-1","max-image-preview":"max-image-preview:large","max-video-preview":"max-video-preview:-1"},"canonical":"https:\/\/www.article-marketing.eu\/comunicatistampa\/eclissi-il-primo-inedito-di-tatiana-murdaca\/","og_locale":"it_IT","og_type":"article","og_title":"Eclissi il primo inedito di Tatiana Murdaca\u2028 - Article Marketing","og_description":"in radio, su YouTube e sui digital store Eclissi \u00e8 una presa di coscienza del male e del bene che coesistono nell\u2019uomo. Il buio cerca di oscurare la luce da sempre cos\u00ec come la luna durante l\u2019eclissi oscura il sole ma il fatto che sia nascosto non vuol dire che sia assente, Il sole resta l\u00ec anche se noi non lo vediamo. Ognuno di noi ha una parte pi\u00f9 oscuraContinue reading...","og_url":"https:\/\/www.article-marketing.eu\/comunicatistampa\/eclissi-il-primo-inedito-di-tatiana-murdaca\/","og_site_name":"Article Marketing","article_published_time":"2022-10-05T15:24:52+00:00","og_image":[{"url":"https:\/\/www.joyfreepress.com\/wp-content\/uploads\/2022\/10\/Cover-Eclissi.jpg","type":"","width":"","height":""}],"author":"Micro961","twitter_card":"summary_large_image","twitter_misc":{"Scritto da":"Micro961","Tempo di lettura stimato":"2 minuti"},"schema":{"@context":"https:\/\/schema.org","@graph":[{"@type":"Article","@id":"https:\/\/www.article-marketing.eu\/comunicatistampa\/eclissi-il-primo-inedito-di-tatiana-murdaca\/#article","isPartOf":{"@id":"https:\/\/www.article-marketing.eu\/comunicatistampa\/eclissi-il-primo-inedito-di-tatiana-murdaca\/"},"author":{"name":"Micro961","@id":"https:\/\/www.article-marketing.eu\/comunicatistampa\/#\/schema\/person\/9beeb909be59832a9bcbec84cb3786f5"},"headline":"Eclissi il primo inedito di Tatiana Murdaca\u2028","datePublished":"2022-10-05T15:24:52+00:00","mainEntityOfPage":{"@id":"https:\/\/www.article-marketing.eu\/comunicatistampa\/eclissi-il-primo-inedito-di-tatiana-murdaca\/"},"wordCount":286,"commentCount":0,"image":{"@id":"https:\/\/www.article-marketing.eu\/comunicatistampa\/eclissi-il-primo-inedito-di-tatiana-murdaca\/#primaryimage"},"thumbnailUrl":"https:\/\/www.joyfreepress.com\/wp-content\/uploads\/2022\/10\/Cover-Eclissi.jpg","keywords":["debutto","Murdaca","Nuovo","Singolo"],"articleSection":["Musica"],"inLanguage":"it-IT","potentialAction":[{"@type":"CommentAction","name":"Comment","target":["https:\/\/www.article-marketing.eu\/comunicatistampa\/eclissi-il-primo-inedito-di-tatiana-murdaca\/#respond"]}]},{"@type":"WebPage","@id":"https:\/\/www.article-marketing.eu\/comunicatistampa\/eclissi-il-primo-inedito-di-tatiana-murdaca\/","url":"https:\/\/www.article-marketing.eu\/comunicatistampa\/eclissi-il-primo-inedito-di-tatiana-murdaca\/","name":"Eclissi il primo inedito di Tatiana Murdaca\u2028 - Article Marketing","isPartOf":{"@id":"https:\/\/www.article-marketing.eu\/comunicatistampa\/#website"},"primaryImageOfPage":{"@id":"https:\/\/www.article-marketing.eu\/comunicatistampa\/eclissi-il-primo-inedito-di-tatiana-murdaca\/#primaryimage"},"image":{"@id":"https:\/\/www.article-marketing.eu\/comunicatistampa\/eclissi-il-primo-inedito-di-tatiana-murdaca\/#primaryimage"},"thumbnailUrl":"https:\/\/www.joyfreepress.com\/wp-content\/uploads\/2022\/10\/Cover-Eclissi.jpg","datePublished":"2022-10-05T15:24:52+00:00","author":{"@id":"https:\/\/www.article-marketing.eu\/comunicatistampa\/#\/schema\/person\/9beeb909be59832a9bcbec84cb3786f5"},"breadcrumb":{"@id":"https:\/\/www.article-marketing.eu\/comunicatistampa\/eclissi-il-primo-inedito-di-tatiana-murdaca\/#breadcrumb"},"inLanguage":"it-IT","potentialAction":[{"@type":"ReadAction","target":["https:\/\/www.article-marketing.eu\/comunicatistampa\/eclissi-il-primo-inedito-di-tatiana-murdaca\/"]}]},{"@type":"ImageObject","inLanguage":"it-IT","@id":"https:\/\/www.article-marketing.eu\/comunicatistampa\/eclissi-il-primo-inedito-di-tatiana-murdaca\/#primaryimage","url":"https:\/\/www.joyfreepress.com\/wp-content\/uploads\/2022\/10\/Cover-Eclissi.jpg","contentUrl":"https:\/\/www.joyfreepress.com\/wp-content\/uploads\/2022\/10\/Cover-Eclissi.jpg"},{"@type":"BreadcrumbList","@id":"https:\/\/www.article-marketing.eu\/comunicatistampa\/eclissi-il-primo-inedito-di-tatiana-murdaca\/#breadcrumb","itemListElement":[{"@type":"ListItem","position":1,"name":"Home","item":"https:\/\/www.article-marketing.eu\/comunicatistampa\/"},{"@type":"ListItem","position":2,"name":"Eclissi il primo inedito di Tatiana Murdaca\u2028"}]},{"@type":"WebSite","@id":"https:\/\/www.article-marketing.eu\/comunicatistampa\/#website","url":"https:\/\/www.article-marketing.eu\/comunicatistampa\/","name":"Article Marketing","description":"article marketing &amp; press release","potentialAction":[{"@type":"SearchAction","target":{"@type":"EntryPoint","urlTemplate":"https:\/\/www.article-marketing.eu\/comunicatistampa\/?s={search_term_string}"},"query-input":{"@type":"PropertyValueSpecification","valueRequired":true,"valueName":"search_term_string"}}],"inLanguage":"it-IT"},{"@type":"Person","@id":"https:\/\/www.article-marketing.eu\/comunicatistampa\/#\/schema\/person\/9beeb909be59832a9bcbec84cb3786f5","name":"Micro961","image":{"@type":"ImageObject","inLanguage":"it-IT","@id":"https:\/\/secure.gravatar.com\/avatar\/cd6f5864b85cc3687c05b2965bb186afcd70a2a89789a156c92a4f1d66e87827?s=96&d=mm&r=g","url":"https:\/\/secure.gravatar.com\/avatar\/cd6f5864b85cc3687c05b2965bb186afcd70a2a89789a156c92a4f1d66e87827?s=96&d=mm&r=g","contentUrl":"https:\/\/secure.gravatar.com\/avatar\/cd6f5864b85cc3687c05b2965bb186afcd70a2a89789a156c92a4f1d66e87827?s=96&d=mm&r=g","caption":"Micro961"},"url":"https:\/\/www.article-marketing.eu\/comunicatistampa\/author\/micro961\/"}]}},"_links":{"self":[{"href":"https:\/\/www.article-marketing.eu\/comunicatistampa\/wp-json\/wp\/v2\/posts\/24916","targetHints":{"allow":["GET"]}}],"collection":[{"href":"https:\/\/www.article-marketing.eu\/comunicatistampa\/wp-json\/wp\/v2\/posts"}],"about":[{"href":"https:\/\/www.article-marketing.eu\/comunicatistampa\/wp-json\/wp\/v2\/types\/post"}],"author":[{"embeddable":true,"href":"https:\/\/www.article-marketing.eu\/comunicatistampa\/wp-json\/wp\/v2\/users\/1680"}],"replies":[{"embeddable":true,"href":"https:\/\/www.article-marketing.eu\/comunicatistampa\/wp-json\/wp\/v2\/comments?post=24916"}],"version-history":[{"count":2,"href":"https:\/\/www.article-marketing.eu\/comunicatistampa\/wp-json\/wp\/v2\/posts\/24916\/revisions"}],"predecessor-version":[{"id":24933,"href":"https:\/\/www.article-marketing.eu\/comunicatistampa\/wp-json\/wp\/v2\/posts\/24916\/revisions\/24933"}],"wp:attachment":[{"href":"https:\/\/www.article-marketing.eu\/comunicatistampa\/wp-json\/wp\/v2\/media?parent=24916"}],"wp:term":[{"taxonomy":"category","embeddable":true,"href":"https:\/\/www.article-marketing.eu\/comunicatistampa\/wp-json\/wp\/v2\/categories?post=24916"},{"taxonomy":"post_tag","embeddable":true,"href":"https:\/\/www.article-marketing.eu\/comunicatistampa\/wp-json\/wp\/v2\/tags?post=24916"}],"curies":[{"name":"wp","href":"https:\/\/api.w.org\/{rel}","templated":true}]}}