{"id":25081,"date":"2022-11-04T08:35:34","date_gmt":"2022-11-04T07:35:34","guid":{"rendered":"https:\/\/www.article-marketing.eu\/comunicatistampa\/?p=25081"},"modified":"2022-11-03T16:38:09","modified_gmt":"2022-11-03T15:38:09","slug":"stefano-donnarumma-terna-bollette-giu-del-90-disaccoppiando-prezzo-del-gas-da-rinnovabili","status":"publish","type":"post","link":"https:\/\/www.article-marketing.eu\/comunicatistampa\/stefano-donnarumma-terna-bollette-giu-del-90-disaccoppiando-prezzo-del-gas-da-rinnovabili\/","title":{"rendered":"Stefano Donnarumma (Terna): \u201cBollette gi\u00f9 del 90% disaccoppiando prezzo del gas da rinnovabili\u201d"},"content":{"rendered":"<p><em><strong>L\u2019AD e DG di Terna <a title=\"Terna, Stefano Donnarumma all'italian energy summit\" href=\"https:\/\/www.ansa.it\/canale_ambiente\/notizie\/energia\/2022\/09\/28\/energia-donnarumma-con-rinnovabili-costo-bolletta-giu-90_f609b3bb-39e8-48e8-bff8-e560a258438d.html\">Stefano Donnarumma<\/a> ha preso parte lo scorso 28 settembre all\u2019Italian Energy Summit 2022, evento promosso da \u201cIl Sole 24 Ore\u201d.<\/strong><\/em><\/p>\n<p><a title=\"Stefano Donnarumma all'italian energy summit 2022\" href=\"https:\/\/www.ansa.it\/canale_ambiente\/notizie\/energia\/2022\/09\/28\/energia-donnarumma-con-rinnovabili-costo-bolletta-giu-90_f609b3bb-39e8-48e8-bff8-e560a258438d.html\"><img loading=\"lazy\" decoding=\"async\" src=\"https:\/\/www.topmanagers.it\/SharingFolder\/TopManager\/it\/ManagerProfilePhoto\/Photo\/stefano-donnarumma-terna-topmanagers.jpg\" alt=\"Stefano Donnarumma, AD Terna\" width=\"200\" height=\"158\" \/><\/a><\/p>\n<h2>Stefano Donnarumma: integrazione delle rinnovabili e accumuli di grande taglia le priorit\u00e0 sul fronte energetico<\/h2>\n<p>Transizione energetica, aumento dei prezzi dell\u2019energia, opportunit\u00e0 del PNRR e strategie per affrontare i futuri scenari geopolitici ed economici. Sono i principali temi affrontati durante l\u2019ultima edizione dell\u2019Italian Energy Summit, la due giorni promossa da \u201cIl Sole 24 Ore\u201d che si \u00e8 tenuta alla Borsa di Milano gli scorsi 28 e 29 settembre. Tra i maggiori rappresentati del mondo energetico anche <strong>Stefano Donnarumma<\/strong>, Amministratore Delegato e Direttore Generale di <strong>Terna<\/strong>. Al momento il Gruppo, responsabile della rete elettrica nazionale ad alta tensione, \u00e8 al lavoro per guidare il Paese verso gli obiettivi nazionali ed europei sul clima. Sono 18 i miliardi che Terna investir\u00e0 nel prossimo decennio con lo scopo di sviluppare le infrastrutture e abilitare le fonti rinnovabili. Sul fronte dell\u2019indipendenza energetica l\u2019aumento di produzione di energia da fonti green non \u00e8 tuttavia l\u2019unica priorit\u00e0 per il Paese, ha ricordato nel suo intervento <strong>Stefano Donnarumma<\/strong>: \u201c<em>Terna ha da tempo evidenziato la necessit\u00e0 di promuovere lo sviluppo di capacit\u00e0 di accumulo di grande taglia, fondamentale per accumulare grandi volumi di energia nelle ore centrali della giornata, quando la produzione del fotovoltaico \u00e8 strutturalmente sovrabbondante, per restituirla soprattutto nelle ore serali e notturne<\/em>\u201d.<\/p>\n<h2><strong>Stefano Donnarumma<\/strong><strong>: con accumuli previsti dal PNIEC impatto positivo sul Pil <\/strong><\/h2>\n<p>Per rendersi sempre pi\u00f9 indipendenti dal gas e attenuare concretamente gli effetti del caro energia \u201c<em>serve un massiccio programma di investimenti in rinnovabili e accumuli<\/em>\u201d, ha dichiarato <a title=\"Stefano Donnarumma, AD Terna: italian energy summit\" href=\"https:\/\/www.ansa.it\/canale_ambiente\/notizie\/energia\/2022\/09\/28\/energia-donnarumma-con-rinnovabili-costo-bolletta-giu-90_f609b3bb-39e8-48e8-bff8-e560a258438d.html\"><strong>Stefano Donnarumma<\/strong><\/a>, aggiungendo che il Paese non pu\u00f2 permettersi di tergiversare ulteriormente. Per controllare al meglio la produzione da fonti rinnovabili non programmabili e garantire la sicurezza del sistema elettrico, il Piano Nazionale Integrato per l\u2019Energia e il Clima (PNIEC) prevede il ricorso massivo a sistemi di accumulo: \u201c<em>Si pu\u00f2 stimare un investimento complessivo necessario pari a circa 15 miliardi di euro che porter\u00e0 un duplice beneficio: da un lato avr\u00e0 un impatto positivo sul Pil pari a oltre 40 miliardi di euro; dall&#8217;altro sar\u00e0 possibile immettere in rete circa 16 terawattora all&#8217;anno di energia rinnovabile<\/em>&#8220;. Nella parte finale del suo intervento l\u2019AD e DG di <strong>Terna<\/strong> ha messo in evidenza la necessit\u00e0 di disaccoppiare il prezzo dell\u2019energia elettrica da quello del gas: \u201c<em>Se gi\u00e0 oggi il prezzo dell&#8217;energia elettrica fosse dipendente solo dal costo industriale delle fonti rinnovabili<\/em> \u2013 ha spiegato <strong>Stefano Donnarumma<\/strong> \u2013 <em>il prezzo di riferimento della componente energia della bolletta dell&#8217;ultimo trimestre sarebbe inferiore di quasi il 90%<\/em>\u201d.<\/p>\n","protected":false},"excerpt":{"rendered":"<p>L\u2019AD e DG di Terna Stefano Donnarumma ha preso parte lo scorso 28 settembre all\u2019Italian Energy Summit 2022, evento promosso da \u201cIl Sole 24 Ore\u201d. Stefano Donnarumma: integrazione delle rinnovabili e accumuli di grande taglia le priorit\u00e0 sul fronte energetico Transizione energetica, aumento dei prezzi dell\u2019energia, opportunit\u00e0 del PNRR e strategie per affrontare i futuri scenari geopolitici ed economici. Sono i principali temi affrontati durante l\u2019ultima edizione dell\u2019Italian Energy Summit,<\/p>\n<p><a class=\"continue-reading\" href=\"https:\/\/www.article-marketing.eu\/comunicatistampa\/stefano-donnarumma-terna-bollette-giu-del-90-disaccoppiando-prezzo-del-gas-da-rinnovabili\/\">Continue reading&#8230;<\/a><\/p>\n","protected":false},"author":7206,"featured_media":0,"comment_status":"open","ping_status":"open","sticky":false,"template":"","format":"standard","meta":{"_monsterinsights_skip_tracking":false,"_monsterinsights_sitenote_active":false,"_monsterinsights_sitenote_note":"","_monsterinsights_sitenote_category":0,"footnotes":""},"categories":[386],"tags":[9564,9563],"class_list":["post-25081","post","type-post","status-publish","format-standard","hentry","category-economia-e-lavoro","tag-stefano-donnarumma","tag-terna"],"yoast_head":"<!-- This site is optimized with the Yoast SEO plugin v27.3 - https:\/\/yoast.com\/product\/yoast-seo-wordpress\/ -->\n<title>Stefano Donnarumma (Terna): \u201cBollette gi\u00f9 del 90% disaccoppiando prezzo del gas da rinnovabili\u201d<\/title>\n<meta name=\"robots\" content=\"index, follow, max-snippet:-1, max-image-preview:large, max-video-preview:-1\" \/>\n<link rel=\"canonical\" href=\"https:\/\/www.article-marketing.eu\/comunicatistampa\/stefano-donnarumma-terna-bollette-giu-del-90-disaccoppiando-prezzo-del-gas-da-rinnovabili\/\" \/>\n<meta property=\"og:locale\" content=\"it_IT\" \/>\n<meta property=\"og:type\" content=\"article\" \/>\n<meta property=\"og:title\" content=\"Stefano Donnarumma (Terna): \u201cBollette gi\u00f9 del 90% disaccoppiando prezzo del gas da rinnovabili\u201d\" \/>\n<meta property=\"og:description\" content=\"L\u2019AD e DG di Terna Stefano Donnarumma ha preso parte lo scorso 28 settembre all\u2019Italian Energy Summit 2022, evento promosso da \u201cIl Sole 24 Ore\u201d. Stefano Donnarumma: integrazione delle rinnovabili e accumuli di grande taglia le priorit\u00e0 sul fronte energetico Transizione energetica, aumento dei prezzi dell\u2019energia, opportunit\u00e0 del PNRR e strategie per affrontare i futuri scenari geopolitici ed economici. Sono i principali temi affrontati durante l\u2019ultima edizione dell\u2019Italian Energy Summit,Continue reading...\" \/>\n<meta property=\"og:url\" content=\"https:\/\/www.article-marketing.eu\/comunicatistampa\/stefano-donnarumma-terna-bollette-giu-del-90-disaccoppiando-prezzo-del-gas-da-rinnovabili\/\" \/>\n<meta property=\"og:site_name\" content=\"Article Marketing\" \/>\n<meta property=\"article:published_time\" content=\"2022-11-04T07:35:34+00:00\" \/>\n<meta property=\"og:image\" content=\"https:\/\/www.topmanagers.it\/SharingFolder\/TopManager\/it\/ManagerProfilePhoto\/Photo\/stefano-donnarumma-terna-topmanagers.jpg\" \/>\n<meta name=\"author\" content=\"pressreleaself\" \/>\n<meta name=\"twitter:card\" content=\"summary_large_image\" \/>\n<meta name=\"twitter:label1\" content=\"Scritto da\" \/>\n\t<meta name=\"twitter:data1\" content=\"pressreleaself\" \/>\n\t<meta name=\"twitter:label2\" content=\"Tempo di lettura stimato\" \/>\n\t<meta name=\"twitter:data2\" content=\"3 minuti\" \/>\n<script type=\"application\/ld+json\" class=\"yoast-schema-graph\">{\"@context\":\"https:\\\/\\\/schema.org\",\"@graph\":[{\"@type\":\"Article\",\"@id\":\"https:\\\/\\\/www.article-marketing.eu\\\/comunicatistampa\\\/stefano-donnarumma-terna-bollette-giu-del-90-disaccoppiando-prezzo-del-gas-da-rinnovabili\\\/#article\",\"isPartOf\":{\"@id\":\"https:\\\/\\\/www.article-marketing.eu\\\/comunicatistampa\\\/stefano-donnarumma-terna-bollette-giu-del-90-disaccoppiando-prezzo-del-gas-da-rinnovabili\\\/\"},\"author\":{\"name\":\"pressreleaself\",\"@id\":\"https:\\\/\\\/www.article-marketing.eu\\\/comunicatistampa\\\/#\\\/schema\\\/person\\\/e12b1bc04ee2394a2e51cf979ebbbbb6\"},\"headline\":\"Stefano Donnarumma (Terna): \u201cBollette gi\u00f9 del 90% disaccoppiando prezzo del gas da rinnovabili\u201d\",\"datePublished\":\"2022-11-04T07:35:34+00:00\",\"mainEntityOfPage\":{\"@id\":\"https:\\\/\\\/www.article-marketing.eu\\\/comunicatistampa\\\/stefano-donnarumma-terna-bollette-giu-del-90-disaccoppiando-prezzo-del-gas-da-rinnovabili\\\/\"},\"wordCount\":438,\"commentCount\":0,\"image\":{\"@id\":\"https:\\\/\\\/www.article-marketing.eu\\\/comunicatistampa\\\/stefano-donnarumma-terna-bollette-giu-del-90-disaccoppiando-prezzo-del-gas-da-rinnovabili\\\/#primaryimage\"},\"thumbnailUrl\":\"https:\\\/\\\/www.topmanagers.it\\\/SharingFolder\\\/TopManager\\\/it\\\/ManagerProfilePhoto\\\/Photo\\\/stefano-donnarumma-terna-topmanagers.jpg\",\"keywords\":[\"Stefano Donnarumma\",\"Terna\"],\"articleSection\":[\"Economia e lavoro\"],\"inLanguage\":\"it-IT\",\"potentialAction\":[{\"@type\":\"CommentAction\",\"name\":\"Comment\",\"target\":[\"https:\\\/\\\/www.article-marketing.eu\\\/comunicatistampa\\\/stefano-donnarumma-terna-bollette-giu-del-90-disaccoppiando-prezzo-del-gas-da-rinnovabili\\\/#respond\"]}]},{\"@type\":\"WebPage\",\"@id\":\"https:\\\/\\\/www.article-marketing.eu\\\/comunicatistampa\\\/stefano-donnarumma-terna-bollette-giu-del-90-disaccoppiando-prezzo-del-gas-da-rinnovabili\\\/\",\"url\":\"https:\\\/\\\/www.article-marketing.eu\\\/comunicatistampa\\\/stefano-donnarumma-terna-bollette-giu-del-90-disaccoppiando-prezzo-del-gas-da-rinnovabili\\\/\",\"name\":\"Stefano Donnarumma (Terna): \u201cBollette gi\u00f9 del 90% disaccoppiando prezzo del gas da rinnovabili\u201d\",\"isPartOf\":{\"@id\":\"https:\\\/\\\/www.article-marketing.eu\\\/comunicatistampa\\\/#website\"},\"primaryImageOfPage\":{\"@id\":\"https:\\\/\\\/www.article-marketing.eu\\\/comunicatistampa\\\/stefano-donnarumma-terna-bollette-giu-del-90-disaccoppiando-prezzo-del-gas-da-rinnovabili\\\/#primaryimage\"},\"image\":{\"@id\":\"https:\\\/\\\/www.article-marketing.eu\\\/comunicatistampa\\\/stefano-donnarumma-terna-bollette-giu-del-90-disaccoppiando-prezzo-del-gas-da-rinnovabili\\\/#primaryimage\"},\"thumbnailUrl\":\"https:\\\/\\\/www.topmanagers.it\\\/SharingFolder\\\/TopManager\\\/it\\\/ManagerProfilePhoto\\\/Photo\\\/stefano-donnarumma-terna-topmanagers.jpg\",\"datePublished\":\"2022-11-04T07:35:34+00:00\",\"author\":{\"@id\":\"https:\\\/\\\/www.article-marketing.eu\\\/comunicatistampa\\\/#\\\/schema\\\/person\\\/e12b1bc04ee2394a2e51cf979ebbbbb6\"},\"breadcrumb\":{\"@id\":\"https:\\\/\\\/www.article-marketing.eu\\\/comunicatistampa\\\/stefano-donnarumma-terna-bollette-giu-del-90-disaccoppiando-prezzo-del-gas-da-rinnovabili\\\/#breadcrumb\"},\"inLanguage\":\"it-IT\",\"potentialAction\":[{\"@type\":\"ReadAction\",\"target\":[\"https:\\\/\\\/www.article-marketing.eu\\\/comunicatistampa\\\/stefano-donnarumma-terna-bollette-giu-del-90-disaccoppiando-prezzo-del-gas-da-rinnovabili\\\/\"]}]},{\"@type\":\"ImageObject\",\"inLanguage\":\"it-IT\",\"@id\":\"https:\\\/\\\/www.article-marketing.eu\\\/comunicatistampa\\\/stefano-donnarumma-terna-bollette-giu-del-90-disaccoppiando-prezzo-del-gas-da-rinnovabili\\\/#primaryimage\",\"url\":\"https:\\\/\\\/www.topmanagers.it\\\/SharingFolder\\\/TopManager\\\/it\\\/ManagerProfilePhoto\\\/Photo\\\/stefano-donnarumma-terna-topmanagers.jpg\",\"contentUrl\":\"https:\\\/\\\/www.topmanagers.it\\\/SharingFolder\\\/TopManager\\\/it\\\/ManagerProfilePhoto\\\/Photo\\\/stefano-donnarumma-terna-topmanagers.jpg\"},{\"@type\":\"BreadcrumbList\",\"@id\":\"https:\\\/\\\/www.article-marketing.eu\\\/comunicatistampa\\\/stefano-donnarumma-terna-bollette-giu-del-90-disaccoppiando-prezzo-del-gas-da-rinnovabili\\\/#breadcrumb\",\"itemListElement\":[{\"@type\":\"ListItem\",\"position\":1,\"name\":\"Home\",\"item\":\"https:\\\/\\\/www.article-marketing.eu\\\/comunicatistampa\\\/\"},{\"@type\":\"ListItem\",\"position\":2,\"name\":\"Stefano Donnarumma (Terna): \u201cBollette gi\u00f9 del 90% disaccoppiando prezzo del gas da rinnovabili\u201d\"}]},{\"@type\":\"WebSite\",\"@id\":\"https:\\\/\\\/www.article-marketing.eu\\\/comunicatistampa\\\/#website\",\"url\":\"https:\\\/\\\/www.article-marketing.eu\\\/comunicatistampa\\\/\",\"name\":\"Article Marketing\",\"description\":\"article marketing &amp; press release\",\"potentialAction\":[{\"@type\":\"SearchAction\",\"target\":{\"@type\":\"EntryPoint\",\"urlTemplate\":\"https:\\\/\\\/www.article-marketing.eu\\\/comunicatistampa\\\/?s={search_term_string}\"},\"query-input\":{\"@type\":\"PropertyValueSpecification\",\"valueRequired\":true,\"valueName\":\"search_term_string\"}}],\"inLanguage\":\"it-IT\"},{\"@type\":\"Person\",\"@id\":\"https:\\\/\\\/www.article-marketing.eu\\\/comunicatistampa\\\/#\\\/schema\\\/person\\\/e12b1bc04ee2394a2e51cf979ebbbbb6\",\"name\":\"pressreleaself\",\"image\":{\"@type\":\"ImageObject\",\"inLanguage\":\"it-IT\",\"@id\":\"https:\\\/\\\/secure.gravatar.com\\\/avatar\\\/58b2e897ca1b290b3c87ba2112be22b2d12e7af8fea0975d839430be1249d1a3?s=96&d=mm&r=g\",\"url\":\"https:\\\/\\\/secure.gravatar.com\\\/avatar\\\/58b2e897ca1b290b3c87ba2112be22b2d12e7af8fea0975d839430be1249d1a3?s=96&d=mm&r=g\",\"contentUrl\":\"https:\\\/\\\/secure.gravatar.com\\\/avatar\\\/58b2e897ca1b290b3c87ba2112be22b2d12e7af8fea0975d839430be1249d1a3?s=96&d=mm&r=g\",\"caption\":\"pressreleaself\"},\"url\":\"https:\\\/\\\/www.article-marketing.eu\\\/comunicatistampa\\\/author\\\/pressreleaself\\\/\"}]}<\/script>\n<!-- \/ Yoast SEO plugin. -->","yoast_head_json":{"title":"Stefano Donnarumma (Terna): \u201cBollette gi\u00f9 del 90% disaccoppiando prezzo del gas da rinnovabili\u201d","robots":{"index":"index","follow":"follow","max-snippet":"max-snippet:-1","max-image-preview":"max-image-preview:large","max-video-preview":"max-video-preview:-1"},"canonical":"https:\/\/www.article-marketing.eu\/comunicatistampa\/stefano-donnarumma-terna-bollette-giu-del-90-disaccoppiando-prezzo-del-gas-da-rinnovabili\/","og_locale":"it_IT","og_type":"article","og_title":"Stefano Donnarumma (Terna): \u201cBollette gi\u00f9 del 90% disaccoppiando prezzo del gas da rinnovabili\u201d","og_description":"L\u2019AD e DG di Terna Stefano Donnarumma ha preso parte lo scorso 28 settembre all\u2019Italian Energy Summit 2022, evento promosso da \u201cIl Sole 24 Ore\u201d. Stefano Donnarumma: integrazione delle rinnovabili e accumuli di grande taglia le priorit\u00e0 sul fronte energetico Transizione energetica, aumento dei prezzi dell\u2019energia, opportunit\u00e0 del PNRR e strategie per affrontare i futuri scenari geopolitici ed economici. Sono i principali temi affrontati durante l\u2019ultima edizione dell\u2019Italian Energy Summit,Continue reading...","og_url":"https:\/\/www.article-marketing.eu\/comunicatistampa\/stefano-donnarumma-terna-bollette-giu-del-90-disaccoppiando-prezzo-del-gas-da-rinnovabili\/","og_site_name":"Article Marketing","article_published_time":"2022-11-04T07:35:34+00:00","og_image":[{"url":"https:\/\/www.topmanagers.it\/SharingFolder\/TopManager\/it\/ManagerProfilePhoto\/Photo\/stefano-donnarumma-terna-topmanagers.jpg","type":"","width":"","height":""}],"author":"pressreleaself","twitter_card":"summary_large_image","twitter_misc":{"Scritto da":"pressreleaself","Tempo di lettura stimato":"3 minuti"},"schema":{"@context":"https:\/\/schema.org","@graph":[{"@type":"Article","@id":"https:\/\/www.article-marketing.eu\/comunicatistampa\/stefano-donnarumma-terna-bollette-giu-del-90-disaccoppiando-prezzo-del-gas-da-rinnovabili\/#article","isPartOf":{"@id":"https:\/\/www.article-marketing.eu\/comunicatistampa\/stefano-donnarumma-terna-bollette-giu-del-90-disaccoppiando-prezzo-del-gas-da-rinnovabili\/"},"author":{"name":"pressreleaself","@id":"https:\/\/www.article-marketing.eu\/comunicatistampa\/#\/schema\/person\/e12b1bc04ee2394a2e51cf979ebbbbb6"},"headline":"Stefano Donnarumma (Terna): \u201cBollette gi\u00f9 del 90% disaccoppiando prezzo del gas da rinnovabili\u201d","datePublished":"2022-11-04T07:35:34+00:00","mainEntityOfPage":{"@id":"https:\/\/www.article-marketing.eu\/comunicatistampa\/stefano-donnarumma-terna-bollette-giu-del-90-disaccoppiando-prezzo-del-gas-da-rinnovabili\/"},"wordCount":438,"commentCount":0,"image":{"@id":"https:\/\/www.article-marketing.eu\/comunicatistampa\/stefano-donnarumma-terna-bollette-giu-del-90-disaccoppiando-prezzo-del-gas-da-rinnovabili\/#primaryimage"},"thumbnailUrl":"https:\/\/www.topmanagers.it\/SharingFolder\/TopManager\/it\/ManagerProfilePhoto\/Photo\/stefano-donnarumma-terna-topmanagers.jpg","keywords":["Stefano Donnarumma","Terna"],"articleSection":["Economia e lavoro"],"inLanguage":"it-IT","potentialAction":[{"@type":"CommentAction","name":"Comment","target":["https:\/\/www.article-marketing.eu\/comunicatistampa\/stefano-donnarumma-terna-bollette-giu-del-90-disaccoppiando-prezzo-del-gas-da-rinnovabili\/#respond"]}]},{"@type":"WebPage","@id":"https:\/\/www.article-marketing.eu\/comunicatistampa\/stefano-donnarumma-terna-bollette-giu-del-90-disaccoppiando-prezzo-del-gas-da-rinnovabili\/","url":"https:\/\/www.article-marketing.eu\/comunicatistampa\/stefano-donnarumma-terna-bollette-giu-del-90-disaccoppiando-prezzo-del-gas-da-rinnovabili\/","name":"Stefano Donnarumma (Terna): \u201cBollette gi\u00f9 del 90% disaccoppiando prezzo del gas da rinnovabili\u201d","isPartOf":{"@id":"https:\/\/www.article-marketing.eu\/comunicatistampa\/#website"},"primaryImageOfPage":{"@id":"https:\/\/www.article-marketing.eu\/comunicatistampa\/stefano-donnarumma-terna-bollette-giu-del-90-disaccoppiando-prezzo-del-gas-da-rinnovabili\/#primaryimage"},"image":{"@id":"https:\/\/www.article-marketing.eu\/comunicatistampa\/stefano-donnarumma-terna-bollette-giu-del-90-disaccoppiando-prezzo-del-gas-da-rinnovabili\/#primaryimage"},"thumbnailUrl":"https:\/\/www.topmanagers.it\/SharingFolder\/TopManager\/it\/ManagerProfilePhoto\/Photo\/stefano-donnarumma-terna-topmanagers.jpg","datePublished":"2022-11-04T07:35:34+00:00","author":{"@id":"https:\/\/www.article-marketing.eu\/comunicatistampa\/#\/schema\/person\/e12b1bc04ee2394a2e51cf979ebbbbb6"},"breadcrumb":{"@id":"https:\/\/www.article-marketing.eu\/comunicatistampa\/stefano-donnarumma-terna-bollette-giu-del-90-disaccoppiando-prezzo-del-gas-da-rinnovabili\/#breadcrumb"},"inLanguage":"it-IT","potentialAction":[{"@type":"ReadAction","target":["https:\/\/www.article-marketing.eu\/comunicatistampa\/stefano-donnarumma-terna-bollette-giu-del-90-disaccoppiando-prezzo-del-gas-da-rinnovabili\/"]}]},{"@type":"ImageObject","inLanguage":"it-IT","@id":"https:\/\/www.article-marketing.eu\/comunicatistampa\/stefano-donnarumma-terna-bollette-giu-del-90-disaccoppiando-prezzo-del-gas-da-rinnovabili\/#primaryimage","url":"https:\/\/www.topmanagers.it\/SharingFolder\/TopManager\/it\/ManagerProfilePhoto\/Photo\/stefano-donnarumma-terna-topmanagers.jpg","contentUrl":"https:\/\/www.topmanagers.it\/SharingFolder\/TopManager\/it\/ManagerProfilePhoto\/Photo\/stefano-donnarumma-terna-topmanagers.jpg"},{"@type":"BreadcrumbList","@id":"https:\/\/www.article-marketing.eu\/comunicatistampa\/stefano-donnarumma-terna-bollette-giu-del-90-disaccoppiando-prezzo-del-gas-da-rinnovabili\/#breadcrumb","itemListElement":[{"@type":"ListItem","position":1,"name":"Home","item":"https:\/\/www.article-marketing.eu\/comunicatistampa\/"},{"@type":"ListItem","position":2,"name":"Stefano Donnarumma (Terna): \u201cBollette gi\u00f9 del 90% disaccoppiando prezzo del gas da rinnovabili\u201d"}]},{"@type":"WebSite","@id":"https:\/\/www.article-marketing.eu\/comunicatistampa\/#website","url":"https:\/\/www.article-marketing.eu\/comunicatistampa\/","name":"Article Marketing","description":"article marketing &amp; press release","potentialAction":[{"@type":"SearchAction","target":{"@type":"EntryPoint","urlTemplate":"https:\/\/www.article-marketing.eu\/comunicatistampa\/?s={search_term_string}"},"query-input":{"@type":"PropertyValueSpecification","valueRequired":true,"valueName":"search_term_string"}}],"inLanguage":"it-IT"},{"@type":"Person","@id":"https:\/\/www.article-marketing.eu\/comunicatistampa\/#\/schema\/person\/e12b1bc04ee2394a2e51cf979ebbbbb6","name":"pressreleaself","image":{"@type":"ImageObject","inLanguage":"it-IT","@id":"https:\/\/secure.gravatar.com\/avatar\/58b2e897ca1b290b3c87ba2112be22b2d12e7af8fea0975d839430be1249d1a3?s=96&d=mm&r=g","url":"https:\/\/secure.gravatar.com\/avatar\/58b2e897ca1b290b3c87ba2112be22b2d12e7af8fea0975d839430be1249d1a3?s=96&d=mm&r=g","contentUrl":"https:\/\/secure.gravatar.com\/avatar\/58b2e897ca1b290b3c87ba2112be22b2d12e7af8fea0975d839430be1249d1a3?s=96&d=mm&r=g","caption":"pressreleaself"},"url":"https:\/\/www.article-marketing.eu\/comunicatistampa\/author\/pressreleaself\/"}]}},"_links":{"self":[{"href":"https:\/\/www.article-marketing.eu\/comunicatistampa\/wp-json\/wp\/v2\/posts\/25081","targetHints":{"allow":["GET"]}}],"collection":[{"href":"https:\/\/www.article-marketing.eu\/comunicatistampa\/wp-json\/wp\/v2\/posts"}],"about":[{"href":"https:\/\/www.article-marketing.eu\/comunicatistampa\/wp-json\/wp\/v2\/types\/post"}],"author":[{"embeddable":true,"href":"https:\/\/www.article-marketing.eu\/comunicatistampa\/wp-json\/wp\/v2\/users\/7206"}],"replies":[{"embeddable":true,"href":"https:\/\/www.article-marketing.eu\/comunicatistampa\/wp-json\/wp\/v2\/comments?post=25081"}],"version-history":[{"count":2,"href":"https:\/\/www.article-marketing.eu\/comunicatistampa\/wp-json\/wp\/v2\/posts\/25081\/revisions"}],"predecessor-version":[{"id":25318,"href":"https:\/\/www.article-marketing.eu\/comunicatistampa\/wp-json\/wp\/v2\/posts\/25081\/revisions\/25318"}],"wp:attachment":[{"href":"https:\/\/www.article-marketing.eu\/comunicatistampa\/wp-json\/wp\/v2\/media?parent=25081"}],"wp:term":[{"taxonomy":"category","embeddable":true,"href":"https:\/\/www.article-marketing.eu\/comunicatistampa\/wp-json\/wp\/v2\/categories?post=25081"},{"taxonomy":"post_tag","embeddable":true,"href":"https:\/\/www.article-marketing.eu\/comunicatistampa\/wp-json\/wp\/v2\/tags?post=25081"}],"curies":[{"name":"wp","href":"https:\/\/api.w.org\/{rel}","templated":true}]}}