{"id":25088,"date":"2022-11-15T15:56:54","date_gmt":"2022-11-15T14:56:54","guid":{"rendered":"https:\/\/www.article-marketing.eu\/comunicatistampa\/?p=25088"},"modified":"2022-11-15T15:56:54","modified_gmt":"2022-11-15T14:56:54","slug":"luigi-ferraris-gruppo-fs-ricorda-il-generale-dalla-chiesa-focus-sulla-speciale-iniziativa","status":"publish","type":"post","link":"https:\/\/www.article-marketing.eu\/comunicatistampa\/luigi-ferraris-gruppo-fs-ricorda-il-generale-dalla-chiesa-focus-sulla-speciale-iniziativa\/","title":{"rendered":"Luigi Ferraris: Gruppo FS ricorda il Generale Dalla Chiesa, focus sulla speciale iniziativa"},"content":{"rendered":"<p><em><strong>Lo speciale Frecciarossa dedicato al Generale Dalla Chiesa: nelle parole dell&#8217;Amministratore Delegato del Gruppo FS <a title=\"Luigi Ferraris: Gruppo FS ricorda il Generale Dalla Chiesa\" href=\"https:\/\/www.ilgiornaleditalia.it\/video\/mondo-imprese\/402482\/luigi-ferraris-gruppo-fs-uno-speciale-frecciarossa-percorrera-torino-reggio-calabria-luoghi-in-cui-il-generale-ha-vissuto-e-lavorato-.html\">Luigi Ferraris<\/a> il valore dell&#8217;iniziativa.<\/strong><\/em><\/p>\n<p><a title=\"Luigi Ferraris: l'iniziativa - Il Giornale d'Italia\" href=\"https:\/\/www.ilgiornaleditalia.it\/video\/mondo-imprese\/402482\/luigi-ferraris-gruppo-fs-uno-speciale-frecciarossa-percorrera-torino-reggio-calabria-luoghi-in-cui-il-generale-ha-vissuto-e-lavorato-.html\"><img loading=\"lazy\" decoding=\"async\" src=\"https:\/\/h2biz.net\/images\/Plats\/crop_min_20220525145751.jpg\" alt=\"Luigi Ferraris\" width=\"120\" height=\"120\" \/><\/a><\/p>\n<h2>Luigi Ferraris: il Gruppo FS omaggia il Generale Dalla Chiesa<\/h2>\n<p>\u00c8 stato ed \u00e8 tutt&#8217;oggi un modello di fedelt\u00e0 allo Stato e ai suoi pi\u00f9 alti valori democratici: libert\u00e0 e legalit\u00e0. L&#8217;AD <strong>Luigi Ferrari<\/strong>s ha ricordato con queste parole lo spessore umano e professionale del Generale Carlo Alberto dalla Chiesa: a lui, assassinato dalla mafia il 3 settembre 1982 insieme alla moglie Emanuela Setti Carraro e all&#8217;agente scelto della Polizia Domenico Russo, il <strong>Gruppo FS<\/strong> ha dedicato uno speciale treno Frecciarossa che percorrer\u00e0, fino al 31 ottobre, l&#8217;itinerario tra Torino e Reggio Calabria attraversando alcuni dei luoghi in cui ha vissuto e lavorato. Impresse sulla fiancata l&#8217;immagine del suo volto, le date di nascita e di morte e una frase da lui pronunciata divenuta oggi celebre per l&#8217;alta valenza simbolica: <em>&#8220;Certe cose non si fanno per coraggio, si fanno solo per guardare pi\u00f9 serenamente negli occhi i propri figli e i figli dei nostri figli&#8221;<\/em>. La presentazione dello speciale Frecciarossa si \u00e8 tenuta lo scorso 7 settembre oggi alla stazione di Roma Termini: oltre all&#8217;AD <strong>Luigi Ferraris<\/strong> hanno preso parte alla cerimonia anche il Ministro della Difesa Lorenzo Guerini e il Comandante generale dell&#8217;Arma dei Carabinieri Generale di Corpo d&#8217;Armata Teo Luzi.<\/p>\n<h2>Gruppo FS: l&#8217;AD Luigi Ferraris parla dell&#8217;impegno nel promuovere e tutelare libert\u00e0 e legalit\u00e0<\/h2>\n<p>Nel suo intervento l&#8217;AD <a title=\"Luigi Ferraris: l'omaggio al Generale Dalla Chiesa\" href=\"https:\/\/www.ilgiornaleditalia.it\/video\/mondo-imprese\/402482\/luigi-ferraris-gruppo-fs-uno-speciale-frecciarossa-percorrera-torino-reggio-calabria-luoghi-in-cui-il-generale-ha-vissuto-e-lavorato-.html\">Luigi Ferraris<\/a> ha sottolineato come il Generale abbia incarnato <em>&#8220;la speranza di tutti gli italiani onesti diventando un eroe nella battaglia contro la criminalit\u00e0 organizzata condotta dalle pi\u00f9 alte e sane istituzioni dello Stato&#8221;<\/em>. Il suo esempio e il suo sacrificio, ha proseguito l&#8217;AD, hanno fatto s\u00ec che i valori dell&#8217;antimafia diventassero sempre pi\u00f9 radicati nella societ\u00e0, a beneficio delle nuove generazioni: da qui l&#8217;iniziativa, realizzata per <em>&#8220;tenere viva la sua lezione di vita, perch\u00e9 resti impressa in tutti noi&#8221;<\/em> ma anche nell&#8217;ottica di rendere omaggio a tutti quei <em>&#8220;difensori della nostra libert\u00e0 e della legalit\u00e0 che da sempre sono a servizio del Paese e degli italiani, lavorando con dedizione e senso di appartenenza per rendere l&#8217;Italia pi\u00f9 sicura, competitiva e fiera di se stessa&#8221;<\/em>. <strong>Luigi Ferraris<\/strong> nel suo intervento ha parlato anche dell&#8217;impegno che il <strong>Gruppo FS<\/strong> profonde <em>&#8220;a tutela della legalit\u00e0, dotandosi di strumenti sempre pi\u00f9 aggiornati ed efficaci, tra i quali ricordo il Protocollo d&#8217;Intesa siglato poche settimane fa proprio con l&#8217;Arma dei Carabinieri per il contrasto alle infiltrazioni criminali nei nostri cantieri e la nuova &#8216;Policy Anticorruzione del Gruppo FS'&#8221;<\/em>.<\/p>\n","protected":false},"excerpt":{"rendered":"<p>Lo speciale Frecciarossa dedicato al Generale Dalla Chiesa: nelle parole dell&#8217;Amministratore Delegato del Gruppo FS Luigi Ferraris il valore dell&#8217;iniziativa. Luigi Ferraris: il Gruppo FS omaggia il Generale Dalla Chiesa \u00c8 stato ed \u00e8 tutt&#8217;oggi un modello di fedelt\u00e0 allo Stato e ai suoi pi\u00f9 alti valori democratici: libert\u00e0 e legalit\u00e0. L&#8217;AD Luigi Ferraris ha ricordato con queste parole lo spessore umano e professionale del Generale Carlo Alberto dalla Chiesa:<\/p>\n<p><a class=\"continue-reading\" href=\"https:\/\/www.article-marketing.eu\/comunicatistampa\/luigi-ferraris-gruppo-fs-ricorda-il-generale-dalla-chiesa-focus-sulla-speciale-iniziativa\/\">Continue reading&#8230;<\/a><\/p>\n","protected":false},"author":6477,"featured_media":0,"comment_status":"open","ping_status":"open","sticky":false,"template":"","format":"standard","meta":{"_monsterinsights_skip_tracking":false,"_monsterinsights_sitenote_active":false,"_monsterinsights_sitenote_note":"","_monsterinsights_sitenote_category":0,"footnotes":""},"categories":[388],"tags":[10013,9540],"class_list":["post-25088","post","type-post","status-publish","format-standard","hentry","category-aziende","tag-gruppo-fs","tag-luigi-ferraris"],"yoast_head":"<!-- This site is optimized with the Yoast SEO plugin v27.3 - https:\/\/yoast.com\/product\/yoast-seo-wordpress\/ -->\n<title>Luigi Ferraris: Gruppo FS ricorda il Generale Dalla Chiesa, focus sulla speciale iniziativa<\/title>\n<meta name=\"robots\" content=\"index, follow, max-snippet:-1, max-image-preview:large, max-video-preview:-1\" \/>\n<link rel=\"canonical\" href=\"https:\/\/www.article-marketing.eu\/comunicatistampa\/luigi-ferraris-gruppo-fs-ricorda-il-generale-dalla-chiesa-focus-sulla-speciale-iniziativa\/\" \/>\n<meta property=\"og:locale\" content=\"it_IT\" \/>\n<meta property=\"og:type\" content=\"article\" \/>\n<meta property=\"og:title\" content=\"Luigi Ferraris: Gruppo FS ricorda il Generale Dalla Chiesa, focus sulla speciale iniziativa\" \/>\n<meta property=\"og:description\" content=\"Lo speciale Frecciarossa dedicato al Generale Dalla Chiesa: nelle parole dell&#8217;Amministratore Delegato del Gruppo FS Luigi Ferraris il valore dell&#8217;iniziativa. Luigi Ferraris: il Gruppo FS omaggia il Generale Dalla Chiesa \u00c8 stato ed \u00e8 tutt&#8217;oggi un modello di fedelt\u00e0 allo Stato e ai suoi pi\u00f9 alti valori democratici: libert\u00e0 e legalit\u00e0. L&#8217;AD Luigi Ferraris ha ricordato con queste parole lo spessore umano e professionale del Generale Carlo Alberto dalla Chiesa:Continue reading...\" \/>\n<meta property=\"og:url\" content=\"https:\/\/www.article-marketing.eu\/comunicatistampa\/luigi-ferraris-gruppo-fs-ricorda-il-generale-dalla-chiesa-focus-sulla-speciale-iniziativa\/\" \/>\n<meta property=\"og:site_name\" content=\"Article Marketing\" \/>\n<meta property=\"article:published_time\" content=\"2022-11-15T14:56:54+00:00\" \/>\n<meta property=\"og:image\" content=\"https:\/\/h2biz.net\/images\/Plats\/crop_min_20220525145751.jpg\" \/>\n<meta name=\"author\" content=\"articolinews\" \/>\n<meta name=\"twitter:card\" content=\"summary_large_image\" \/>\n<meta name=\"twitter:label1\" content=\"Scritto da\" \/>\n\t<meta name=\"twitter:data1\" content=\"articolinews\" \/>\n\t<meta name=\"twitter:label2\" content=\"Tempo di lettura stimato\" \/>\n\t<meta name=\"twitter:data2\" content=\"3 minuti\" \/>\n<script type=\"application\/ld+json\" class=\"yoast-schema-graph\">{\"@context\":\"https:\\\/\\\/schema.org\",\"@graph\":[{\"@type\":\"Article\",\"@id\":\"https:\\\/\\\/www.article-marketing.eu\\\/comunicatistampa\\\/luigi-ferraris-gruppo-fs-ricorda-il-generale-dalla-chiesa-focus-sulla-speciale-iniziativa\\\/#article\",\"isPartOf\":{\"@id\":\"https:\\\/\\\/www.article-marketing.eu\\\/comunicatistampa\\\/luigi-ferraris-gruppo-fs-ricorda-il-generale-dalla-chiesa-focus-sulla-speciale-iniziativa\\\/\"},\"author\":{\"name\":\"articolinews\",\"@id\":\"https:\\\/\\\/www.article-marketing.eu\\\/comunicatistampa\\\/#\\\/schema\\\/person\\\/2fcaf8f8f3a9eef9eb7f27532d3ca458\"},\"headline\":\"Luigi Ferraris: Gruppo FS ricorda il Generale Dalla Chiesa, focus sulla speciale iniziativa\",\"datePublished\":\"2022-11-15T14:56:54+00:00\",\"mainEntityOfPage\":{\"@id\":\"https:\\\/\\\/www.article-marketing.eu\\\/comunicatistampa\\\/luigi-ferraris-gruppo-fs-ricorda-il-generale-dalla-chiesa-focus-sulla-speciale-iniziativa\\\/\"},\"wordCount\":430,\"commentCount\":0,\"image\":{\"@id\":\"https:\\\/\\\/www.article-marketing.eu\\\/comunicatistampa\\\/luigi-ferraris-gruppo-fs-ricorda-il-generale-dalla-chiesa-focus-sulla-speciale-iniziativa\\\/#primaryimage\"},\"thumbnailUrl\":\"https:\\\/\\\/h2biz.net\\\/images\\\/Plats\\\/crop_min_20220525145751.jpg\",\"keywords\":[\"Gruppo FS\",\"Luigi Ferraris\"],\"articleSection\":[\"Aziende\"],\"inLanguage\":\"it-IT\",\"potentialAction\":[{\"@type\":\"CommentAction\",\"name\":\"Comment\",\"target\":[\"https:\\\/\\\/www.article-marketing.eu\\\/comunicatistampa\\\/luigi-ferraris-gruppo-fs-ricorda-il-generale-dalla-chiesa-focus-sulla-speciale-iniziativa\\\/#respond\"]}]},{\"@type\":\"WebPage\",\"@id\":\"https:\\\/\\\/www.article-marketing.eu\\\/comunicatistampa\\\/luigi-ferraris-gruppo-fs-ricorda-il-generale-dalla-chiesa-focus-sulla-speciale-iniziativa\\\/\",\"url\":\"https:\\\/\\\/www.article-marketing.eu\\\/comunicatistampa\\\/luigi-ferraris-gruppo-fs-ricorda-il-generale-dalla-chiesa-focus-sulla-speciale-iniziativa\\\/\",\"name\":\"Luigi Ferraris: Gruppo FS ricorda il Generale Dalla Chiesa, focus sulla speciale iniziativa\",\"isPartOf\":{\"@id\":\"https:\\\/\\\/www.article-marketing.eu\\\/comunicatistampa\\\/#website\"},\"primaryImageOfPage\":{\"@id\":\"https:\\\/\\\/www.article-marketing.eu\\\/comunicatistampa\\\/luigi-ferraris-gruppo-fs-ricorda-il-generale-dalla-chiesa-focus-sulla-speciale-iniziativa\\\/#primaryimage\"},\"image\":{\"@id\":\"https:\\\/\\\/www.article-marketing.eu\\\/comunicatistampa\\\/luigi-ferraris-gruppo-fs-ricorda-il-generale-dalla-chiesa-focus-sulla-speciale-iniziativa\\\/#primaryimage\"},\"thumbnailUrl\":\"https:\\\/\\\/h2biz.net\\\/images\\\/Plats\\\/crop_min_20220525145751.jpg\",\"datePublished\":\"2022-11-15T14:56:54+00:00\",\"author\":{\"@id\":\"https:\\\/\\\/www.article-marketing.eu\\\/comunicatistampa\\\/#\\\/schema\\\/person\\\/2fcaf8f8f3a9eef9eb7f27532d3ca458\"},\"breadcrumb\":{\"@id\":\"https:\\\/\\\/www.article-marketing.eu\\\/comunicatistampa\\\/luigi-ferraris-gruppo-fs-ricorda-il-generale-dalla-chiesa-focus-sulla-speciale-iniziativa\\\/#breadcrumb\"},\"inLanguage\":\"it-IT\",\"potentialAction\":[{\"@type\":\"ReadAction\",\"target\":[\"https:\\\/\\\/www.article-marketing.eu\\\/comunicatistampa\\\/luigi-ferraris-gruppo-fs-ricorda-il-generale-dalla-chiesa-focus-sulla-speciale-iniziativa\\\/\"]}]},{\"@type\":\"ImageObject\",\"inLanguage\":\"it-IT\",\"@id\":\"https:\\\/\\\/www.article-marketing.eu\\\/comunicatistampa\\\/luigi-ferraris-gruppo-fs-ricorda-il-generale-dalla-chiesa-focus-sulla-speciale-iniziativa\\\/#primaryimage\",\"url\":\"https:\\\/\\\/h2biz.net\\\/images\\\/Plats\\\/crop_min_20220525145751.jpg\",\"contentUrl\":\"https:\\\/\\\/h2biz.net\\\/images\\\/Plats\\\/crop_min_20220525145751.jpg\"},{\"@type\":\"BreadcrumbList\",\"@id\":\"https:\\\/\\\/www.article-marketing.eu\\\/comunicatistampa\\\/luigi-ferraris-gruppo-fs-ricorda-il-generale-dalla-chiesa-focus-sulla-speciale-iniziativa\\\/#breadcrumb\",\"itemListElement\":[{\"@type\":\"ListItem\",\"position\":1,\"name\":\"Home\",\"item\":\"https:\\\/\\\/www.article-marketing.eu\\\/comunicatistampa\\\/\"},{\"@type\":\"ListItem\",\"position\":2,\"name\":\"Luigi Ferraris: Gruppo FS ricorda il Generale Dalla Chiesa, focus sulla speciale iniziativa\"}]},{\"@type\":\"WebSite\",\"@id\":\"https:\\\/\\\/www.article-marketing.eu\\\/comunicatistampa\\\/#website\",\"url\":\"https:\\\/\\\/www.article-marketing.eu\\\/comunicatistampa\\\/\",\"name\":\"Article Marketing\",\"description\":\"article marketing &amp; press release\",\"potentialAction\":[{\"@type\":\"SearchAction\",\"target\":{\"@type\":\"EntryPoint\",\"urlTemplate\":\"https:\\\/\\\/www.article-marketing.eu\\\/comunicatistampa\\\/?s={search_term_string}\"},\"query-input\":{\"@type\":\"PropertyValueSpecification\",\"valueRequired\":true,\"valueName\":\"search_term_string\"}}],\"inLanguage\":\"it-IT\"},{\"@type\":\"Person\",\"@id\":\"https:\\\/\\\/www.article-marketing.eu\\\/comunicatistampa\\\/#\\\/schema\\\/person\\\/2fcaf8f8f3a9eef9eb7f27532d3ca458\",\"name\":\"articolinews\",\"image\":{\"@type\":\"ImageObject\",\"inLanguage\":\"it-IT\",\"@id\":\"https:\\\/\\\/secure.gravatar.com\\\/avatar\\\/9e2a264bab04e17dea24d937c9956304649a848cb73c46747a692ff1bdeb1cb7?s=96&d=mm&r=g\",\"url\":\"https:\\\/\\\/secure.gravatar.com\\\/avatar\\\/9e2a264bab04e17dea24d937c9956304649a848cb73c46747a692ff1bdeb1cb7?s=96&d=mm&r=g\",\"contentUrl\":\"https:\\\/\\\/secure.gravatar.com\\\/avatar\\\/9e2a264bab04e17dea24d937c9956304649a848cb73c46747a692ff1bdeb1cb7?s=96&d=mm&r=g\",\"caption\":\"articolinews\"},\"url\":\"https:\\\/\\\/www.article-marketing.eu\\\/comunicatistampa\\\/author\\\/articolinews\\\/\"}]}<\/script>\n<!-- \/ Yoast SEO plugin. -->","yoast_head_json":{"title":"Luigi Ferraris: Gruppo FS ricorda il Generale Dalla Chiesa, focus sulla speciale iniziativa","robots":{"index":"index","follow":"follow","max-snippet":"max-snippet:-1","max-image-preview":"max-image-preview:large","max-video-preview":"max-video-preview:-1"},"canonical":"https:\/\/www.article-marketing.eu\/comunicatistampa\/luigi-ferraris-gruppo-fs-ricorda-il-generale-dalla-chiesa-focus-sulla-speciale-iniziativa\/","og_locale":"it_IT","og_type":"article","og_title":"Luigi Ferraris: Gruppo FS ricorda il Generale Dalla Chiesa, focus sulla speciale iniziativa","og_description":"Lo speciale Frecciarossa dedicato al Generale Dalla Chiesa: nelle parole dell&#8217;Amministratore Delegato del Gruppo FS Luigi Ferraris il valore dell&#8217;iniziativa. Luigi Ferraris: il Gruppo FS omaggia il Generale Dalla Chiesa \u00c8 stato ed \u00e8 tutt&#8217;oggi un modello di fedelt\u00e0 allo Stato e ai suoi pi\u00f9 alti valori democratici: libert\u00e0 e legalit\u00e0. L&#8217;AD Luigi Ferraris ha ricordato con queste parole lo spessore umano e professionale del Generale Carlo Alberto dalla Chiesa:Continue reading...","og_url":"https:\/\/www.article-marketing.eu\/comunicatistampa\/luigi-ferraris-gruppo-fs-ricorda-il-generale-dalla-chiesa-focus-sulla-speciale-iniziativa\/","og_site_name":"Article Marketing","article_published_time":"2022-11-15T14:56:54+00:00","og_image":[{"url":"https:\/\/h2biz.net\/images\/Plats\/crop_min_20220525145751.jpg","type":"","width":"","height":""}],"author":"articolinews","twitter_card":"summary_large_image","twitter_misc":{"Scritto da":"articolinews","Tempo di lettura stimato":"3 minuti"},"schema":{"@context":"https:\/\/schema.org","@graph":[{"@type":"Article","@id":"https:\/\/www.article-marketing.eu\/comunicatistampa\/luigi-ferraris-gruppo-fs-ricorda-il-generale-dalla-chiesa-focus-sulla-speciale-iniziativa\/#article","isPartOf":{"@id":"https:\/\/www.article-marketing.eu\/comunicatistampa\/luigi-ferraris-gruppo-fs-ricorda-il-generale-dalla-chiesa-focus-sulla-speciale-iniziativa\/"},"author":{"name":"articolinews","@id":"https:\/\/www.article-marketing.eu\/comunicatistampa\/#\/schema\/person\/2fcaf8f8f3a9eef9eb7f27532d3ca458"},"headline":"Luigi Ferraris: Gruppo FS ricorda il Generale Dalla Chiesa, focus sulla speciale iniziativa","datePublished":"2022-11-15T14:56:54+00:00","mainEntityOfPage":{"@id":"https:\/\/www.article-marketing.eu\/comunicatistampa\/luigi-ferraris-gruppo-fs-ricorda-il-generale-dalla-chiesa-focus-sulla-speciale-iniziativa\/"},"wordCount":430,"commentCount":0,"image":{"@id":"https:\/\/www.article-marketing.eu\/comunicatistampa\/luigi-ferraris-gruppo-fs-ricorda-il-generale-dalla-chiesa-focus-sulla-speciale-iniziativa\/#primaryimage"},"thumbnailUrl":"https:\/\/h2biz.net\/images\/Plats\/crop_min_20220525145751.jpg","keywords":["Gruppo FS","Luigi Ferraris"],"articleSection":["Aziende"],"inLanguage":"it-IT","potentialAction":[{"@type":"CommentAction","name":"Comment","target":["https:\/\/www.article-marketing.eu\/comunicatistampa\/luigi-ferraris-gruppo-fs-ricorda-il-generale-dalla-chiesa-focus-sulla-speciale-iniziativa\/#respond"]}]},{"@type":"WebPage","@id":"https:\/\/www.article-marketing.eu\/comunicatistampa\/luigi-ferraris-gruppo-fs-ricorda-il-generale-dalla-chiesa-focus-sulla-speciale-iniziativa\/","url":"https:\/\/www.article-marketing.eu\/comunicatistampa\/luigi-ferraris-gruppo-fs-ricorda-il-generale-dalla-chiesa-focus-sulla-speciale-iniziativa\/","name":"Luigi Ferraris: Gruppo FS ricorda il Generale Dalla Chiesa, focus sulla speciale iniziativa","isPartOf":{"@id":"https:\/\/www.article-marketing.eu\/comunicatistampa\/#website"},"primaryImageOfPage":{"@id":"https:\/\/www.article-marketing.eu\/comunicatistampa\/luigi-ferraris-gruppo-fs-ricorda-il-generale-dalla-chiesa-focus-sulla-speciale-iniziativa\/#primaryimage"},"image":{"@id":"https:\/\/www.article-marketing.eu\/comunicatistampa\/luigi-ferraris-gruppo-fs-ricorda-il-generale-dalla-chiesa-focus-sulla-speciale-iniziativa\/#primaryimage"},"thumbnailUrl":"https:\/\/h2biz.net\/images\/Plats\/crop_min_20220525145751.jpg","datePublished":"2022-11-15T14:56:54+00:00","author":{"@id":"https:\/\/www.article-marketing.eu\/comunicatistampa\/#\/schema\/person\/2fcaf8f8f3a9eef9eb7f27532d3ca458"},"breadcrumb":{"@id":"https:\/\/www.article-marketing.eu\/comunicatistampa\/luigi-ferraris-gruppo-fs-ricorda-il-generale-dalla-chiesa-focus-sulla-speciale-iniziativa\/#breadcrumb"},"inLanguage":"it-IT","potentialAction":[{"@type":"ReadAction","target":["https:\/\/www.article-marketing.eu\/comunicatistampa\/luigi-ferraris-gruppo-fs-ricorda-il-generale-dalla-chiesa-focus-sulla-speciale-iniziativa\/"]}]},{"@type":"ImageObject","inLanguage":"it-IT","@id":"https:\/\/www.article-marketing.eu\/comunicatistampa\/luigi-ferraris-gruppo-fs-ricorda-il-generale-dalla-chiesa-focus-sulla-speciale-iniziativa\/#primaryimage","url":"https:\/\/h2biz.net\/images\/Plats\/crop_min_20220525145751.jpg","contentUrl":"https:\/\/h2biz.net\/images\/Plats\/crop_min_20220525145751.jpg"},{"@type":"BreadcrumbList","@id":"https:\/\/www.article-marketing.eu\/comunicatistampa\/luigi-ferraris-gruppo-fs-ricorda-il-generale-dalla-chiesa-focus-sulla-speciale-iniziativa\/#breadcrumb","itemListElement":[{"@type":"ListItem","position":1,"name":"Home","item":"https:\/\/www.article-marketing.eu\/comunicatistampa\/"},{"@type":"ListItem","position":2,"name":"Luigi Ferraris: Gruppo FS ricorda il Generale Dalla Chiesa, focus sulla speciale iniziativa"}]},{"@type":"WebSite","@id":"https:\/\/www.article-marketing.eu\/comunicatistampa\/#website","url":"https:\/\/www.article-marketing.eu\/comunicatistampa\/","name":"Article Marketing","description":"article marketing &amp; press release","potentialAction":[{"@type":"SearchAction","target":{"@type":"EntryPoint","urlTemplate":"https:\/\/www.article-marketing.eu\/comunicatistampa\/?s={search_term_string}"},"query-input":{"@type":"PropertyValueSpecification","valueRequired":true,"valueName":"search_term_string"}}],"inLanguage":"it-IT"},{"@type":"Person","@id":"https:\/\/www.article-marketing.eu\/comunicatistampa\/#\/schema\/person\/2fcaf8f8f3a9eef9eb7f27532d3ca458","name":"articolinews","image":{"@type":"ImageObject","inLanguage":"it-IT","@id":"https:\/\/secure.gravatar.com\/avatar\/9e2a264bab04e17dea24d937c9956304649a848cb73c46747a692ff1bdeb1cb7?s=96&d=mm&r=g","url":"https:\/\/secure.gravatar.com\/avatar\/9e2a264bab04e17dea24d937c9956304649a848cb73c46747a692ff1bdeb1cb7?s=96&d=mm&r=g","contentUrl":"https:\/\/secure.gravatar.com\/avatar\/9e2a264bab04e17dea24d937c9956304649a848cb73c46747a692ff1bdeb1cb7?s=96&d=mm&r=g","caption":"articolinews"},"url":"https:\/\/www.article-marketing.eu\/comunicatistampa\/author\/articolinews\/"}]}},"_links":{"self":[{"href":"https:\/\/www.article-marketing.eu\/comunicatistampa\/wp-json\/wp\/v2\/posts\/25088","targetHints":{"allow":["GET"]}}],"collection":[{"href":"https:\/\/www.article-marketing.eu\/comunicatistampa\/wp-json\/wp\/v2\/posts"}],"about":[{"href":"https:\/\/www.article-marketing.eu\/comunicatistampa\/wp-json\/wp\/v2\/types\/post"}],"author":[{"embeddable":true,"href":"https:\/\/www.article-marketing.eu\/comunicatistampa\/wp-json\/wp\/v2\/users\/6477"}],"replies":[{"embeddable":true,"href":"https:\/\/www.article-marketing.eu\/comunicatistampa\/wp-json\/wp\/v2\/comments?post=25088"}],"version-history":[{"count":2,"href":"https:\/\/www.article-marketing.eu\/comunicatistampa\/wp-json\/wp\/v2\/posts\/25088\/revisions"}],"predecessor-version":[{"id":25461,"href":"https:\/\/www.article-marketing.eu\/comunicatistampa\/wp-json\/wp\/v2\/posts\/25088\/revisions\/25461"}],"wp:attachment":[{"href":"https:\/\/www.article-marketing.eu\/comunicatistampa\/wp-json\/wp\/v2\/media?parent=25088"}],"wp:term":[{"taxonomy":"category","embeddable":true,"href":"https:\/\/www.article-marketing.eu\/comunicatistampa\/wp-json\/wp\/v2\/categories?post=25088"},{"taxonomy":"post_tag","embeddable":true,"href":"https:\/\/www.article-marketing.eu\/comunicatistampa\/wp-json\/wp\/v2\/tags?post=25088"}],"curies":[{"name":"wp","href":"https:\/\/api.w.org\/{rel}","templated":true}]}}