{"id":25111,"date":"2022-10-29T12:11:09","date_gmt":"2022-10-29T10:11:09","guid":{"rendered":"https:\/\/www.article-marketing.eu\/comunicatistampa\/?p=25111"},"modified":"2022-10-29T12:11:09","modified_gmt":"2022-10-29T10:11:09","slug":"dal-cuore-dei-colli-berici-le-eccellenze-di-casa-defra","status":"publish","type":"post","link":"https:\/\/www.article-marketing.eu\/comunicatistampa\/dal-cuore-dei-colli-berici-le-eccellenze-di-casa-defra\/","title":{"rendered":"Dal cuore dei Colli Berici  le eccellenze di Casa Defr\u00e0"},"content":{"rendered":"<p><em>Cielo e Terra porta le celebri etichette premium a Gustus Vini e Sapori di Vicenza, con degustazioni e assaggi delle <\/em><em>selezioni Doc Colli Berici, <\/em><em>Rosso Riserva, Bianco Superiore e Barbarano.<\/em><\/p>\n<p>L\u2019amore per la propria terra e che ne caratterizza i prodotti di altissima qualit\u00e0, ma anche l\u2019attenzione all\u2019area in cui opera, sono alla base della filosofia di <strong>Cielo e Terra<\/strong> la nota cantina vicentina che fin dalla sua costituzione nel 1908 non ha mai smesso di valorizzare il proprio territorio.<\/p>\n<p>Dopo la partecipazione alla terza edizione di<strong> ViWine Festival e <\/strong>all\u2019ottava edizione della <strong>StrArzignano Trofeo-Autovega, Cielo e Terra ritorna protagonista anche alla <\/strong><strong>dodicesima edizione di<\/strong> <strong>Gustus \u2013 Vini e Sapori di Vicenza, <\/strong>\u00a0evento organizzato dal Consorzio Colli Berici Doc, \u00a0l\u2019<strong>8 e 9 ottobre <\/strong>al <strong>Conservatorio di Musica \u201cArrigo Pedrollo\u201d<\/strong> di Vicenza. Un fine settimana tra banchi d\u2019assaggio dei produttori delle <strong>DOC Colli Berici, Vicenza e Gambellara<\/strong> con degustazioni libere allietate da brani jazz eseguiti degli studenti del Conservatorio.<\/p>\n<p>La rassegna \u00e8 stata un\u2019occasione unica per incontrare Cielo e terra tra i <strong>25 produttori<\/strong> di aziende dei Colli Berici, Vicenza e Gambellara che nel suggestivo chiostro del Conservatorio racconteranno i loro vini e le loro storie, proponendo in degustazione oltre <strong>100 etichette<\/strong>, tra cui i vini premium di Casa Defr\u00e0 con le selezioni Doc Colli Berici, Rosso Riserva, Bianco Superiore e Barbarano.<\/p>\n<p>Casa Defr\u00e0 \u00e8 presente in diversi punti vendita del vicentino, tra cui i gruppi Al\u00ec, Conad, Eurospar, Famila e affianca alla linea dei monovarietali doc, con un ottimo rapporto prezzo qualit\u00e0, la linea premium, frutto della stretta collaborazioni ventennale con i viticoltori delle Cantine dei Colli Berici, unendo vitigni locali con quelli pi\u00f9 importanti e rinomati per celebrare i momenti speciali.<\/p>\n<p>Si conferma cos\u00ec lo stretto rapporto tra la cantina vicentina e il territorio, non solo con la valorizzazione dei prodotti che sono tra le pi\u00f9 alte espressioni di un\u2019area geografica votata al vino di qualit\u00e0, ma anche con <strong>interventi a favore della collettivit\u00e0, come il restauro della villa in stile palladiano \u201cLa Favorita\u201d, le visite delle scolaresche, ma anche il supporto a tante iniziative in ambito locale<\/strong>. Cielo e Terra si caratterizza infatti non solo per il valore delle produzioni, ma anche per una mission che da anni promuove azioni rivolte alle persone e all\u2019ambiente, come il progetto EKU\u00d2 di Murialdo World onlus, con cui \u00e8 stato prodotto il primo vino &#8220;biosolidale&#8221;.<\/p>\n<p>L\u2019azienda vicentina nata nel 1908 e che oggi \u00e8 composta dall\u2019unione della famiglia Cielo e dei viticoltori delle Cantine dei Colli Berici si distingue per essere <strong>un\u2019azienda leader nella produzione e commercializzazione del vino nel rispetto dei principi etici e di sostenibilit\u00e0 integrata, cos\u00ec come emerge dalla Relazione sulla Gestione Integrata 2021.<\/strong><\/p>\n<p>&nbsp;<\/p>\n<p>Le attivit\u00e0 di carattere internazionale si integrano con quelle sul territorio in cui \u00e8 nata e dove ha saputo svilupparsi fino a diventare un punto di riferimento, non solo in termini produttivi, ma anche per essere una <strong>realt\u00e0 certificata B Corp<sup>\u00ae,<\/sup><\/strong> <strong>la pi\u00f9 grande azienda vitivinicola certificata in Europa<\/strong>, nonch\u00e9 una delle pi\u00f9 grandi a livello globale. Se la riduzione dell\u2019impatto ambientale ha permesso a Cielo e Terra di conseguire la <strong>certificazione VIVA Sustainable<\/strong>, anche la <strong>sensibilit\u00e0 verso le persone<\/strong> l\u2019ha vista impegnata nel tempo in progetti internazionali, nazionali, ma anche locali, nella ferma convinzione che <strong>un\u2019<\/strong><strong>azienda socialmente responsabile<\/strong> debba contribuire a sensibilizzare la propria filiera anche su tematiche territoriali e mantenere un rapporto diretto con la societ\u00e0 in cui si inserisce, poich\u00e9 un\u2019impresa non \u00e8 solo un luogo produttivo, ma anche una realt\u00e0 fatta di persone e con esse \u00e8 bene condividere vision e mission in un contesto lavorativo, ma prima ancora, umano.<\/p>\n<p>Naturale quanto piacevole, dunque, il bagno di folla in Piazza dei Signori, dove il ViWine Festival \u00e8 stato per Cielo e Terra l\u2019ennesima occasione per essere protagonista della terra da cui ha avuto origine quella che oggi \u00e8 una cantina simbolo e ambasciatrice del made in Italy in tutto il mondo.<\/p>\n<blockquote class=\"wp-embedded-content\" data-secret=\"0KXuLKZDo0\"><p><a href=\"https:\/\/cieloeterravini.com\/\">Homepage<\/a><\/p><\/blockquote>\n<p><iframe loading=\"lazy\" class=\"wp-embedded-content\" sandbox=\"allow-scripts\" security=\"restricted\" style=\"position: absolute; clip: rect(1px, 1px, 1px, 1px);\" title=\"&#8220;Homepage&#8221; &#8212; Cielo e Terra\" src=\"https:\/\/cieloeterravini.com\/embed\/#?secret=uPjM8Ecm3L#?secret=0KXuLKZDo0\" data-secret=\"0KXuLKZDo0\" width=\"600\" height=\"338\" frameborder=\"0\" marginwidth=\"0\" marginheight=\"0\" scrolling=\"no\"><\/iframe><\/p>\n","protected":false},"excerpt":{"rendered":"<p>Cielo e Terra porta le celebri etichette premium a Gustus Vini e Sapori di Vicenza, con degustazioni e assaggi delle selezioni Doc Colli Berici, Rosso Riserva, Bianco Superiore e Barbarano. L\u2019amore per la propria terra e che ne caratterizza i prodotti di altissima qualit\u00e0, ma anche l\u2019attenzione all\u2019area in cui opera, sono alla base della filosofia di Cielo e Terra la nota cantina vicentina che fin dalla sua costituzione nel<\/p>\n<p><a class=\"continue-reading\" href=\"https:\/\/www.article-marketing.eu\/comunicatistampa\/dal-cuore-dei-colli-berici-le-eccellenze-di-casa-defra\/\">Continue reading&#8230;<\/a><\/p>\n","protected":false},"author":397,"featured_media":0,"comment_status":"open","ping_status":"open","sticky":false,"template":"","format":"standard","meta":{"_monsterinsights_skip_tracking":false,"_monsterinsights_sitenote_active":false,"_monsterinsights_sitenote_note":"","_monsterinsights_sitenote_category":0,"footnotes":""},"categories":[78],"tags":[],"class_list":["post-25111","post","type-post","status-publish","format-standard","hentry","category-comunicati-stampa"],"yoast_head":"<!-- This site is optimized with the Yoast SEO plugin v27.3 - https:\/\/yoast.com\/product\/yoast-seo-wordpress\/ -->\n<title>Dal cuore dei Colli Berici le eccellenze di Casa Defr\u00e0<\/title>\n<meta name=\"robots\" content=\"index, follow, max-snippet:-1, max-image-preview:large, max-video-preview:-1\" \/>\n<link rel=\"canonical\" href=\"https:\/\/www.article-marketing.eu\/comunicatistampa\/dal-cuore-dei-colli-berici-le-eccellenze-di-casa-defra\/\" \/>\n<meta property=\"og:locale\" content=\"it_IT\" \/>\n<meta property=\"og:type\" content=\"article\" \/>\n<meta property=\"og:title\" content=\"Dal cuore dei Colli Berici le eccellenze di Casa Defr\u00e0\" \/>\n<meta property=\"og:description\" content=\"Cielo e Terra porta le celebri etichette premium a Gustus Vini e Sapori di Vicenza, con degustazioni e assaggi delle selezioni Doc Colli Berici, Rosso Riserva, Bianco Superiore e Barbarano. L\u2019amore per la propria terra e che ne caratterizza i prodotti di altissima qualit\u00e0, ma anche l\u2019attenzione all\u2019area in cui opera, sono alla base della filosofia di Cielo e Terra la nota cantina vicentina che fin dalla sua costituzione nelContinue reading...\" \/>\n<meta property=\"og:url\" content=\"https:\/\/www.article-marketing.eu\/comunicatistampa\/dal-cuore-dei-colli-berici-le-eccellenze-di-casa-defra\/\" \/>\n<meta property=\"og:site_name\" content=\"Article Marketing\" \/>\n<meta property=\"article:published_time\" content=\"2022-10-29T10:11:09+00:00\" \/>\n<meta name=\"author\" content=\"Borderline Agency\" \/>\n<meta name=\"twitter:card\" content=\"summary_large_image\" \/>\n<meta name=\"twitter:label1\" content=\"Scritto da\" \/>\n\t<meta name=\"twitter:data1\" content=\"Borderline Agency\" \/>\n\t<meta name=\"twitter:label2\" content=\"Tempo di lettura stimato\" \/>\n\t<meta name=\"twitter:data2\" content=\"4 minuti\" \/>\n<script type=\"application\/ld+json\" class=\"yoast-schema-graph\">{\"@context\":\"https:\\\/\\\/schema.org\",\"@graph\":[{\"@type\":\"Article\",\"@id\":\"https:\\\/\\\/www.article-marketing.eu\\\/comunicatistampa\\\/dal-cuore-dei-colli-berici-le-eccellenze-di-casa-defra\\\/#article\",\"isPartOf\":{\"@id\":\"https:\\\/\\\/www.article-marketing.eu\\\/comunicatistampa\\\/dal-cuore-dei-colli-berici-le-eccellenze-di-casa-defra\\\/\"},\"author\":{\"name\":\"Borderline Agency\",\"@id\":\"https:\\\/\\\/www.article-marketing.eu\\\/comunicatistampa\\\/#\\\/schema\\\/person\\\/1c4ab1c7aad84347e26e78235da6ff1b\"},\"headline\":\"Dal cuore dei Colli Berici le eccellenze di Casa Defr\u00e0\",\"datePublished\":\"2022-10-29T10:11:09+00:00\",\"mainEntityOfPage\":{\"@id\":\"https:\\\/\\\/www.article-marketing.eu\\\/comunicatistampa\\\/dal-cuore-dei-colli-berici-le-eccellenze-di-casa-defra\\\/\"},\"wordCount\":665,\"commentCount\":0,\"articleSection\":[\"Comunicati stampa\"],\"inLanguage\":\"it-IT\",\"potentialAction\":[{\"@type\":\"CommentAction\",\"name\":\"Comment\",\"target\":[\"https:\\\/\\\/www.article-marketing.eu\\\/comunicatistampa\\\/dal-cuore-dei-colli-berici-le-eccellenze-di-casa-defra\\\/#respond\"]}]},{\"@type\":\"WebPage\",\"@id\":\"https:\\\/\\\/www.article-marketing.eu\\\/comunicatistampa\\\/dal-cuore-dei-colli-berici-le-eccellenze-di-casa-defra\\\/\",\"url\":\"https:\\\/\\\/www.article-marketing.eu\\\/comunicatistampa\\\/dal-cuore-dei-colli-berici-le-eccellenze-di-casa-defra\\\/\",\"name\":\"Dal cuore dei Colli Berici le eccellenze di Casa Defr\u00e0\",\"isPartOf\":{\"@id\":\"https:\\\/\\\/www.article-marketing.eu\\\/comunicatistampa\\\/#website\"},\"datePublished\":\"2022-10-29T10:11:09+00:00\",\"author\":{\"@id\":\"https:\\\/\\\/www.article-marketing.eu\\\/comunicatistampa\\\/#\\\/schema\\\/person\\\/1c4ab1c7aad84347e26e78235da6ff1b\"},\"breadcrumb\":{\"@id\":\"https:\\\/\\\/www.article-marketing.eu\\\/comunicatistampa\\\/dal-cuore-dei-colli-berici-le-eccellenze-di-casa-defra\\\/#breadcrumb\"},\"inLanguage\":\"it-IT\",\"potentialAction\":[{\"@type\":\"ReadAction\",\"target\":[\"https:\\\/\\\/www.article-marketing.eu\\\/comunicatistampa\\\/dal-cuore-dei-colli-berici-le-eccellenze-di-casa-defra\\\/\"]}]},{\"@type\":\"BreadcrumbList\",\"@id\":\"https:\\\/\\\/www.article-marketing.eu\\\/comunicatistampa\\\/dal-cuore-dei-colli-berici-le-eccellenze-di-casa-defra\\\/#breadcrumb\",\"itemListElement\":[{\"@type\":\"ListItem\",\"position\":1,\"name\":\"Home\",\"item\":\"https:\\\/\\\/www.article-marketing.eu\\\/comunicatistampa\\\/\"},{\"@type\":\"ListItem\",\"position\":2,\"name\":\"Dal cuore dei Colli Berici le eccellenze di Casa Defr\u00e0\"}]},{\"@type\":\"WebSite\",\"@id\":\"https:\\\/\\\/www.article-marketing.eu\\\/comunicatistampa\\\/#website\",\"url\":\"https:\\\/\\\/www.article-marketing.eu\\\/comunicatistampa\\\/\",\"name\":\"Article Marketing\",\"description\":\"article marketing &amp; press release\",\"potentialAction\":[{\"@type\":\"SearchAction\",\"target\":{\"@type\":\"EntryPoint\",\"urlTemplate\":\"https:\\\/\\\/www.article-marketing.eu\\\/comunicatistampa\\\/?s={search_term_string}\"},\"query-input\":{\"@type\":\"PropertyValueSpecification\",\"valueRequired\":true,\"valueName\":\"search_term_string\"}}],\"inLanguage\":\"it-IT\"},{\"@type\":\"Person\",\"@id\":\"https:\\\/\\\/www.article-marketing.eu\\\/comunicatistampa\\\/#\\\/schema\\\/person\\\/1c4ab1c7aad84347e26e78235da6ff1b\",\"name\":\"Borderline Agency\",\"image\":{\"@type\":\"ImageObject\",\"inLanguage\":\"it-IT\",\"@id\":\"https:\\\/\\\/secure.gravatar.com\\\/avatar\\\/741fa053101610cb0be7dc835c116926549ae4ae2142ff35eac04d78fda61461?s=96&d=mm&r=g\",\"url\":\"https:\\\/\\\/secure.gravatar.com\\\/avatar\\\/741fa053101610cb0be7dc835c116926549ae4ae2142ff35eac04d78fda61461?s=96&d=mm&r=g\",\"contentUrl\":\"https:\\\/\\\/secure.gravatar.com\\\/avatar\\\/741fa053101610cb0be7dc835c116926549ae4ae2142ff35eac04d78fda61461?s=96&d=mm&r=g\",\"caption\":\"Borderline Agency\"},\"url\":\"https:\\\/\\\/www.article-marketing.eu\\\/comunicatistampa\\\/author\\\/borderline-agency\\\/\"}]}<\/script>\n<!-- \/ Yoast SEO plugin. -->","yoast_head_json":{"title":"Dal cuore dei Colli Berici le eccellenze di Casa Defr\u00e0","robots":{"index":"index","follow":"follow","max-snippet":"max-snippet:-1","max-image-preview":"max-image-preview:large","max-video-preview":"max-video-preview:-1"},"canonical":"https:\/\/www.article-marketing.eu\/comunicatistampa\/dal-cuore-dei-colli-berici-le-eccellenze-di-casa-defra\/","og_locale":"it_IT","og_type":"article","og_title":"Dal cuore dei Colli Berici le eccellenze di Casa Defr\u00e0","og_description":"Cielo e Terra porta le celebri etichette premium a Gustus Vini e Sapori di Vicenza, con degustazioni e assaggi delle selezioni Doc Colli Berici, Rosso Riserva, Bianco Superiore e Barbarano. L\u2019amore per la propria terra e che ne caratterizza i prodotti di altissima qualit\u00e0, ma anche l\u2019attenzione all\u2019area in cui opera, sono alla base della filosofia di Cielo e Terra la nota cantina vicentina che fin dalla sua costituzione nelContinue reading...","og_url":"https:\/\/www.article-marketing.eu\/comunicatistampa\/dal-cuore-dei-colli-berici-le-eccellenze-di-casa-defra\/","og_site_name":"Article Marketing","article_published_time":"2022-10-29T10:11:09+00:00","author":"Borderline Agency","twitter_card":"summary_large_image","twitter_misc":{"Scritto da":"Borderline Agency","Tempo di lettura stimato":"4 minuti"},"schema":{"@context":"https:\/\/schema.org","@graph":[{"@type":"Article","@id":"https:\/\/www.article-marketing.eu\/comunicatistampa\/dal-cuore-dei-colli-berici-le-eccellenze-di-casa-defra\/#article","isPartOf":{"@id":"https:\/\/www.article-marketing.eu\/comunicatistampa\/dal-cuore-dei-colli-berici-le-eccellenze-di-casa-defra\/"},"author":{"name":"Borderline Agency","@id":"https:\/\/www.article-marketing.eu\/comunicatistampa\/#\/schema\/person\/1c4ab1c7aad84347e26e78235da6ff1b"},"headline":"Dal cuore dei Colli Berici le eccellenze di Casa Defr\u00e0","datePublished":"2022-10-29T10:11:09+00:00","mainEntityOfPage":{"@id":"https:\/\/www.article-marketing.eu\/comunicatistampa\/dal-cuore-dei-colli-berici-le-eccellenze-di-casa-defra\/"},"wordCount":665,"commentCount":0,"articleSection":["Comunicati stampa"],"inLanguage":"it-IT","potentialAction":[{"@type":"CommentAction","name":"Comment","target":["https:\/\/www.article-marketing.eu\/comunicatistampa\/dal-cuore-dei-colli-berici-le-eccellenze-di-casa-defra\/#respond"]}]},{"@type":"WebPage","@id":"https:\/\/www.article-marketing.eu\/comunicatistampa\/dal-cuore-dei-colli-berici-le-eccellenze-di-casa-defra\/","url":"https:\/\/www.article-marketing.eu\/comunicatistampa\/dal-cuore-dei-colli-berici-le-eccellenze-di-casa-defra\/","name":"Dal cuore dei Colli Berici le eccellenze di Casa Defr\u00e0","isPartOf":{"@id":"https:\/\/www.article-marketing.eu\/comunicatistampa\/#website"},"datePublished":"2022-10-29T10:11:09+00:00","author":{"@id":"https:\/\/www.article-marketing.eu\/comunicatistampa\/#\/schema\/person\/1c4ab1c7aad84347e26e78235da6ff1b"},"breadcrumb":{"@id":"https:\/\/www.article-marketing.eu\/comunicatistampa\/dal-cuore-dei-colli-berici-le-eccellenze-di-casa-defra\/#breadcrumb"},"inLanguage":"it-IT","potentialAction":[{"@type":"ReadAction","target":["https:\/\/www.article-marketing.eu\/comunicatistampa\/dal-cuore-dei-colli-berici-le-eccellenze-di-casa-defra\/"]}]},{"@type":"BreadcrumbList","@id":"https:\/\/www.article-marketing.eu\/comunicatistampa\/dal-cuore-dei-colli-berici-le-eccellenze-di-casa-defra\/#breadcrumb","itemListElement":[{"@type":"ListItem","position":1,"name":"Home","item":"https:\/\/www.article-marketing.eu\/comunicatistampa\/"},{"@type":"ListItem","position":2,"name":"Dal cuore dei Colli Berici le eccellenze di Casa Defr\u00e0"}]},{"@type":"WebSite","@id":"https:\/\/www.article-marketing.eu\/comunicatistampa\/#website","url":"https:\/\/www.article-marketing.eu\/comunicatistampa\/","name":"Article Marketing","description":"article marketing &amp; press release","potentialAction":[{"@type":"SearchAction","target":{"@type":"EntryPoint","urlTemplate":"https:\/\/www.article-marketing.eu\/comunicatistampa\/?s={search_term_string}"},"query-input":{"@type":"PropertyValueSpecification","valueRequired":true,"valueName":"search_term_string"}}],"inLanguage":"it-IT"},{"@type":"Person","@id":"https:\/\/www.article-marketing.eu\/comunicatistampa\/#\/schema\/person\/1c4ab1c7aad84347e26e78235da6ff1b","name":"Borderline Agency","image":{"@type":"ImageObject","inLanguage":"it-IT","@id":"https:\/\/secure.gravatar.com\/avatar\/741fa053101610cb0be7dc835c116926549ae4ae2142ff35eac04d78fda61461?s=96&d=mm&r=g","url":"https:\/\/secure.gravatar.com\/avatar\/741fa053101610cb0be7dc835c116926549ae4ae2142ff35eac04d78fda61461?s=96&d=mm&r=g","contentUrl":"https:\/\/secure.gravatar.com\/avatar\/741fa053101610cb0be7dc835c116926549ae4ae2142ff35eac04d78fda61461?s=96&d=mm&r=g","caption":"Borderline Agency"},"url":"https:\/\/www.article-marketing.eu\/comunicatistampa\/author\/borderline-agency\/"}]}},"_links":{"self":[{"href":"https:\/\/www.article-marketing.eu\/comunicatistampa\/wp-json\/wp\/v2\/posts\/25111","targetHints":{"allow":["GET"]}}],"collection":[{"href":"https:\/\/www.article-marketing.eu\/comunicatistampa\/wp-json\/wp\/v2\/posts"}],"about":[{"href":"https:\/\/www.article-marketing.eu\/comunicatistampa\/wp-json\/wp\/v2\/types\/post"}],"author":[{"embeddable":true,"href":"https:\/\/www.article-marketing.eu\/comunicatistampa\/wp-json\/wp\/v2\/users\/397"}],"replies":[{"embeddable":true,"href":"https:\/\/www.article-marketing.eu\/comunicatistampa\/wp-json\/wp\/v2\/comments?post=25111"}],"version-history":[{"count":2,"href":"https:\/\/www.article-marketing.eu\/comunicatistampa\/wp-json\/wp\/v2\/posts\/25111\/revisions"}],"predecessor-version":[{"id":25265,"href":"https:\/\/www.article-marketing.eu\/comunicatistampa\/wp-json\/wp\/v2\/posts\/25111\/revisions\/25265"}],"wp:attachment":[{"href":"https:\/\/www.article-marketing.eu\/comunicatistampa\/wp-json\/wp\/v2\/media?parent=25111"}],"wp:term":[{"taxonomy":"category","embeddable":true,"href":"https:\/\/www.article-marketing.eu\/comunicatistampa\/wp-json\/wp\/v2\/categories?post=25111"},{"taxonomy":"post_tag","embeddable":true,"href":"https:\/\/www.article-marketing.eu\/comunicatistampa\/wp-json\/wp\/v2\/tags?post=25111"}],"curies":[{"name":"wp","href":"https:\/\/api.w.org\/{rel}","templated":true}]}}