{"id":25125,"date":"2022-11-16T08:25:21","date_gmt":"2022-11-16T07:25:21","guid":{"rendered":"https:\/\/www.article-marketing.eu\/comunicatistampa\/?p=25125"},"modified":"2022-11-15T16:14:15","modified_gmt":"2022-11-15T15:14:15","slug":"costi-dellenergia-anche-il-mercato-del-vino-va-in-bolletta","status":"publish","type":"post","link":"https:\/\/www.article-marketing.eu\/comunicatistampa\/costi-dellenergia-anche-il-mercato-del-vino-va-in-bolletta\/","title":{"rendered":"Costi dell&#8217;energia, anche il mercato del vino va&#8230; in bolletta"},"content":{"rendered":"<p>Il mercato del <strong>vino italiano<\/strong> si ritrova <strong>sempre pi\u00f9 sotto pressione<\/strong>. \u00c8 un problema non soltanto di tipo inflattivo, ma anche di tipo distributivo. Alla base di tutto c&#8217;\u00e8 <strong>l&#8217;aumento dei costi dell&#8217;energia,<\/strong> che si ripercuote a cascata su tutti gli aspetti della produzione e della distribuzione di questo prodotto di punta del made in Italy.<\/p>\n<h2>L&#8217;impatto dei costi dell&#8217;energia<\/h2>\n<p><img decoding=\"async\" style=\"float: right; height: 168px; margin: 11px; width: 321px;\" src=\"https:\/\/economia-impresa.info\/wp-content\/uploads\/2022\/09\/vino-630x330.jpg\" alt=\"vino\" \/>Secondo un recente studio dell&#8217;<strong><em>Osservatorio Vinitaly,<\/em><\/strong> l&#8217;incremento dei <strong>costi dell&#8217;energia <\/strong>rispetto lo scorso anno \u00e8 stato <strong>del 120%<\/strong>. Parliamo di circa 425 milioni di euro di spesa aggiuntiva.<\/p>\n<p>A questa voce va per\u00f2 aggiunta anche la componente dei <strong>cosiddetti dry-good, <\/strong>ossia quei materiali essenziali come tappi, capsule, carta, cartoni e vetro. In questo caso <strong>l&#8217;aumento \u00e8 stato superiore al miliardo di euro<\/strong> rispetto allo scorso anno, con un <strong>incremento percentuale che \u00e8 stato del 74%<\/strong>.<\/p>\n<h2>E non finisce qui<\/h2>\n<p>Il problema \u00e8 che <strong>il conto salato non si esaurisce<\/strong> solo ai costi dell&#8217;energia e a quelli per le materie secche, ma <strong>viene ampliato da tutti gli altri tipi di costi<\/strong>. Per l&#8217;acquisto della materia prima, ossia uva e sfuso, sono stati pagati 6,6 miliardi di euro, con un aumento contenuto a +14%.<\/p>\n<p><strong>Altri aumenti riguardano pure le spese generali,<\/strong> che comprendono anche i costi commerciali (cresciuti di un quarto per via della ripresa delle attivit\u00e0 fieristiche, lo scorso anno ancora sospese a causa del Covid).<br \/>\nUn lieve aumento lo fanno registrare anche le <strong>spese per il personale cresciute al 650 milioni di euro<\/strong>.<\/p>\n<h2>Il conto finale<\/h2>\n<p>Alla fine, mettendo assieme tutte queste voci di spesa, si arriva a <strong>un costo che sfiora i 13 miliardi di euro. Un incremento quasi del 30%<\/strong> rispetto allo scorso anno.<\/p>\n<p>Un simile <strong>rincaro pu\u00f2 essere compensato solo parzialmente<\/strong> aumentando il <a href=\"https:\/\/www.universoforex.it\/news\/1938\/trading_con_i_volumi_e_forex_come_fare_l_039_analisi_nel_modo_corretto.html\" target=\"_blank\" rel=\"noopener\">trading con i volumi<\/a> di vendite, ed <strong>in parte anche con una revisione di listini prezzi<\/strong>. Ma di certo non possono essere misure ne&#8217; definitive ne&#8217; esaustive.<\/p>\n<p>Peraltro a pagare il conto per salato, come spesso accade, <strong>sono soprattutto le aziende di piccole e medie dimensioni.<\/strong> Quelle cio\u00e8 che producono e imbottigliano quasi tutto il vino da sole.<\/p>\n","protected":false},"excerpt":{"rendered":"<p>Il mercato del vino italiano si ritrova sempre pi\u00f9 sotto pressione. \u00c8 un problema non soltanto di tipo inflattivo, ma anche di tipo distributivo. Alla base di tutto c&#8217;\u00e8 l&#8217;aumento dei costi dell&#8217;energia, che si ripercuote a cascata su tutti gli aspetti della produzione e della distribuzione di questo prodotto di punta del made in Italy. L&#8217;impatto dei costi dell&#8217;energia Secondo un recente studio dell&#8217;Osservatorio Vinitaly, l&#8217;incremento dei costi dell&#8217;energia<\/p>\n<p><a class=\"continue-reading\" href=\"https:\/\/www.article-marketing.eu\/comunicatistampa\/costi-dellenergia-anche-il-mercato-del-vino-va-in-bolletta\/\">Continue reading&#8230;<\/a><\/p>\n","protected":false},"author":7116,"featured_media":0,"comment_status":"open","ping_status":"open","sticky":false,"template":"","format":"standard","meta":{"_monsterinsights_skip_tracking":false,"_monsterinsights_sitenote_active":false,"_monsterinsights_sitenote_note":"","_monsterinsights_sitenote_category":0,"footnotes":""},"categories":[388],"tags":[751,608,10173,69],"class_list":["post-25125","post","type-post","status-publish","format-standard","hentry","category-aziende","tag-bollette","tag-energia","tag-trading-volumi","tag-vino"],"yoast_head":"<!-- This site is optimized with the Yoast SEO plugin v27.3 - https:\/\/yoast.com\/product\/yoast-seo-wordpress\/ -->\n<title>Costi dell&#039;energia, anche il mercato del vino va... in bolletta<\/title>\n<meta name=\"robots\" content=\"index, follow, max-snippet:-1, max-image-preview:large, max-video-preview:-1\" \/>\n<link rel=\"canonical\" href=\"https:\/\/www.article-marketing.eu\/comunicatistampa\/costi-dellenergia-anche-il-mercato-del-vino-va-in-bolletta\/\" \/>\n<meta property=\"og:locale\" content=\"it_IT\" \/>\n<meta property=\"og:type\" content=\"article\" \/>\n<meta property=\"og:title\" content=\"Costi dell&#039;energia, anche il mercato del vino va... in bolletta\" \/>\n<meta property=\"og:description\" content=\"Il mercato del vino italiano si ritrova sempre pi\u00f9 sotto pressione. \u00c8 un problema non soltanto di tipo inflattivo, ma anche di tipo distributivo. Alla base di tutto c&#8217;\u00e8 l&#8217;aumento dei costi dell&#8217;energia, che si ripercuote a cascata su tutti gli aspetti della produzione e della distribuzione di questo prodotto di punta del made in Italy. L&#8217;impatto dei costi dell&#8217;energia Secondo un recente studio dell&#8217;Osservatorio Vinitaly, l&#8217;incremento dei costi dell&#8217;energiaContinue reading...\" \/>\n<meta property=\"og:url\" content=\"https:\/\/www.article-marketing.eu\/comunicatistampa\/costi-dellenergia-anche-il-mercato-del-vino-va-in-bolletta\/\" \/>\n<meta property=\"og:site_name\" content=\"Article Marketing\" \/>\n<meta property=\"article:published_time\" content=\"2022-11-16T07:25:21+00:00\" \/>\n<meta property=\"og:image\" content=\"https:\/\/economia-impresa.info\/wp-content\/uploads\/2022\/09\/vino-630x330.jpg\" \/>\n<meta name=\"author\" content=\"heliricci\" \/>\n<meta name=\"twitter:card\" content=\"summary_large_image\" \/>\n<meta name=\"twitter:label1\" content=\"Scritto da\" \/>\n\t<meta name=\"twitter:data1\" content=\"heliricci\" \/>\n\t<meta name=\"twitter:label2\" content=\"Tempo di lettura stimato\" \/>\n\t<meta name=\"twitter:data2\" content=\"3 minuti\" \/>\n<script type=\"application\/ld+json\" class=\"yoast-schema-graph\">{\"@context\":\"https:\\\/\\\/schema.org\",\"@graph\":[{\"@type\":\"Article\",\"@id\":\"https:\\\/\\\/www.article-marketing.eu\\\/comunicatistampa\\\/costi-dellenergia-anche-il-mercato-del-vino-va-in-bolletta\\\/#article\",\"isPartOf\":{\"@id\":\"https:\\\/\\\/www.article-marketing.eu\\\/comunicatistampa\\\/costi-dellenergia-anche-il-mercato-del-vino-va-in-bolletta\\\/\"},\"author\":{\"name\":\"heliricci\",\"@id\":\"https:\\\/\\\/www.article-marketing.eu\\\/comunicatistampa\\\/#\\\/schema\\\/person\\\/eb0d46093829ff5c8faf8fc7703db387\"},\"headline\":\"Costi dell&#8217;energia, anche il mercato del vino va&#8230; in bolletta\",\"datePublished\":\"2022-11-16T07:25:21+00:00\",\"mainEntityOfPage\":{\"@id\":\"https:\\\/\\\/www.article-marketing.eu\\\/comunicatistampa\\\/costi-dellenergia-anche-il-mercato-del-vino-va-in-bolletta\\\/\"},\"wordCount\":342,\"commentCount\":0,\"image\":{\"@id\":\"https:\\\/\\\/www.article-marketing.eu\\\/comunicatistampa\\\/costi-dellenergia-anche-il-mercato-del-vino-va-in-bolletta\\\/#primaryimage\"},\"thumbnailUrl\":\"https:\\\/\\\/economia-impresa.info\\\/wp-content\\\/uploads\\\/2022\\\/09\\\/vino-630x330.jpg\",\"keywords\":[\"bollette\",\"energia\",\"trading volumi\",\"vino\"],\"articleSection\":[\"Aziende\"],\"inLanguage\":\"it-IT\",\"potentialAction\":[{\"@type\":\"CommentAction\",\"name\":\"Comment\",\"target\":[\"https:\\\/\\\/www.article-marketing.eu\\\/comunicatistampa\\\/costi-dellenergia-anche-il-mercato-del-vino-va-in-bolletta\\\/#respond\"]}]},{\"@type\":\"WebPage\",\"@id\":\"https:\\\/\\\/www.article-marketing.eu\\\/comunicatistampa\\\/costi-dellenergia-anche-il-mercato-del-vino-va-in-bolletta\\\/\",\"url\":\"https:\\\/\\\/www.article-marketing.eu\\\/comunicatistampa\\\/costi-dellenergia-anche-il-mercato-del-vino-va-in-bolletta\\\/\",\"name\":\"Costi dell'energia, anche il mercato del vino va... in bolletta\",\"isPartOf\":{\"@id\":\"https:\\\/\\\/www.article-marketing.eu\\\/comunicatistampa\\\/#website\"},\"primaryImageOfPage\":{\"@id\":\"https:\\\/\\\/www.article-marketing.eu\\\/comunicatistampa\\\/costi-dellenergia-anche-il-mercato-del-vino-va-in-bolletta\\\/#primaryimage\"},\"image\":{\"@id\":\"https:\\\/\\\/www.article-marketing.eu\\\/comunicatistampa\\\/costi-dellenergia-anche-il-mercato-del-vino-va-in-bolletta\\\/#primaryimage\"},\"thumbnailUrl\":\"https:\\\/\\\/economia-impresa.info\\\/wp-content\\\/uploads\\\/2022\\\/09\\\/vino-630x330.jpg\",\"datePublished\":\"2022-11-16T07:25:21+00:00\",\"author\":{\"@id\":\"https:\\\/\\\/www.article-marketing.eu\\\/comunicatistampa\\\/#\\\/schema\\\/person\\\/eb0d46093829ff5c8faf8fc7703db387\"},\"breadcrumb\":{\"@id\":\"https:\\\/\\\/www.article-marketing.eu\\\/comunicatistampa\\\/costi-dellenergia-anche-il-mercato-del-vino-va-in-bolletta\\\/#breadcrumb\"},\"inLanguage\":\"it-IT\",\"potentialAction\":[{\"@type\":\"ReadAction\",\"target\":[\"https:\\\/\\\/www.article-marketing.eu\\\/comunicatistampa\\\/costi-dellenergia-anche-il-mercato-del-vino-va-in-bolletta\\\/\"]}]},{\"@type\":\"ImageObject\",\"inLanguage\":\"it-IT\",\"@id\":\"https:\\\/\\\/www.article-marketing.eu\\\/comunicatistampa\\\/costi-dellenergia-anche-il-mercato-del-vino-va-in-bolletta\\\/#primaryimage\",\"url\":\"https:\\\/\\\/economia-impresa.info\\\/wp-content\\\/uploads\\\/2022\\\/09\\\/vino-630x330.jpg\",\"contentUrl\":\"https:\\\/\\\/economia-impresa.info\\\/wp-content\\\/uploads\\\/2022\\\/09\\\/vino-630x330.jpg\"},{\"@type\":\"BreadcrumbList\",\"@id\":\"https:\\\/\\\/www.article-marketing.eu\\\/comunicatistampa\\\/costi-dellenergia-anche-il-mercato-del-vino-va-in-bolletta\\\/#breadcrumb\",\"itemListElement\":[{\"@type\":\"ListItem\",\"position\":1,\"name\":\"Home\",\"item\":\"https:\\\/\\\/www.article-marketing.eu\\\/comunicatistampa\\\/\"},{\"@type\":\"ListItem\",\"position\":2,\"name\":\"Costi dell&#8217;energia, anche il mercato del vino va&#8230; in bolletta\"}]},{\"@type\":\"WebSite\",\"@id\":\"https:\\\/\\\/www.article-marketing.eu\\\/comunicatistampa\\\/#website\",\"url\":\"https:\\\/\\\/www.article-marketing.eu\\\/comunicatistampa\\\/\",\"name\":\"Article Marketing\",\"description\":\"article marketing &amp; press release\",\"potentialAction\":[{\"@type\":\"SearchAction\",\"target\":{\"@type\":\"EntryPoint\",\"urlTemplate\":\"https:\\\/\\\/www.article-marketing.eu\\\/comunicatistampa\\\/?s={search_term_string}\"},\"query-input\":{\"@type\":\"PropertyValueSpecification\",\"valueRequired\":true,\"valueName\":\"search_term_string\"}}],\"inLanguage\":\"it-IT\"},{\"@type\":\"Person\",\"@id\":\"https:\\\/\\\/www.article-marketing.eu\\\/comunicatistampa\\\/#\\\/schema\\\/person\\\/eb0d46093829ff5c8faf8fc7703db387\",\"name\":\"heliricci\",\"image\":{\"@type\":\"ImageObject\",\"inLanguage\":\"it-IT\",\"@id\":\"https:\\\/\\\/secure.gravatar.com\\\/avatar\\\/c6d7bd728cdc2edbc0952c2d33ef684ae63b49979e1912fdf2804320fb36a0d6?s=96&d=mm&r=g\",\"url\":\"https:\\\/\\\/secure.gravatar.com\\\/avatar\\\/c6d7bd728cdc2edbc0952c2d33ef684ae63b49979e1912fdf2804320fb36a0d6?s=96&d=mm&r=g\",\"contentUrl\":\"https:\\\/\\\/secure.gravatar.com\\\/avatar\\\/c6d7bd728cdc2edbc0952c2d33ef684ae63b49979e1912fdf2804320fb36a0d6?s=96&d=mm&r=g\",\"caption\":\"heliricci\"},\"url\":\"https:\\\/\\\/www.article-marketing.eu\\\/comunicatistampa\\\/author\\\/heliricci\\\/\"}]}<\/script>\n<!-- \/ Yoast SEO plugin. -->","yoast_head_json":{"title":"Costi dell'energia, anche il mercato del vino va... in bolletta","robots":{"index":"index","follow":"follow","max-snippet":"max-snippet:-1","max-image-preview":"max-image-preview:large","max-video-preview":"max-video-preview:-1"},"canonical":"https:\/\/www.article-marketing.eu\/comunicatistampa\/costi-dellenergia-anche-il-mercato-del-vino-va-in-bolletta\/","og_locale":"it_IT","og_type":"article","og_title":"Costi dell'energia, anche il mercato del vino va... in bolletta","og_description":"Il mercato del vino italiano si ritrova sempre pi\u00f9 sotto pressione. \u00c8 un problema non soltanto di tipo inflattivo, ma anche di tipo distributivo. Alla base di tutto c&#8217;\u00e8 l&#8217;aumento dei costi dell&#8217;energia, che si ripercuote a cascata su tutti gli aspetti della produzione e della distribuzione di questo prodotto di punta del made in Italy. L&#8217;impatto dei costi dell&#8217;energia Secondo un recente studio dell&#8217;Osservatorio Vinitaly, l&#8217;incremento dei costi dell&#8217;energiaContinue reading...","og_url":"https:\/\/www.article-marketing.eu\/comunicatistampa\/costi-dellenergia-anche-il-mercato-del-vino-va-in-bolletta\/","og_site_name":"Article Marketing","article_published_time":"2022-11-16T07:25:21+00:00","og_image":[{"url":"https:\/\/economia-impresa.info\/wp-content\/uploads\/2022\/09\/vino-630x330.jpg","type":"","width":"","height":""}],"author":"heliricci","twitter_card":"summary_large_image","twitter_misc":{"Scritto da":"heliricci","Tempo di lettura stimato":"3 minuti"},"schema":{"@context":"https:\/\/schema.org","@graph":[{"@type":"Article","@id":"https:\/\/www.article-marketing.eu\/comunicatistampa\/costi-dellenergia-anche-il-mercato-del-vino-va-in-bolletta\/#article","isPartOf":{"@id":"https:\/\/www.article-marketing.eu\/comunicatistampa\/costi-dellenergia-anche-il-mercato-del-vino-va-in-bolletta\/"},"author":{"name":"heliricci","@id":"https:\/\/www.article-marketing.eu\/comunicatistampa\/#\/schema\/person\/eb0d46093829ff5c8faf8fc7703db387"},"headline":"Costi dell&#8217;energia, anche il mercato del vino va&#8230; in bolletta","datePublished":"2022-11-16T07:25:21+00:00","mainEntityOfPage":{"@id":"https:\/\/www.article-marketing.eu\/comunicatistampa\/costi-dellenergia-anche-il-mercato-del-vino-va-in-bolletta\/"},"wordCount":342,"commentCount":0,"image":{"@id":"https:\/\/www.article-marketing.eu\/comunicatistampa\/costi-dellenergia-anche-il-mercato-del-vino-va-in-bolletta\/#primaryimage"},"thumbnailUrl":"https:\/\/economia-impresa.info\/wp-content\/uploads\/2022\/09\/vino-630x330.jpg","keywords":["bollette","energia","trading volumi","vino"],"articleSection":["Aziende"],"inLanguage":"it-IT","potentialAction":[{"@type":"CommentAction","name":"Comment","target":["https:\/\/www.article-marketing.eu\/comunicatistampa\/costi-dellenergia-anche-il-mercato-del-vino-va-in-bolletta\/#respond"]}]},{"@type":"WebPage","@id":"https:\/\/www.article-marketing.eu\/comunicatistampa\/costi-dellenergia-anche-il-mercato-del-vino-va-in-bolletta\/","url":"https:\/\/www.article-marketing.eu\/comunicatistampa\/costi-dellenergia-anche-il-mercato-del-vino-va-in-bolletta\/","name":"Costi dell'energia, anche il mercato del vino va... in bolletta","isPartOf":{"@id":"https:\/\/www.article-marketing.eu\/comunicatistampa\/#website"},"primaryImageOfPage":{"@id":"https:\/\/www.article-marketing.eu\/comunicatistampa\/costi-dellenergia-anche-il-mercato-del-vino-va-in-bolletta\/#primaryimage"},"image":{"@id":"https:\/\/www.article-marketing.eu\/comunicatistampa\/costi-dellenergia-anche-il-mercato-del-vino-va-in-bolletta\/#primaryimage"},"thumbnailUrl":"https:\/\/economia-impresa.info\/wp-content\/uploads\/2022\/09\/vino-630x330.jpg","datePublished":"2022-11-16T07:25:21+00:00","author":{"@id":"https:\/\/www.article-marketing.eu\/comunicatistampa\/#\/schema\/person\/eb0d46093829ff5c8faf8fc7703db387"},"breadcrumb":{"@id":"https:\/\/www.article-marketing.eu\/comunicatistampa\/costi-dellenergia-anche-il-mercato-del-vino-va-in-bolletta\/#breadcrumb"},"inLanguage":"it-IT","potentialAction":[{"@type":"ReadAction","target":["https:\/\/www.article-marketing.eu\/comunicatistampa\/costi-dellenergia-anche-il-mercato-del-vino-va-in-bolletta\/"]}]},{"@type":"ImageObject","inLanguage":"it-IT","@id":"https:\/\/www.article-marketing.eu\/comunicatistampa\/costi-dellenergia-anche-il-mercato-del-vino-va-in-bolletta\/#primaryimage","url":"https:\/\/economia-impresa.info\/wp-content\/uploads\/2022\/09\/vino-630x330.jpg","contentUrl":"https:\/\/economia-impresa.info\/wp-content\/uploads\/2022\/09\/vino-630x330.jpg"},{"@type":"BreadcrumbList","@id":"https:\/\/www.article-marketing.eu\/comunicatistampa\/costi-dellenergia-anche-il-mercato-del-vino-va-in-bolletta\/#breadcrumb","itemListElement":[{"@type":"ListItem","position":1,"name":"Home","item":"https:\/\/www.article-marketing.eu\/comunicatistampa\/"},{"@type":"ListItem","position":2,"name":"Costi dell&#8217;energia, anche il mercato del vino va&#8230; in bolletta"}]},{"@type":"WebSite","@id":"https:\/\/www.article-marketing.eu\/comunicatistampa\/#website","url":"https:\/\/www.article-marketing.eu\/comunicatistampa\/","name":"Article Marketing","description":"article marketing &amp; press release","potentialAction":[{"@type":"SearchAction","target":{"@type":"EntryPoint","urlTemplate":"https:\/\/www.article-marketing.eu\/comunicatistampa\/?s={search_term_string}"},"query-input":{"@type":"PropertyValueSpecification","valueRequired":true,"valueName":"search_term_string"}}],"inLanguage":"it-IT"},{"@type":"Person","@id":"https:\/\/www.article-marketing.eu\/comunicatistampa\/#\/schema\/person\/eb0d46093829ff5c8faf8fc7703db387","name":"heliricci","image":{"@type":"ImageObject","inLanguage":"it-IT","@id":"https:\/\/secure.gravatar.com\/avatar\/c6d7bd728cdc2edbc0952c2d33ef684ae63b49979e1912fdf2804320fb36a0d6?s=96&d=mm&r=g","url":"https:\/\/secure.gravatar.com\/avatar\/c6d7bd728cdc2edbc0952c2d33ef684ae63b49979e1912fdf2804320fb36a0d6?s=96&d=mm&r=g","contentUrl":"https:\/\/secure.gravatar.com\/avatar\/c6d7bd728cdc2edbc0952c2d33ef684ae63b49979e1912fdf2804320fb36a0d6?s=96&d=mm&r=g","caption":"heliricci"},"url":"https:\/\/www.article-marketing.eu\/comunicatistampa\/author\/heliricci\/"}]}},"_links":{"self":[{"href":"https:\/\/www.article-marketing.eu\/comunicatistampa\/wp-json\/wp\/v2\/posts\/25125","targetHints":{"allow":["GET"]}}],"collection":[{"href":"https:\/\/www.article-marketing.eu\/comunicatistampa\/wp-json\/wp\/v2\/posts"}],"about":[{"href":"https:\/\/www.article-marketing.eu\/comunicatistampa\/wp-json\/wp\/v2\/types\/post"}],"author":[{"embeddable":true,"href":"https:\/\/www.article-marketing.eu\/comunicatistampa\/wp-json\/wp\/v2\/users\/7116"}],"replies":[{"embeddable":true,"href":"https:\/\/www.article-marketing.eu\/comunicatistampa\/wp-json\/wp\/v2\/comments?post=25125"}],"version-history":[{"count":2,"href":"https:\/\/www.article-marketing.eu\/comunicatistampa\/wp-json\/wp\/v2\/posts\/25125\/revisions"}],"predecessor-version":[{"id":25473,"href":"https:\/\/www.article-marketing.eu\/comunicatistampa\/wp-json\/wp\/v2\/posts\/25125\/revisions\/25473"}],"wp:attachment":[{"href":"https:\/\/www.article-marketing.eu\/comunicatistampa\/wp-json\/wp\/v2\/media?parent=25125"}],"wp:term":[{"taxonomy":"category","embeddable":true,"href":"https:\/\/www.article-marketing.eu\/comunicatistampa\/wp-json\/wp\/v2\/categories?post=25125"},{"taxonomy":"post_tag","embeddable":true,"href":"https:\/\/www.article-marketing.eu\/comunicatistampa\/wp-json\/wp\/v2\/tags?post=25125"}],"curies":[{"name":"wp","href":"https:\/\/api.w.org\/{rel}","templated":true}]}}