{"id":25127,"date":"2022-11-16T08:35:25","date_gmt":"2022-11-16T07:35:25","guid":{"rendered":"https:\/\/www.article-marketing.eu\/comunicatistampa\/?p=25127"},"modified":"2022-11-15T16:15:01","modified_gmt":"2022-11-15T15:15:01","slug":"valore-italia-andrea-mascetti-al-convegno-cultura-una-grande-sfida-per-il-futuro-dellitalia","status":"publish","type":"post","link":"https:\/\/www.article-marketing.eu\/comunicatistampa\/valore-italia-andrea-mascetti-al-convegno-cultura-una-grande-sfida-per-il-futuro-dellitalia\/","title":{"rendered":"Valore Italia: Andrea Mascetti al convegno \u201cCultura: una grande sfida per il futuro dell&#8217;Italia\u201d"},"content":{"rendered":"<p><em><strong><a title=\"Andrea Mascetti, convegno valore italia\" href=\"https:\/\/www.youtube.com\/channel\/UCdxa2uDyX_3AraStKnrZMxw\">Andrea Mascetti<\/a>, da febbraio scorso nell\u2019Advisory Board di Valore Italia, \u00e8 intervenuto a Montecitorio nell\u2019ambito del convegno \u201cCultura: una grande sfida per il futuro dell&#8217;Italia\u201d.<\/strong><\/em><\/p>\n<p><a title=\"Andrea Mascetti, video convegno cultura sfida per futuro dell'Italia\" href=\"https:\/\/www.youtube.com\/channel\/UCdxa2uDyX_3AraStKnrZMxw\"><img loading=\"lazy\" decoding=\"async\" src=\"https:\/\/www.andreamascetti.it\/wp-content\/uploads\/2021\/07\/avvocato-andrea-mascetti.jpg\" alt=\"Andrea Mascetti\" width=\"300\" height=\"200\" \/><\/a><\/p>\n<h2>Andrea Mascetti: l\u2019impegno di Valore Italia per la valorizzazione del patrimonio artistico e culturale del Paese<\/h2>\n<p>L\u2019impegno di <strong>Andrea Mascetti<\/strong> nel promuovere il valore dell\u2019arte e della cultura per il Paese \u00e8 tangibile nei numerosi progetti che ha contribuito a portare avanti in qualit\u00e0 di Coordinatore della commissione Arte e cultura di Fondazione Cariplo. Lo scorso febbraio si \u00e8 rafforzato ulteriormente con l\u2019ingresso nell\u2019Advisory Board di Valore Italia: nato nel 2019 sotto forma di impresa sociale per rilanciare la Scuola di Restauro di Botticino, si pone come luogo dinamico e interdisciplinare dove \u00e8 possibile studiare le nuove metodologie da applicare al restauro, la conservazione e la valorizzazione del Patrimonio Culturale. La vision che anima il Centro di ricerca e Alta formazione \u00e8 alla base del documento programmatico presentato lo scorso 21 settembre nella Sala Stampa di Palazzo Montecitorio: nel corso dell\u2019evento \u00e8 intervenuto anche <strong>Andrea Mascetti<\/strong>, insieme al Direttore Scientifico di Valore Italia Angelo Crespi, all\u2019On. Federico Mollicone (Coordinatore dell\u2019Intergruppo parlamentare \u201cCultura, Arte, Sport\u201d) e a Patrizia Asproni, Presidente della Fondazione Industria e Cultura.<\/p>\n<h2>Andrea Mascetti: presentato a Montecitorio il documento programmatico di Valore Italia<\/h2>\n<p>Quella lanciata da Valore Italia, come ha ribadito anche <a title=\"Andrea Mascetti, video convegno a Montecitorio\" href=\"https:\/\/www.youtube.com\/channel\/UCdxa2uDyX_3AraStKnrZMxw\"><strong>Andrea Mascetti<\/strong><\/a>, \u00e8 una grande sfida per il futuro del Paese che si erge sul principio per cui \u201c<em>programmare significa tutelare<\/em>\u201d. Diverse le proposte incluse nel documento, che si incarna concettualmente nell\u2019ambito della cosiddetta \u201cconservazione programmata\u201d: attraverso una visione di lungo periodo (almeno 30 anni) punta a modellare il futuro dell\u2019Italia su valori fondamentali come bellezza dei paesaggi e identit\u00e0 territoriale, in sinergia con altri tipi di transizione (quella green ad esempio). Presentato nel corso dell\u2019evento a cui ha preso parte anche <strong>Andrea Mascetti<\/strong>, il programma prevede il coinvolgimento di privati e imprese private nelle iniziative di valorizzazione del patrimonio culturale: fare impresa d\u2019altronde significa anche fare cultura, questa la consapevolezza. Emerge poi la necessit\u00e0 di un\u2019importante riforma fiscale che consenta, da un lato, la detraibilit\u00e0 delle spese culturali e, dall\u2019altro, l\u2019abbassamento dell\u2019IVA sulla vendita delle opere d\u2019arte contemporanea e in generale sui prodotti di cultura, al pari dell\u2019IVA agevolata per la vendita dei libri. E ancora l\u2019estensione dell\u2019Art Bonus a istituti e fondazioni private, la costituzione di un fondo cultura per l\u2019innovazione tecnologica delle imprese e un sostegno permanente al libro e alla lettura sul modello proposto da Fondazione Cariplo. Infine, tra le diverse soluzioni presentate dall\u2019ente, rientrano anche la riattivazione della cosiddetta legge \u201cDuepercento\u201d (estesa per esempio alle opere infrastrutturali), l\u2019istituzione di una rete di residenze di artista nei borghi da ripopolare oppure nei luoghi dismessi all\u2019interno di grandi citt\u00e0 e l\u2019apertura di una serie di spazi espositivi (sul modello kunsthalle) per dare la possibilit\u00e0 ai giovani di esporre con pi\u00f9 facilit\u00e0.<\/p>\n","protected":false},"excerpt":{"rendered":"<p>Andrea Mascetti, da febbraio scorso nell\u2019Advisory Board di Valore Italia, \u00e8 intervenuto a Montecitorio nell\u2019ambito del convegno \u201cCultura: una grande sfida per il futuro dell&#8217;Italia\u201d. Andrea Mascetti: l\u2019impegno di Valore Italia per la valorizzazione del patrimonio artistico e culturale del Paese L\u2019impegno di Andrea Mascetti nel promuovere il valore dell\u2019arte e della cultura per il Paese \u00e8 tangibile nei numerosi progetti che ha contribuito a portare avanti in qualit\u00e0 di<\/p>\n<p><a class=\"continue-reading\" href=\"https:\/\/www.article-marketing.eu\/comunicatistampa\/valore-italia-andrea-mascetti-al-convegno-cultura-una-grande-sfida-per-il-futuro-dellitalia\/\">Continue reading&#8230;<\/a><\/p>\n","protected":false},"author":6477,"featured_media":0,"comment_status":"open","ping_status":"open","sticky":false,"template":"","format":"standard","meta":{"_monsterinsights_skip_tracking":false,"_monsterinsights_sitenote_active":false,"_monsterinsights_sitenote_note":"","_monsterinsights_sitenote_category":0,"footnotes":""},"categories":[407],"tags":[9120],"class_list":["post-25127","post","type-post","status-publish","format-standard","hentry","category-arte-e-cultura","tag-andrea-mascetti"],"yoast_head":"<!-- This site is optimized with the Yoast SEO plugin v27.3 - https:\/\/yoast.com\/product\/yoast-seo-wordpress\/ -->\n<title>Valore Italia: Andrea Mascetti al convegno \u201cCultura: una grande sfida per il futuro dell&#039;Italia\u201d<\/title>\n<meta name=\"robots\" content=\"index, follow, max-snippet:-1, max-image-preview:large, max-video-preview:-1\" \/>\n<link rel=\"canonical\" href=\"https:\/\/www.article-marketing.eu\/comunicatistampa\/valore-italia-andrea-mascetti-al-convegno-cultura-una-grande-sfida-per-il-futuro-dellitalia\/\" \/>\n<meta property=\"og:locale\" content=\"it_IT\" \/>\n<meta property=\"og:type\" content=\"article\" \/>\n<meta property=\"og:title\" content=\"Valore Italia: Andrea Mascetti al convegno \u201cCultura: una grande sfida per il futuro dell&#039;Italia\u201d\" \/>\n<meta property=\"og:description\" content=\"Andrea Mascetti, da febbraio scorso nell\u2019Advisory Board di Valore Italia, \u00e8 intervenuto a Montecitorio nell\u2019ambito del convegno \u201cCultura: una grande sfida per il futuro dell&#8217;Italia\u201d. Andrea Mascetti: l\u2019impegno di Valore Italia per la valorizzazione del patrimonio artistico e culturale del Paese L\u2019impegno di Andrea Mascetti nel promuovere il valore dell\u2019arte e della cultura per il Paese \u00e8 tangibile nei numerosi progetti che ha contribuito a portare avanti in qualit\u00e0 diContinue reading...\" \/>\n<meta property=\"og:url\" content=\"https:\/\/www.article-marketing.eu\/comunicatistampa\/valore-italia-andrea-mascetti-al-convegno-cultura-una-grande-sfida-per-il-futuro-dellitalia\/\" \/>\n<meta property=\"og:site_name\" content=\"Article Marketing\" \/>\n<meta property=\"article:published_time\" content=\"2022-11-16T07:35:25+00:00\" \/>\n<meta property=\"og:image\" content=\"https:\/\/www.andreamascetti.it\/wp-content\/uploads\/2021\/07\/avvocato-andrea-mascetti.jpg\" \/>\n<meta name=\"author\" content=\"articolinews\" \/>\n<meta name=\"twitter:card\" content=\"summary_large_image\" \/>\n<meta name=\"twitter:label1\" content=\"Scritto da\" \/>\n\t<meta name=\"twitter:data1\" content=\"articolinews\" \/>\n\t<meta name=\"twitter:label2\" content=\"Tempo di lettura stimato\" \/>\n\t<meta name=\"twitter:data2\" content=\"3 minuti\" \/>\n<script type=\"application\/ld+json\" class=\"yoast-schema-graph\">{\"@context\":\"https:\\\/\\\/schema.org\",\"@graph\":[{\"@type\":\"Article\",\"@id\":\"https:\\\/\\\/www.article-marketing.eu\\\/comunicatistampa\\\/valore-italia-andrea-mascetti-al-convegno-cultura-una-grande-sfida-per-il-futuro-dellitalia\\\/#article\",\"isPartOf\":{\"@id\":\"https:\\\/\\\/www.article-marketing.eu\\\/comunicatistampa\\\/valore-italia-andrea-mascetti-al-convegno-cultura-una-grande-sfida-per-il-futuro-dellitalia\\\/\"},\"author\":{\"name\":\"articolinews\",\"@id\":\"https:\\\/\\\/www.article-marketing.eu\\\/comunicatistampa\\\/#\\\/schema\\\/person\\\/2fcaf8f8f3a9eef9eb7f27532d3ca458\"},\"headline\":\"Valore Italia: Andrea Mascetti al convegno \u201cCultura: una grande sfida per il futuro dell&#8217;Italia\u201d\",\"datePublished\":\"2022-11-16T07:35:25+00:00\",\"mainEntityOfPage\":{\"@id\":\"https:\\\/\\\/www.article-marketing.eu\\\/comunicatistampa\\\/valore-italia-andrea-mascetti-al-convegno-cultura-una-grande-sfida-per-il-futuro-dellitalia\\\/\"},\"wordCount\":504,\"commentCount\":0,\"image\":{\"@id\":\"https:\\\/\\\/www.article-marketing.eu\\\/comunicatistampa\\\/valore-italia-andrea-mascetti-al-convegno-cultura-una-grande-sfida-per-il-futuro-dellitalia\\\/#primaryimage\"},\"thumbnailUrl\":\"https:\\\/\\\/www.andreamascetti.it\\\/wp-content\\\/uploads\\\/2021\\\/07\\\/avvocato-andrea-mascetti.jpg\",\"keywords\":[\"Andrea Mascetti\"],\"articleSection\":[\"Arte e cultura\"],\"inLanguage\":\"it-IT\",\"potentialAction\":[{\"@type\":\"CommentAction\",\"name\":\"Comment\",\"target\":[\"https:\\\/\\\/www.article-marketing.eu\\\/comunicatistampa\\\/valore-italia-andrea-mascetti-al-convegno-cultura-una-grande-sfida-per-il-futuro-dellitalia\\\/#respond\"]}]},{\"@type\":\"WebPage\",\"@id\":\"https:\\\/\\\/www.article-marketing.eu\\\/comunicatistampa\\\/valore-italia-andrea-mascetti-al-convegno-cultura-una-grande-sfida-per-il-futuro-dellitalia\\\/\",\"url\":\"https:\\\/\\\/www.article-marketing.eu\\\/comunicatistampa\\\/valore-italia-andrea-mascetti-al-convegno-cultura-una-grande-sfida-per-il-futuro-dellitalia\\\/\",\"name\":\"Valore Italia: Andrea Mascetti al convegno \u201cCultura: una grande sfida per il futuro dell'Italia\u201d\",\"isPartOf\":{\"@id\":\"https:\\\/\\\/www.article-marketing.eu\\\/comunicatistampa\\\/#website\"},\"primaryImageOfPage\":{\"@id\":\"https:\\\/\\\/www.article-marketing.eu\\\/comunicatistampa\\\/valore-italia-andrea-mascetti-al-convegno-cultura-una-grande-sfida-per-il-futuro-dellitalia\\\/#primaryimage\"},\"image\":{\"@id\":\"https:\\\/\\\/www.article-marketing.eu\\\/comunicatistampa\\\/valore-italia-andrea-mascetti-al-convegno-cultura-una-grande-sfida-per-il-futuro-dellitalia\\\/#primaryimage\"},\"thumbnailUrl\":\"https:\\\/\\\/www.andreamascetti.it\\\/wp-content\\\/uploads\\\/2021\\\/07\\\/avvocato-andrea-mascetti.jpg\",\"datePublished\":\"2022-11-16T07:35:25+00:00\",\"author\":{\"@id\":\"https:\\\/\\\/www.article-marketing.eu\\\/comunicatistampa\\\/#\\\/schema\\\/person\\\/2fcaf8f8f3a9eef9eb7f27532d3ca458\"},\"breadcrumb\":{\"@id\":\"https:\\\/\\\/www.article-marketing.eu\\\/comunicatistampa\\\/valore-italia-andrea-mascetti-al-convegno-cultura-una-grande-sfida-per-il-futuro-dellitalia\\\/#breadcrumb\"},\"inLanguage\":\"it-IT\",\"potentialAction\":[{\"@type\":\"ReadAction\",\"target\":[\"https:\\\/\\\/www.article-marketing.eu\\\/comunicatistampa\\\/valore-italia-andrea-mascetti-al-convegno-cultura-una-grande-sfida-per-il-futuro-dellitalia\\\/\"]}]},{\"@type\":\"ImageObject\",\"inLanguage\":\"it-IT\",\"@id\":\"https:\\\/\\\/www.article-marketing.eu\\\/comunicatistampa\\\/valore-italia-andrea-mascetti-al-convegno-cultura-una-grande-sfida-per-il-futuro-dellitalia\\\/#primaryimage\",\"url\":\"https:\\\/\\\/www.andreamascetti.it\\\/wp-content\\\/uploads\\\/2021\\\/07\\\/avvocato-andrea-mascetti.jpg\",\"contentUrl\":\"https:\\\/\\\/www.andreamascetti.it\\\/wp-content\\\/uploads\\\/2021\\\/07\\\/avvocato-andrea-mascetti.jpg\"},{\"@type\":\"BreadcrumbList\",\"@id\":\"https:\\\/\\\/www.article-marketing.eu\\\/comunicatistampa\\\/valore-italia-andrea-mascetti-al-convegno-cultura-una-grande-sfida-per-il-futuro-dellitalia\\\/#breadcrumb\",\"itemListElement\":[{\"@type\":\"ListItem\",\"position\":1,\"name\":\"Home\",\"item\":\"https:\\\/\\\/www.article-marketing.eu\\\/comunicatistampa\\\/\"},{\"@type\":\"ListItem\",\"position\":2,\"name\":\"Valore Italia: Andrea Mascetti al convegno \u201cCultura: una grande sfida per il futuro dell&#8217;Italia\u201d\"}]},{\"@type\":\"WebSite\",\"@id\":\"https:\\\/\\\/www.article-marketing.eu\\\/comunicatistampa\\\/#website\",\"url\":\"https:\\\/\\\/www.article-marketing.eu\\\/comunicatistampa\\\/\",\"name\":\"Article Marketing\",\"description\":\"article marketing &amp; press release\",\"potentialAction\":[{\"@type\":\"SearchAction\",\"target\":{\"@type\":\"EntryPoint\",\"urlTemplate\":\"https:\\\/\\\/www.article-marketing.eu\\\/comunicatistampa\\\/?s={search_term_string}\"},\"query-input\":{\"@type\":\"PropertyValueSpecification\",\"valueRequired\":true,\"valueName\":\"search_term_string\"}}],\"inLanguage\":\"it-IT\"},{\"@type\":\"Person\",\"@id\":\"https:\\\/\\\/www.article-marketing.eu\\\/comunicatistampa\\\/#\\\/schema\\\/person\\\/2fcaf8f8f3a9eef9eb7f27532d3ca458\",\"name\":\"articolinews\",\"image\":{\"@type\":\"ImageObject\",\"inLanguage\":\"it-IT\",\"@id\":\"https:\\\/\\\/secure.gravatar.com\\\/avatar\\\/9e2a264bab04e17dea24d937c9956304649a848cb73c46747a692ff1bdeb1cb7?s=96&d=mm&r=g\",\"url\":\"https:\\\/\\\/secure.gravatar.com\\\/avatar\\\/9e2a264bab04e17dea24d937c9956304649a848cb73c46747a692ff1bdeb1cb7?s=96&d=mm&r=g\",\"contentUrl\":\"https:\\\/\\\/secure.gravatar.com\\\/avatar\\\/9e2a264bab04e17dea24d937c9956304649a848cb73c46747a692ff1bdeb1cb7?s=96&d=mm&r=g\",\"caption\":\"articolinews\"},\"url\":\"https:\\\/\\\/www.article-marketing.eu\\\/comunicatistampa\\\/author\\\/articolinews\\\/\"}]}<\/script>\n<!-- \/ Yoast SEO plugin. -->","yoast_head_json":{"title":"Valore Italia: Andrea Mascetti al convegno \u201cCultura: una grande sfida per il futuro dell'Italia\u201d","robots":{"index":"index","follow":"follow","max-snippet":"max-snippet:-1","max-image-preview":"max-image-preview:large","max-video-preview":"max-video-preview:-1"},"canonical":"https:\/\/www.article-marketing.eu\/comunicatistampa\/valore-italia-andrea-mascetti-al-convegno-cultura-una-grande-sfida-per-il-futuro-dellitalia\/","og_locale":"it_IT","og_type":"article","og_title":"Valore Italia: Andrea Mascetti al convegno \u201cCultura: una grande sfida per il futuro dell'Italia\u201d","og_description":"Andrea Mascetti, da febbraio scorso nell\u2019Advisory Board di Valore Italia, \u00e8 intervenuto a Montecitorio nell\u2019ambito del convegno \u201cCultura: una grande sfida per il futuro dell&#8217;Italia\u201d. Andrea Mascetti: l\u2019impegno di Valore Italia per la valorizzazione del patrimonio artistico e culturale del Paese L\u2019impegno di Andrea Mascetti nel promuovere il valore dell\u2019arte e della cultura per il Paese \u00e8 tangibile nei numerosi progetti che ha contribuito a portare avanti in qualit\u00e0 diContinue reading...","og_url":"https:\/\/www.article-marketing.eu\/comunicatistampa\/valore-italia-andrea-mascetti-al-convegno-cultura-una-grande-sfida-per-il-futuro-dellitalia\/","og_site_name":"Article Marketing","article_published_time":"2022-11-16T07:35:25+00:00","og_image":[{"url":"https:\/\/www.andreamascetti.it\/wp-content\/uploads\/2021\/07\/avvocato-andrea-mascetti.jpg","type":"","width":"","height":""}],"author":"articolinews","twitter_card":"summary_large_image","twitter_misc":{"Scritto da":"articolinews","Tempo di lettura stimato":"3 minuti"},"schema":{"@context":"https:\/\/schema.org","@graph":[{"@type":"Article","@id":"https:\/\/www.article-marketing.eu\/comunicatistampa\/valore-italia-andrea-mascetti-al-convegno-cultura-una-grande-sfida-per-il-futuro-dellitalia\/#article","isPartOf":{"@id":"https:\/\/www.article-marketing.eu\/comunicatistampa\/valore-italia-andrea-mascetti-al-convegno-cultura-una-grande-sfida-per-il-futuro-dellitalia\/"},"author":{"name":"articolinews","@id":"https:\/\/www.article-marketing.eu\/comunicatistampa\/#\/schema\/person\/2fcaf8f8f3a9eef9eb7f27532d3ca458"},"headline":"Valore Italia: Andrea Mascetti al convegno \u201cCultura: una grande sfida per il futuro dell&#8217;Italia\u201d","datePublished":"2022-11-16T07:35:25+00:00","mainEntityOfPage":{"@id":"https:\/\/www.article-marketing.eu\/comunicatistampa\/valore-italia-andrea-mascetti-al-convegno-cultura-una-grande-sfida-per-il-futuro-dellitalia\/"},"wordCount":504,"commentCount":0,"image":{"@id":"https:\/\/www.article-marketing.eu\/comunicatistampa\/valore-italia-andrea-mascetti-al-convegno-cultura-una-grande-sfida-per-il-futuro-dellitalia\/#primaryimage"},"thumbnailUrl":"https:\/\/www.andreamascetti.it\/wp-content\/uploads\/2021\/07\/avvocato-andrea-mascetti.jpg","keywords":["Andrea Mascetti"],"articleSection":["Arte e cultura"],"inLanguage":"it-IT","potentialAction":[{"@type":"CommentAction","name":"Comment","target":["https:\/\/www.article-marketing.eu\/comunicatistampa\/valore-italia-andrea-mascetti-al-convegno-cultura-una-grande-sfida-per-il-futuro-dellitalia\/#respond"]}]},{"@type":"WebPage","@id":"https:\/\/www.article-marketing.eu\/comunicatistampa\/valore-italia-andrea-mascetti-al-convegno-cultura-una-grande-sfida-per-il-futuro-dellitalia\/","url":"https:\/\/www.article-marketing.eu\/comunicatistampa\/valore-italia-andrea-mascetti-al-convegno-cultura-una-grande-sfida-per-il-futuro-dellitalia\/","name":"Valore Italia: Andrea Mascetti al convegno \u201cCultura: una grande sfida per il futuro dell'Italia\u201d","isPartOf":{"@id":"https:\/\/www.article-marketing.eu\/comunicatistampa\/#website"},"primaryImageOfPage":{"@id":"https:\/\/www.article-marketing.eu\/comunicatistampa\/valore-italia-andrea-mascetti-al-convegno-cultura-una-grande-sfida-per-il-futuro-dellitalia\/#primaryimage"},"image":{"@id":"https:\/\/www.article-marketing.eu\/comunicatistampa\/valore-italia-andrea-mascetti-al-convegno-cultura-una-grande-sfida-per-il-futuro-dellitalia\/#primaryimage"},"thumbnailUrl":"https:\/\/www.andreamascetti.it\/wp-content\/uploads\/2021\/07\/avvocato-andrea-mascetti.jpg","datePublished":"2022-11-16T07:35:25+00:00","author":{"@id":"https:\/\/www.article-marketing.eu\/comunicatistampa\/#\/schema\/person\/2fcaf8f8f3a9eef9eb7f27532d3ca458"},"breadcrumb":{"@id":"https:\/\/www.article-marketing.eu\/comunicatistampa\/valore-italia-andrea-mascetti-al-convegno-cultura-una-grande-sfida-per-il-futuro-dellitalia\/#breadcrumb"},"inLanguage":"it-IT","potentialAction":[{"@type":"ReadAction","target":["https:\/\/www.article-marketing.eu\/comunicatistampa\/valore-italia-andrea-mascetti-al-convegno-cultura-una-grande-sfida-per-il-futuro-dellitalia\/"]}]},{"@type":"ImageObject","inLanguage":"it-IT","@id":"https:\/\/www.article-marketing.eu\/comunicatistampa\/valore-italia-andrea-mascetti-al-convegno-cultura-una-grande-sfida-per-il-futuro-dellitalia\/#primaryimage","url":"https:\/\/www.andreamascetti.it\/wp-content\/uploads\/2021\/07\/avvocato-andrea-mascetti.jpg","contentUrl":"https:\/\/www.andreamascetti.it\/wp-content\/uploads\/2021\/07\/avvocato-andrea-mascetti.jpg"},{"@type":"BreadcrumbList","@id":"https:\/\/www.article-marketing.eu\/comunicatistampa\/valore-italia-andrea-mascetti-al-convegno-cultura-una-grande-sfida-per-il-futuro-dellitalia\/#breadcrumb","itemListElement":[{"@type":"ListItem","position":1,"name":"Home","item":"https:\/\/www.article-marketing.eu\/comunicatistampa\/"},{"@type":"ListItem","position":2,"name":"Valore Italia: Andrea Mascetti al convegno \u201cCultura: una grande sfida per il futuro dell&#8217;Italia\u201d"}]},{"@type":"WebSite","@id":"https:\/\/www.article-marketing.eu\/comunicatistampa\/#website","url":"https:\/\/www.article-marketing.eu\/comunicatistampa\/","name":"Article Marketing","description":"article marketing &amp; press release","potentialAction":[{"@type":"SearchAction","target":{"@type":"EntryPoint","urlTemplate":"https:\/\/www.article-marketing.eu\/comunicatistampa\/?s={search_term_string}"},"query-input":{"@type":"PropertyValueSpecification","valueRequired":true,"valueName":"search_term_string"}}],"inLanguage":"it-IT"},{"@type":"Person","@id":"https:\/\/www.article-marketing.eu\/comunicatistampa\/#\/schema\/person\/2fcaf8f8f3a9eef9eb7f27532d3ca458","name":"articolinews","image":{"@type":"ImageObject","inLanguage":"it-IT","@id":"https:\/\/secure.gravatar.com\/avatar\/9e2a264bab04e17dea24d937c9956304649a848cb73c46747a692ff1bdeb1cb7?s=96&d=mm&r=g","url":"https:\/\/secure.gravatar.com\/avatar\/9e2a264bab04e17dea24d937c9956304649a848cb73c46747a692ff1bdeb1cb7?s=96&d=mm&r=g","contentUrl":"https:\/\/secure.gravatar.com\/avatar\/9e2a264bab04e17dea24d937c9956304649a848cb73c46747a692ff1bdeb1cb7?s=96&d=mm&r=g","caption":"articolinews"},"url":"https:\/\/www.article-marketing.eu\/comunicatistampa\/author\/articolinews\/"}]}},"_links":{"self":[{"href":"https:\/\/www.article-marketing.eu\/comunicatistampa\/wp-json\/wp\/v2\/posts\/25127","targetHints":{"allow":["GET"]}}],"collection":[{"href":"https:\/\/www.article-marketing.eu\/comunicatistampa\/wp-json\/wp\/v2\/posts"}],"about":[{"href":"https:\/\/www.article-marketing.eu\/comunicatistampa\/wp-json\/wp\/v2\/types\/post"}],"author":[{"embeddable":true,"href":"https:\/\/www.article-marketing.eu\/comunicatistampa\/wp-json\/wp\/v2\/users\/6477"}],"replies":[{"embeddable":true,"href":"https:\/\/www.article-marketing.eu\/comunicatistampa\/wp-json\/wp\/v2\/comments?post=25127"}],"version-history":[{"count":2,"href":"https:\/\/www.article-marketing.eu\/comunicatistampa\/wp-json\/wp\/v2\/posts\/25127\/revisions"}],"predecessor-version":[{"id":25474,"href":"https:\/\/www.article-marketing.eu\/comunicatistampa\/wp-json\/wp\/v2\/posts\/25127\/revisions\/25474"}],"wp:attachment":[{"href":"https:\/\/www.article-marketing.eu\/comunicatistampa\/wp-json\/wp\/v2\/media?parent=25127"}],"wp:term":[{"taxonomy":"category","embeddable":true,"href":"https:\/\/www.article-marketing.eu\/comunicatistampa\/wp-json\/wp\/v2\/categories?post=25127"},{"taxonomy":"post_tag","embeddable":true,"href":"https:\/\/www.article-marketing.eu\/comunicatistampa\/wp-json\/wp\/v2\/tags?post=25127"}],"curies":[{"name":"wp","href":"https:\/\/api.w.org\/{rel}","templated":true}]}}