{"id":25135,"date":"2022-10-29T12:35:10","date_gmt":"2022-10-29T10:35:10","guid":{"rendered":"https:\/\/www.article-marketing.eu\/comunicatistampa\/?p=25135"},"modified":"2022-10-29T12:35:10","modified_gmt":"2022-10-29T10:35:10","slug":"davide-darcangelo-un-successo-anche-la-quarta-edizione-del-training-camp-ventotene","status":"publish","type":"post","link":"https:\/\/www.article-marketing.eu\/comunicatistampa\/davide-darcangelo-un-successo-anche-la-quarta-edizione-del-training-camp-ventotene\/","title":{"rendered":"Davide D\u2019Arcangelo: un successo anche la quarta edizione del Training Camp Ventotene"},"content":{"rendered":"<p><em><strong><a title=\"Davide D'Arcangelo, professionisti e aziende\" href=\"https:\/\/www.professionistieaziende.it\/davide_d_arcangelo\/davide_d_arcangelo.php\">Davide D\u2019Arcangelo<\/a> ha presenziato alla quarta edizione del Training Camp Ventotene in qualit\u00e0 di coordinatore dell\u2019evento<\/strong><\/em><\/p>\n<p><a title=\"Davide D'Arcangelo, biografia professionisti e aziende\" href=\"https:\/\/www.professionistieaziende.it\/davide_d_arcangelo\/davide_d_arcangelo.php\"><em><strong><img loading=\"lazy\" decoding=\"async\" src=\"https:\/\/www.professionistieaziende.it\/davide_d_arcangelo\/davide_d_arcangelo.jpg\" alt=\"Davide D'Arcangelo\" width=\"100\" height=\"154\" \/><\/strong><\/em><\/a><\/p>\n<h2>Davide D\u2019Arcangelo al Training Camp Ventotene 2022 come coordinatore<\/h2>\n<p>Il Training Camp Ventotene \u00e8 l\u2019evento organizzato da Anci Lazio in cui si incontrano gli amministratori della Regione per un momento di confronto e formazione nello splendido scenario dell\u2019isola al largo di Latina. Giunto alla sua quarta edizione, quest\u2019anno il Training Camp \u00e8 stato coordinato da <strong>Davide D\u2019Arcangelo<\/strong>, membro del CTS Europa Anci Lazio. Nelle giornate del 12, 13 e 14 settembre, 40 amministratori regionali hanno quindi avuto modo di confrontarsi e approfondire importanti tematiche. Tra i relatori che hanno accompagnato i partecipanti c\u2019erano il Vicepresidente della Regione Lazio Daniele Leodori, l\u2019assessora Valentina Corrado, l\u2019assessore Paolo Orneli, l\u2019assessore Claudio Berardino e il Vicepresidente di Anci Lazio, anche sindaco di Rieti, Daniele Sinibaldi.<\/p>\n<h2>Il commento del Presidente di Anci Lazio sull\u2019evento coordinato da Davide D\u2019Arcangelo<\/h2>\n<p>Il Presidente di Anci Lazio, Riccardo Varone, ha commentato il Training Camp Ventotene coordinato da <a title=\"Davide D'Arcangelo: profilo professionisti e aziende\" href=\"https:\/\/www.professionistieaziende.it\/davide_d_arcangelo\/davide_d_arcangelo.php\"><strong>Davide D\u2019Arcangelo<\/strong><\/a> sottolineando come l\u2019appuntamento abbia rappresentato \u201c<em>un continuo con l\u2019edizione dell\u2019anno passato, quando piano piano abbiamo ricominciato a tornare alla normalit\u00e0 dopo le limitazioni dovute alla Pandemia<\/em>\u201d. Nell\u2019edizione di quest\u2019anno, riconosce che \u00e8 stata ritrovata \u201c<em>l\u2019esperienza maturata l\u2019anno scorso<\/em>\u201d e che \u00e8 stato ripreso il lavoro \u201c<em>con maggiore determinazione e con qualche consapevolezza in pi\u00f9<\/em>\u201d. \u201c<em>Anci Lazio,<\/em> \u2013 ha proseguito il Presidente \u2013 <em>ormai da diversi anni, sta portando avanti un percorso legato ai temi europei e alla formazione per gli amministratori. I fondi europei della programmazione 21-27 e quelli del Pnrr sono la massa critica di quello che \u00e8 e sar\u00e0 il futuro dei nostri territori, soprattutto in un momento di grande difficolt\u00e0 come quello che stiamo attraversando<\/em>\u201d.<\/p>\n","protected":false},"excerpt":{"rendered":"<p>Davide D\u2019Arcangelo ha presenziato alla quarta edizione del Training Camp Ventotene in qualit\u00e0 di coordinatore dell\u2019evento Davide D\u2019Arcangelo al Training Camp Ventotene 2022 come coordinatore Il Training Camp Ventotene \u00e8 l\u2019evento organizzato da Anci Lazio in cui si incontrano gli amministratori della Regione per un momento di confronto e formazione nello splendido scenario dell\u2019isola al largo di Latina. Giunto alla sua quarta edizione, quest\u2019anno il Training Camp \u00e8 stato coordinato<\/p>\n<p><a class=\"continue-reading\" href=\"https:\/\/www.article-marketing.eu\/comunicatistampa\/davide-darcangelo-un-successo-anche-la-quarta-edizione-del-training-camp-ventotene\/\">Continue reading&#8230;<\/a><\/p>\n","protected":false},"author":6477,"featured_media":0,"comment_status":"open","ping_status":"open","sticky":false,"template":"","format":"standard","meta":{"_monsterinsights_skip_tracking":false,"_monsterinsights_sitenote_active":false,"_monsterinsights_sitenote_note":"","_monsterinsights_sitenote_category":0,"footnotes":""},"categories":[392],"tags":[9346],"class_list":["post-25135","post","type-post","status-publish","format-standard","hentry","category-eventi","tag-davide-darcangelo"],"yoast_head":"<!-- This site is optimized with the Yoast SEO plugin v27.3 - https:\/\/yoast.com\/product\/yoast-seo-wordpress\/ -->\n<title>Davide D\u2019Arcangelo: un successo anche la quarta edizione del Training Camp Ventotene<\/title>\n<meta name=\"robots\" content=\"index, follow, max-snippet:-1, max-image-preview:large, max-video-preview:-1\" \/>\n<link rel=\"canonical\" href=\"https:\/\/www.article-marketing.eu\/comunicatistampa\/davide-darcangelo-un-successo-anche-la-quarta-edizione-del-training-camp-ventotene\/\" \/>\n<meta property=\"og:locale\" content=\"it_IT\" \/>\n<meta property=\"og:type\" content=\"article\" \/>\n<meta property=\"og:title\" content=\"Davide D\u2019Arcangelo: un successo anche la quarta edizione del Training Camp Ventotene\" \/>\n<meta property=\"og:description\" content=\"Davide D\u2019Arcangelo ha presenziato alla quarta edizione del Training Camp Ventotene in qualit\u00e0 di coordinatore dell\u2019evento Davide D\u2019Arcangelo al Training Camp Ventotene 2022 come coordinatore Il Training Camp Ventotene \u00e8 l\u2019evento organizzato da Anci Lazio in cui si incontrano gli amministratori della Regione per un momento di confronto e formazione nello splendido scenario dell\u2019isola al largo di Latina. Giunto alla sua quarta edizione, quest\u2019anno il Training Camp \u00e8 stato coordinatoContinue reading...\" \/>\n<meta property=\"og:url\" content=\"https:\/\/www.article-marketing.eu\/comunicatistampa\/davide-darcangelo-un-successo-anche-la-quarta-edizione-del-training-camp-ventotene\/\" \/>\n<meta property=\"og:site_name\" content=\"Article Marketing\" \/>\n<meta property=\"article:published_time\" content=\"2022-10-29T10:35:10+00:00\" \/>\n<meta property=\"og:image\" content=\"https:\/\/www.professionistieaziende.it\/davide_d_arcangelo\/davide_d_arcangelo.jpg\" \/>\n<meta name=\"author\" content=\"articolinews\" \/>\n<meta name=\"twitter:card\" content=\"summary_large_image\" \/>\n<meta name=\"twitter:label1\" content=\"Scritto da\" \/>\n\t<meta name=\"twitter:data1\" content=\"articolinews\" \/>\n\t<meta name=\"twitter:label2\" content=\"Tempo di lettura stimato\" \/>\n\t<meta name=\"twitter:data2\" content=\"2 minuti\" \/>\n<script type=\"application\/ld+json\" class=\"yoast-schema-graph\">{\"@context\":\"https:\\\/\\\/schema.org\",\"@graph\":[{\"@type\":\"Article\",\"@id\":\"https:\\\/\\\/www.article-marketing.eu\\\/comunicatistampa\\\/davide-darcangelo-un-successo-anche-la-quarta-edizione-del-training-camp-ventotene\\\/#article\",\"isPartOf\":{\"@id\":\"https:\\\/\\\/www.article-marketing.eu\\\/comunicatistampa\\\/davide-darcangelo-un-successo-anche-la-quarta-edizione-del-training-camp-ventotene\\\/\"},\"author\":{\"name\":\"articolinews\",\"@id\":\"https:\\\/\\\/www.article-marketing.eu\\\/comunicatistampa\\\/#\\\/schema\\\/person\\\/2fcaf8f8f3a9eef9eb7f27532d3ca458\"},\"headline\":\"Davide D\u2019Arcangelo: un successo anche la quarta edizione del Training Camp Ventotene\",\"datePublished\":\"2022-10-29T10:35:10+00:00\",\"mainEntityOfPage\":{\"@id\":\"https:\\\/\\\/www.article-marketing.eu\\\/comunicatistampa\\\/davide-darcangelo-un-successo-anche-la-quarta-edizione-del-training-camp-ventotene\\\/\"},\"wordCount\":306,\"commentCount\":0,\"image\":{\"@id\":\"https:\\\/\\\/www.article-marketing.eu\\\/comunicatistampa\\\/davide-darcangelo-un-successo-anche-la-quarta-edizione-del-training-camp-ventotene\\\/#primaryimage\"},\"thumbnailUrl\":\"https:\\\/\\\/www.professionistieaziende.it\\\/davide_d_arcangelo\\\/davide_d_arcangelo.jpg\",\"keywords\":[\"Davide D\u2019Arcangelo\"],\"articleSection\":[\"Eventi\"],\"inLanguage\":\"it-IT\",\"potentialAction\":[{\"@type\":\"CommentAction\",\"name\":\"Comment\",\"target\":[\"https:\\\/\\\/www.article-marketing.eu\\\/comunicatistampa\\\/davide-darcangelo-un-successo-anche-la-quarta-edizione-del-training-camp-ventotene\\\/#respond\"]}]},{\"@type\":\"WebPage\",\"@id\":\"https:\\\/\\\/www.article-marketing.eu\\\/comunicatistampa\\\/davide-darcangelo-un-successo-anche-la-quarta-edizione-del-training-camp-ventotene\\\/\",\"url\":\"https:\\\/\\\/www.article-marketing.eu\\\/comunicatistampa\\\/davide-darcangelo-un-successo-anche-la-quarta-edizione-del-training-camp-ventotene\\\/\",\"name\":\"Davide D\u2019Arcangelo: un successo anche la quarta edizione del Training Camp Ventotene\",\"isPartOf\":{\"@id\":\"https:\\\/\\\/www.article-marketing.eu\\\/comunicatistampa\\\/#website\"},\"primaryImageOfPage\":{\"@id\":\"https:\\\/\\\/www.article-marketing.eu\\\/comunicatistampa\\\/davide-darcangelo-un-successo-anche-la-quarta-edizione-del-training-camp-ventotene\\\/#primaryimage\"},\"image\":{\"@id\":\"https:\\\/\\\/www.article-marketing.eu\\\/comunicatistampa\\\/davide-darcangelo-un-successo-anche-la-quarta-edizione-del-training-camp-ventotene\\\/#primaryimage\"},\"thumbnailUrl\":\"https:\\\/\\\/www.professionistieaziende.it\\\/davide_d_arcangelo\\\/davide_d_arcangelo.jpg\",\"datePublished\":\"2022-10-29T10:35:10+00:00\",\"author\":{\"@id\":\"https:\\\/\\\/www.article-marketing.eu\\\/comunicatistampa\\\/#\\\/schema\\\/person\\\/2fcaf8f8f3a9eef9eb7f27532d3ca458\"},\"breadcrumb\":{\"@id\":\"https:\\\/\\\/www.article-marketing.eu\\\/comunicatistampa\\\/davide-darcangelo-un-successo-anche-la-quarta-edizione-del-training-camp-ventotene\\\/#breadcrumb\"},\"inLanguage\":\"it-IT\",\"potentialAction\":[{\"@type\":\"ReadAction\",\"target\":[\"https:\\\/\\\/www.article-marketing.eu\\\/comunicatistampa\\\/davide-darcangelo-un-successo-anche-la-quarta-edizione-del-training-camp-ventotene\\\/\"]}]},{\"@type\":\"ImageObject\",\"inLanguage\":\"it-IT\",\"@id\":\"https:\\\/\\\/www.article-marketing.eu\\\/comunicatistampa\\\/davide-darcangelo-un-successo-anche-la-quarta-edizione-del-training-camp-ventotene\\\/#primaryimage\",\"url\":\"https:\\\/\\\/www.professionistieaziende.it\\\/davide_d_arcangelo\\\/davide_d_arcangelo.jpg\",\"contentUrl\":\"https:\\\/\\\/www.professionistieaziende.it\\\/davide_d_arcangelo\\\/davide_d_arcangelo.jpg\"},{\"@type\":\"BreadcrumbList\",\"@id\":\"https:\\\/\\\/www.article-marketing.eu\\\/comunicatistampa\\\/davide-darcangelo-un-successo-anche-la-quarta-edizione-del-training-camp-ventotene\\\/#breadcrumb\",\"itemListElement\":[{\"@type\":\"ListItem\",\"position\":1,\"name\":\"Home\",\"item\":\"https:\\\/\\\/www.article-marketing.eu\\\/comunicatistampa\\\/\"},{\"@type\":\"ListItem\",\"position\":2,\"name\":\"Davide D\u2019Arcangelo: un successo anche la quarta edizione del Training Camp Ventotene\"}]},{\"@type\":\"WebSite\",\"@id\":\"https:\\\/\\\/www.article-marketing.eu\\\/comunicatistampa\\\/#website\",\"url\":\"https:\\\/\\\/www.article-marketing.eu\\\/comunicatistampa\\\/\",\"name\":\"Article Marketing\",\"description\":\"article marketing &amp; press release\",\"potentialAction\":[{\"@type\":\"SearchAction\",\"target\":{\"@type\":\"EntryPoint\",\"urlTemplate\":\"https:\\\/\\\/www.article-marketing.eu\\\/comunicatistampa\\\/?s={search_term_string}\"},\"query-input\":{\"@type\":\"PropertyValueSpecification\",\"valueRequired\":true,\"valueName\":\"search_term_string\"}}],\"inLanguage\":\"it-IT\"},{\"@type\":\"Person\",\"@id\":\"https:\\\/\\\/www.article-marketing.eu\\\/comunicatistampa\\\/#\\\/schema\\\/person\\\/2fcaf8f8f3a9eef9eb7f27532d3ca458\",\"name\":\"articolinews\",\"image\":{\"@type\":\"ImageObject\",\"inLanguage\":\"it-IT\",\"@id\":\"https:\\\/\\\/secure.gravatar.com\\\/avatar\\\/9e2a264bab04e17dea24d937c9956304649a848cb73c46747a692ff1bdeb1cb7?s=96&d=mm&r=g\",\"url\":\"https:\\\/\\\/secure.gravatar.com\\\/avatar\\\/9e2a264bab04e17dea24d937c9956304649a848cb73c46747a692ff1bdeb1cb7?s=96&d=mm&r=g\",\"contentUrl\":\"https:\\\/\\\/secure.gravatar.com\\\/avatar\\\/9e2a264bab04e17dea24d937c9956304649a848cb73c46747a692ff1bdeb1cb7?s=96&d=mm&r=g\",\"caption\":\"articolinews\"},\"url\":\"https:\\\/\\\/www.article-marketing.eu\\\/comunicatistampa\\\/author\\\/articolinews\\\/\"}]}<\/script>\n<!-- \/ Yoast SEO plugin. -->","yoast_head_json":{"title":"Davide D\u2019Arcangelo: un successo anche la quarta edizione del Training Camp Ventotene","robots":{"index":"index","follow":"follow","max-snippet":"max-snippet:-1","max-image-preview":"max-image-preview:large","max-video-preview":"max-video-preview:-1"},"canonical":"https:\/\/www.article-marketing.eu\/comunicatistampa\/davide-darcangelo-un-successo-anche-la-quarta-edizione-del-training-camp-ventotene\/","og_locale":"it_IT","og_type":"article","og_title":"Davide D\u2019Arcangelo: un successo anche la quarta edizione del Training Camp Ventotene","og_description":"Davide D\u2019Arcangelo ha presenziato alla quarta edizione del Training Camp Ventotene in qualit\u00e0 di coordinatore dell\u2019evento Davide D\u2019Arcangelo al Training Camp Ventotene 2022 come coordinatore Il Training Camp Ventotene \u00e8 l\u2019evento organizzato da Anci Lazio in cui si incontrano gli amministratori della Regione per un momento di confronto e formazione nello splendido scenario dell\u2019isola al largo di Latina. Giunto alla sua quarta edizione, quest\u2019anno il Training Camp \u00e8 stato coordinatoContinue reading...","og_url":"https:\/\/www.article-marketing.eu\/comunicatistampa\/davide-darcangelo-un-successo-anche-la-quarta-edizione-del-training-camp-ventotene\/","og_site_name":"Article Marketing","article_published_time":"2022-10-29T10:35:10+00:00","og_image":[{"url":"https:\/\/www.professionistieaziende.it\/davide_d_arcangelo\/davide_d_arcangelo.jpg","type":"","width":"","height":""}],"author":"articolinews","twitter_card":"summary_large_image","twitter_misc":{"Scritto da":"articolinews","Tempo di lettura stimato":"2 minuti"},"schema":{"@context":"https:\/\/schema.org","@graph":[{"@type":"Article","@id":"https:\/\/www.article-marketing.eu\/comunicatistampa\/davide-darcangelo-un-successo-anche-la-quarta-edizione-del-training-camp-ventotene\/#article","isPartOf":{"@id":"https:\/\/www.article-marketing.eu\/comunicatistampa\/davide-darcangelo-un-successo-anche-la-quarta-edizione-del-training-camp-ventotene\/"},"author":{"name":"articolinews","@id":"https:\/\/www.article-marketing.eu\/comunicatistampa\/#\/schema\/person\/2fcaf8f8f3a9eef9eb7f27532d3ca458"},"headline":"Davide D\u2019Arcangelo: un successo anche la quarta edizione del Training Camp Ventotene","datePublished":"2022-10-29T10:35:10+00:00","mainEntityOfPage":{"@id":"https:\/\/www.article-marketing.eu\/comunicatistampa\/davide-darcangelo-un-successo-anche-la-quarta-edizione-del-training-camp-ventotene\/"},"wordCount":306,"commentCount":0,"image":{"@id":"https:\/\/www.article-marketing.eu\/comunicatistampa\/davide-darcangelo-un-successo-anche-la-quarta-edizione-del-training-camp-ventotene\/#primaryimage"},"thumbnailUrl":"https:\/\/www.professionistieaziende.it\/davide_d_arcangelo\/davide_d_arcangelo.jpg","keywords":["Davide D\u2019Arcangelo"],"articleSection":["Eventi"],"inLanguage":"it-IT","potentialAction":[{"@type":"CommentAction","name":"Comment","target":["https:\/\/www.article-marketing.eu\/comunicatistampa\/davide-darcangelo-un-successo-anche-la-quarta-edizione-del-training-camp-ventotene\/#respond"]}]},{"@type":"WebPage","@id":"https:\/\/www.article-marketing.eu\/comunicatistampa\/davide-darcangelo-un-successo-anche-la-quarta-edizione-del-training-camp-ventotene\/","url":"https:\/\/www.article-marketing.eu\/comunicatistampa\/davide-darcangelo-un-successo-anche-la-quarta-edizione-del-training-camp-ventotene\/","name":"Davide D\u2019Arcangelo: un successo anche la quarta edizione del Training Camp Ventotene","isPartOf":{"@id":"https:\/\/www.article-marketing.eu\/comunicatistampa\/#website"},"primaryImageOfPage":{"@id":"https:\/\/www.article-marketing.eu\/comunicatistampa\/davide-darcangelo-un-successo-anche-la-quarta-edizione-del-training-camp-ventotene\/#primaryimage"},"image":{"@id":"https:\/\/www.article-marketing.eu\/comunicatistampa\/davide-darcangelo-un-successo-anche-la-quarta-edizione-del-training-camp-ventotene\/#primaryimage"},"thumbnailUrl":"https:\/\/www.professionistieaziende.it\/davide_d_arcangelo\/davide_d_arcangelo.jpg","datePublished":"2022-10-29T10:35:10+00:00","author":{"@id":"https:\/\/www.article-marketing.eu\/comunicatistampa\/#\/schema\/person\/2fcaf8f8f3a9eef9eb7f27532d3ca458"},"breadcrumb":{"@id":"https:\/\/www.article-marketing.eu\/comunicatistampa\/davide-darcangelo-un-successo-anche-la-quarta-edizione-del-training-camp-ventotene\/#breadcrumb"},"inLanguage":"it-IT","potentialAction":[{"@type":"ReadAction","target":["https:\/\/www.article-marketing.eu\/comunicatistampa\/davide-darcangelo-un-successo-anche-la-quarta-edizione-del-training-camp-ventotene\/"]}]},{"@type":"ImageObject","inLanguage":"it-IT","@id":"https:\/\/www.article-marketing.eu\/comunicatistampa\/davide-darcangelo-un-successo-anche-la-quarta-edizione-del-training-camp-ventotene\/#primaryimage","url":"https:\/\/www.professionistieaziende.it\/davide_d_arcangelo\/davide_d_arcangelo.jpg","contentUrl":"https:\/\/www.professionistieaziende.it\/davide_d_arcangelo\/davide_d_arcangelo.jpg"},{"@type":"BreadcrumbList","@id":"https:\/\/www.article-marketing.eu\/comunicatistampa\/davide-darcangelo-un-successo-anche-la-quarta-edizione-del-training-camp-ventotene\/#breadcrumb","itemListElement":[{"@type":"ListItem","position":1,"name":"Home","item":"https:\/\/www.article-marketing.eu\/comunicatistampa\/"},{"@type":"ListItem","position":2,"name":"Davide D\u2019Arcangelo: un successo anche la quarta edizione del Training Camp Ventotene"}]},{"@type":"WebSite","@id":"https:\/\/www.article-marketing.eu\/comunicatistampa\/#website","url":"https:\/\/www.article-marketing.eu\/comunicatistampa\/","name":"Article Marketing","description":"article marketing &amp; press release","potentialAction":[{"@type":"SearchAction","target":{"@type":"EntryPoint","urlTemplate":"https:\/\/www.article-marketing.eu\/comunicatistampa\/?s={search_term_string}"},"query-input":{"@type":"PropertyValueSpecification","valueRequired":true,"valueName":"search_term_string"}}],"inLanguage":"it-IT"},{"@type":"Person","@id":"https:\/\/www.article-marketing.eu\/comunicatistampa\/#\/schema\/person\/2fcaf8f8f3a9eef9eb7f27532d3ca458","name":"articolinews","image":{"@type":"ImageObject","inLanguage":"it-IT","@id":"https:\/\/secure.gravatar.com\/avatar\/9e2a264bab04e17dea24d937c9956304649a848cb73c46747a692ff1bdeb1cb7?s=96&d=mm&r=g","url":"https:\/\/secure.gravatar.com\/avatar\/9e2a264bab04e17dea24d937c9956304649a848cb73c46747a692ff1bdeb1cb7?s=96&d=mm&r=g","contentUrl":"https:\/\/secure.gravatar.com\/avatar\/9e2a264bab04e17dea24d937c9956304649a848cb73c46747a692ff1bdeb1cb7?s=96&d=mm&r=g","caption":"articolinews"},"url":"https:\/\/www.article-marketing.eu\/comunicatistampa\/author\/articolinews\/"}]}},"_links":{"self":[{"href":"https:\/\/www.article-marketing.eu\/comunicatistampa\/wp-json\/wp\/v2\/posts\/25135","targetHints":{"allow":["GET"]}}],"collection":[{"href":"https:\/\/www.article-marketing.eu\/comunicatistampa\/wp-json\/wp\/v2\/posts"}],"about":[{"href":"https:\/\/www.article-marketing.eu\/comunicatistampa\/wp-json\/wp\/v2\/types\/post"}],"author":[{"embeddable":true,"href":"https:\/\/www.article-marketing.eu\/comunicatistampa\/wp-json\/wp\/v2\/users\/6477"}],"replies":[{"embeddable":true,"href":"https:\/\/www.article-marketing.eu\/comunicatistampa\/wp-json\/wp\/v2\/comments?post=25135"}],"version-history":[{"count":2,"href":"https:\/\/www.article-marketing.eu\/comunicatistampa\/wp-json\/wp\/v2\/posts\/25135\/revisions"}],"predecessor-version":[{"id":25290,"href":"https:\/\/www.article-marketing.eu\/comunicatistampa\/wp-json\/wp\/v2\/posts\/25135\/revisions\/25290"}],"wp:attachment":[{"href":"https:\/\/www.article-marketing.eu\/comunicatistampa\/wp-json\/wp\/v2\/media?parent=25135"}],"wp:term":[{"taxonomy":"category","embeddable":true,"href":"https:\/\/www.article-marketing.eu\/comunicatistampa\/wp-json\/wp\/v2\/categories?post=25135"},{"taxonomy":"post_tag","embeddable":true,"href":"https:\/\/www.article-marketing.eu\/comunicatistampa\/wp-json\/wp\/v2\/tags?post=25135"}],"curies":[{"name":"wp","href":"https:\/\/api.w.org\/{rel}","templated":true}]}}