{"id":25183,"date":"2022-10-29T12:14:56","date_gmt":"2022-10-29T10:14:56","guid":{"rendered":"https:\/\/www.article-marketing.eu\/comunicatistampa\/?p=25183"},"modified":"2022-10-29T12:14:56","modified_gmt":"2022-10-29T10:14:56","slug":"domenica-in-scena-se-la-vita-mia-fosse-poesia-di-marco-di-stefano-con-poesie-di-enrico-frandino-alla-fondazione-emanuele-cacherano-di-bricherasio","status":"publish","type":"post","link":"https:\/\/www.article-marketing.eu\/comunicatistampa\/domenica-in-scena-se-la-vita-mia-fosse-poesia-di-marco-di-stefano-con-poesie-di-enrico-frandino-alla-fondazione-emanuele-cacherano-di-bricherasio\/","title":{"rendered":"Domenica in scena \u201cSe la vita mia fosse poesia\u2026\u201d di Marco Di Stefano con poesie di Enrico Frandino alla Fondazione Emanuele Cacherano di Bricherasio"},"content":{"rendered":"<p><img decoding=\"async\" src=\"https:\/\/blogger.googleusercontent.com\/img\/a\/AVvXsEgsJtkc-uZhOY3YkFEA-OicomgxZJDGRAJi4p1s8YnD0VLz1VZ5fPeDTx-EzU49LeNJ-PiqZ9Hhn84NnryFmMKdYcaO9SU-U3tAC-LK2kHDNgOna5MZUwZZdIo1edYRTavmJN4x77PWf6pNmJMzkcql-vKvK2C4VQj2yCOMgW2dWVuFOxoTMoY9YyCg7A\" alt=\"Marco Di Stefano, Enrico Frandino, i fratelli Angelino\" \/><strong>Roppolo (BI)<\/strong> &#8211; Secondo appuntamento con \u201cSe la vita mia fosse poesia\u2026\u201d, spettacolo di e con Marco Di Stefano che andr\u00e0 in scena domenica 23 ottobre alle ore 16 nella prestigiosa sede della fondazione \u201cEmanuele Cacherano di Bricherasio\u201d di Roppolo (Biella). L\u2019incantevole \u201crecital tra sogni ed emozioni\u201d, che nasce dalla viva collaborazione tra il regista e attore lucchese e il poeta biellese Enrico Frandino, \u00e8 reduce da una strepitosa prima nazionale tenutasi venerd\u00ec scorso al teatro Don Minzoni di Biella.<\/p>\n<p>Un evento dall\u2019impronta totalizzante, resa unica dalla comunione delle arti che dialogano fino a una comunicazione intima con lo spettatore. Il fil rouge che tiene insieme la poesia, la recitazione, la musica \u00e8 frutto dell\u2019esperienza pluriennale del Di Stefano. Molto conosciuto per partecipazioni e ruoli significativi nei film d\u2019azione e horror di registi del calibro di Fulci, Lucchetti e Bergonzelli, da diversi anni il suo impegno artistico \u00e8 rivolto all\u2019integrazione sociale grazie alla realizzazione di progetti e laboratori teatrali di forte impatto collettivo. Il suo fiore all\u2019occhiello \u00e8 il Teatro della Comunit\u00e0, un genere di fama internazionale di cui \u00e8 fondatore e che il performer porta avanti insieme alla compagna di vita e nota coreografa Tanya Khabarova.<\/p>\n<p>&nbsp;<\/p>\n<p>Sensibile e opportuno compagno di viaggio in \u201cSe la vita mia fosse poesia\u2026\u201d \u00e8 Enrico Frandino, che partecipa in modo viscerale alla realizzazione del recital: sue le liriche tratte dalle sillogi <em>Carezze di Vento<\/em> e <em>Pittore dell\u2019anima<\/em>; Di Stefano le interpreta magistralmente intervallandole a monologhi e classici della musica internazionale da lui stesso eseguiti con la tromba e accompagnati dai due fratelli chitarristi Giuseppe e Daniele Angelino. Ricordiamo che la fama di Frandino \u00e8 legata alla vittoria di un centinaio di concorsi internazionali e al prestigio delle pubblicazioni che lo presentano agli occhi del pubblico come il poeta dell\u2019anima, cio\u00e8 a dire la voce che riesce a interpretare i sentimenti dell\u2019uomo contemporaneo.<\/p>\n<p>\u201cSe la vita mia fosse poesia\u2026\u201d conta sul sostegno della fondazione \u201cEmanuele Cacherano di Bricherasio\u201d di Roppolo, che trae ispirazione dalla figura del nobile torinese fondatore dell\u2019Automobile Club d\u2019Italia e della prima Fabbrica Italiana Automobili di Torino. Un personaggio imprenditoriale di notevole spessore da cui l\u2019ente morale biellese prende spunto per operare in modo attivo e intraprendente. Si ricorda che il recital di domenica 23 ottobre, com\u2019\u00e8 stato per la prima nazionale di venerd\u00ec 21, \u00e8 aperto al pubblico in forma gratuita. Saranno per\u00f2 raccolte offerte libere in favore della realizzazione di due progetti che il presidente della fondazione, Maurizio Aiassa, ha in cuore di realizzare. Si tratta di una\u00a0biblioteca all\u2019interno del parco e della ristrutturazione di uno degli stabili per la creazione di un laboratorio scolastico.<\/p>\n<p>&nbsp;<\/p>\n<p>Sono inoltre previste altre diciannove repliche dello spettacolo in tutta Italia (location ancora da confermare).<\/p>\n<p>&nbsp;<\/p>\n<p><strong>Info e contatti<\/strong><\/p>\n<p><a href=\"mailto:cgrendene@libero.it\">cgrendene@libero.it<\/a><\/p>\n<p><a href=\"mailto:enricofrandino687@gmail.com\">enricofrandino687@gmail.com<\/a><\/p>\n","protected":false},"excerpt":{"rendered":"<p>Roppolo (BI) &#8211; Secondo appuntamento con \u201cSe la vita mia fosse poesia\u2026\u201d, spettacolo di e con Marco Di Stefano che andr\u00e0 in scena domenica 23 ottobre alle ore 16 nella prestigiosa sede della fondazione \u201cEmanuele Cacherano di Bricherasio\u201d di Roppolo (Biella). L\u2019incantevole \u201crecital tra sogni ed emozioni\u201d, che nasce dalla viva collaborazione tra il regista e attore lucchese e il poeta biellese Enrico Frandino, \u00e8 reduce da una strepitosa prima<\/p>\n<p><a class=\"continue-reading\" href=\"https:\/\/www.article-marketing.eu\/comunicatistampa\/domenica-in-scena-se-la-vita-mia-fosse-poesia-di-marco-di-stefano-con-poesie-di-enrico-frandino-alla-fondazione-emanuele-cacherano-di-bricherasio\/\">Continue reading&#8230;<\/a><\/p>\n","protected":false},"author":920,"featured_media":0,"comment_status":"open","ping_status":"open","sticky":false,"template":"","format":"standard","meta":{"_monsterinsights_skip_tracking":false,"_monsterinsights_sitenote_active":false,"_monsterinsights_sitenote_note":"","_monsterinsights_sitenote_category":0,"footnotes":""},"categories":[392,414],"tags":[7750,10179,10181,10180,518,4383,647],"class_list":["post-25183","post","type-post","status-publish","format-standard","hentry","category-eventi","category-teatro","tag-biella","tag-enrico-frandino","tag-fondazione-emauele-cacherano-di-bricherasio","tag-marco-di-stefano","tag-poesia","tag-spettacolo","tag-teatro"],"yoast_head":"<!-- This site is optimized with the Yoast SEO plugin v27.3 - https:\/\/yoast.com\/product\/yoast-seo-wordpress\/ -->\n<title>Domenica in scena \u201cSe la vita mia fosse poesia\u2026\u201d di Marco Di Stefano con poesie di Enrico Frandino alla Fondazione Emanuele Cacherano di Bricherasio<\/title>\n<meta name=\"robots\" content=\"index, follow, max-snippet:-1, max-image-preview:large, max-video-preview:-1\" \/>\n<link rel=\"canonical\" href=\"https:\/\/www.article-marketing.eu\/comunicatistampa\/domenica-in-scena-se-la-vita-mia-fosse-poesia-di-marco-di-stefano-con-poesie-di-enrico-frandino-alla-fondazione-emanuele-cacherano-di-bricherasio\/\" \/>\n<meta property=\"og:locale\" content=\"it_IT\" \/>\n<meta property=\"og:type\" content=\"article\" \/>\n<meta property=\"og:title\" content=\"Domenica in scena \u201cSe la vita mia fosse poesia\u2026\u201d di Marco Di Stefano con poesie di Enrico Frandino alla Fondazione Emanuele Cacherano di Bricherasio\" \/>\n<meta property=\"og:description\" content=\"Roppolo (BI) &#8211; Secondo appuntamento con \u201cSe la vita mia fosse poesia\u2026\u201d, spettacolo di e con Marco Di Stefano che andr\u00e0 in scena domenica 23 ottobre alle ore 16 nella prestigiosa sede della fondazione \u201cEmanuele Cacherano di Bricherasio\u201d di Roppolo (Biella). L\u2019incantevole \u201crecital tra sogni ed emozioni\u201d, che nasce dalla viva collaborazione tra il regista e attore lucchese e il poeta biellese Enrico Frandino, \u00e8 reduce da una strepitosa primaContinue reading...\" \/>\n<meta property=\"og:url\" content=\"https:\/\/www.article-marketing.eu\/comunicatistampa\/domenica-in-scena-se-la-vita-mia-fosse-poesia-di-marco-di-stefano-con-poesie-di-enrico-frandino-alla-fondazione-emanuele-cacherano-di-bricherasio\/\" \/>\n<meta property=\"og:site_name\" content=\"Article Marketing\" \/>\n<meta property=\"article:published_time\" content=\"2022-10-29T10:14:56+00:00\" \/>\n<meta property=\"og:image\" content=\"https:\/\/blogger.googleusercontent.com\/img\/a\/AVvXsEgsJtkc-uZhOY3YkFEA-OicomgxZJDGRAJi4p1s8YnD0VLz1VZ5fPeDTx-EzU49LeNJ-PiqZ9Hhn84NnryFmMKdYcaO9SU-U3tAC-LK2kHDNgOna5MZUwZZdIo1edYRTavmJN4x77PWf6pNmJMzkcql-vKvK2C4VQj2yCOMgW2dWVuFOxoTMoY9YyCg7A\" \/>\n<meta name=\"author\" content=\"inpress\" \/>\n<meta name=\"twitter:card\" content=\"summary_large_image\" \/>\n<meta name=\"twitter:label1\" content=\"Scritto da\" \/>\n\t<meta name=\"twitter:data1\" content=\"inpress\" \/>\n\t<meta name=\"twitter:label2\" content=\"Tempo di lettura stimato\" \/>\n\t<meta name=\"twitter:data2\" content=\"3 minuti\" \/>\n<script type=\"application\/ld+json\" class=\"yoast-schema-graph\">{\"@context\":\"https:\\\/\\\/schema.org\",\"@graph\":[{\"@type\":\"Article\",\"@id\":\"https:\\\/\\\/www.article-marketing.eu\\\/comunicatistampa\\\/domenica-in-scena-se-la-vita-mia-fosse-poesia-di-marco-di-stefano-con-poesie-di-enrico-frandino-alla-fondazione-emanuele-cacherano-di-bricherasio\\\/#article\",\"isPartOf\":{\"@id\":\"https:\\\/\\\/www.article-marketing.eu\\\/comunicatistampa\\\/domenica-in-scena-se-la-vita-mia-fosse-poesia-di-marco-di-stefano-con-poesie-di-enrico-frandino-alla-fondazione-emanuele-cacherano-di-bricherasio\\\/\"},\"author\":{\"name\":\"inpress\",\"@id\":\"https:\\\/\\\/www.article-marketing.eu\\\/comunicatistampa\\\/#\\\/schema\\\/person\\\/6f87d425bef304dd8be1a0895dea44b2\"},\"headline\":\"Domenica in scena \u201cSe la vita mia fosse poesia\u2026\u201d di Marco Di Stefano con poesie di Enrico Frandino alla Fondazione Emanuele Cacherano di Bricherasio\",\"datePublished\":\"2022-10-29T10:14:56+00:00\",\"mainEntityOfPage\":{\"@id\":\"https:\\\/\\\/www.article-marketing.eu\\\/comunicatistampa\\\/domenica-in-scena-se-la-vita-mia-fosse-poesia-di-marco-di-stefano-con-poesie-di-enrico-frandino-alla-fondazione-emanuele-cacherano-di-bricherasio\\\/\"},\"wordCount\":489,\"commentCount\":0,\"image\":{\"@id\":\"https:\\\/\\\/www.article-marketing.eu\\\/comunicatistampa\\\/domenica-in-scena-se-la-vita-mia-fosse-poesia-di-marco-di-stefano-con-poesie-di-enrico-frandino-alla-fondazione-emanuele-cacherano-di-bricherasio\\\/#primaryimage\"},\"thumbnailUrl\":\"https:\\\/\\\/blogger.googleusercontent.com\\\/img\\\/a\\\/AVvXsEgsJtkc-uZhOY3YkFEA-OicomgxZJDGRAJi4p1s8YnD0VLz1VZ5fPeDTx-EzU49LeNJ-PiqZ9Hhn84NnryFmMKdYcaO9SU-U3tAC-LK2kHDNgOna5MZUwZZdIo1edYRTavmJN4x77PWf6pNmJMzkcql-vKvK2C4VQj2yCOMgW2dWVuFOxoTMoY9YyCg7A\",\"keywords\":[\"biella\",\"Enrico Frandino\",\"Fondazione Emauele Cacherano di Bricherasio\",\"Marco Di Stefano\",\"Poesia\",\"spettacolo\",\"Teatro\"],\"articleSection\":[\"Eventi\",\"Teatro\"],\"inLanguage\":\"it-IT\",\"potentialAction\":[{\"@type\":\"CommentAction\",\"name\":\"Comment\",\"target\":[\"https:\\\/\\\/www.article-marketing.eu\\\/comunicatistampa\\\/domenica-in-scena-se-la-vita-mia-fosse-poesia-di-marco-di-stefano-con-poesie-di-enrico-frandino-alla-fondazione-emanuele-cacherano-di-bricherasio\\\/#respond\"]}]},{\"@type\":\"WebPage\",\"@id\":\"https:\\\/\\\/www.article-marketing.eu\\\/comunicatistampa\\\/domenica-in-scena-se-la-vita-mia-fosse-poesia-di-marco-di-stefano-con-poesie-di-enrico-frandino-alla-fondazione-emanuele-cacherano-di-bricherasio\\\/\",\"url\":\"https:\\\/\\\/www.article-marketing.eu\\\/comunicatistampa\\\/domenica-in-scena-se-la-vita-mia-fosse-poesia-di-marco-di-stefano-con-poesie-di-enrico-frandino-alla-fondazione-emanuele-cacherano-di-bricherasio\\\/\",\"name\":\"Domenica in scena \u201cSe la vita mia fosse poesia\u2026\u201d di Marco Di Stefano con poesie di Enrico Frandino alla Fondazione Emanuele Cacherano di Bricherasio\",\"isPartOf\":{\"@id\":\"https:\\\/\\\/www.article-marketing.eu\\\/comunicatistampa\\\/#website\"},\"primaryImageOfPage\":{\"@id\":\"https:\\\/\\\/www.article-marketing.eu\\\/comunicatistampa\\\/domenica-in-scena-se-la-vita-mia-fosse-poesia-di-marco-di-stefano-con-poesie-di-enrico-frandino-alla-fondazione-emanuele-cacherano-di-bricherasio\\\/#primaryimage\"},\"image\":{\"@id\":\"https:\\\/\\\/www.article-marketing.eu\\\/comunicatistampa\\\/domenica-in-scena-se-la-vita-mia-fosse-poesia-di-marco-di-stefano-con-poesie-di-enrico-frandino-alla-fondazione-emanuele-cacherano-di-bricherasio\\\/#primaryimage\"},\"thumbnailUrl\":\"https:\\\/\\\/blogger.googleusercontent.com\\\/img\\\/a\\\/AVvXsEgsJtkc-uZhOY3YkFEA-OicomgxZJDGRAJi4p1s8YnD0VLz1VZ5fPeDTx-EzU49LeNJ-PiqZ9Hhn84NnryFmMKdYcaO9SU-U3tAC-LK2kHDNgOna5MZUwZZdIo1edYRTavmJN4x77PWf6pNmJMzkcql-vKvK2C4VQj2yCOMgW2dWVuFOxoTMoY9YyCg7A\",\"datePublished\":\"2022-10-29T10:14:56+00:00\",\"author\":{\"@id\":\"https:\\\/\\\/www.article-marketing.eu\\\/comunicatistampa\\\/#\\\/schema\\\/person\\\/6f87d425bef304dd8be1a0895dea44b2\"},\"breadcrumb\":{\"@id\":\"https:\\\/\\\/www.article-marketing.eu\\\/comunicatistampa\\\/domenica-in-scena-se-la-vita-mia-fosse-poesia-di-marco-di-stefano-con-poesie-di-enrico-frandino-alla-fondazione-emanuele-cacherano-di-bricherasio\\\/#breadcrumb\"},\"inLanguage\":\"it-IT\",\"potentialAction\":[{\"@type\":\"ReadAction\",\"target\":[\"https:\\\/\\\/www.article-marketing.eu\\\/comunicatistampa\\\/domenica-in-scena-se-la-vita-mia-fosse-poesia-di-marco-di-stefano-con-poesie-di-enrico-frandino-alla-fondazione-emanuele-cacherano-di-bricherasio\\\/\"]}]},{\"@type\":\"ImageObject\",\"inLanguage\":\"it-IT\",\"@id\":\"https:\\\/\\\/www.article-marketing.eu\\\/comunicatistampa\\\/domenica-in-scena-se-la-vita-mia-fosse-poesia-di-marco-di-stefano-con-poesie-di-enrico-frandino-alla-fondazione-emanuele-cacherano-di-bricherasio\\\/#primaryimage\",\"url\":\"https:\\\/\\\/blogger.googleusercontent.com\\\/img\\\/a\\\/AVvXsEgsJtkc-uZhOY3YkFEA-OicomgxZJDGRAJi4p1s8YnD0VLz1VZ5fPeDTx-EzU49LeNJ-PiqZ9Hhn84NnryFmMKdYcaO9SU-U3tAC-LK2kHDNgOna5MZUwZZdIo1edYRTavmJN4x77PWf6pNmJMzkcql-vKvK2C4VQj2yCOMgW2dWVuFOxoTMoY9YyCg7A\",\"contentUrl\":\"https:\\\/\\\/blogger.googleusercontent.com\\\/img\\\/a\\\/AVvXsEgsJtkc-uZhOY3YkFEA-OicomgxZJDGRAJi4p1s8YnD0VLz1VZ5fPeDTx-EzU49LeNJ-PiqZ9Hhn84NnryFmMKdYcaO9SU-U3tAC-LK2kHDNgOna5MZUwZZdIo1edYRTavmJN4x77PWf6pNmJMzkcql-vKvK2C4VQj2yCOMgW2dWVuFOxoTMoY9YyCg7A\"},{\"@type\":\"BreadcrumbList\",\"@id\":\"https:\\\/\\\/www.article-marketing.eu\\\/comunicatistampa\\\/domenica-in-scena-se-la-vita-mia-fosse-poesia-di-marco-di-stefano-con-poesie-di-enrico-frandino-alla-fondazione-emanuele-cacherano-di-bricherasio\\\/#breadcrumb\",\"itemListElement\":[{\"@type\":\"ListItem\",\"position\":1,\"name\":\"Home\",\"item\":\"https:\\\/\\\/www.article-marketing.eu\\\/comunicatistampa\\\/\"},{\"@type\":\"ListItem\",\"position\":2,\"name\":\"Domenica in scena \u201cSe la vita mia fosse poesia\u2026\u201d di Marco Di Stefano con poesie di Enrico Frandino alla Fondazione Emanuele Cacherano di Bricherasio\"}]},{\"@type\":\"WebSite\",\"@id\":\"https:\\\/\\\/www.article-marketing.eu\\\/comunicatistampa\\\/#website\",\"url\":\"https:\\\/\\\/www.article-marketing.eu\\\/comunicatistampa\\\/\",\"name\":\"Article Marketing\",\"description\":\"article marketing &amp; press release\",\"potentialAction\":[{\"@type\":\"SearchAction\",\"target\":{\"@type\":\"EntryPoint\",\"urlTemplate\":\"https:\\\/\\\/www.article-marketing.eu\\\/comunicatistampa\\\/?s={search_term_string}\"},\"query-input\":{\"@type\":\"PropertyValueSpecification\",\"valueRequired\":true,\"valueName\":\"search_term_string\"}}],\"inLanguage\":\"it-IT\"},{\"@type\":\"Person\",\"@id\":\"https:\\\/\\\/www.article-marketing.eu\\\/comunicatistampa\\\/#\\\/schema\\\/person\\\/6f87d425bef304dd8be1a0895dea44b2\",\"name\":\"inpress\",\"image\":{\"@type\":\"ImageObject\",\"inLanguage\":\"it-IT\",\"@id\":\"https:\\\/\\\/secure.gravatar.com\\\/avatar\\\/8b9495d9dcfa5a2ac0eb8e4559db3f5f00d7248a8baa15ed14f155afae420f7d?s=96&d=mm&r=g\",\"url\":\"https:\\\/\\\/secure.gravatar.com\\\/avatar\\\/8b9495d9dcfa5a2ac0eb8e4559db3f5f00d7248a8baa15ed14f155afae420f7d?s=96&d=mm&r=g\",\"contentUrl\":\"https:\\\/\\\/secure.gravatar.com\\\/avatar\\\/8b9495d9dcfa5a2ac0eb8e4559db3f5f00d7248a8baa15ed14f155afae420f7d?s=96&d=mm&r=g\",\"caption\":\"inpress\"},\"url\":\"https:\\\/\\\/www.article-marketing.eu\\\/comunicatistampa\\\/author\\\/inpress\\\/\"}]}<\/script>\n<!-- \/ Yoast SEO plugin. -->","yoast_head_json":{"title":"Domenica in scena \u201cSe la vita mia fosse poesia\u2026\u201d di Marco Di Stefano con poesie di Enrico Frandino alla Fondazione Emanuele Cacherano di Bricherasio","robots":{"index":"index","follow":"follow","max-snippet":"max-snippet:-1","max-image-preview":"max-image-preview:large","max-video-preview":"max-video-preview:-1"},"canonical":"https:\/\/www.article-marketing.eu\/comunicatistampa\/domenica-in-scena-se-la-vita-mia-fosse-poesia-di-marco-di-stefano-con-poesie-di-enrico-frandino-alla-fondazione-emanuele-cacherano-di-bricherasio\/","og_locale":"it_IT","og_type":"article","og_title":"Domenica in scena \u201cSe la vita mia fosse poesia\u2026\u201d di Marco Di Stefano con poesie di Enrico Frandino alla Fondazione Emanuele Cacherano di Bricherasio","og_description":"Roppolo (BI) &#8211; Secondo appuntamento con \u201cSe la vita mia fosse poesia\u2026\u201d, spettacolo di e con Marco Di Stefano che andr\u00e0 in scena domenica 23 ottobre alle ore 16 nella prestigiosa sede della fondazione \u201cEmanuele Cacherano di Bricherasio\u201d di Roppolo (Biella). L\u2019incantevole \u201crecital tra sogni ed emozioni\u201d, che nasce dalla viva collaborazione tra il regista e attore lucchese e il poeta biellese Enrico Frandino, \u00e8 reduce da una strepitosa primaContinue reading...","og_url":"https:\/\/www.article-marketing.eu\/comunicatistampa\/domenica-in-scena-se-la-vita-mia-fosse-poesia-di-marco-di-stefano-con-poesie-di-enrico-frandino-alla-fondazione-emanuele-cacherano-di-bricherasio\/","og_site_name":"Article Marketing","article_published_time":"2022-10-29T10:14:56+00:00","og_image":[{"url":"https:\/\/blogger.googleusercontent.com\/img\/a\/AVvXsEgsJtkc-uZhOY3YkFEA-OicomgxZJDGRAJi4p1s8YnD0VLz1VZ5fPeDTx-EzU49LeNJ-PiqZ9Hhn84NnryFmMKdYcaO9SU-U3tAC-LK2kHDNgOna5MZUwZZdIo1edYRTavmJN4x77PWf6pNmJMzkcql-vKvK2C4VQj2yCOMgW2dWVuFOxoTMoY9YyCg7A","type":"","width":"","height":""}],"author":"inpress","twitter_card":"summary_large_image","twitter_misc":{"Scritto da":"inpress","Tempo di lettura stimato":"3 minuti"},"schema":{"@context":"https:\/\/schema.org","@graph":[{"@type":"Article","@id":"https:\/\/www.article-marketing.eu\/comunicatistampa\/domenica-in-scena-se-la-vita-mia-fosse-poesia-di-marco-di-stefano-con-poesie-di-enrico-frandino-alla-fondazione-emanuele-cacherano-di-bricherasio\/#article","isPartOf":{"@id":"https:\/\/www.article-marketing.eu\/comunicatistampa\/domenica-in-scena-se-la-vita-mia-fosse-poesia-di-marco-di-stefano-con-poesie-di-enrico-frandino-alla-fondazione-emanuele-cacherano-di-bricherasio\/"},"author":{"name":"inpress","@id":"https:\/\/www.article-marketing.eu\/comunicatistampa\/#\/schema\/person\/6f87d425bef304dd8be1a0895dea44b2"},"headline":"Domenica in scena \u201cSe la vita mia fosse poesia\u2026\u201d di Marco Di Stefano con poesie di Enrico Frandino alla Fondazione Emanuele Cacherano di Bricherasio","datePublished":"2022-10-29T10:14:56+00:00","mainEntityOfPage":{"@id":"https:\/\/www.article-marketing.eu\/comunicatistampa\/domenica-in-scena-se-la-vita-mia-fosse-poesia-di-marco-di-stefano-con-poesie-di-enrico-frandino-alla-fondazione-emanuele-cacherano-di-bricherasio\/"},"wordCount":489,"commentCount":0,"image":{"@id":"https:\/\/www.article-marketing.eu\/comunicatistampa\/domenica-in-scena-se-la-vita-mia-fosse-poesia-di-marco-di-stefano-con-poesie-di-enrico-frandino-alla-fondazione-emanuele-cacherano-di-bricherasio\/#primaryimage"},"thumbnailUrl":"https:\/\/blogger.googleusercontent.com\/img\/a\/AVvXsEgsJtkc-uZhOY3YkFEA-OicomgxZJDGRAJi4p1s8YnD0VLz1VZ5fPeDTx-EzU49LeNJ-PiqZ9Hhn84NnryFmMKdYcaO9SU-U3tAC-LK2kHDNgOna5MZUwZZdIo1edYRTavmJN4x77PWf6pNmJMzkcql-vKvK2C4VQj2yCOMgW2dWVuFOxoTMoY9YyCg7A","keywords":["biella","Enrico Frandino","Fondazione Emauele Cacherano di Bricherasio","Marco Di Stefano","Poesia","spettacolo","Teatro"],"articleSection":["Eventi","Teatro"],"inLanguage":"it-IT","potentialAction":[{"@type":"CommentAction","name":"Comment","target":["https:\/\/www.article-marketing.eu\/comunicatistampa\/domenica-in-scena-se-la-vita-mia-fosse-poesia-di-marco-di-stefano-con-poesie-di-enrico-frandino-alla-fondazione-emanuele-cacherano-di-bricherasio\/#respond"]}]},{"@type":"WebPage","@id":"https:\/\/www.article-marketing.eu\/comunicatistampa\/domenica-in-scena-se-la-vita-mia-fosse-poesia-di-marco-di-stefano-con-poesie-di-enrico-frandino-alla-fondazione-emanuele-cacherano-di-bricherasio\/","url":"https:\/\/www.article-marketing.eu\/comunicatistampa\/domenica-in-scena-se-la-vita-mia-fosse-poesia-di-marco-di-stefano-con-poesie-di-enrico-frandino-alla-fondazione-emanuele-cacherano-di-bricherasio\/","name":"Domenica in scena \u201cSe la vita mia fosse poesia\u2026\u201d di Marco Di Stefano con poesie di Enrico Frandino alla Fondazione Emanuele Cacherano di Bricherasio","isPartOf":{"@id":"https:\/\/www.article-marketing.eu\/comunicatistampa\/#website"},"primaryImageOfPage":{"@id":"https:\/\/www.article-marketing.eu\/comunicatistampa\/domenica-in-scena-se-la-vita-mia-fosse-poesia-di-marco-di-stefano-con-poesie-di-enrico-frandino-alla-fondazione-emanuele-cacherano-di-bricherasio\/#primaryimage"},"image":{"@id":"https:\/\/www.article-marketing.eu\/comunicatistampa\/domenica-in-scena-se-la-vita-mia-fosse-poesia-di-marco-di-stefano-con-poesie-di-enrico-frandino-alla-fondazione-emanuele-cacherano-di-bricherasio\/#primaryimage"},"thumbnailUrl":"https:\/\/blogger.googleusercontent.com\/img\/a\/AVvXsEgsJtkc-uZhOY3YkFEA-OicomgxZJDGRAJi4p1s8YnD0VLz1VZ5fPeDTx-EzU49LeNJ-PiqZ9Hhn84NnryFmMKdYcaO9SU-U3tAC-LK2kHDNgOna5MZUwZZdIo1edYRTavmJN4x77PWf6pNmJMzkcql-vKvK2C4VQj2yCOMgW2dWVuFOxoTMoY9YyCg7A","datePublished":"2022-10-29T10:14:56+00:00","author":{"@id":"https:\/\/www.article-marketing.eu\/comunicatistampa\/#\/schema\/person\/6f87d425bef304dd8be1a0895dea44b2"},"breadcrumb":{"@id":"https:\/\/www.article-marketing.eu\/comunicatistampa\/domenica-in-scena-se-la-vita-mia-fosse-poesia-di-marco-di-stefano-con-poesie-di-enrico-frandino-alla-fondazione-emanuele-cacherano-di-bricherasio\/#breadcrumb"},"inLanguage":"it-IT","potentialAction":[{"@type":"ReadAction","target":["https:\/\/www.article-marketing.eu\/comunicatistampa\/domenica-in-scena-se-la-vita-mia-fosse-poesia-di-marco-di-stefano-con-poesie-di-enrico-frandino-alla-fondazione-emanuele-cacherano-di-bricherasio\/"]}]},{"@type":"ImageObject","inLanguage":"it-IT","@id":"https:\/\/www.article-marketing.eu\/comunicatistampa\/domenica-in-scena-se-la-vita-mia-fosse-poesia-di-marco-di-stefano-con-poesie-di-enrico-frandino-alla-fondazione-emanuele-cacherano-di-bricherasio\/#primaryimage","url":"https:\/\/blogger.googleusercontent.com\/img\/a\/AVvXsEgsJtkc-uZhOY3YkFEA-OicomgxZJDGRAJi4p1s8YnD0VLz1VZ5fPeDTx-EzU49LeNJ-PiqZ9Hhn84NnryFmMKdYcaO9SU-U3tAC-LK2kHDNgOna5MZUwZZdIo1edYRTavmJN4x77PWf6pNmJMzkcql-vKvK2C4VQj2yCOMgW2dWVuFOxoTMoY9YyCg7A","contentUrl":"https:\/\/blogger.googleusercontent.com\/img\/a\/AVvXsEgsJtkc-uZhOY3YkFEA-OicomgxZJDGRAJi4p1s8YnD0VLz1VZ5fPeDTx-EzU49LeNJ-PiqZ9Hhn84NnryFmMKdYcaO9SU-U3tAC-LK2kHDNgOna5MZUwZZdIo1edYRTavmJN4x77PWf6pNmJMzkcql-vKvK2C4VQj2yCOMgW2dWVuFOxoTMoY9YyCg7A"},{"@type":"BreadcrumbList","@id":"https:\/\/www.article-marketing.eu\/comunicatistampa\/domenica-in-scena-se-la-vita-mia-fosse-poesia-di-marco-di-stefano-con-poesie-di-enrico-frandino-alla-fondazione-emanuele-cacherano-di-bricherasio\/#breadcrumb","itemListElement":[{"@type":"ListItem","position":1,"name":"Home","item":"https:\/\/www.article-marketing.eu\/comunicatistampa\/"},{"@type":"ListItem","position":2,"name":"Domenica in scena \u201cSe la vita mia fosse poesia\u2026\u201d di Marco Di Stefano con poesie di Enrico Frandino alla Fondazione Emanuele Cacherano di Bricherasio"}]},{"@type":"WebSite","@id":"https:\/\/www.article-marketing.eu\/comunicatistampa\/#website","url":"https:\/\/www.article-marketing.eu\/comunicatistampa\/","name":"Article Marketing","description":"article marketing &amp; press release","potentialAction":[{"@type":"SearchAction","target":{"@type":"EntryPoint","urlTemplate":"https:\/\/www.article-marketing.eu\/comunicatistampa\/?s={search_term_string}"},"query-input":{"@type":"PropertyValueSpecification","valueRequired":true,"valueName":"search_term_string"}}],"inLanguage":"it-IT"},{"@type":"Person","@id":"https:\/\/www.article-marketing.eu\/comunicatistampa\/#\/schema\/person\/6f87d425bef304dd8be1a0895dea44b2","name":"inpress","image":{"@type":"ImageObject","inLanguage":"it-IT","@id":"https:\/\/secure.gravatar.com\/avatar\/8b9495d9dcfa5a2ac0eb8e4559db3f5f00d7248a8baa15ed14f155afae420f7d?s=96&d=mm&r=g","url":"https:\/\/secure.gravatar.com\/avatar\/8b9495d9dcfa5a2ac0eb8e4559db3f5f00d7248a8baa15ed14f155afae420f7d?s=96&d=mm&r=g","contentUrl":"https:\/\/secure.gravatar.com\/avatar\/8b9495d9dcfa5a2ac0eb8e4559db3f5f00d7248a8baa15ed14f155afae420f7d?s=96&d=mm&r=g","caption":"inpress"},"url":"https:\/\/www.article-marketing.eu\/comunicatistampa\/author\/inpress\/"}]}},"_links":{"self":[{"href":"https:\/\/www.article-marketing.eu\/comunicatistampa\/wp-json\/wp\/v2\/posts\/25183","targetHints":{"allow":["GET"]}}],"collection":[{"href":"https:\/\/www.article-marketing.eu\/comunicatistampa\/wp-json\/wp\/v2\/posts"}],"about":[{"href":"https:\/\/www.article-marketing.eu\/comunicatistampa\/wp-json\/wp\/v2\/types\/post"}],"author":[{"embeddable":true,"href":"https:\/\/www.article-marketing.eu\/comunicatistampa\/wp-json\/wp\/v2\/users\/920"}],"replies":[{"embeddable":true,"href":"https:\/\/www.article-marketing.eu\/comunicatistampa\/wp-json\/wp\/v2\/comments?post=25183"}],"version-history":[{"count":2,"href":"https:\/\/www.article-marketing.eu\/comunicatistampa\/wp-json\/wp\/v2\/posts\/25183\/revisions"}],"predecessor-version":[{"id":25276,"href":"https:\/\/www.article-marketing.eu\/comunicatistampa\/wp-json\/wp\/v2\/posts\/25183\/revisions\/25276"}],"wp:attachment":[{"href":"https:\/\/www.article-marketing.eu\/comunicatistampa\/wp-json\/wp\/v2\/media?parent=25183"}],"wp:term":[{"taxonomy":"category","embeddable":true,"href":"https:\/\/www.article-marketing.eu\/comunicatistampa\/wp-json\/wp\/v2\/categories?post=25183"},{"taxonomy":"post_tag","embeddable":true,"href":"https:\/\/www.article-marketing.eu\/comunicatistampa\/wp-json\/wp\/v2\/tags?post=25183"}],"curies":[{"name":"wp","href":"https:\/\/api.w.org\/{rel}","templated":true}]}}