{"id":25186,"date":"2022-10-29T12:15:23","date_gmt":"2022-10-29T10:15:23","guid":{"rendered":"https:\/\/www.article-marketing.eu\/comunicatistampa\/?p=25186"},"modified":"2022-10-29T12:15:23","modified_gmt":"2022-10-29T10:15:23","slug":"collezionismo-il-12-e-13-novembre-2022-torna-il-memorial-correale","status":"publish","type":"post","link":"https:\/\/www.article-marketing.eu\/comunicatistampa\/collezionismo-il-12-e-13-novembre-2022-torna-il-memorial-correale\/","title":{"rendered":"Collezionismo: Il 12 e 13 novembre 2022 torna il Memorial Correale"},"content":{"rendered":"<p style=\"text-align: center;\"><img decoding=\"async\" class=\"postimage aligncenter\" src=\"https:\/\/i.postimg.cc\/WbHChFp1\/Logo-Circolo-nuovo.png\" alt=\"Immagine\" \/><\/p>\n<p><img decoding=\"async\" class=\"postimage aligncenter\" src=\"https:\/\/i.postimg.cc\/YCtR2tYC\/Senza-titolo-1-2.png\" alt=\"Immagine\" \/><\/p>\n<p style=\"text-align: center;\"><strong class=\"text-strong\">Memorial Correale<\/strong><\/p>\n<p style=\"text-align: center;\"><strong class=\"text-strong\">Sabato 12 e domenica 13 novembre 2022<\/strong><\/p>\n<p style=\"text-align: center;\"><strong class=\"text-strong\">Castellammare di Stabia (Napoli)<\/strong><\/p>\n<p>&nbsp;<\/p>\n<p style=\"text-align: center;\"><img decoding=\"async\" class=\"postimage aligncenter\" src=\"https:\/\/blogger.googleusercontent.com\/img\/b\/R29vZ2xl\/AVvXsEg04MNuNMMp0RJ0uGv3mFmhgPVvpIt0Ya9vRxv7idWLBThdGPbqitRc52QfTNg-gqdcMVZa1SgsJGJceBVSzR1CIdE5BZRCn1kq6IAEfnUE2SHrW0h1HLlNB-_YrTiGMcvnZM0DmMHfRPTN92bp3oVr2Y0YbYBBSM0OTCnVU30WHN5g_jJm3_bZPjaw\/w640-h460\/Promozione%20nuova.png\" alt=\"Immagine\" \/><\/p>\n<p>&nbsp;<\/p>\n<p style=\"text-align: left;\"><strong class=\"text-strong\">Per tutti gli appassionati collezionisti e curiosi, sabato 12 e domenica 13 novembre 2022 a Castellammare di Stabia, comune della citt\u00e0 metropolitana di Napoli, un evento imperdibile.<\/strong><\/p>\n<p>Torna la manifestazione Memorial Correale, organizzata dall\u2019Associazione Circolo Tempo Libero, in memoria del defunto presidente Salvatore Correale, attirando centinaia di visitatori e partecipanti provenienti da ogni regione d\u2019Italia.<\/p>\n<p><img decoding=\"async\" class=\"postimage\" src=\"https:\/\/blogger.googleusercontent.com\/img\/b\/R29vZ2xl\/AVvXsEjiOXsW6IzRZT9BJVwbmyBQxCSBLwR1vzYZ9NiUYUCK0Jds5Wv_-BEQGj7n0nJXZgfXCAESOjJRgLKRkcT2vQn4HAuovbOsyUHKRZKlDqGcwA_hPMM8E0nNzjag9hl1Nr7SXhbCCVn8QzQSyxvRLDjEM1wLhz6d4y3cgZVN2lKpvJbpbxbQ8iNOpD6g\/s700\/IMG_20220618_094555_modificata.jpg\" alt=\"Immagine\" \/><\/p>\n<p><strong class=\"text-strong\">Si terr\u00e0 presso la sala espositiva dell&#8217;Hotel Queen Daisy, che si trova in via Schito n.185, completamente video sorvegliata, con ampi spazi, per muoversi liberamente in piena sicurezza e tranquillit\u00e0, pi\u00f9 di 1000 metri quadrati di rarit\u00e0.<\/strong><\/p>\n<p><img decoding=\"async\" class=\"postimage\" src=\"https:\/\/blogger.googleusercontent.com\/img\/b\/R29vZ2xl\/AVvXsEijbfdT4l5PsjXKU1qwzY5zMFfLQlzzzPtFEimlpbfVjUQz9wApCcQ4BgwoCQACjk5Q4NyAs1AXhvqof8wbdK04i3TKSxlSIuT3Ps3vqNEXUaEn-ShmF7vkL89qfwEwQ0xJXIZEpBcQCKOKETTVqMsPSb9FMbnHECR8UYla3oEbfbwMTicpPG20z4EB\/s700\/IMG_20220923_121849_modificata.jpg\" alt=\"Immagine\" \/><\/p>\n<p><strong class=\"text-strong\">Storico appuntamento unico nel suo genere dal 1994, giunto alla 56\u00b0 edizione, ha sempre garantito massima accoglienza ai collezionisti, ambiente sicuro, presenza di materiale certificato e dichiarazione di autenticit\u00e0, con l&#8217;esperienza professionale di periti nominati dal Tribunale, dalla Camera di Commercio, esperti iscritti alla NIP, N.I.A e alla FSFI.<\/strong><\/p>\n<p><img decoding=\"async\" class=\"postimage\" src=\"https:\/\/blogger.googleusercontent.com\/img\/b\/R29vZ2xl\/AVvXsEjnmqyxEM9t_Wv7PrU9-20g5jG4T9PW9mhyPqonwLcweQDtOeiSQjpYK3jSho1nJk5KAR5QuUcOg5frFbMRK62nu6g22s9bQ7_mg9TNYeo0uw-l4Nkb4C5MIOQqxgk6V996lu0xDhV_yQjKnL0KiofTiklLJWiQCUDujEjhmp3Axsa4G3-lRWZPKrXq\/s700\/IMG_20220618_090905_modificata.jpg\" alt=\"Immagine\" \/><\/p>\n<p style=\"text-align: left;\"><strong class=\"text-strong\">L\u2019ingresso \u00e8 gratuito, gli orari di apertura e chiusura sono sabato 12 novembre, dalle ore 9 alle 18, orario continuato, a disposizione servizio bar, sala ristorante, parcheggio custodito, con la possibilit\u00e0 di trattenersi sia a pranzo che a cena, men\u00f9 completo con specialit\u00e0 locali, nonostante le difficolt\u00e0 dovute alla crisi energetica, a soli \u20ac15.<\/strong><\/p>\n<p style=\"text-align: center;\">\n<p>Mentre domenica 13 novembre, l\u2019entrata sar\u00e0 esclusivamente di mattina, dalle ore 9 alle 13.<\/p>\n<p><img decoding=\"async\" class=\"postimage\" src=\"https:\/\/blogger.googleusercontent.com\/img\/b\/R29vZ2xl\/AVvXsEj2y5h6g-Q9MC0oC44kpUQweGN06jLidvXHlzAzFiVgp7ub0sgIt6_-9Wln_ATDXi8BcKTM6UnVRwCrdEQrbz7Q-pyad-LIXwIHRkh9LFr7Rr7pcUv9WCQum85pWrjZ-PODNfOCjNVVB4goPkQsZy_JjC7u7p0M6lDPyVdnFx5TldazmzOF95K7v88v\/w640-h408\/IMG_20220924_105515_modificata.jpg\" alt=\"Immagine\" \/><\/p>\n<p style=\"text-align: left;\"><strong class=\"text-strong\">Sar\u00e0 una due giorni piena di emozioni, di condivisione e partecipazione tra oggetti da collezione, quasi sconosciuti, ormai in disuso, e assolute rarit\u00e0:<\/strong><\/p>\n<p style=\"text-align: left;\">\n<p>monete antiche e moderne, francobolli, banconote italiane ed estere, decorazioni militari, cartoline, storia postale, stampe, orologi, immagini sacre, carte telefoniche, quotidiani, locandine, libri, fumetti, figurine, giocattoli, oggettistica varia, accessori e raccoglitori per collezioni.<\/p>\n<p><img decoding=\"async\" class=\"postimage\" src=\"https:\/\/blogger.googleusercontent.com\/img\/b\/R29vZ2xl\/AVvXsEj5KkRx6_33euWkZ5gg_bl4kDMmg-c3eRIisnRhVj6ryeT-w20tGrLgEIM5rSOPp1voofxpJmDC_1ilzd_bU0BsIpgOcdEFv9_s7ftDHbupbqadbXbQHcKeiLRycgK1LSgTcJ2XDKTOIx7POQfAxB9s1RfAq3oacP9QRtvGMabSRJFFseKrWcceWBZh\/s700\/IMG_20220219_110220_modificata.jpg\" alt=\"Immagine\" \/><\/p>\n<p style=\"text-align: left;\"><strong class=\"text-strong\">Un\u2019esperienza unica e rara per ispirare le menti, apprendere nozioni storiche, geografiche, economiche e scientifiche.<\/strong><\/p>\n<p><img decoding=\"async\" class=\"postimage\" src=\"https:\/\/blogger.googleusercontent.com\/img\/b\/R29vZ2xl\/AVvXsEj_0BWJ9IW1LrCJoBGSIW-b3PHctosLh-4hDNccrsAMjvy5lEHHG8wfP5OExxFTOiW8uxpESLfr_4yqlyTPJ-Avk-M14qSviy5z8eZ9yW-ChS0IBztnBxiXr_sQLST-brSsVzoaha4S7AO1eIdFOzvjbtRpsR5VjubGt5lKvQmyH7bwSuW5mnqzUmVv\/w640-h578\/IMG_20221001_122515_modificata.jpg\" alt=\"Immagine\" \/><\/p>\n<p style=\"text-align: left;\"><strong class=\"text-strong\">Inoltre si potranno acquistare le ultime emissioni dell&#8217;IPZS &#8211; Istituto Poligrafico e Zecca dello Stato, il 2 euro dei Giudici Falcone e Borsellino, il 5 euro 40\u00b0 Anniversario Italia Campione del mondo, i 20 e 5 euro Purgatorio di Dante nel 700\u00b0 anniversario, il 5 euro di Alberto Sordi, i 5 euro delle Figurine Panini, le emissioni della citt\u00e0 del Vaticano e di San Marino.<\/strong><\/p>\n<p><img decoding=\"async\" class=\"postimage\" src=\"https:\/\/blogger.googleusercontent.com\/img\/b\/R29vZ2xl\/AVvXsEgQEJcv9CHsxy9GTpIMc1CHql9QZBKmPQ2qSF87DFJnf2Z9EL76FXxmLsDJClMFWanuc5JgHzTWDlJlLCDtnyKLCwJCLixFEZJKQEinrW78L4hdNGCva-29RNv_eUNvdUQRZJOPxLNHrnhOkYeFkbx92cAR1pVoWRpaj3aSq4OIX6f0G2HjtSNzUuzl\/w640-h488\/IMG_20220924_125445_modificata.jpg\" alt=\"Immagine\" \/><\/p>\n<p><strong class=\"text-strong\">Il Memorial Correale \u00e8 il luogo ideale per dire basta alle fake news o truffe, dove si potr\u00e0 acquistare per investire, vendere o dare un reale valore agli oggetti da collezione, approfondendo la conoscenza attraverso lo studio, coinvolgendo e appassionando le nuove generazioni, stimolandoli con sani valori e principi etici.<\/strong><\/p>\n<p><img decoding=\"async\" class=\"postimage\" src=\"https:\/\/blogger.googleusercontent.com\/img\/b\/R29vZ2xl\/AVvXsEhlCQzGDQ9OxGaKvajCEDo7EJHKnVB4g5yuzGvE13CMGdEWIEo-G-gLaQP8zBWq5FgbLEC65vW-CuQsJ0O8D-PBz1DT2l-KLlXKBh_ob8n5pzQkBidHYpSHjEemRbP4O_D4o0nXzcos6lQi8Mg-ovo0WkxfK0burDX2-jpQuzDu7Wcjy814XPyq4NNZ\/s1280\/Locandina%20novembre%202022%20a5%20front-retro.png\" alt=\"Immagine\" \/><\/p>\n<p style=\"text-align: center;\"><strong class=\"text-strong\">Dove siamo<\/strong><\/p>\n<p><img decoding=\"async\" class=\"postimage aligncenter\" src=\"https:\/\/sito.libero.it\/circolotempolibero\/wp-content\/uploads\/sites\/2171\/2021\/05\/8_2021-05-23_21_30_42.jpg\" alt=\"Immagine\" \/><\/p>\n<p>&nbsp;<\/p>\n<p style=\"text-align: center;\"><img decoding=\"async\" class=\"postimage aligncenter\" src=\"https:\/\/sito.libero.it\/circolotempolibero\/wp-content\/uploads\/sites\/2171\/2021\/05\/logo-queen.png\" alt=\"Immagine\" \/><\/p>\n<p>&nbsp;<\/p>\n<p><img decoding=\"async\" class=\"postimage aligncenter\" src=\"http:\/\/xoom.virgilio.it\/source_filemanager\/cl\/lu\/clubdeltempolibero\/descrizione.png\" alt=\"Immagine\" \/><\/p>\n<p>&nbsp;<\/p>\n<p style=\"text-align: left;\"><strong class=\"text-strong\">Per ulteriori informazioni ci trovate sulle maggiori piattaforme di social media marketing e comunicazione:<\/strong><\/p>\n<p><strong class=\"text-strong\">Associazione Circolo &#8220;Tempo Libero&#8221;<\/strong><\/p>\n<p><strong class=\"text-strong\">Iscritta alla FSFI &#8211; Federazione fra le Societ\u00e0 Filateliche Italiane<\/strong><\/p>\n<p><strong class=\"text-strong\">Email:\u00a0<\/strong><strong class=\"text-strong\"><a href=\"mailto:clubdeltempolibero@gmail.com\">clubdeltempolibero@gmail.com<\/a><\/strong><\/p>\n<p><strong class=\"text-strong\">Telefono:\u00a0<\/strong><strong class=\"text-strong\">(+39) 3498125912<\/strong>\u00a0<strong class=\"text-strong\">(Attilio Maglio)<\/strong><\/p>\n<p><strong class=\"text-strong\">Pagina Facebook:<\/strong><strong class=\"text-strong\">\u00a0Associazione Circolo &#8220;Tempo Libero&#8221;<\/strong><\/p>\n","protected":false},"excerpt":{"rendered":"<p>Memorial Correale Sabato 12 e domenica 13 novembre 2022 Castellammare di Stabia (Napoli) &nbsp; &nbsp; Per tutti gli appassionati collezionisti e curiosi, sabato 12 e domenica 13 novembre 2022 a Castellammare di Stabia, comune della citt\u00e0 metropolitana di Napoli, un evento imperdibile. Torna la manifestazione Memorial Correale, organizzata dall\u2019Associazione Circolo Tempo Libero, in memoria del defunto presidente Salvatore Correale, attirando centinaia di visitatori e partecipanti provenienti da ogni regione d\u2019Italia.<\/p>\n<p><a class=\"continue-reading\" href=\"https:\/\/www.article-marketing.eu\/comunicatistampa\/collezionismo-il-12-e-13-novembre-2022-torna-il-memorial-correale\/\">Continue reading&#8230;<\/a><\/p>\n","protected":false},"author":4975,"featured_media":0,"comment_status":"open","ping_status":"open","sticky":false,"template":"","format":"standard","meta":{"_monsterinsights_skip_tracking":false,"_monsterinsights_sitenote_active":false,"_monsterinsights_sitenote_note":"","_monsterinsights_sitenote_category":0,"footnotes":""},"categories":[78,392],"tags":[10183,1119,8628,569,8627,10182,4637],"class_list":["post-25186","post","type-post","status-publish","format-standard","hentry","category-comunicati-stampa","category-eventi","tag-cartoline","tag-collezionismo","tag-filatelia","tag-libri","tag-numismatica","tag-oggettistica-varia","tag-stampe"],"yoast_head":"<!-- This site is optimized with the Yoast SEO plugin v27.3 - https:\/\/yoast.com\/product\/yoast-seo-wordpress\/ -->\n<title>Collezionismo: Il 12 e 13 novembre 2022 torna il Memorial Correale<\/title>\n<meta name=\"description\" content=\"Storico appuntamento di collezionismo unico nel suo genere dal 1994.\" \/>\n<meta name=\"robots\" content=\"index, follow, max-snippet:-1, max-image-preview:large, max-video-preview:-1\" \/>\n<link rel=\"canonical\" href=\"https:\/\/www.article-marketing.eu\/comunicatistampa\/collezionismo-il-12-e-13-novembre-2022-torna-il-memorial-correale\/\" \/>\n<meta property=\"og:locale\" content=\"it_IT\" \/>\n<meta property=\"og:type\" content=\"article\" \/>\n<meta property=\"og:title\" content=\"Collezionismo: Il 12 e 13 novembre 2022 torna il Memorial Correale\" \/>\n<meta property=\"og:description\" content=\"Storico appuntamento di collezionismo unico nel suo genere dal 1994.\" \/>\n<meta property=\"og:url\" content=\"https:\/\/www.article-marketing.eu\/comunicatistampa\/collezionismo-il-12-e-13-novembre-2022-torna-il-memorial-correale\/\" \/>\n<meta property=\"og:site_name\" content=\"Article Marketing\" \/>\n<meta property=\"article:published_time\" content=\"2022-10-29T10:15:23+00:00\" \/>\n<meta property=\"og:image\" content=\"https:\/\/i.postimg.cc\/WbHChFp1\/Logo-Circolo-nuovo.png\" \/>\n<meta name=\"author\" content=\"clubdeltempolibero\" \/>\n<meta name=\"twitter:card\" content=\"summary_large_image\" \/>\n<meta name=\"twitter:label1\" content=\"Scritto da\" \/>\n\t<meta name=\"twitter:data1\" content=\"clubdeltempolibero\" \/>\n\t<meta name=\"twitter:label2\" content=\"Tempo di lettura stimato\" \/>\n\t<meta name=\"twitter:data2\" content=\"6 minuti\" \/>\n<script type=\"application\/ld+json\" class=\"yoast-schema-graph\">{\"@context\":\"https:\\\/\\\/schema.org\",\"@graph\":[{\"@type\":\"Article\",\"@id\":\"https:\\\/\\\/www.article-marketing.eu\\\/comunicatistampa\\\/collezionismo-il-12-e-13-novembre-2022-torna-il-memorial-correale\\\/#article\",\"isPartOf\":{\"@id\":\"https:\\\/\\\/www.article-marketing.eu\\\/comunicatistampa\\\/collezionismo-il-12-e-13-novembre-2022-torna-il-memorial-correale\\\/\"},\"author\":{\"name\":\"clubdeltempolibero\",\"@id\":\"https:\\\/\\\/www.article-marketing.eu\\\/comunicatistampa\\\/#\\\/schema\\\/person\\\/443878f0047340f53ce229037f4b7cfc\"},\"headline\":\"Collezionismo: Il 12 e 13 novembre 2022 torna il Memorial Correale\",\"datePublished\":\"2022-10-29T10:15:23+00:00\",\"mainEntityOfPage\":{\"@id\":\"https:\\\/\\\/www.article-marketing.eu\\\/comunicatistampa\\\/collezionismo-il-12-e-13-novembre-2022-torna-il-memorial-correale\\\/\"},\"wordCount\":445,\"commentCount\":0,\"image\":{\"@id\":\"https:\\\/\\\/www.article-marketing.eu\\\/comunicatistampa\\\/collezionismo-il-12-e-13-novembre-2022-torna-il-memorial-correale\\\/#primaryimage\"},\"thumbnailUrl\":\"https:\\\/\\\/i.postimg.cc\\\/WbHChFp1\\\/Logo-Circolo-nuovo.png\",\"keywords\":[\"cartoline\",\"collezionismo\",\"filatelia\",\"Libri\",\"numismatica\",\"oggettistica varia\",\"stampe\"],\"articleSection\":[\"Comunicati stampa\",\"Eventi\"],\"inLanguage\":\"it-IT\",\"potentialAction\":[{\"@type\":\"CommentAction\",\"name\":\"Comment\",\"target\":[\"https:\\\/\\\/www.article-marketing.eu\\\/comunicatistampa\\\/collezionismo-il-12-e-13-novembre-2022-torna-il-memorial-correale\\\/#respond\"]}]},{\"@type\":\"WebPage\",\"@id\":\"https:\\\/\\\/www.article-marketing.eu\\\/comunicatistampa\\\/collezionismo-il-12-e-13-novembre-2022-torna-il-memorial-correale\\\/\",\"url\":\"https:\\\/\\\/www.article-marketing.eu\\\/comunicatistampa\\\/collezionismo-il-12-e-13-novembre-2022-torna-il-memorial-correale\\\/\",\"name\":\"Collezionismo: Il 12 e 13 novembre 2022 torna il Memorial Correale\",\"isPartOf\":{\"@id\":\"https:\\\/\\\/www.article-marketing.eu\\\/comunicatistampa\\\/#website\"},\"primaryImageOfPage\":{\"@id\":\"https:\\\/\\\/www.article-marketing.eu\\\/comunicatistampa\\\/collezionismo-il-12-e-13-novembre-2022-torna-il-memorial-correale\\\/#primaryimage\"},\"image\":{\"@id\":\"https:\\\/\\\/www.article-marketing.eu\\\/comunicatistampa\\\/collezionismo-il-12-e-13-novembre-2022-torna-il-memorial-correale\\\/#primaryimage\"},\"thumbnailUrl\":\"https:\\\/\\\/i.postimg.cc\\\/WbHChFp1\\\/Logo-Circolo-nuovo.png\",\"datePublished\":\"2022-10-29T10:15:23+00:00\",\"author\":{\"@id\":\"https:\\\/\\\/www.article-marketing.eu\\\/comunicatistampa\\\/#\\\/schema\\\/person\\\/443878f0047340f53ce229037f4b7cfc\"},\"description\":\"Storico appuntamento di collezionismo unico nel suo genere dal 1994.\",\"breadcrumb\":{\"@id\":\"https:\\\/\\\/www.article-marketing.eu\\\/comunicatistampa\\\/collezionismo-il-12-e-13-novembre-2022-torna-il-memorial-correale\\\/#breadcrumb\"},\"inLanguage\":\"it-IT\",\"potentialAction\":[{\"@type\":\"ReadAction\",\"target\":[\"https:\\\/\\\/www.article-marketing.eu\\\/comunicatistampa\\\/collezionismo-il-12-e-13-novembre-2022-torna-il-memorial-correale\\\/\"]}]},{\"@type\":\"ImageObject\",\"inLanguage\":\"it-IT\",\"@id\":\"https:\\\/\\\/www.article-marketing.eu\\\/comunicatistampa\\\/collezionismo-il-12-e-13-novembre-2022-torna-il-memorial-correale\\\/#primaryimage\",\"url\":\"https:\\\/\\\/i.postimg.cc\\\/WbHChFp1\\\/Logo-Circolo-nuovo.png\",\"contentUrl\":\"https:\\\/\\\/i.postimg.cc\\\/WbHChFp1\\\/Logo-Circolo-nuovo.png\"},{\"@type\":\"BreadcrumbList\",\"@id\":\"https:\\\/\\\/www.article-marketing.eu\\\/comunicatistampa\\\/collezionismo-il-12-e-13-novembre-2022-torna-il-memorial-correale\\\/#breadcrumb\",\"itemListElement\":[{\"@type\":\"ListItem\",\"position\":1,\"name\":\"Home\",\"item\":\"https:\\\/\\\/www.article-marketing.eu\\\/comunicatistampa\\\/\"},{\"@type\":\"ListItem\",\"position\":2,\"name\":\"Collezionismo: Il 12 e 13 novembre 2022 torna il Memorial Correale\"}]},{\"@type\":\"WebSite\",\"@id\":\"https:\\\/\\\/www.article-marketing.eu\\\/comunicatistampa\\\/#website\",\"url\":\"https:\\\/\\\/www.article-marketing.eu\\\/comunicatistampa\\\/\",\"name\":\"Article Marketing\",\"description\":\"article marketing &amp; press release\",\"potentialAction\":[{\"@type\":\"SearchAction\",\"target\":{\"@type\":\"EntryPoint\",\"urlTemplate\":\"https:\\\/\\\/www.article-marketing.eu\\\/comunicatistampa\\\/?s={search_term_string}\"},\"query-input\":{\"@type\":\"PropertyValueSpecification\",\"valueRequired\":true,\"valueName\":\"search_term_string\"}}],\"inLanguage\":\"it-IT\"},{\"@type\":\"Person\",\"@id\":\"https:\\\/\\\/www.article-marketing.eu\\\/comunicatistampa\\\/#\\\/schema\\\/person\\\/443878f0047340f53ce229037f4b7cfc\",\"name\":\"clubdeltempolibero\",\"image\":{\"@type\":\"ImageObject\",\"inLanguage\":\"it-IT\",\"@id\":\"https:\\\/\\\/secure.gravatar.com\\\/avatar\\\/c7786cbe48906e75c8101c94c9d86aedb07835c89b79bd2f08563fd84ed637a8?s=96&d=mm&r=g\",\"url\":\"https:\\\/\\\/secure.gravatar.com\\\/avatar\\\/c7786cbe48906e75c8101c94c9d86aedb07835c89b79bd2f08563fd84ed637a8?s=96&d=mm&r=g\",\"contentUrl\":\"https:\\\/\\\/secure.gravatar.com\\\/avatar\\\/c7786cbe48906e75c8101c94c9d86aedb07835c89b79bd2f08563fd84ed637a8?s=96&d=mm&r=g\",\"caption\":\"clubdeltempolibero\"},\"url\":\"https:\\\/\\\/www.article-marketing.eu\\\/comunicatistampa\\\/author\\\/clubdeltempolibero\\\/\"}]}<\/script>\n<!-- \/ Yoast SEO plugin. -->","yoast_head_json":{"title":"Collezionismo: Il 12 e 13 novembre 2022 torna il Memorial Correale","description":"Storico appuntamento di collezionismo unico nel suo genere dal 1994.","robots":{"index":"index","follow":"follow","max-snippet":"max-snippet:-1","max-image-preview":"max-image-preview:large","max-video-preview":"max-video-preview:-1"},"canonical":"https:\/\/www.article-marketing.eu\/comunicatistampa\/collezionismo-il-12-e-13-novembre-2022-torna-il-memorial-correale\/","og_locale":"it_IT","og_type":"article","og_title":"Collezionismo: Il 12 e 13 novembre 2022 torna il Memorial Correale","og_description":"Storico appuntamento di collezionismo unico nel suo genere dal 1994.","og_url":"https:\/\/www.article-marketing.eu\/comunicatistampa\/collezionismo-il-12-e-13-novembre-2022-torna-il-memorial-correale\/","og_site_name":"Article Marketing","article_published_time":"2022-10-29T10:15:23+00:00","og_image":[{"url":"https:\/\/i.postimg.cc\/WbHChFp1\/Logo-Circolo-nuovo.png","type":"","width":"","height":""}],"author":"clubdeltempolibero","twitter_card":"summary_large_image","twitter_misc":{"Scritto da":"clubdeltempolibero","Tempo di lettura stimato":"6 minuti"},"schema":{"@context":"https:\/\/schema.org","@graph":[{"@type":"Article","@id":"https:\/\/www.article-marketing.eu\/comunicatistampa\/collezionismo-il-12-e-13-novembre-2022-torna-il-memorial-correale\/#article","isPartOf":{"@id":"https:\/\/www.article-marketing.eu\/comunicatistampa\/collezionismo-il-12-e-13-novembre-2022-torna-il-memorial-correale\/"},"author":{"name":"clubdeltempolibero","@id":"https:\/\/www.article-marketing.eu\/comunicatistampa\/#\/schema\/person\/443878f0047340f53ce229037f4b7cfc"},"headline":"Collezionismo: Il 12 e 13 novembre 2022 torna il Memorial Correale","datePublished":"2022-10-29T10:15:23+00:00","mainEntityOfPage":{"@id":"https:\/\/www.article-marketing.eu\/comunicatistampa\/collezionismo-il-12-e-13-novembre-2022-torna-il-memorial-correale\/"},"wordCount":445,"commentCount":0,"image":{"@id":"https:\/\/www.article-marketing.eu\/comunicatistampa\/collezionismo-il-12-e-13-novembre-2022-torna-il-memorial-correale\/#primaryimage"},"thumbnailUrl":"https:\/\/i.postimg.cc\/WbHChFp1\/Logo-Circolo-nuovo.png","keywords":["cartoline","collezionismo","filatelia","Libri","numismatica","oggettistica varia","stampe"],"articleSection":["Comunicati stampa","Eventi"],"inLanguage":"it-IT","potentialAction":[{"@type":"CommentAction","name":"Comment","target":["https:\/\/www.article-marketing.eu\/comunicatistampa\/collezionismo-il-12-e-13-novembre-2022-torna-il-memorial-correale\/#respond"]}]},{"@type":"WebPage","@id":"https:\/\/www.article-marketing.eu\/comunicatistampa\/collezionismo-il-12-e-13-novembre-2022-torna-il-memorial-correale\/","url":"https:\/\/www.article-marketing.eu\/comunicatistampa\/collezionismo-il-12-e-13-novembre-2022-torna-il-memorial-correale\/","name":"Collezionismo: Il 12 e 13 novembre 2022 torna il Memorial Correale","isPartOf":{"@id":"https:\/\/www.article-marketing.eu\/comunicatistampa\/#website"},"primaryImageOfPage":{"@id":"https:\/\/www.article-marketing.eu\/comunicatistampa\/collezionismo-il-12-e-13-novembre-2022-torna-il-memorial-correale\/#primaryimage"},"image":{"@id":"https:\/\/www.article-marketing.eu\/comunicatistampa\/collezionismo-il-12-e-13-novembre-2022-torna-il-memorial-correale\/#primaryimage"},"thumbnailUrl":"https:\/\/i.postimg.cc\/WbHChFp1\/Logo-Circolo-nuovo.png","datePublished":"2022-10-29T10:15:23+00:00","author":{"@id":"https:\/\/www.article-marketing.eu\/comunicatistampa\/#\/schema\/person\/443878f0047340f53ce229037f4b7cfc"},"description":"Storico appuntamento di collezionismo unico nel suo genere dal 1994.","breadcrumb":{"@id":"https:\/\/www.article-marketing.eu\/comunicatistampa\/collezionismo-il-12-e-13-novembre-2022-torna-il-memorial-correale\/#breadcrumb"},"inLanguage":"it-IT","potentialAction":[{"@type":"ReadAction","target":["https:\/\/www.article-marketing.eu\/comunicatistampa\/collezionismo-il-12-e-13-novembre-2022-torna-il-memorial-correale\/"]}]},{"@type":"ImageObject","inLanguage":"it-IT","@id":"https:\/\/www.article-marketing.eu\/comunicatistampa\/collezionismo-il-12-e-13-novembre-2022-torna-il-memorial-correale\/#primaryimage","url":"https:\/\/i.postimg.cc\/WbHChFp1\/Logo-Circolo-nuovo.png","contentUrl":"https:\/\/i.postimg.cc\/WbHChFp1\/Logo-Circolo-nuovo.png"},{"@type":"BreadcrumbList","@id":"https:\/\/www.article-marketing.eu\/comunicatistampa\/collezionismo-il-12-e-13-novembre-2022-torna-il-memorial-correale\/#breadcrumb","itemListElement":[{"@type":"ListItem","position":1,"name":"Home","item":"https:\/\/www.article-marketing.eu\/comunicatistampa\/"},{"@type":"ListItem","position":2,"name":"Collezionismo: Il 12 e 13 novembre 2022 torna il Memorial Correale"}]},{"@type":"WebSite","@id":"https:\/\/www.article-marketing.eu\/comunicatistampa\/#website","url":"https:\/\/www.article-marketing.eu\/comunicatistampa\/","name":"Article Marketing","description":"article marketing &amp; press release","potentialAction":[{"@type":"SearchAction","target":{"@type":"EntryPoint","urlTemplate":"https:\/\/www.article-marketing.eu\/comunicatistampa\/?s={search_term_string}"},"query-input":{"@type":"PropertyValueSpecification","valueRequired":true,"valueName":"search_term_string"}}],"inLanguage":"it-IT"},{"@type":"Person","@id":"https:\/\/www.article-marketing.eu\/comunicatistampa\/#\/schema\/person\/443878f0047340f53ce229037f4b7cfc","name":"clubdeltempolibero","image":{"@type":"ImageObject","inLanguage":"it-IT","@id":"https:\/\/secure.gravatar.com\/avatar\/c7786cbe48906e75c8101c94c9d86aedb07835c89b79bd2f08563fd84ed637a8?s=96&d=mm&r=g","url":"https:\/\/secure.gravatar.com\/avatar\/c7786cbe48906e75c8101c94c9d86aedb07835c89b79bd2f08563fd84ed637a8?s=96&d=mm&r=g","contentUrl":"https:\/\/secure.gravatar.com\/avatar\/c7786cbe48906e75c8101c94c9d86aedb07835c89b79bd2f08563fd84ed637a8?s=96&d=mm&r=g","caption":"clubdeltempolibero"},"url":"https:\/\/www.article-marketing.eu\/comunicatistampa\/author\/clubdeltempolibero\/"}]}},"_links":{"self":[{"href":"https:\/\/www.article-marketing.eu\/comunicatistampa\/wp-json\/wp\/v2\/posts\/25186","targetHints":{"allow":["GET"]}}],"collection":[{"href":"https:\/\/www.article-marketing.eu\/comunicatistampa\/wp-json\/wp\/v2\/posts"}],"about":[{"href":"https:\/\/www.article-marketing.eu\/comunicatistampa\/wp-json\/wp\/v2\/types\/post"}],"author":[{"embeddable":true,"href":"https:\/\/www.article-marketing.eu\/comunicatistampa\/wp-json\/wp\/v2\/users\/4975"}],"replies":[{"embeddable":true,"href":"https:\/\/www.article-marketing.eu\/comunicatistampa\/wp-json\/wp\/v2\/comments?post=25186"}],"version-history":[{"count":5,"href":"https:\/\/www.article-marketing.eu\/comunicatistampa\/wp-json\/wp\/v2\/posts\/25186\/revisions"}],"predecessor-version":[{"id":25277,"href":"https:\/\/www.article-marketing.eu\/comunicatistampa\/wp-json\/wp\/v2\/posts\/25186\/revisions\/25277"}],"wp:attachment":[{"href":"https:\/\/www.article-marketing.eu\/comunicatistampa\/wp-json\/wp\/v2\/media?parent=25186"}],"wp:term":[{"taxonomy":"category","embeddable":true,"href":"https:\/\/www.article-marketing.eu\/comunicatistampa\/wp-json\/wp\/v2\/categories?post=25186"},{"taxonomy":"post_tag","embeddable":true,"href":"https:\/\/www.article-marketing.eu\/comunicatistampa\/wp-json\/wp\/v2\/tags?post=25186"}],"curies":[{"name":"wp","href":"https:\/\/api.w.org\/{rel}","templated":true}]}}