{"id":25236,"date":"2022-11-05T10:18:18","date_gmt":"2022-11-05T09:18:18","guid":{"rendered":"https:\/\/www.article-marketing.eu\/comunicatistampa\/?p=25236"},"modified":"2022-11-03T16:42:44","modified_gmt":"2022-11-03T15:42:44","slug":"la-voce-della-one-al-tavolo-delle-istituzioni","status":"publish","type":"post","link":"https:\/\/www.article-marketing.eu\/comunicatistampa\/la-voce-della-one-al-tavolo-delle-istituzioni\/","title":{"rendered":"La voce della One al tavolo delle Istituzioni"},"content":{"rendered":"<p class=\"western\" align=\"justify\"><span style=\"font-family: Verdana;\"><span style=\"font-size: large;\"><i>One Express tra i protagonisti del convegno organizzato a Roma il 26 ottobre per discutere su un futuro sostenibile. Il primo Pallet Network italiano per Qualit\u00e0 illustra con il Presidente Claudio Franceschelli come ripensare la logistica in un\u2019ottica green<\/i><\/span><\/span><\/p>\n<p class=\"western\" align=\"justify\"><span style=\"font-family: Verdana;\"><span style=\"font-size: medium;\"><b>L\u2019impegno profuso da One Express<\/b> nell\u2019ambito della sostenibilit\u00e0 e il senso di responsabilit\u00e0 espresso e dimostrato nel corso di numerose iniziative vede il primo Pallet Network italiano per Qualit\u00e0 un interlocutore di primo piano anche in ambito istituzionale.<\/span><\/span><\/p>\n<p class=\"western\" align=\"justify\"><span style=\"font-family: Verdana;\"><span style=\"font-size: medium;\">Piena conferma arriva dalla partecipazione al <b>Forum Sostenibilit\u00e0, il 26 ottobre a Roma, presso il Centro Congressi Augustinianum<\/b>, nell\u2019incontro organizzato per delineare il futuro delle imprese tra innovazione e ambiente. Tra i relatori proprio il Presidente Claudio Franceschelli, con un focus su come ripensare la logistica in un\u2019ottica green. Un intervento che ha portato alle Istituzioni, alla presenza del Presidente della Regione Lazio e del Sindaco di Roma, i valori e gli obiettivi del Network, espressi al tavolo con realt\u00e0 del calibro di Enel, Atlantia, Eikon, Acea e primarie rappresentanze di Confindustria e del Vaticano. Un incontro in cui tra i grandi player nazionali One Express ha testimoniato attraverso le tante esperienze maturate a come ripensare la logistica in un\u2019ottica green.<\/span><\/span><\/p>\n<p class=\"western\" align=\"justify\">\u201c<span style=\"font-family: Verdana;\"><span style=\"font-size: medium;\"><i>One Express vuole essere sempre sostenibile\u00a0sotto il profilo economico, sociale e ambientale, con la determinazione che la caratterizza e non lasciando il concetto di azienda ecofriendly come una mera affermazione di facciata. Anzi, siamo passati dalle parole ai fatti gi\u00e0 da tempo, massimizzando il nostro impatto positivo sulla natura e sulla societ\u00e0, continuando a considerare la sostenibilit\u00e0 un criterio decisionale strategico, con l\u2019ambizione di essere tra i protagonisti di quella trasformazione sostenibile che il nostro settore pu\u00f2 e deve attuare. Siamo ancora lontani da un utilizzo dell\u2019intermodale efficace, economicamente sostenibile e in linea con le tempistiche che il mercato richiede, ma non per questo bisogna restare a guardare. Anzi, One Express ha avviato in questi anni numerose iniziative che hanno dato risultati concreti<\/i><\/span><\/span><span style=\"font-family: Verdana;\"><span style=\"font-size: medium;\">\u201d \u2013 <\/span><\/span><span style=\"font-family: Verdana;\"><span style=\"font-size: medium;\"><b>spiega cos\u00ec il Presidente di One Express Claudio Franceschelli<\/b><\/span><\/span><span style=\"font-family: Verdana;\"><span style=\"font-size: medium;\"> la vision che caratterizza l\u2019operato del primo Pallet Network italiano per Qualit\u00e0. <\/span><\/span><\/p>\n<p class=\"western\" align=\"justify\"><span style=\"font-family: Verdana;\"><span style=\"font-size: medium;\">La crescita costante che ha caratterizzato lo sviluppo del Network non ha per questo messo in secondo piano l\u2019impegno concreto nella riduzione dell\u2019impatto ambientale, considerata anzi come <\/span><\/span><span style=\"font-family: Verdana;\"><span style=\"font-size: medium;\">un\u2019opportunit\u00e0, perch\u00e9 nonostante i costi che comporta, rappresenta una forma di risparmio, con una forte ricaduta positiva su tutti e un incentivo a incrementare pratiche di questo tipo. <\/span><\/span><\/p>\n<p class=\"western\" align=\"justify\"><span style=\"font-family: Verdana;\"><span style=\"font-size: medium;\">Tante le azioni intraprese, come <\/span><\/span><span style=\"font-family: Verdana;\"><span style=\"font-size: medium;\"><b>l\u2019adesione a <\/b><\/span><\/span><span style=\"font-family: Verdana;\"><span style=\"font-size: medium;\"><b>RiVending<\/b><\/span><\/span><span style=\"font-family: Verdana;\"><span style=\"font-size: medium;\">, il progetto di economia circolare promosso da Confida, Corepla e Unionplast con l\u2019adozione del primo bicchiere realizzato in rPS (polistirolo riciclato) derivante dal ciclo chiuso di recupero e riciclo di bicchieri in plastica che secondo una stima interna, nel 2021 ha permesso di recuperare 60.000 bicchierini in PS, 60.000 palettine in PS e 30.000 bottiglie in PeT.<\/span><\/span><\/p>\n<p class=\"western\" align=\"justify\"><span style=\"font-family: Verdana;\"><span style=\"font-size: medium;\">Se l\u2019attenzione per l\u2019ambiente ha messo in strada progetti per lo sviluppo di consegne con mezzi elettrici in alcuni centri storici pilota, azzerando l\u2019inquinamento e facilitando il carico\/scarico nei centri urbani preclusi al traffico, <\/span><\/span><span style=\"font-family: Verdana;\"><span style=\"font-size: medium;\"><b>anche a livello infrastrutturale One Express ha dato un segnale concreto. Dopo aver installato presso l\u2019Hub di Milano a Torrevecchia Pia (PV) un impianto fotovoltaico con potenza nominale di 260 kWP, con una produzione annua stimata di 304 kWh e una conseguente riduzione di emissione di C0<\/b><\/span><\/span><span style=\"color: #000000;\"><sub><span style=\"font-family: Verdana;\"><span style=\"font-size: medium;\"><b>2 <\/b><\/span><\/span><\/sub><\/span><span style=\"font-family: Verdana;\"><span style=\"font-size: medium;\"><b>prevista nella misura di 163 kg, anche Bologna ha la dotazione in essere<\/b><\/span><\/span><span style=\"font-family: Verdana;\"><span style=\"font-size: medium;\">. S<\/span><\/span><span style=\"font-family: Verdana;\"><span style=\"font-size: medium;\">ono infatti presenti due impianti termosolari, uno al blocco 9.6 e l\u2019altro al blocco 9.7<\/span><\/span><span style=\"font-family: Verdana;\"><span style=\"font-size: medium;\">. Il primo ha una potenza nominale di 8 kWp, con una produzione annua stimata di 9,917 e una riduzione di emissione di C0<\/span><\/span><span style=\"color: #000000;\"><sub><span style=\"font-family: Verdana;\"><span style=\"font-size: medium;\">2<\/span><\/span><\/sub><\/span><span style=\"font-family: Verdana;\"><span style=\"font-size: medium;\"> prevista nella misura di 5,355 kg. Il secondo, invece, presenta una potenza nominale di 10 kWp, con una produzione annua stimata di 12,396 kWh e una riduzione di emissioni prevista nella misura di 6,694 kg. Recentemente One Express ha accresciuto il proprio impegno nell\u2019abbattimento dell\u2019impatto ambientale con un impianto fotovoltaico della potenza di<\/span><\/span><span style=\"color: #000000;\"><span style=\"font-family: Verdana;\"><span style=\"font-size: medium;\"> 451 kWp presso il quartier generale all\u2019Interporto di Bentivoglio. La produzione di energia elettrica da fonti rinnovabili comporta una consistente riduzione delle emissioni in atmosfera di CO2 e pi\u00f9 precisamente: energia annua prodotta 515.931 e conseguenti emissioni evitate di CO2 273.959.<\/span><\/span><\/span><\/p>\n<p class=\"western\" align=\"justify\"><span style=\"color: #000000;\"><span style=\"font-family: Verdana;\"><span style=\"font-size: medium;\"><b>Cos\u00ec come da Bologna ha preso il via, in <\/b><\/span><\/span><\/span><span style=\"color: #000000;\"><span style=\"font-family: Verdana;\"><span style=\"font-size: medium;\"><b>collaborazione con Progetto Nat\u00f9, l\u2019iniziativa \u201cONE FOREST\u201d<\/b><\/span><\/span><\/span><span style=\"color: #000000;\"><span style=\"font-family: Verdana;\"><span style=\"font-size: medium;\"> che prevede la messa a dimora di alberi per la rinaturalizzazione del territorio e la compensazione delle emissioni di C0<\/span><\/span><\/span><span style=\"color: #000000;\"><sub><span style=\"font-family: Verdana;\"><span style=\"font-size: medium;\">2<\/span><\/span><\/sub><\/span><span style=\"color: #000000;\"><span style=\"font-family: Verdana;\"><span style=\"font-size: medium;\">, partito a Bentivoglio (BO) ed estesosi anche in altri Comuni italiani con il coinvolgimento di tutti gli Affiliati del Network che potranno <\/span><\/span><\/span><span style=\"font-family: Verdana;\"><span style=\"font-size: medium;\">aderire, con il proprio contributo all&#8217;iniziativa per la diffusione di una nuova cultura ambientale e la piantumazione di alberi, realizzando cos\u00ec forestazione urbana compensativa al fine di conferire un valore aggiunto al proprio territorio, ottenendo effetti climatici positivi sia a livello locale che globale. <\/span><\/span><\/p>\n<p class=\"western\" align=\"justify\">\u201c<span style=\"font-family: Verdana;\"><span style=\"font-size: medium;\"><i>Siamo da sempre attenti all\u2019ambiente che ci circonda e da sempre cerchiamo di conciliare il nostro business con azioni positive per la collettivit\u00e0 realizzando partnership con le amministrazioni e gli enti dei territori su cui operiamo quotidianamente. Essere parte attiva, compiere gesti concreti e farli conoscere \u00e8 il miglior modo per fornire un esempio da seguire per il bene dell\u2019intera collettivit\u00e0 di oggi e di domani<\/i><\/span><\/span><span style=\"font-family: Verdana;\"><span style=\"font-size: medium;\">. <\/span><\/span><span style=\"font-family: Verdana;\"><span style=\"font-size: medium;\"><i>Abbiamo intrapreso un percorso virtuoso che ci permette di essere orgogliosi del nostro operato e far sentire la nostra voce in azienda, nel territorio e ai tavoli istituzionali, come il Forum di Roma<\/i><\/span><\/span><span style=\"font-family: Verdana;\"><span style=\"font-size: medium;\">. <\/span><\/span><span style=\"font-family: Verdana;\"><span style=\"font-size: medium;\"><i>Siamo riusciti a dimostrare come l\u2019errata considerazione di modello inquinante sia in realt\u00e0 un esempio virtuoso da cui prendere ispirazione per cambiare radicalmente non solo la percezione del mondo dei trasporti, ma anche per testimoniare che le Aziende possono davvero fare la differenza e non a caso One Express \u00e8 il primo Pallet Network italiano per Qualit\u00e0. Una Qualit\u00e0 che non si esprime solo con performance invidiabili e inarrivabili per altri, ma anche nella Qualit\u00e0 della vita che vogliamo garantire a noi stessi e ai nostri figli, alle generazioni future \u2013 <\/i><\/span><\/span><span style=\"font-family: Verdana;\"><span style=\"font-size: medium;\"><b>conclude il Presidente Franceschelli<\/b><\/span><\/span><span style=\"font-family: Verdana;\"><span style=\"font-size: medium;\">.<\/span><\/span><\/p>\n<p class=\"western\" align=\"justify\"><span style=\"font-family: Verdana;\"><span style=\"font-size: large;\"><i>https:\/\/www.oneexpress.it\/it\/<\/i><\/span><\/span><\/p>\n","protected":false},"excerpt":{"rendered":"<p>One Express tra i protagonisti del convegno organizzato a Roma il 26 ottobre per discutere su un futuro sostenibile. Il primo Pallet Network italiano per Qualit\u00e0 illustra con il Presidente Claudio Franceschelli come ripensare la logistica in un\u2019ottica green L\u2019impegno profuso da One Express nell\u2019ambito della sostenibilit\u00e0 e il senso di responsabilit\u00e0 espresso e dimostrato nel corso di numerose iniziative vede il primo Pallet Network italiano per Qualit\u00e0 un interlocutore<\/p>\n<p><a class=\"continue-reading\" href=\"https:\/\/www.article-marketing.eu\/comunicatistampa\/la-voce-della-one-al-tavolo-delle-istituzioni\/\">Continue reading&#8230;<\/a><\/p>\n","protected":false},"author":397,"featured_media":0,"comment_status":"open","ping_status":"open","sticky":false,"template":"","format":"standard","meta":{"_monsterinsights_skip_tracking":false,"_monsterinsights_sitenote_active":false,"_monsterinsights_sitenote_note":"","_monsterinsights_sitenote_category":0,"footnotes":""},"categories":[78],"tags":[],"class_list":["post-25236","post","type-post","status-publish","format-standard","hentry","category-comunicati-stampa"],"yoast_head":"<!-- This site is optimized with the Yoast SEO plugin v27.3 - https:\/\/yoast.com\/product\/yoast-seo-wordpress\/ -->\n<title>La voce della One al tavolo delle Istituzioni - Article Marketing<\/title>\n<meta name=\"robots\" content=\"index, follow, max-snippet:-1, max-image-preview:large, max-video-preview:-1\" \/>\n<link rel=\"canonical\" href=\"https:\/\/www.article-marketing.eu\/comunicatistampa\/la-voce-della-one-al-tavolo-delle-istituzioni\/\" \/>\n<meta property=\"og:locale\" content=\"it_IT\" \/>\n<meta property=\"og:type\" content=\"article\" \/>\n<meta property=\"og:title\" content=\"La voce della One al tavolo delle Istituzioni - Article Marketing\" \/>\n<meta property=\"og:description\" content=\"One Express tra i protagonisti del convegno organizzato a Roma il 26 ottobre per discutere su un futuro sostenibile. Il primo Pallet Network italiano per Qualit\u00e0 illustra con il Presidente Claudio Franceschelli come ripensare la logistica in un\u2019ottica green L\u2019impegno profuso da One Express nell\u2019ambito della sostenibilit\u00e0 e il senso di responsabilit\u00e0 espresso e dimostrato nel corso di numerose iniziative vede il primo Pallet Network italiano per Qualit\u00e0 un interlocutoreContinue reading...\" \/>\n<meta property=\"og:url\" content=\"https:\/\/www.article-marketing.eu\/comunicatistampa\/la-voce-della-one-al-tavolo-delle-istituzioni\/\" \/>\n<meta property=\"og:site_name\" content=\"Article Marketing\" \/>\n<meta property=\"article:published_time\" content=\"2022-11-05T09:18:18+00:00\" \/>\n<meta name=\"author\" content=\"Borderline Agency\" \/>\n<meta name=\"twitter:card\" content=\"summary_large_image\" \/>\n<meta name=\"twitter:label1\" content=\"Scritto da\" \/>\n\t<meta name=\"twitter:data1\" content=\"Borderline Agency\" \/>\n\t<meta name=\"twitter:label2\" content=\"Tempo di lettura stimato\" \/>\n\t<meta name=\"twitter:data2\" content=\"6 minuti\" \/>\n<script type=\"application\/ld+json\" class=\"yoast-schema-graph\">{\"@context\":\"https:\\\/\\\/schema.org\",\"@graph\":[{\"@type\":\"Article\",\"@id\":\"https:\\\/\\\/www.article-marketing.eu\\\/comunicatistampa\\\/la-voce-della-one-al-tavolo-delle-istituzioni\\\/#article\",\"isPartOf\":{\"@id\":\"https:\\\/\\\/www.article-marketing.eu\\\/comunicatistampa\\\/la-voce-della-one-al-tavolo-delle-istituzioni\\\/\"},\"author\":{\"name\":\"Borderline Agency\",\"@id\":\"https:\\\/\\\/www.article-marketing.eu\\\/comunicatistampa\\\/#\\\/schema\\\/person\\\/1c4ab1c7aad84347e26e78235da6ff1b\"},\"headline\":\"La voce della One al tavolo delle Istituzioni\",\"datePublished\":\"2022-11-05T09:18:18+00:00\",\"mainEntityOfPage\":{\"@id\":\"https:\\\/\\\/www.article-marketing.eu\\\/comunicatistampa\\\/la-voce-della-one-al-tavolo-delle-istituzioni\\\/\"},\"wordCount\":1003,\"commentCount\":0,\"articleSection\":[\"Comunicati stampa\"],\"inLanguage\":\"it-IT\",\"potentialAction\":[{\"@type\":\"CommentAction\",\"name\":\"Comment\",\"target\":[\"https:\\\/\\\/www.article-marketing.eu\\\/comunicatistampa\\\/la-voce-della-one-al-tavolo-delle-istituzioni\\\/#respond\"]}]},{\"@type\":\"WebPage\",\"@id\":\"https:\\\/\\\/www.article-marketing.eu\\\/comunicatistampa\\\/la-voce-della-one-al-tavolo-delle-istituzioni\\\/\",\"url\":\"https:\\\/\\\/www.article-marketing.eu\\\/comunicatistampa\\\/la-voce-della-one-al-tavolo-delle-istituzioni\\\/\",\"name\":\"La voce della One al tavolo delle Istituzioni - Article Marketing\",\"isPartOf\":{\"@id\":\"https:\\\/\\\/www.article-marketing.eu\\\/comunicatistampa\\\/#website\"},\"datePublished\":\"2022-11-05T09:18:18+00:00\",\"author\":{\"@id\":\"https:\\\/\\\/www.article-marketing.eu\\\/comunicatistampa\\\/#\\\/schema\\\/person\\\/1c4ab1c7aad84347e26e78235da6ff1b\"},\"breadcrumb\":{\"@id\":\"https:\\\/\\\/www.article-marketing.eu\\\/comunicatistampa\\\/la-voce-della-one-al-tavolo-delle-istituzioni\\\/#breadcrumb\"},\"inLanguage\":\"it-IT\",\"potentialAction\":[{\"@type\":\"ReadAction\",\"target\":[\"https:\\\/\\\/www.article-marketing.eu\\\/comunicatistampa\\\/la-voce-della-one-al-tavolo-delle-istituzioni\\\/\"]}]},{\"@type\":\"BreadcrumbList\",\"@id\":\"https:\\\/\\\/www.article-marketing.eu\\\/comunicatistampa\\\/la-voce-della-one-al-tavolo-delle-istituzioni\\\/#breadcrumb\",\"itemListElement\":[{\"@type\":\"ListItem\",\"position\":1,\"name\":\"Home\",\"item\":\"https:\\\/\\\/www.article-marketing.eu\\\/comunicatistampa\\\/\"},{\"@type\":\"ListItem\",\"position\":2,\"name\":\"La voce della One al tavolo delle Istituzioni\"}]},{\"@type\":\"WebSite\",\"@id\":\"https:\\\/\\\/www.article-marketing.eu\\\/comunicatistampa\\\/#website\",\"url\":\"https:\\\/\\\/www.article-marketing.eu\\\/comunicatistampa\\\/\",\"name\":\"Article Marketing\",\"description\":\"article marketing &amp; press release\",\"potentialAction\":[{\"@type\":\"SearchAction\",\"target\":{\"@type\":\"EntryPoint\",\"urlTemplate\":\"https:\\\/\\\/www.article-marketing.eu\\\/comunicatistampa\\\/?s={search_term_string}\"},\"query-input\":{\"@type\":\"PropertyValueSpecification\",\"valueRequired\":true,\"valueName\":\"search_term_string\"}}],\"inLanguage\":\"it-IT\"},{\"@type\":\"Person\",\"@id\":\"https:\\\/\\\/www.article-marketing.eu\\\/comunicatistampa\\\/#\\\/schema\\\/person\\\/1c4ab1c7aad84347e26e78235da6ff1b\",\"name\":\"Borderline Agency\",\"image\":{\"@type\":\"ImageObject\",\"inLanguage\":\"it-IT\",\"@id\":\"https:\\\/\\\/secure.gravatar.com\\\/avatar\\\/741fa053101610cb0be7dc835c116926549ae4ae2142ff35eac04d78fda61461?s=96&d=mm&r=g\",\"url\":\"https:\\\/\\\/secure.gravatar.com\\\/avatar\\\/741fa053101610cb0be7dc835c116926549ae4ae2142ff35eac04d78fda61461?s=96&d=mm&r=g\",\"contentUrl\":\"https:\\\/\\\/secure.gravatar.com\\\/avatar\\\/741fa053101610cb0be7dc835c116926549ae4ae2142ff35eac04d78fda61461?s=96&d=mm&r=g\",\"caption\":\"Borderline Agency\"},\"url\":\"https:\\\/\\\/www.article-marketing.eu\\\/comunicatistampa\\\/author\\\/borderline-agency\\\/\"}]}<\/script>\n<!-- \/ Yoast SEO plugin. -->","yoast_head_json":{"title":"La voce della One al tavolo delle Istituzioni - Article Marketing","robots":{"index":"index","follow":"follow","max-snippet":"max-snippet:-1","max-image-preview":"max-image-preview:large","max-video-preview":"max-video-preview:-1"},"canonical":"https:\/\/www.article-marketing.eu\/comunicatistampa\/la-voce-della-one-al-tavolo-delle-istituzioni\/","og_locale":"it_IT","og_type":"article","og_title":"La voce della One al tavolo delle Istituzioni - Article Marketing","og_description":"One Express tra i protagonisti del convegno organizzato a Roma il 26 ottobre per discutere su un futuro sostenibile. Il primo Pallet Network italiano per Qualit\u00e0 illustra con il Presidente Claudio Franceschelli come ripensare la logistica in un\u2019ottica green L\u2019impegno profuso da One Express nell\u2019ambito della sostenibilit\u00e0 e il senso di responsabilit\u00e0 espresso e dimostrato nel corso di numerose iniziative vede il primo Pallet Network italiano per Qualit\u00e0 un interlocutoreContinue reading...","og_url":"https:\/\/www.article-marketing.eu\/comunicatistampa\/la-voce-della-one-al-tavolo-delle-istituzioni\/","og_site_name":"Article Marketing","article_published_time":"2022-11-05T09:18:18+00:00","author":"Borderline Agency","twitter_card":"summary_large_image","twitter_misc":{"Scritto da":"Borderline Agency","Tempo di lettura stimato":"6 minuti"},"schema":{"@context":"https:\/\/schema.org","@graph":[{"@type":"Article","@id":"https:\/\/www.article-marketing.eu\/comunicatistampa\/la-voce-della-one-al-tavolo-delle-istituzioni\/#article","isPartOf":{"@id":"https:\/\/www.article-marketing.eu\/comunicatistampa\/la-voce-della-one-al-tavolo-delle-istituzioni\/"},"author":{"name":"Borderline Agency","@id":"https:\/\/www.article-marketing.eu\/comunicatistampa\/#\/schema\/person\/1c4ab1c7aad84347e26e78235da6ff1b"},"headline":"La voce della One al tavolo delle Istituzioni","datePublished":"2022-11-05T09:18:18+00:00","mainEntityOfPage":{"@id":"https:\/\/www.article-marketing.eu\/comunicatistampa\/la-voce-della-one-al-tavolo-delle-istituzioni\/"},"wordCount":1003,"commentCount":0,"articleSection":["Comunicati stampa"],"inLanguage":"it-IT","potentialAction":[{"@type":"CommentAction","name":"Comment","target":["https:\/\/www.article-marketing.eu\/comunicatistampa\/la-voce-della-one-al-tavolo-delle-istituzioni\/#respond"]}]},{"@type":"WebPage","@id":"https:\/\/www.article-marketing.eu\/comunicatistampa\/la-voce-della-one-al-tavolo-delle-istituzioni\/","url":"https:\/\/www.article-marketing.eu\/comunicatistampa\/la-voce-della-one-al-tavolo-delle-istituzioni\/","name":"La voce della One al tavolo delle Istituzioni - Article Marketing","isPartOf":{"@id":"https:\/\/www.article-marketing.eu\/comunicatistampa\/#website"},"datePublished":"2022-11-05T09:18:18+00:00","author":{"@id":"https:\/\/www.article-marketing.eu\/comunicatistampa\/#\/schema\/person\/1c4ab1c7aad84347e26e78235da6ff1b"},"breadcrumb":{"@id":"https:\/\/www.article-marketing.eu\/comunicatistampa\/la-voce-della-one-al-tavolo-delle-istituzioni\/#breadcrumb"},"inLanguage":"it-IT","potentialAction":[{"@type":"ReadAction","target":["https:\/\/www.article-marketing.eu\/comunicatistampa\/la-voce-della-one-al-tavolo-delle-istituzioni\/"]}]},{"@type":"BreadcrumbList","@id":"https:\/\/www.article-marketing.eu\/comunicatistampa\/la-voce-della-one-al-tavolo-delle-istituzioni\/#breadcrumb","itemListElement":[{"@type":"ListItem","position":1,"name":"Home","item":"https:\/\/www.article-marketing.eu\/comunicatistampa\/"},{"@type":"ListItem","position":2,"name":"La voce della One al tavolo delle Istituzioni"}]},{"@type":"WebSite","@id":"https:\/\/www.article-marketing.eu\/comunicatistampa\/#website","url":"https:\/\/www.article-marketing.eu\/comunicatistampa\/","name":"Article Marketing","description":"article marketing &amp; press release","potentialAction":[{"@type":"SearchAction","target":{"@type":"EntryPoint","urlTemplate":"https:\/\/www.article-marketing.eu\/comunicatistampa\/?s={search_term_string}"},"query-input":{"@type":"PropertyValueSpecification","valueRequired":true,"valueName":"search_term_string"}}],"inLanguage":"it-IT"},{"@type":"Person","@id":"https:\/\/www.article-marketing.eu\/comunicatistampa\/#\/schema\/person\/1c4ab1c7aad84347e26e78235da6ff1b","name":"Borderline Agency","image":{"@type":"ImageObject","inLanguage":"it-IT","@id":"https:\/\/secure.gravatar.com\/avatar\/741fa053101610cb0be7dc835c116926549ae4ae2142ff35eac04d78fda61461?s=96&d=mm&r=g","url":"https:\/\/secure.gravatar.com\/avatar\/741fa053101610cb0be7dc835c116926549ae4ae2142ff35eac04d78fda61461?s=96&d=mm&r=g","contentUrl":"https:\/\/secure.gravatar.com\/avatar\/741fa053101610cb0be7dc835c116926549ae4ae2142ff35eac04d78fda61461?s=96&d=mm&r=g","caption":"Borderline Agency"},"url":"https:\/\/www.article-marketing.eu\/comunicatistampa\/author\/borderline-agency\/"}]}},"_links":{"self":[{"href":"https:\/\/www.article-marketing.eu\/comunicatistampa\/wp-json\/wp\/v2\/posts\/25236","targetHints":{"allow":["GET"]}}],"collection":[{"href":"https:\/\/www.article-marketing.eu\/comunicatistampa\/wp-json\/wp\/v2\/posts"}],"about":[{"href":"https:\/\/www.article-marketing.eu\/comunicatistampa\/wp-json\/wp\/v2\/types\/post"}],"author":[{"embeddable":true,"href":"https:\/\/www.article-marketing.eu\/comunicatistampa\/wp-json\/wp\/v2\/users\/397"}],"replies":[{"embeddable":true,"href":"https:\/\/www.article-marketing.eu\/comunicatistampa\/wp-json\/wp\/v2\/comments?post=25236"}],"version-history":[{"count":2,"href":"https:\/\/www.article-marketing.eu\/comunicatistampa\/wp-json\/wp\/v2\/posts\/25236\/revisions"}],"predecessor-version":[{"id":25328,"href":"https:\/\/www.article-marketing.eu\/comunicatistampa\/wp-json\/wp\/v2\/posts\/25236\/revisions\/25328"}],"wp:attachment":[{"href":"https:\/\/www.article-marketing.eu\/comunicatistampa\/wp-json\/wp\/v2\/media?parent=25236"}],"wp:term":[{"taxonomy":"category","embeddable":true,"href":"https:\/\/www.article-marketing.eu\/comunicatistampa\/wp-json\/wp\/v2\/categories?post=25236"},{"taxonomy":"post_tag","embeddable":true,"href":"https:\/\/www.article-marketing.eu\/comunicatistampa\/wp-json\/wp\/v2\/tags?post=25236"}],"curies":[{"name":"wp","href":"https:\/\/api.w.org\/{rel}","templated":true}]}}