{"id":25247,"date":"2022-10-29T12:17:47","date_gmt":"2022-10-29T10:17:47","guid":{"rendered":"https:\/\/www.article-marketing.eu\/comunicatistampa\/?p=25247"},"modified":"2022-10-29T12:17:47","modified_gmt":"2022-10-29T10:17:47","slug":"venezia-larte-di-rosa-mundi-per-ciak-roncato-affianca-il-progetto-moda-dautore","status":"publish","type":"post","link":"https:\/\/www.article-marketing.eu\/comunicatistampa\/venezia-larte-di-rosa-mundi-per-ciak-roncato-affianca-il-progetto-moda-dautore\/","title":{"rendered":"Venezia: l&#8217;arte di Rosa Mundi per Ciak Roncato affianca il progetto &#8220;Moda d&#8217;Autore&#8221;"},"content":{"rendered":"<p><em>Venezia, Ottobre 2022 \u2013<\/em> Il 29 ottobre fa il suo debutto in Laguna il <strong>progetto \u00abModa d\u2019autore\u00bb<\/strong> ideato da <strong>Marco Sanna,<\/strong> Art Director Visual Consulting.it, <strong>in collaborazione con la Fondazione Don\u00e0 dalle Rose <\/strong>in una parte del complesso monumentale di<strong> Palazzo Don\u00e0 dalle Rose alle Fondamenta Nove<\/strong>. Tale iniziativa, che prevede la presentazione in anteprima assoluta di <strong>4 prototipi di caftani haute couture<\/strong>, si inserisce nel programma annuale del \u201cThe Doge Venice Carpet\u201c che mira all\u2019ulteriore sviluppo e alla sempre maggiore valorizzazione del <strong>rapporto fra Arte, Moda, Cinema e Architettura. <\/strong><\/p>\n<p>L\u2019idea \u00e8 nata dalla costante collaborazione tra Marco Sanna e la visual artist Rosa Mundi che durante le campagne moda italiane, collezioni 2020\/2021, ha esposto le proprie opere in diverse occasioni tra Milano e Firenze (Pitti Moda) ricreando scenari onirici per set fotografici e sfilate.<\/p>\n<p>Il progetto \u201cModa d\u2019Autore\u201d vede come protagoniste, modelle per un giorno, due donne affermate nella vita e nell\u2019alta societ\u00e0 italiana: da un lato la Fashion Manager ed Events PR Specialist <strong>Cristina Egger<\/strong>, dall\u2019altro la contessa <strong>Chiara Modica Don\u00e0 dalle Rose<\/strong> che indosseranno quattro caftani realizzati come se fossero vere e proprie tele di un quadro. I capi, infatti, riprodurranno alcune opere d\u2019arte inedite di due giovani artisti italiani, promesse del futuro, <strong>Paola Mazzoni e Pitmarels<\/strong>, estremamente diversi nella loro ricerca artistica ma con due forti personalit\u00e0 accomunate dalla costante ricerca d\u2019immagine e dalla raffinata creazione di illusioni ottiche.<\/p>\n<p>Tutti gli scatti dei caftani sono stati realizzati nella location meneghina \u00abRoberta e basta\u00bb nel cuore pulsante di Brera.<\/p>\n<p>A celebrare il connubio di arte e moda ci saranno anche l\u2019<strong>effervescente dj set di Miss Enjoy e un\u2019inedita sfilata di collari per levrieri by Vuscich\u00e9,<\/strong> Sustainable Circular Couture brand made in Abruzzo, che sostiene la Moda Sostenibile.<\/p>\n<p><strong>FONDAZIONE DONA\u2019 DALLE ROSE E CIAK RONCATO<\/strong><\/p>\n<p>Dal 27 aprile 2022 l\u2019artista <strong>Rosa Mundi<\/strong> \u00e8 inoltre presente all\u2019interno del Padiglione della Repubblica di San Marino, per la Biennale Arte 2022 di Venezia con la poderosa installazione <strong>\u201cEuroposaurus\u201d <\/strong>appositamente realizzata per il prestigioso brand <strong>CIAK Roncato<\/strong>. Si tratta della grande sagoma dello scheletro di un dinosauro realmente esistito e derivante dall\u2019affiancamento di tre valigie scolpite nel marmo e altre quattordici dipinte su vetro e plastica riciclata dall\u2019artista, tutte firmate Ciak Roncato.<\/p>\n<p>Ognuna delle diciassette valigie rappresenta un momento iconico dell\u2019esperienza umana partendo dall\u2019Homo Sapiens, passando poi per le successive tappe di Homo Faber, Homo Gutenberg, Homo Bellicum, Homo Petrolium, Homo Ubiquity, Homo Imago sino all\u2019 Homo Digitale per terminare con un <strong>trolley di due metri \u201cHomo sine Homo\u201d,<\/strong> le cui sembianze ricordano quelle di un robot a forma di coniglio in posizione eretta (<a href=\"http:\/\/www.rosamundivisualart.com\">www.rosamundivisualart.com<\/a>).<\/p>\n<p>L\u2019opera &#8211; in cui si intrecciano mondo del leisure, del viaggio e dell\u2019arte &#8211; ripercorre i passaggi cruciali ed evolutivi della vita dell\u2019uomo, attraversando fondamentalmente diciassette Ere, per raccontare cos\u00ec il tema del Postumano Metamorfico. Grazie a questa incredibile creazione l\u2019artista Rosa Mundi ha dato voce ai valori di Ciak Roncato, azienda veneta da oltre 65 anni nel settore valigie e borse da viaggio, che mette da sempre a disposizione il proprio know-how a sostegno della cultura.<\/p>\n<p><strong>MOSTRA \u201cFACELESS\u201d. BANKSY E ROSA MUNDI<\/strong><\/p>\n<p>Mostra antologica che vede protagonisti, insieme, due noti artisti a livello mondiale quali Banksy e Rosa Mundi &#8211; determinati nel non offrire al pubblico i tratti del loro volto e della loro vera identit\u00e0, entrambi attivi nel mondo dell\u2019arte da oltre un trentennio. Il format della mostra ideato dalla Fondazione Don\u00e0 dalle Rose, con pi\u00f9 di <strong>100 opere, 56 opere autentiche di Banksy e altrettante di Rosa Mundi,<\/strong> racconta il percorso di entrambi questi artisti, dal loro esordio sino ai giorni nostri. A Venezia, la mostra \u201cFaceless\u201d \u00e8 installata al piano nobile di Palazzo Don\u00e0 dalle Rose, principalmente tra i ritratti della Galleria degli Avi della nobile famiglia patrizia veneziana con l\u2019esposizione di 13 opere autentiche di Banksy ed altrettante opere di Rosa Mundi.<\/p>\n<p>Si tratta di una complessa esposizione che dal 27 ottobre 2022 al 22 dicembre 2022 sar\u00e0 aperta al pubblico su prenotazione non solo a Venezia, nello storico Palazzo Don\u00e0 dalle Rose, ma anche a Villa Barbarigo Martinengo Don\u00e0 dalle Rose a Valsanzibio, maestosa villa tra i Colli Euganei nei pressi di Padova.<\/p>\n","protected":false},"excerpt":{"rendered":"<p>Venezia, Ottobre 2022 \u2013 Il 29 ottobre fa il suo debutto in Laguna il progetto \u00abModa d\u2019autore\u00bb ideato da Marco Sanna, Art Director Visual Consulting.it, in collaborazione con la Fondazione Don\u00e0 dalle Rose in una parte del complesso monumentale di Palazzo Don\u00e0 dalle Rose alle Fondamenta Nove. Tale iniziativa, che prevede la presentazione in anteprima assoluta di 4 prototipi di caftani haute couture, si inserisce nel programma annuale del \u201cThe<\/p>\n<p><a class=\"continue-reading\" href=\"https:\/\/www.article-marketing.eu\/comunicatistampa\/venezia-larte-di-rosa-mundi-per-ciak-roncato-affianca-il-progetto-moda-dautore\/\">Continue reading&#8230;<\/a><\/p>\n","protected":false},"author":722,"featured_media":0,"comment_status":"open","ping_status":"open","sticky":false,"template":"","format":"gallery","meta":{"_monsterinsights_skip_tracking":false,"_monsterinsights_sitenote_active":false,"_monsterinsights_sitenote_note":"","_monsterinsights_sitenote_category":0,"footnotes":""},"categories":[407],"tags":[10207,10209,10208,6459],"class_list":["post-25247","post","type-post","status-publish","format-gallery","hentry","category-arte-e-cultura","tag-ciak-roncato","tag-fondazione-dona-dalle-rose","tag-palazzo-dona-dalle-rose","tag-rosa-mundi","post_format-post-format-gallery"],"yoast_head":"<!-- This site is optimized with the Yoast SEO plugin v27.3 - https:\/\/yoast.com\/product\/yoast-seo-wordpress\/ -->\n<title>Venezia: l&#039;arte di Rosa Mundi per Ciak Roncato affianca il progetto &quot;Moda d&#039;Autore&quot;<\/title>\n<meta name=\"robots\" content=\"index, follow, max-snippet:-1, max-image-preview:large, max-video-preview:-1\" \/>\n<link rel=\"canonical\" href=\"https:\/\/www.article-marketing.eu\/comunicatistampa\/venezia-larte-di-rosa-mundi-per-ciak-roncato-affianca-il-progetto-moda-dautore\/\" \/>\n<meta property=\"og:locale\" content=\"it_IT\" \/>\n<meta property=\"og:type\" content=\"article\" \/>\n<meta property=\"og:title\" content=\"Venezia: l&#039;arte di Rosa Mundi per Ciak Roncato affianca il progetto &quot;Moda d&#039;Autore&quot;\" \/>\n<meta property=\"og:description\" content=\"Venezia, Ottobre 2022 \u2013 Il 29 ottobre fa il suo debutto in Laguna il progetto \u00abModa d\u2019autore\u00bb ideato da Marco Sanna, Art Director Visual Consulting.it, in collaborazione con la Fondazione Don\u00e0 dalle Rose in una parte del complesso monumentale di Palazzo Don\u00e0 dalle Rose alle Fondamenta Nove. Tale iniziativa, che prevede la presentazione in anteprima assoluta di 4 prototipi di caftani haute couture, si inserisce nel programma annuale del \u201cTheContinue reading...\" \/>\n<meta property=\"og:url\" content=\"https:\/\/www.article-marketing.eu\/comunicatistampa\/venezia-larte-di-rosa-mundi-per-ciak-roncato-affianca-il-progetto-moda-dautore\/\" \/>\n<meta property=\"og:site_name\" content=\"Article Marketing\" \/>\n<meta property=\"article:published_time\" content=\"2022-10-29T10:17:47+00:00\" \/>\n<meta name=\"author\" content=\"Giordana Sapienza\" \/>\n<meta name=\"twitter:card\" content=\"summary_large_image\" \/>\n<meta name=\"twitter:label1\" content=\"Scritto da\" \/>\n\t<meta name=\"twitter:data1\" content=\"Giordana Sapienza\" \/>\n\t<meta name=\"twitter:label2\" content=\"Tempo di lettura stimato\" \/>\n\t<meta name=\"twitter:data2\" content=\"4 minuti\" \/>\n<script type=\"application\/ld+json\" class=\"yoast-schema-graph\">{\"@context\":\"https:\\\/\\\/schema.org\",\"@graph\":[{\"@type\":\"Article\",\"@id\":\"https:\\\/\\\/www.article-marketing.eu\\\/comunicatistampa\\\/venezia-larte-di-rosa-mundi-per-ciak-roncato-affianca-il-progetto-moda-dautore\\\/#article\",\"isPartOf\":{\"@id\":\"https:\\\/\\\/www.article-marketing.eu\\\/comunicatistampa\\\/venezia-larte-di-rosa-mundi-per-ciak-roncato-affianca-il-progetto-moda-dautore\\\/\"},\"author\":{\"name\":\"Giordana Sapienza\",\"@id\":\"https:\\\/\\\/www.article-marketing.eu\\\/comunicatistampa\\\/#\\\/schema\\\/person\\\/18be8627e543f6cac2547e3fb068fee6\"},\"headline\":\"Venezia: l&#8217;arte di Rosa Mundi per Ciak Roncato affianca il progetto &#8220;Moda d&#8217;Autore&#8221;\",\"datePublished\":\"2022-10-29T10:17:47+00:00\",\"mainEntityOfPage\":{\"@id\":\"https:\\\/\\\/www.article-marketing.eu\\\/comunicatistampa\\\/venezia-larte-di-rosa-mundi-per-ciak-roncato-affianca-il-progetto-moda-dautore\\\/\"},\"wordCount\":711,\"commentCount\":0,\"keywords\":[\"ciak roncato\",\"fondazione don\u00e0 dalle rose\",\"palazzo don\u00e0 dalle rose\",\"Rosa Mundi\"],\"articleSection\":[\"Arte e cultura\"],\"inLanguage\":\"it-IT\",\"potentialAction\":[{\"@type\":\"CommentAction\",\"name\":\"Comment\",\"target\":[\"https:\\\/\\\/www.article-marketing.eu\\\/comunicatistampa\\\/venezia-larte-di-rosa-mundi-per-ciak-roncato-affianca-il-progetto-moda-dautore\\\/#respond\"]}]},{\"@type\":\"WebPage\",\"@id\":\"https:\\\/\\\/www.article-marketing.eu\\\/comunicatistampa\\\/venezia-larte-di-rosa-mundi-per-ciak-roncato-affianca-il-progetto-moda-dautore\\\/\",\"url\":\"https:\\\/\\\/www.article-marketing.eu\\\/comunicatistampa\\\/venezia-larte-di-rosa-mundi-per-ciak-roncato-affianca-il-progetto-moda-dautore\\\/\",\"name\":\"Venezia: l'arte di Rosa Mundi per Ciak Roncato affianca il progetto \\\"Moda d'Autore\\\"\",\"isPartOf\":{\"@id\":\"https:\\\/\\\/www.article-marketing.eu\\\/comunicatistampa\\\/#website\"},\"datePublished\":\"2022-10-29T10:17:47+00:00\",\"author\":{\"@id\":\"https:\\\/\\\/www.article-marketing.eu\\\/comunicatistampa\\\/#\\\/schema\\\/person\\\/18be8627e543f6cac2547e3fb068fee6\"},\"breadcrumb\":{\"@id\":\"https:\\\/\\\/www.article-marketing.eu\\\/comunicatistampa\\\/venezia-larte-di-rosa-mundi-per-ciak-roncato-affianca-il-progetto-moda-dautore\\\/#breadcrumb\"},\"inLanguage\":\"it-IT\",\"potentialAction\":[{\"@type\":\"ReadAction\",\"target\":[\"https:\\\/\\\/www.article-marketing.eu\\\/comunicatistampa\\\/venezia-larte-di-rosa-mundi-per-ciak-roncato-affianca-il-progetto-moda-dautore\\\/\"]}]},{\"@type\":\"BreadcrumbList\",\"@id\":\"https:\\\/\\\/www.article-marketing.eu\\\/comunicatistampa\\\/venezia-larte-di-rosa-mundi-per-ciak-roncato-affianca-il-progetto-moda-dautore\\\/#breadcrumb\",\"itemListElement\":[{\"@type\":\"ListItem\",\"position\":1,\"name\":\"Home\",\"item\":\"https:\\\/\\\/www.article-marketing.eu\\\/comunicatistampa\\\/\"},{\"@type\":\"ListItem\",\"position\":2,\"name\":\"Venezia: l&#8217;arte di Rosa Mundi per Ciak Roncato affianca il progetto &#8220;Moda d&#8217;Autore&#8221;\"}]},{\"@type\":\"WebSite\",\"@id\":\"https:\\\/\\\/www.article-marketing.eu\\\/comunicatistampa\\\/#website\",\"url\":\"https:\\\/\\\/www.article-marketing.eu\\\/comunicatistampa\\\/\",\"name\":\"Article Marketing\",\"description\":\"article marketing &amp; press release\",\"potentialAction\":[{\"@type\":\"SearchAction\",\"target\":{\"@type\":\"EntryPoint\",\"urlTemplate\":\"https:\\\/\\\/www.article-marketing.eu\\\/comunicatistampa\\\/?s={search_term_string}\"},\"query-input\":{\"@type\":\"PropertyValueSpecification\",\"valueRequired\":true,\"valueName\":\"search_term_string\"}}],\"inLanguage\":\"it-IT\"},{\"@type\":\"Person\",\"@id\":\"https:\\\/\\\/www.article-marketing.eu\\\/comunicatistampa\\\/#\\\/schema\\\/person\\\/18be8627e543f6cac2547e3fb068fee6\",\"name\":\"Giordana Sapienza\",\"image\":{\"@type\":\"ImageObject\",\"inLanguage\":\"it-IT\",\"@id\":\"https:\\\/\\\/secure.gravatar.com\\\/avatar\\\/52ba9e6e2103d1ab61f40501a7ea1b8a92f1bacad544489c798db65418481df0?s=96&d=mm&r=g\",\"url\":\"https:\\\/\\\/secure.gravatar.com\\\/avatar\\\/52ba9e6e2103d1ab61f40501a7ea1b8a92f1bacad544489c798db65418481df0?s=96&d=mm&r=g\",\"contentUrl\":\"https:\\\/\\\/secure.gravatar.com\\\/avatar\\\/52ba9e6e2103d1ab61f40501a7ea1b8a92f1bacad544489c798db65418481df0?s=96&d=mm&r=g\",\"caption\":\"Giordana Sapienza\"},\"url\":\"https:\\\/\\\/www.article-marketing.eu\\\/comunicatistampa\\\/author\\\/giordana-sapienza\\\/\"}]}<\/script>\n<!-- \/ Yoast SEO plugin. -->","yoast_head_json":{"title":"Venezia: l'arte di Rosa Mundi per Ciak Roncato affianca il progetto \"Moda d'Autore\"","robots":{"index":"index","follow":"follow","max-snippet":"max-snippet:-1","max-image-preview":"max-image-preview:large","max-video-preview":"max-video-preview:-1"},"canonical":"https:\/\/www.article-marketing.eu\/comunicatistampa\/venezia-larte-di-rosa-mundi-per-ciak-roncato-affianca-il-progetto-moda-dautore\/","og_locale":"it_IT","og_type":"article","og_title":"Venezia: l'arte di Rosa Mundi per Ciak Roncato affianca il progetto \"Moda d'Autore\"","og_description":"Venezia, Ottobre 2022 \u2013 Il 29 ottobre fa il suo debutto in Laguna il progetto \u00abModa d\u2019autore\u00bb ideato da Marco Sanna, Art Director Visual Consulting.it, in collaborazione con la Fondazione Don\u00e0 dalle Rose in una parte del complesso monumentale di Palazzo Don\u00e0 dalle Rose alle Fondamenta Nove. Tale iniziativa, che prevede la presentazione in anteprima assoluta di 4 prototipi di caftani haute couture, si inserisce nel programma annuale del \u201cTheContinue reading...","og_url":"https:\/\/www.article-marketing.eu\/comunicatistampa\/venezia-larte-di-rosa-mundi-per-ciak-roncato-affianca-il-progetto-moda-dautore\/","og_site_name":"Article Marketing","article_published_time":"2022-10-29T10:17:47+00:00","author":"Giordana Sapienza","twitter_card":"summary_large_image","twitter_misc":{"Scritto da":"Giordana Sapienza","Tempo di lettura stimato":"4 minuti"},"schema":{"@context":"https:\/\/schema.org","@graph":[{"@type":"Article","@id":"https:\/\/www.article-marketing.eu\/comunicatistampa\/venezia-larte-di-rosa-mundi-per-ciak-roncato-affianca-il-progetto-moda-dautore\/#article","isPartOf":{"@id":"https:\/\/www.article-marketing.eu\/comunicatistampa\/venezia-larte-di-rosa-mundi-per-ciak-roncato-affianca-il-progetto-moda-dautore\/"},"author":{"name":"Giordana Sapienza","@id":"https:\/\/www.article-marketing.eu\/comunicatistampa\/#\/schema\/person\/18be8627e543f6cac2547e3fb068fee6"},"headline":"Venezia: l&#8217;arte di Rosa Mundi per Ciak Roncato affianca il progetto &#8220;Moda d&#8217;Autore&#8221;","datePublished":"2022-10-29T10:17:47+00:00","mainEntityOfPage":{"@id":"https:\/\/www.article-marketing.eu\/comunicatistampa\/venezia-larte-di-rosa-mundi-per-ciak-roncato-affianca-il-progetto-moda-dautore\/"},"wordCount":711,"commentCount":0,"keywords":["ciak roncato","fondazione don\u00e0 dalle rose","palazzo don\u00e0 dalle rose","Rosa Mundi"],"articleSection":["Arte e cultura"],"inLanguage":"it-IT","potentialAction":[{"@type":"CommentAction","name":"Comment","target":["https:\/\/www.article-marketing.eu\/comunicatistampa\/venezia-larte-di-rosa-mundi-per-ciak-roncato-affianca-il-progetto-moda-dautore\/#respond"]}]},{"@type":"WebPage","@id":"https:\/\/www.article-marketing.eu\/comunicatistampa\/venezia-larte-di-rosa-mundi-per-ciak-roncato-affianca-il-progetto-moda-dautore\/","url":"https:\/\/www.article-marketing.eu\/comunicatistampa\/venezia-larte-di-rosa-mundi-per-ciak-roncato-affianca-il-progetto-moda-dautore\/","name":"Venezia: l'arte di Rosa Mundi per Ciak Roncato affianca il progetto \"Moda d'Autore\"","isPartOf":{"@id":"https:\/\/www.article-marketing.eu\/comunicatistampa\/#website"},"datePublished":"2022-10-29T10:17:47+00:00","author":{"@id":"https:\/\/www.article-marketing.eu\/comunicatistampa\/#\/schema\/person\/18be8627e543f6cac2547e3fb068fee6"},"breadcrumb":{"@id":"https:\/\/www.article-marketing.eu\/comunicatistampa\/venezia-larte-di-rosa-mundi-per-ciak-roncato-affianca-il-progetto-moda-dautore\/#breadcrumb"},"inLanguage":"it-IT","potentialAction":[{"@type":"ReadAction","target":["https:\/\/www.article-marketing.eu\/comunicatistampa\/venezia-larte-di-rosa-mundi-per-ciak-roncato-affianca-il-progetto-moda-dautore\/"]}]},{"@type":"BreadcrumbList","@id":"https:\/\/www.article-marketing.eu\/comunicatistampa\/venezia-larte-di-rosa-mundi-per-ciak-roncato-affianca-il-progetto-moda-dautore\/#breadcrumb","itemListElement":[{"@type":"ListItem","position":1,"name":"Home","item":"https:\/\/www.article-marketing.eu\/comunicatistampa\/"},{"@type":"ListItem","position":2,"name":"Venezia: l&#8217;arte di Rosa Mundi per Ciak Roncato affianca il progetto &#8220;Moda d&#8217;Autore&#8221;"}]},{"@type":"WebSite","@id":"https:\/\/www.article-marketing.eu\/comunicatistampa\/#website","url":"https:\/\/www.article-marketing.eu\/comunicatistampa\/","name":"Article Marketing","description":"article marketing &amp; press release","potentialAction":[{"@type":"SearchAction","target":{"@type":"EntryPoint","urlTemplate":"https:\/\/www.article-marketing.eu\/comunicatistampa\/?s={search_term_string}"},"query-input":{"@type":"PropertyValueSpecification","valueRequired":true,"valueName":"search_term_string"}}],"inLanguage":"it-IT"},{"@type":"Person","@id":"https:\/\/www.article-marketing.eu\/comunicatistampa\/#\/schema\/person\/18be8627e543f6cac2547e3fb068fee6","name":"Giordana Sapienza","image":{"@type":"ImageObject","inLanguage":"it-IT","@id":"https:\/\/secure.gravatar.com\/avatar\/52ba9e6e2103d1ab61f40501a7ea1b8a92f1bacad544489c798db65418481df0?s=96&d=mm&r=g","url":"https:\/\/secure.gravatar.com\/avatar\/52ba9e6e2103d1ab61f40501a7ea1b8a92f1bacad544489c798db65418481df0?s=96&d=mm&r=g","contentUrl":"https:\/\/secure.gravatar.com\/avatar\/52ba9e6e2103d1ab61f40501a7ea1b8a92f1bacad544489c798db65418481df0?s=96&d=mm&r=g","caption":"Giordana Sapienza"},"url":"https:\/\/www.article-marketing.eu\/comunicatistampa\/author\/giordana-sapienza\/"}]}},"_links":{"self":[{"href":"https:\/\/www.article-marketing.eu\/comunicatistampa\/wp-json\/wp\/v2\/posts\/25247","targetHints":{"allow":["GET"]}}],"collection":[{"href":"https:\/\/www.article-marketing.eu\/comunicatistampa\/wp-json\/wp\/v2\/posts"}],"about":[{"href":"https:\/\/www.article-marketing.eu\/comunicatistampa\/wp-json\/wp\/v2\/types\/post"}],"author":[{"embeddable":true,"href":"https:\/\/www.article-marketing.eu\/comunicatistampa\/wp-json\/wp\/v2\/users\/722"}],"replies":[{"embeddable":true,"href":"https:\/\/www.article-marketing.eu\/comunicatistampa\/wp-json\/wp\/v2\/comments?post=25247"}],"version-history":[{"count":3,"href":"https:\/\/www.article-marketing.eu\/comunicatistampa\/wp-json\/wp\/v2\/posts\/25247\/revisions"}],"predecessor-version":[{"id":25282,"href":"https:\/\/www.article-marketing.eu\/comunicatistampa\/wp-json\/wp\/v2\/posts\/25247\/revisions\/25282"}],"wp:attachment":[{"href":"https:\/\/www.article-marketing.eu\/comunicatistampa\/wp-json\/wp\/v2\/media?parent=25247"}],"wp:term":[{"taxonomy":"category","embeddable":true,"href":"https:\/\/www.article-marketing.eu\/comunicatistampa\/wp-json\/wp\/v2\/categories?post=25247"},{"taxonomy":"post_tag","embeddable":true,"href":"https:\/\/www.article-marketing.eu\/comunicatistampa\/wp-json\/wp\/v2\/tags?post=25247"}],"curies":[{"name":"wp","href":"https:\/\/api.w.org\/{rel}","templated":true}]}}