{"id":25370,"date":"2022-11-19T08:49:30","date_gmt":"2022-11-19T07:49:30","guid":{"rendered":"https:\/\/www.article-marketing.eu\/comunicatistampa\/?p=25370"},"modified":"2022-11-15T16:35:15","modified_gmt":"2022-11-15T15:35:15","slug":"i-am-e-confedilizia-promuovono-la-gestione-tecnologica-degli-immobili","status":"publish","type":"post","link":"https:\/\/www.article-marketing.eu\/comunicatistampa\/i-am-e-confedilizia-promuovono-la-gestione-tecnologica-degli-immobili\/","title":{"rendered":"I-am e Confedilizia promuovono la gestione tecnologica degli immobili"},"content":{"rendered":"<p>Un accordo di <strong>collaborazione esclusiva<\/strong> \u00e8 stato siglato tra<strong> I-am<\/strong>, societ\u00e0 di <strong>Altea Federation<\/strong> specializzata in monitoraggio delle infrastrutture e sicurezza impianti, <strong>e Confedilizia<\/strong>, associazione che riunisce i proprietari immobiliari in Italia; l\u2019obiettivo \u00e8 <strong>realizzare strumenti digitali e tecnici per la valorizzazione degli immobili<\/strong>.<\/p>\n<p>Il progetto si basa su tre punti cardine, per offrire una migliore gestione del patrimonio immobiliare italiano:<\/p>\n<p>&nbsp;<\/p>\n<ul>\n<li>Gestione predittiva e preventiva dei rischi;<\/li>\n<li>Gestione dei cicli manutentivi;<\/li>\n<li>Gestione della sostenibilit\u00e0 degli interventi.<\/li>\n<\/ul>\n<p>&nbsp;<\/p>\n<p>&nbsp;<\/p>\n<p>\u201cConfedilizia ha sempre avuto nella sua strategia di servizio associativo la volont\u00e0 di sviluppare la cultura della qualit\u00e0 nel campo immobiliare, con l\u2019obiettivo di favorire lo sviluppo e l\u2019applicazione di strumenti, anche a elevato contenuto tecnologico, volti alla valorizzazione del patrimonio immobiliare\u201d,<br \/>\ncommenta <strong>Domenico Andreis,<\/strong> <strong>CEO e General Manager di I-am<\/strong>.<\/p>\n<p>\u201cIn perfetta coerenza con questa logica di crescita e collaborazione, I-am ha sviluppato innovativi strumenti digitali e tecnici di gestione avanzata della propriet\u00e0 e di\u00a0asset immobiliari complessi\u201d.<\/p>\n<p>&nbsp;<\/p>\n<p>&nbsp;<\/p>\n<p>Il progetto \u00e8 stato illustrato nel corso di un incontro che ha visto riuniti a Roma esperti di Confedilizia e di I-am, entrambe impegnate a preservare e valorizzare il patrimonio immobiliare. La collaborazione tra Confedilizia e I-am, in primo luogo, sar\u00e0 volta a informare i proprietari immobiliari sulle potenzialit\u00e0 dei servizi per gli edifici, in relazione ai processi di digitalizzazione, monitoraggio, manutenzione e gestione predittiva dei rischi, conformit\u00e0 ed efficientamento del ciclo di gestione degli investimenti, sostenibilit\u00e0 e salvaguardia della vita umana.<\/p>\n<p>&nbsp;<\/p>\n<p>&nbsp;<\/p>\n<p><strong>\u201c<\/strong>I-am, leader nel potenziamento di tecnologie di monitoraggio e di soluzioni gestionali per la manutenzione e la sicurezza degli impianti, \u00e8 il partner ideale per Confedilizia<strong>\u201d, <\/strong><\/p>\n<p>rileva <strong>Giorgio Spaziani Testa, Presidente di Confedilizia. <\/strong><\/p>\n<p>\u201cL\u2019innovazione e la tecnologia sono elementi imprescindibili per lo sviluppo dei servizi negli edifici.<br \/>\nSe adeguatamente governati, potranno fungere da moltiplicatori di conoscenza e da volano per la crescita dei valori immobiliari e del comparto\u201d.<\/p>\n<p>&nbsp;<\/p>\n<p>&nbsp;<\/p>\n<p>&nbsp;<\/p>\n<p>Confedilizia e I-am si sono inoltre impegnate a definire proposte normative sulle tematiche di reciproco interesse da sottoporre all\u2019attenzione dell\u2019Esecutivo e del Parlamento.<\/p>\n<p>&nbsp;<\/p>\n<p>&nbsp;<\/p>\n<p>&nbsp;<\/p>\n<p><strong>\u00a0<\/strong><\/p>\n<p><strong>\u00a0<\/strong><\/p>\n<p><strong>About I-am<\/strong><\/p>\n<p><em>\u00a0<\/em><\/p>\n<p><em>Si occupa di grandi infrastrutture e impianti; \u00e8 focalizzata alle migliori tecniche e tecnologie di monitoraggio strutturale per la sorveglianza degli Asset e propone soluzioni gestionali per la manutenzione in sicurezza degli impianti. Si basa su prodotti best-in-class e tecnologie all\u2019avanguardia per rilevare e analizzare in modo predittivo lo stato di usura delle strutture.<\/em><\/p>\n<p><em>\u00a0<\/em><\/p>\n<table>\n<tbody>\n<tr>\n<td width=\"321\"><em>\u00a0<\/em><\/td>\n<td width=\"321\"><strong>&gt;<\/strong> <a href=\"https:\/\/i-a-m.eu\/\"><strong>i-a-m.eu<\/strong><\/a><\/td>\n<\/tr>\n<\/tbody>\n<\/table>\n<p><strong>About Confedilizia<\/strong><\/p>\n<p>&nbsp;<\/p>\n<p><em>Confedilizia \u00e8 l\u2019organizzazione storica della propriet\u00e0 immobiliare che raggruppa le Associazioni territoriali dei proprietari di casa. Tutela il risparmio e l\u2019investimento in materia edilizia rappresentando gli associati <\/em><a href=\"https:\/\/www.confedilizia.it\/chi-siamo\/relazioni-istituzionali\/\"><em>a tutti i livelli istituzionali<\/em><\/a><em> e partecipando attivamente al dibattito, nazionale e locale, da cui scaturisce il processo legislativo. Confedilizia rappresenta l\u2019Italia in seno all\u2019Union Internationale de la Propri\u00e9t\u00e9 Immobili\u00e9re, organizzazione accreditata all\u2019Ocse, al Parlamento Europeo e al Comitato abitazioni dell\u2019Onu. Presente sul territorio italiano con oltre 200 sedi, assiste i propri associati offrendo consulenze professionali di carattere legale, fiscale, urbanistico e tecnico. <\/em><\/p>\n<table>\n<tbody>\n<tr>\n<td width=\"321\"><em>\u00a0<\/em><\/td>\n<td width=\"321\"><strong>&gt;<\/strong> <a href=\"https:\/\/i-a-m.eu\/\"><strong>confedilizia.it<\/strong><\/a><\/td>\n<\/tr>\n<\/tbody>\n<\/table>\n<p><strong>\u00a0<\/strong><\/p>\n<p><strong>About ALTEA FEDERATION <\/strong><\/p>\n<p><em>\u00a0<\/em><\/p>\n<p><em>Da 30 anni Altea Federation collabora con i leader mondiali dell\u2019innovazione tecnologica attraverso un modello di business olonico-virtuale che raccoglie sotto un unico marchio la professionalit\u00e0 e l\u2019alta specializzazione di 20 Aziende: mondi diversi ma complementari che si fortificano a vicenda, mantenendo una forte identit\u00e0 di Gruppo e un approccio inconfondibile alle sfide dettate dai nuovi paradigmi in ambito Consulting, Technology, Digital e Operations. Tra le prime <\/em><em>30 aziende di Software e Servizi IT in Italia (fonte #TOP100 IDC Italia 2021), con circa 1.600 persone focalizzate sui bisogni del cliente, una presenza capillare sul territorio italiano ed estero, Altea Federation \u00e8 Partner di prestigiosi brand del tessuto imprenditoriale nazionale e internazionale. <\/em><\/p>\n<p><strong>&gt;<\/strong> <strong>alteafederation.it<\/strong><\/p>\n<p><strong>\u00a0<\/strong><\/p>\n<p><strong><em>Connect with us<\/em><\/strong><\/p>\n<p><strong>\u00a0<\/strong><\/p>\n<p><strong>Valentina Bonetto<\/strong>\u00a0vbonetto@alteanet.it<\/p>\n<p><em>Branding &amp; Communication Master Advisor<\/em><\/p>\n<p>&nbsp;<\/p>\n<p><strong>Elena Meazza<\/strong>\u00a0emeazza@alteanet.it<\/p>\n<p><em>Senior PR Account<\/em><\/p>\n","protected":false},"excerpt":{"rendered":"<p>Un accordo di collaborazione esclusiva \u00e8 stato siglato tra I-am, societ\u00e0 di Altea Federation specializzata in monitoraggio delle infrastrutture e sicurezza impianti, e Confedilizia, associazione che riunisce i proprietari immobiliari in Italia; l\u2019obiettivo \u00e8 realizzare strumenti digitali e tecnici per la valorizzazione degli immobili. Il progetto si basa su tre punti cardine, per offrire una migliore gestione del patrimonio immobiliare italiano: &nbsp; Gestione predittiva e preventiva dei rischi; Gestione dei<\/p>\n<p><a class=\"continue-reading\" href=\"https:\/\/www.article-marketing.eu\/comunicatistampa\/i-am-e-confedilizia-promuovono-la-gestione-tecnologica-degli-immobili\/\">Continue reading&#8230;<\/a><\/p>\n","protected":false},"author":1699,"featured_media":0,"comment_status":"open","ping_status":"open","sticky":false,"template":"","format":"standard","meta":{"_monsterinsights_skip_tracking":false,"_monsterinsights_sitenote_active":false,"_monsterinsights_sitenote_note":"","_monsterinsights_sitenote_category":0,"footnotes":""},"categories":[78,394],"tags":[6358,10243,9411,10245,10244,9219,4639,10246,8870],"class_list":["post-25370","post","type-post","status-publish","format-standard","hentry","category-comunicati-stampa","category-servizi","tag-altea-federation","tag-confedilizia","tag-domenico-andreis","tag-gestione-del-rischio","tag-giorgio-spaziani-testa","tag-i-am","tag-immobili","tag-proprietari","tag-strumenti-digitali"],"yoast_head":"<!-- This site is optimized with the Yoast SEO plugin v27.3 - https:\/\/yoast.com\/product\/yoast-seo-wordpress\/ -->\n<title>I-am e Confedilizia promuovono la gestione tecnologica degli immobili<\/title>\n<meta name=\"description\" content=\"Un accordo di collaborazione esclusiva \u00e8 stato siglato tra I-am, societ\u00e0 di Altea Federation, e Confedilizia, associazione che riunisce i proprietari immobiliari in Italia, per realizzare strumenti digitali e tecnici per la valorizzazione degli immobili.\" \/>\n<meta name=\"robots\" content=\"index, follow, max-snippet:-1, max-image-preview:large, max-video-preview:-1\" \/>\n<link rel=\"canonical\" href=\"https:\/\/www.article-marketing.eu\/comunicatistampa\/i-am-e-confedilizia-promuovono-la-gestione-tecnologica-degli-immobili\/\" \/>\n<meta property=\"og:locale\" content=\"it_IT\" \/>\n<meta property=\"og:type\" content=\"article\" \/>\n<meta property=\"og:title\" content=\"I-am e Confedilizia promuovono la gestione tecnologica degli immobili\" \/>\n<meta property=\"og:description\" content=\"Un accordo di collaborazione esclusiva \u00e8 stato siglato tra I-am, societ\u00e0 di Altea Federation, e Confedilizia, associazione che riunisce i proprietari immobiliari in Italia, per realizzare strumenti digitali e tecnici per la valorizzazione degli immobili.\" \/>\n<meta property=\"og:url\" content=\"https:\/\/www.article-marketing.eu\/comunicatistampa\/i-am-e-confedilizia-promuovono-la-gestione-tecnologica-degli-immobili\/\" \/>\n<meta property=\"og:site_name\" content=\"Article Marketing\" \/>\n<meta property=\"article:published_time\" content=\"2022-11-19T07:49:30+00:00\" \/>\n<meta name=\"author\" content=\"Altea Federation\" \/>\n<meta name=\"twitter:card\" content=\"summary_large_image\" \/>\n<meta name=\"twitter:label1\" content=\"Scritto da\" \/>\n\t<meta name=\"twitter:data1\" content=\"Altea Federation\" \/>\n\t<meta name=\"twitter:label2\" content=\"Tempo di lettura stimato\" \/>\n\t<meta name=\"twitter:data2\" content=\"4 minuti\" \/>\n<script type=\"application\/ld+json\" class=\"yoast-schema-graph\">{\"@context\":\"https:\\\/\\\/schema.org\",\"@graph\":[{\"@type\":\"Article\",\"@id\":\"https:\\\/\\\/www.article-marketing.eu\\\/comunicatistampa\\\/i-am-e-confedilizia-promuovono-la-gestione-tecnologica-degli-immobili\\\/#article\",\"isPartOf\":{\"@id\":\"https:\\\/\\\/www.article-marketing.eu\\\/comunicatistampa\\\/i-am-e-confedilizia-promuovono-la-gestione-tecnologica-degli-immobili\\\/\"},\"author\":{\"name\":\"Altea Federation\",\"@id\":\"https:\\\/\\\/www.article-marketing.eu\\\/comunicatistampa\\\/#\\\/schema\\\/person\\\/d62cbab963ff85c4ad3b7e5fde15e4b4\"},\"headline\":\"I-am e Confedilizia promuovono la gestione tecnologica degli immobili\",\"datePublished\":\"2022-11-19T07:49:30+00:00\",\"mainEntityOfPage\":{\"@id\":\"https:\\\/\\\/www.article-marketing.eu\\\/comunicatistampa\\\/i-am-e-confedilizia-promuovono-la-gestione-tecnologica-degli-immobili\\\/\"},\"wordCount\":648,\"commentCount\":0,\"keywords\":[\"altea federation\",\"Confedilizia\",\"Domenico Andreis\",\"gestione del rischio\",\"Giorgio Spaziani Testa\",\"I-am\",\"immobili\",\"proprietari\",\"strumenti digitali\"],\"articleSection\":[\"Comunicati stampa\",\"Servizi\"],\"inLanguage\":\"it-IT\",\"potentialAction\":[{\"@type\":\"CommentAction\",\"name\":\"Comment\",\"target\":[\"https:\\\/\\\/www.article-marketing.eu\\\/comunicatistampa\\\/i-am-e-confedilizia-promuovono-la-gestione-tecnologica-degli-immobili\\\/#respond\"]}]},{\"@type\":\"WebPage\",\"@id\":\"https:\\\/\\\/www.article-marketing.eu\\\/comunicatistampa\\\/i-am-e-confedilizia-promuovono-la-gestione-tecnologica-degli-immobili\\\/\",\"url\":\"https:\\\/\\\/www.article-marketing.eu\\\/comunicatistampa\\\/i-am-e-confedilizia-promuovono-la-gestione-tecnologica-degli-immobili\\\/\",\"name\":\"I-am e Confedilizia promuovono la gestione tecnologica degli immobili\",\"isPartOf\":{\"@id\":\"https:\\\/\\\/www.article-marketing.eu\\\/comunicatistampa\\\/#website\"},\"datePublished\":\"2022-11-19T07:49:30+00:00\",\"author\":{\"@id\":\"https:\\\/\\\/www.article-marketing.eu\\\/comunicatistampa\\\/#\\\/schema\\\/person\\\/d62cbab963ff85c4ad3b7e5fde15e4b4\"},\"description\":\"Un accordo di collaborazione esclusiva \u00e8 stato siglato tra I-am, societ\u00e0 di Altea Federation, e Confedilizia, associazione che riunisce i proprietari immobiliari in Italia, per realizzare strumenti digitali e tecnici per la valorizzazione degli immobili.\",\"breadcrumb\":{\"@id\":\"https:\\\/\\\/www.article-marketing.eu\\\/comunicatistampa\\\/i-am-e-confedilizia-promuovono-la-gestione-tecnologica-degli-immobili\\\/#breadcrumb\"},\"inLanguage\":\"it-IT\",\"potentialAction\":[{\"@type\":\"ReadAction\",\"target\":[\"https:\\\/\\\/www.article-marketing.eu\\\/comunicatistampa\\\/i-am-e-confedilizia-promuovono-la-gestione-tecnologica-degli-immobili\\\/\"]}]},{\"@type\":\"BreadcrumbList\",\"@id\":\"https:\\\/\\\/www.article-marketing.eu\\\/comunicatistampa\\\/i-am-e-confedilizia-promuovono-la-gestione-tecnologica-degli-immobili\\\/#breadcrumb\",\"itemListElement\":[{\"@type\":\"ListItem\",\"position\":1,\"name\":\"Home\",\"item\":\"https:\\\/\\\/www.article-marketing.eu\\\/comunicatistampa\\\/\"},{\"@type\":\"ListItem\",\"position\":2,\"name\":\"I-am e Confedilizia promuovono la gestione tecnologica degli immobili\"}]},{\"@type\":\"WebSite\",\"@id\":\"https:\\\/\\\/www.article-marketing.eu\\\/comunicatistampa\\\/#website\",\"url\":\"https:\\\/\\\/www.article-marketing.eu\\\/comunicatistampa\\\/\",\"name\":\"Article Marketing\",\"description\":\"article marketing &amp; press release\",\"potentialAction\":[{\"@type\":\"SearchAction\",\"target\":{\"@type\":\"EntryPoint\",\"urlTemplate\":\"https:\\\/\\\/www.article-marketing.eu\\\/comunicatistampa\\\/?s={search_term_string}\"},\"query-input\":{\"@type\":\"PropertyValueSpecification\",\"valueRequired\":true,\"valueName\":\"search_term_string\"}}],\"inLanguage\":\"it-IT\"},{\"@type\":\"Person\",\"@id\":\"https:\\\/\\\/www.article-marketing.eu\\\/comunicatistampa\\\/#\\\/schema\\\/person\\\/d62cbab963ff85c4ad3b7e5fde15e4b4\",\"name\":\"Altea Federation\",\"image\":{\"@type\":\"ImageObject\",\"inLanguage\":\"it-IT\",\"@id\":\"https:\\\/\\\/secure.gravatar.com\\\/avatar\\\/c3d5ad750870c49673b54c68a9fd0a5eaeb9f4de408f07b4899c47d49453cd85?s=96&d=mm&r=g\",\"url\":\"https:\\\/\\\/secure.gravatar.com\\\/avatar\\\/c3d5ad750870c49673b54c68a9fd0a5eaeb9f4de408f07b4899c47d49453cd85?s=96&d=mm&r=g\",\"contentUrl\":\"https:\\\/\\\/secure.gravatar.com\\\/avatar\\\/c3d5ad750870c49673b54c68a9fd0a5eaeb9f4de408f07b4899c47d49453cd85?s=96&d=mm&r=g\",\"caption\":\"Altea Federation\"},\"url\":\"https:\\\/\\\/www.article-marketing.eu\\\/comunicatistampa\\\/author\\\/altea-federation\\\/\"}]}<\/script>\n<!-- \/ Yoast SEO plugin. -->","yoast_head_json":{"title":"I-am e Confedilizia promuovono la gestione tecnologica degli immobili","description":"Un accordo di collaborazione esclusiva \u00e8 stato siglato tra I-am, societ\u00e0 di Altea Federation, e Confedilizia, associazione che riunisce i proprietari immobiliari in Italia, per realizzare strumenti digitali e tecnici per la valorizzazione degli immobili.","robots":{"index":"index","follow":"follow","max-snippet":"max-snippet:-1","max-image-preview":"max-image-preview:large","max-video-preview":"max-video-preview:-1"},"canonical":"https:\/\/www.article-marketing.eu\/comunicatistampa\/i-am-e-confedilizia-promuovono-la-gestione-tecnologica-degli-immobili\/","og_locale":"it_IT","og_type":"article","og_title":"I-am e Confedilizia promuovono la gestione tecnologica degli immobili","og_description":"Un accordo di collaborazione esclusiva \u00e8 stato siglato tra I-am, societ\u00e0 di Altea Federation, e Confedilizia, associazione che riunisce i proprietari immobiliari in Italia, per realizzare strumenti digitali e tecnici per la valorizzazione degli immobili.","og_url":"https:\/\/www.article-marketing.eu\/comunicatistampa\/i-am-e-confedilizia-promuovono-la-gestione-tecnologica-degli-immobili\/","og_site_name":"Article Marketing","article_published_time":"2022-11-19T07:49:30+00:00","author":"Altea Federation","twitter_card":"summary_large_image","twitter_misc":{"Scritto da":"Altea Federation","Tempo di lettura stimato":"4 minuti"},"schema":{"@context":"https:\/\/schema.org","@graph":[{"@type":"Article","@id":"https:\/\/www.article-marketing.eu\/comunicatistampa\/i-am-e-confedilizia-promuovono-la-gestione-tecnologica-degli-immobili\/#article","isPartOf":{"@id":"https:\/\/www.article-marketing.eu\/comunicatistampa\/i-am-e-confedilizia-promuovono-la-gestione-tecnologica-degli-immobili\/"},"author":{"name":"Altea Federation","@id":"https:\/\/www.article-marketing.eu\/comunicatistampa\/#\/schema\/person\/d62cbab963ff85c4ad3b7e5fde15e4b4"},"headline":"I-am e Confedilizia promuovono la gestione tecnologica degli immobili","datePublished":"2022-11-19T07:49:30+00:00","mainEntityOfPage":{"@id":"https:\/\/www.article-marketing.eu\/comunicatistampa\/i-am-e-confedilizia-promuovono-la-gestione-tecnologica-degli-immobili\/"},"wordCount":648,"commentCount":0,"keywords":["altea federation","Confedilizia","Domenico Andreis","gestione del rischio","Giorgio Spaziani Testa","I-am","immobili","proprietari","strumenti digitali"],"articleSection":["Comunicati stampa","Servizi"],"inLanguage":"it-IT","potentialAction":[{"@type":"CommentAction","name":"Comment","target":["https:\/\/www.article-marketing.eu\/comunicatistampa\/i-am-e-confedilizia-promuovono-la-gestione-tecnologica-degli-immobili\/#respond"]}]},{"@type":"WebPage","@id":"https:\/\/www.article-marketing.eu\/comunicatistampa\/i-am-e-confedilizia-promuovono-la-gestione-tecnologica-degli-immobili\/","url":"https:\/\/www.article-marketing.eu\/comunicatistampa\/i-am-e-confedilizia-promuovono-la-gestione-tecnologica-degli-immobili\/","name":"I-am e Confedilizia promuovono la gestione tecnologica degli immobili","isPartOf":{"@id":"https:\/\/www.article-marketing.eu\/comunicatistampa\/#website"},"datePublished":"2022-11-19T07:49:30+00:00","author":{"@id":"https:\/\/www.article-marketing.eu\/comunicatistampa\/#\/schema\/person\/d62cbab963ff85c4ad3b7e5fde15e4b4"},"description":"Un accordo di collaborazione esclusiva \u00e8 stato siglato tra I-am, societ\u00e0 di Altea Federation, e Confedilizia, associazione che riunisce i proprietari immobiliari in Italia, per realizzare strumenti digitali e tecnici per la valorizzazione degli immobili.","breadcrumb":{"@id":"https:\/\/www.article-marketing.eu\/comunicatistampa\/i-am-e-confedilizia-promuovono-la-gestione-tecnologica-degli-immobili\/#breadcrumb"},"inLanguage":"it-IT","potentialAction":[{"@type":"ReadAction","target":["https:\/\/www.article-marketing.eu\/comunicatistampa\/i-am-e-confedilizia-promuovono-la-gestione-tecnologica-degli-immobili\/"]}]},{"@type":"BreadcrumbList","@id":"https:\/\/www.article-marketing.eu\/comunicatistampa\/i-am-e-confedilizia-promuovono-la-gestione-tecnologica-degli-immobili\/#breadcrumb","itemListElement":[{"@type":"ListItem","position":1,"name":"Home","item":"https:\/\/www.article-marketing.eu\/comunicatistampa\/"},{"@type":"ListItem","position":2,"name":"I-am e Confedilizia promuovono la gestione tecnologica degli immobili"}]},{"@type":"WebSite","@id":"https:\/\/www.article-marketing.eu\/comunicatistampa\/#website","url":"https:\/\/www.article-marketing.eu\/comunicatistampa\/","name":"Article Marketing","description":"article marketing &amp; press release","potentialAction":[{"@type":"SearchAction","target":{"@type":"EntryPoint","urlTemplate":"https:\/\/www.article-marketing.eu\/comunicatistampa\/?s={search_term_string}"},"query-input":{"@type":"PropertyValueSpecification","valueRequired":true,"valueName":"search_term_string"}}],"inLanguage":"it-IT"},{"@type":"Person","@id":"https:\/\/www.article-marketing.eu\/comunicatistampa\/#\/schema\/person\/d62cbab963ff85c4ad3b7e5fde15e4b4","name":"Altea Federation","image":{"@type":"ImageObject","inLanguage":"it-IT","@id":"https:\/\/secure.gravatar.com\/avatar\/c3d5ad750870c49673b54c68a9fd0a5eaeb9f4de408f07b4899c47d49453cd85?s=96&d=mm&r=g","url":"https:\/\/secure.gravatar.com\/avatar\/c3d5ad750870c49673b54c68a9fd0a5eaeb9f4de408f07b4899c47d49453cd85?s=96&d=mm&r=g","contentUrl":"https:\/\/secure.gravatar.com\/avatar\/c3d5ad750870c49673b54c68a9fd0a5eaeb9f4de408f07b4899c47d49453cd85?s=96&d=mm&r=g","caption":"Altea Federation"},"url":"https:\/\/www.article-marketing.eu\/comunicatistampa\/author\/altea-federation\/"}]}},"_links":{"self":[{"href":"https:\/\/www.article-marketing.eu\/comunicatistampa\/wp-json\/wp\/v2\/posts\/25370","targetHints":{"allow":["GET"]}}],"collection":[{"href":"https:\/\/www.article-marketing.eu\/comunicatistampa\/wp-json\/wp\/v2\/posts"}],"about":[{"href":"https:\/\/www.article-marketing.eu\/comunicatistampa\/wp-json\/wp\/v2\/types\/post"}],"author":[{"embeddable":true,"href":"https:\/\/www.article-marketing.eu\/comunicatistampa\/wp-json\/wp\/v2\/users\/1699"}],"replies":[{"embeddable":true,"href":"https:\/\/www.article-marketing.eu\/comunicatistampa\/wp-json\/wp\/v2\/comments?post=25370"}],"version-history":[{"count":2,"href":"https:\/\/www.article-marketing.eu\/comunicatistampa\/wp-json\/wp\/v2\/posts\/25370\/revisions"}],"predecessor-version":[{"id":25504,"href":"https:\/\/www.article-marketing.eu\/comunicatistampa\/wp-json\/wp\/v2\/posts\/25370\/revisions\/25504"}],"wp:attachment":[{"href":"https:\/\/www.article-marketing.eu\/comunicatistampa\/wp-json\/wp\/v2\/media?parent=25370"}],"wp:term":[{"taxonomy":"category","embeddable":true,"href":"https:\/\/www.article-marketing.eu\/comunicatistampa\/wp-json\/wp\/v2\/categories?post=25370"},{"taxonomy":"post_tag","embeddable":true,"href":"https:\/\/www.article-marketing.eu\/comunicatistampa\/wp-json\/wp\/v2\/tags?post=25370"}],"curies":[{"name":"wp","href":"https:\/\/api.w.org\/{rel}","templated":true}]}}