{"id":25407,"date":"2022-11-17T09:12:30","date_gmt":"2022-11-17T08:12:30","guid":{"rendered":"https:\/\/www.article-marketing.eu\/comunicatistampa\/?p=25407"},"modified":"2022-11-15T16:22:32","modified_gmt":"2022-11-15T15:22:32","slug":"webinar-educazione-e-formazione-con-la-realta-virtuale-e-aumentata","status":"publish","type":"post","link":"https:\/\/www.article-marketing.eu\/comunicatistampa\/webinar-educazione-e-formazione-con-la-realta-virtuale-e-aumentata\/","title":{"rendered":"Webinar: educazione e formazione con la realt\u00e0 virtuale e aumentata"},"content":{"rendered":"<h1>Comunicato Stampa<\/h1>\n<p><strong>Webinar: educazione e formazione con la realt\u00e0 virtuale e aumentata<\/strong><\/p>\n<p><strong>\u00a0<\/strong><\/p>\n<p><strong><em>Il 30 novembre 2022 un webinar gratuito si sofferma sull\u2019educazione e formazione con la realt\u00e0 virtuale e aumentata in relazione al Premio \u201cFormazione Innovativa\u201d organizzato da Fondazione AiFOS e Universit\u00e0 degli Studi di Milano.<\/em><\/strong><\/p>\n<p>&nbsp;<\/p>\n<p>In una realt\u00e0 in continuo cambiamento, per l\u2019accelerazione dell\u2019evoluzione tecnologica e della diffusione della connettivit\u00e0, \u00e8 necessario ripensare e arricchire le <strong>modalit\u00e0 di formazione<\/strong> tenendo conto delle <strong>nuove sfide<\/strong> e delle <strong>nuove possibilit\u00e0<\/strong> offerte dalla tecnologia.<\/p>\n<p>&nbsp;<\/p>\n<p>\u00c8 necessaria una <strong>formazione innovativa<\/strong> in grado di utilizzare strumenti tecnologicamente avanzati e rendere l\u2019apprendimento pi\u00f9 coinvolgente, efficace e capace di favorire, in attivit\u00e0 formative connesse alla tutela della salute e sicurezza sul lavoro, comportamenti pi\u00f9 sicuri.<\/p>\n<p>&nbsp;<\/p>\n<p>Proprio con l\u2019obiettivo di pensare ad una formazione nuova l\u2019<strong>Universit\u00e0 degli Studi di Milano<\/strong>, a seguito di una proposta della <strong>Fondazione AiFOS<\/strong>, una realt\u00e0 attenta ai temi di promozione della sicurezza sul lavoro, dell\u2019istruzione, della formazione e della sostenibilit\u00e0, ha istituto <strong>quattro premi<\/strong> volti a promuovere lo sviluppo di attivit\u00e0 legate alla tematica della \u201cformazione innovativa\u201d:<\/p>\n<ol>\n<li><strong>L\u2019intelligenza artificiale (AI) per la progettazione della formazione<\/strong><\/li>\n<li><strong>Educazione e formazione con la realt\u00e0 virtuale ed aumentata<\/strong><\/li>\n<li><strong>Nuove metodologie per migliorare l\u2019efficacia dell\u2019apprendimento (non solo nel mondo digitale)<\/strong><\/li>\n<li><strong>Il punto sulla ricerca in materia di salute e sicurezza in Italia: Analisi Analitica (Data Analytics) degli elaborati della biblioteca tesi sicurezza AiFOS<\/strong><\/li>\n<\/ol>\n<p>&nbsp;<\/p>\n<p><strong>Il webinar gratuito su formazione, realt\u00e0 virtuale e realt\u00e0 aumentata <\/strong><\/p>\n<p>In relazione al secondo bando, ormai concluso con l\u2019aggiudicazione del Premio \u201c<strong>Formazione innovativa<\/strong>\u201d, si terr\u00e0 il <strong>30 novembre 2022<\/strong> un webinar gratuito dal titolo \u201c<strong>Educazione e formazione con la realt\u00e0 virtuale e aumentata<\/strong>\u201d.<\/p>\n<p>&nbsp;<\/p>\n<p>La presentazione del bando sottolinea come l\u2019introduzione della <strong>realt\u00e0 virtuale<\/strong> rende l\u2019apprendimento molto pi\u00f9 coinvolgente ed efficace, tale da impattare sui comportamenti dei singoli. In particolare, la multisensorialit\u00e0 della formazione in realt\u00e0 virtuale permette di coinvolgere vista, udito e movimento corporeo e fa in modo che l&#8217;esperienza vissuta dal discente rimanga impressa in modo incisivo, cos\u00ec da aumentare significativamente l\u2019efficacia dell&#8217;apprendimento.<\/p>\n<p>Il webinar presenter\u00e0 il lavoro svolto da <strong>Manuel Pezzera<\/strong> (assegnatario del premio di Studio \u201cFormazione Innovativa\u201d) e sar\u00e0 possibile, attraverso l\u2019intervento di un\u2019azienda attiva anche nella formazione in VR tramite simulatori e visori a 360 gradi, avere ulteriori informazioni applicative sul mondo della formazione con realt\u00e0 virtuale ed aumentata.<\/p>\n<p><strong>Comprendere la differenza tra realt\u00e0 virtuale e realt\u00e0 aumentata <\/strong><\/p>\n<p>Se la realt\u00e0 virtuale e la realt\u00e0 aumentata sono due modalit\u00e0 di interazione tra mondo reale e virtuale, spesso i due termini vengano erroneamente usati come sinonimi.<\/p>\n<p>&nbsp;<\/p>\n<p>La <strong>realt\u00e0 virtuale<\/strong> si pu\u00f2 intendere come un ambiente interamente simulato con cui \u00e8 possibile interagire usando appositi dispositivi che proiettano chi li indossa in uno scenario cos\u00ec realistico da sembrare vero. Nella realt\u00e0 virtuale il discente, pur rimanendo in un ambiente sicuro, pu\u00f2 esercitare le proprie competenze anche in ambienti e situazioni virtualmente a rischio ed emotivamente intense, come, ad esempio, le situazioni di emergenza.<\/p>\n<p>&nbsp;<\/p>\n<p>La <strong>realt\u00e0 aumentata<\/strong> \u00e8, invece, un sistema di grafica interattiva che permette di sovrapporre alla realt\u00e0 esistente contenuti e animazioni virtuali che arricchiscono o \u201caumentano\u201d l\u2019esperienza.<\/p>\n<p>Con la realt\u00e0 aumentata il mondo reale rimane al centro dell&#8217;esperienza, ma viene \u201caumentato\u201d dalla sovrapposizione di informazioni digitali, informazioni aggiuntive che, ad esempio, possono essere utili al discente per comprendere e scegliere le azioni e le procedure da eseguire nell\u2019attivit\u00e0 di apprendimento guidato.<\/p>\n<p>&nbsp;<\/p>\n<p><strong>Webinar: il programma e le informazioni per iscriversi<\/strong><\/p>\n<p>Proprio per parlare di formazione innovativa si terr\u00e0, dunque, mercoled\u00ec <strong>30 novembre 2022 <\/strong>\u2013 dalle ore 16.00 alle ore 17.00 \u2013 l\u2019incontro gratuito, in modalit\u00e0 webinar, \u201c<strong>Educazione e formazione con la realt\u00e0 virtuale e aumentata<\/strong>\u201d.<\/p>\n<p>&nbsp;<\/p>\n<p>Saluti istituzionali<\/p>\n<p><strong>Prof. Luca Solari<\/strong>, <em>Presidente Comitato Scientifico Fondazione AiFOS<\/em><\/p>\n<p>&nbsp;<\/p>\n<p>Interventi<\/p>\n<ul>\n<li><strong>Manuel Pezzera<\/strong>, <em>Mixed Reality Developer, PHD Informatica, Premio &#8220;Formazione Innovativa&#8221; Fondazione AiFOS-UniMi<\/em>: Presentazione della ricerca \u201cEducazione e formazione con la realt\u00e0 virtuale ed aumentata\u201d<\/li>\n<li><strong>Paolo Provenzi<\/strong>, <strong>Alessandra Natali<\/strong>, <strong>Manuela Baroni<\/strong> e <strong>Gualtiero Parimbelli<\/strong>, <em>La Cisa S.r.l.<\/em>: L\u2019esperienza di La Cisa nel mondo della formazione con la realt\u00e0 virtuale ed aumentata<\/li>\n<\/ul>\n<p>&nbsp;<\/p>\n<p>Moderatore<\/p>\n<p><strong>Paolo Carminati<\/strong>, <em>Presidente Fondazione AiFOS<\/em><\/p>\n<p>&nbsp;<\/p>\n<p>Saluti finali<\/p>\n<p><strong>Francesco Naviglio<\/strong>, <em>Consigliere Fondazione AiFOS<\/em><\/p>\n<p>&nbsp;<\/p>\n<p>Il link diretto per effettuare l\u2019iscrizione al webinar:<\/p>\n<p><a href=\"https:\/\/aifos.org\/home\/eventi\/intev\/convegni_aifos\/educazione_e_formazione_con_la_realta_virtuale_e_aumentata\">https:\/\/aifos.org\/home\/eventi\/intev\/convegni_aifos\/educazione_e_formazione_con_la_realta_virtuale_e_aumentata<\/a><\/p>\n<p>&nbsp;<\/p>\n<p>A tutti i partecipanti verr\u00e0 consegnato un <strong>attestato di presenza<\/strong> valido per il rilascio di n.1 <strong>credito<\/strong> per Formatori area tematica n.3 (relazioni\/comunicazione), RSPP\/ASPP, CSP\/CSE e RSPP-DDL.<\/p>\n<p>&nbsp;<\/p>\n<p>Per avere ulteriori <strong>informazioni<\/strong> si pu\u00f2 fare riferimento a <strong>Fondazione AiFOS<\/strong> c\/o CSMT, Universit\u00e0 degli Studi di Brescia, via Branze, 45 \u2013 25123 Brescia Tel. 030.6595037 Fax 030.6595040 <a href=\"mailto:info@fondazioneaifos.org\">info@fondazioneaifos.org<\/a><\/p>\n<p><em>10 novembre 2022<\/em><\/p>\n<p>&nbsp;<\/p>\n<p>&nbsp;<\/p>\n<p>Ufficio Stampa Fondazione AiFOS<\/p>\n<p><a href=\"mailto:ufficiostampa@fondazioneaifos.org%0d\">ufficiostampa@fondazioneaifos.org<\/a><\/p>\n<p>www.fondazioneaifos.org<\/p>\n<p><em>\u00a0<\/em><\/p>\n","protected":false},"excerpt":{"rendered":"<p>Comunicato Stampa Webinar: educazione e formazione con la realt\u00e0 virtuale e aumentata \u00a0 Il 30 novembre 2022 un webinar gratuito si sofferma sull\u2019educazione e formazione con la realt\u00e0 virtuale e aumentata in relazione al Premio \u201cFormazione Innovativa\u201d organizzato da Fondazione AiFOS e Universit\u00e0 degli Studi di Milano. &nbsp; In una realt\u00e0 in continuo cambiamento, per l\u2019accelerazione dell\u2019evoluzione tecnologica e della diffusione della connettivit\u00e0, \u00e8 necessario ripensare e arricchire le modalit\u00e0<\/p>\n<p><a class=\"continue-reading\" href=\"https:\/\/www.article-marketing.eu\/comunicatistampa\/webinar-educazione-e-formazione-con-la-realta-virtuale-e-aumentata\/\">Continue reading&#8230;<\/a><\/p>\n","protected":false},"author":881,"featured_media":0,"comment_status":"open","ping_status":"open","sticky":false,"template":"","format":"standard","meta":{"_monsterinsights_skip_tracking":false,"_monsterinsights_sitenote_active":false,"_monsterinsights_sitenote_note":"","_monsterinsights_sitenote_category":0,"footnotes":""},"categories":[78,379,392,378],"tags":[3301,3235,10266,10263,3609,7455,10265,10262,10264,687,10267,6342],"class_list":["post-25407","post","type-post","status-publish","format-standard","hentry","category-comunicati-stampa","category-corsi","category-eventi","category-istruzione","tag-aifos","tag-brescia","tag-data-analytics","tag-educazione-e-formazione-con-la-realta-virtuale-ed-aumentata","tag-fondazione-aifos","tag-formazione-innovativa","tag-il-punto-sulla-ricerca-in-materia-di-salute-e-sicurezza-in-italia-analisi-analitica-degli-elaborati-della-biblioteca-tesi-sicurezza-aifos","tag-lintelligenza-artificiale-ai-per-la-progettazione-della-formazione","tag-nuove-metodologie-per-migliorare-lefficacia-dellapprendimento","tag-realta-aumentata","tag-universita-degli-studi-di-milano","tag-webinar"],"yoast_head":"<!-- This site is optimized with the Yoast SEO plugin v27.3 - https:\/\/yoast.com\/product\/yoast-seo-wordpress\/ -->\n<title>Webinar: educazione e formazione con la realt\u00e0 virtuale e aumentata<\/title>\n<meta name=\"robots\" content=\"index, follow, max-snippet:-1, max-image-preview:large, max-video-preview:-1\" \/>\n<link rel=\"canonical\" href=\"https:\/\/www.article-marketing.eu\/comunicatistampa\/webinar-educazione-e-formazione-con-la-realta-virtuale-e-aumentata\/\" \/>\n<meta property=\"og:locale\" content=\"it_IT\" \/>\n<meta property=\"og:type\" content=\"article\" \/>\n<meta property=\"og:title\" content=\"Webinar: educazione e formazione con la realt\u00e0 virtuale e aumentata\" \/>\n<meta property=\"og:description\" content=\"Comunicato Stampa Webinar: educazione e formazione con la realt\u00e0 virtuale e aumentata \u00a0 Il 30 novembre 2022 un webinar gratuito si sofferma sull\u2019educazione e formazione con la realt\u00e0 virtuale e aumentata in relazione al Premio \u201cFormazione Innovativa\u201d organizzato da Fondazione AiFOS e Universit\u00e0 degli Studi di Milano. &nbsp; In una realt\u00e0 in continuo cambiamento, per l\u2019accelerazione dell\u2019evoluzione tecnologica e della diffusione della connettivit\u00e0, \u00e8 necessario ripensare e arricchire le modalit\u00e0Continue reading...\" \/>\n<meta property=\"og:url\" content=\"https:\/\/www.article-marketing.eu\/comunicatistampa\/webinar-educazione-e-formazione-con-la-realta-virtuale-e-aumentata\/\" \/>\n<meta property=\"og:site_name\" content=\"Article Marketing\" \/>\n<meta property=\"article:published_time\" content=\"2022-11-17T08:12:30+00:00\" \/>\n<meta name=\"author\" content=\"AIFUS\" \/>\n<meta name=\"twitter:card\" content=\"summary_large_image\" \/>\n<meta name=\"twitter:label1\" content=\"Scritto da\" \/>\n\t<meta name=\"twitter:data1\" content=\"AIFUS\" \/>\n\t<meta name=\"twitter:label2\" content=\"Tempo di lettura stimato\" \/>\n\t<meta name=\"twitter:data2\" content=\"4 minuti\" \/>\n<script type=\"application\/ld+json\" class=\"yoast-schema-graph\">{\"@context\":\"https:\\\/\\\/schema.org\",\"@graph\":[{\"@type\":\"Article\",\"@id\":\"https:\\\/\\\/www.article-marketing.eu\\\/comunicatistampa\\\/webinar-educazione-e-formazione-con-la-realta-virtuale-e-aumentata\\\/#article\",\"isPartOf\":{\"@id\":\"https:\\\/\\\/www.article-marketing.eu\\\/comunicatistampa\\\/webinar-educazione-e-formazione-con-la-realta-virtuale-e-aumentata\\\/\"},\"author\":{\"name\":\"AIFUS\",\"@id\":\"https:\\\/\\\/www.article-marketing.eu\\\/comunicatistampa\\\/#\\\/schema\\\/person\\\/d1985c4955ff71a05f49d68e3034b3cd\"},\"headline\":\"Webinar: educazione e formazione con la realt\u00e0 virtuale e aumentata\",\"datePublished\":\"2022-11-17T08:12:30+00:00\",\"mainEntityOfPage\":{\"@id\":\"https:\\\/\\\/www.article-marketing.eu\\\/comunicatistampa\\\/webinar-educazione-e-formazione-con-la-realta-virtuale-e-aumentata\\\/\"},\"wordCount\":796,\"commentCount\":0,\"keywords\":[\"Aifos\",\"Brescia\",\"Data Analytics\",\"Educazione e formazione con la realt\u00e0 virtuale ed aumentata\",\"Fondazione AiFOS\",\"Formazione Innovativa\",\"Il punto sulla ricerca in materia di salute e sicurezza in Italia: Analisi Analitica degli elaborati della biblioteca tesi sicurezza AiFOS\",\"L\u2019intelligenza artificiale (AI) per la progettazione della formazione\",\"Nuove metodologie per migliorare l\u2019efficacia dell\u2019apprendimento\",\"Realt\u00e0 Aumentata\",\"Universit\u00e0 degli Studi di Milano\",\"webinar\"],\"articleSection\":[\"Comunicati stampa\",\"Corsi\",\"Eventi\",\"Istruzione\"],\"inLanguage\":\"it-IT\",\"potentialAction\":[{\"@type\":\"CommentAction\",\"name\":\"Comment\",\"target\":[\"https:\\\/\\\/www.article-marketing.eu\\\/comunicatistampa\\\/webinar-educazione-e-formazione-con-la-realta-virtuale-e-aumentata\\\/#respond\"]}]},{\"@type\":\"WebPage\",\"@id\":\"https:\\\/\\\/www.article-marketing.eu\\\/comunicatistampa\\\/webinar-educazione-e-formazione-con-la-realta-virtuale-e-aumentata\\\/\",\"url\":\"https:\\\/\\\/www.article-marketing.eu\\\/comunicatistampa\\\/webinar-educazione-e-formazione-con-la-realta-virtuale-e-aumentata\\\/\",\"name\":\"Webinar: educazione e formazione con la realt\u00e0 virtuale e aumentata\",\"isPartOf\":{\"@id\":\"https:\\\/\\\/www.article-marketing.eu\\\/comunicatistampa\\\/#website\"},\"datePublished\":\"2022-11-17T08:12:30+00:00\",\"author\":{\"@id\":\"https:\\\/\\\/www.article-marketing.eu\\\/comunicatistampa\\\/#\\\/schema\\\/person\\\/d1985c4955ff71a05f49d68e3034b3cd\"},\"breadcrumb\":{\"@id\":\"https:\\\/\\\/www.article-marketing.eu\\\/comunicatistampa\\\/webinar-educazione-e-formazione-con-la-realta-virtuale-e-aumentata\\\/#breadcrumb\"},\"inLanguage\":\"it-IT\",\"potentialAction\":[{\"@type\":\"ReadAction\",\"target\":[\"https:\\\/\\\/www.article-marketing.eu\\\/comunicatistampa\\\/webinar-educazione-e-formazione-con-la-realta-virtuale-e-aumentata\\\/\"]}]},{\"@type\":\"BreadcrumbList\",\"@id\":\"https:\\\/\\\/www.article-marketing.eu\\\/comunicatistampa\\\/webinar-educazione-e-formazione-con-la-realta-virtuale-e-aumentata\\\/#breadcrumb\",\"itemListElement\":[{\"@type\":\"ListItem\",\"position\":1,\"name\":\"Home\",\"item\":\"https:\\\/\\\/www.article-marketing.eu\\\/comunicatistampa\\\/\"},{\"@type\":\"ListItem\",\"position\":2,\"name\":\"Webinar: educazione e formazione con la realt\u00e0 virtuale e aumentata\"}]},{\"@type\":\"WebSite\",\"@id\":\"https:\\\/\\\/www.article-marketing.eu\\\/comunicatistampa\\\/#website\",\"url\":\"https:\\\/\\\/www.article-marketing.eu\\\/comunicatistampa\\\/\",\"name\":\"Article Marketing\",\"description\":\"article marketing &amp; press release\",\"potentialAction\":[{\"@type\":\"SearchAction\",\"target\":{\"@type\":\"EntryPoint\",\"urlTemplate\":\"https:\\\/\\\/www.article-marketing.eu\\\/comunicatistampa\\\/?s={search_term_string}\"},\"query-input\":{\"@type\":\"PropertyValueSpecification\",\"valueRequired\":true,\"valueName\":\"search_term_string\"}}],\"inLanguage\":\"it-IT\"},{\"@type\":\"Person\",\"@id\":\"https:\\\/\\\/www.article-marketing.eu\\\/comunicatistampa\\\/#\\\/schema\\\/person\\\/d1985c4955ff71a05f49d68e3034b3cd\",\"name\":\"AIFUS\",\"image\":{\"@type\":\"ImageObject\",\"inLanguage\":\"it-IT\",\"@id\":\"https:\\\/\\\/secure.gravatar.com\\\/avatar\\\/05cf2a2ba057667571308b94c84f00ff48766ffac95710a87491a9b3ddcee484?s=96&d=mm&r=g\",\"url\":\"https:\\\/\\\/secure.gravatar.com\\\/avatar\\\/05cf2a2ba057667571308b94c84f00ff48766ffac95710a87491a9b3ddcee484?s=96&d=mm&r=g\",\"contentUrl\":\"https:\\\/\\\/secure.gravatar.com\\\/avatar\\\/05cf2a2ba057667571308b94c84f00ff48766ffac95710a87491a9b3ddcee484?s=96&d=mm&r=g\",\"caption\":\"AIFUS\"},\"url\":\"https:\\\/\\\/www.article-marketing.eu\\\/comunicatistampa\\\/author\\\/aifus\\\/\"}]}<\/script>\n<!-- \/ Yoast SEO plugin. -->","yoast_head_json":{"title":"Webinar: educazione e formazione con la realt\u00e0 virtuale e aumentata","robots":{"index":"index","follow":"follow","max-snippet":"max-snippet:-1","max-image-preview":"max-image-preview:large","max-video-preview":"max-video-preview:-1"},"canonical":"https:\/\/www.article-marketing.eu\/comunicatistampa\/webinar-educazione-e-formazione-con-la-realta-virtuale-e-aumentata\/","og_locale":"it_IT","og_type":"article","og_title":"Webinar: educazione e formazione con la realt\u00e0 virtuale e aumentata","og_description":"Comunicato Stampa Webinar: educazione e formazione con la realt\u00e0 virtuale e aumentata \u00a0 Il 30 novembre 2022 un webinar gratuito si sofferma sull\u2019educazione e formazione con la realt\u00e0 virtuale e aumentata in relazione al Premio \u201cFormazione Innovativa\u201d organizzato da Fondazione AiFOS e Universit\u00e0 degli Studi di Milano. &nbsp; In una realt\u00e0 in continuo cambiamento, per l\u2019accelerazione dell\u2019evoluzione tecnologica e della diffusione della connettivit\u00e0, \u00e8 necessario ripensare e arricchire le modalit\u00e0Continue reading...","og_url":"https:\/\/www.article-marketing.eu\/comunicatistampa\/webinar-educazione-e-formazione-con-la-realta-virtuale-e-aumentata\/","og_site_name":"Article Marketing","article_published_time":"2022-11-17T08:12:30+00:00","author":"AIFUS","twitter_card":"summary_large_image","twitter_misc":{"Scritto da":"AIFUS","Tempo di lettura stimato":"4 minuti"},"schema":{"@context":"https:\/\/schema.org","@graph":[{"@type":"Article","@id":"https:\/\/www.article-marketing.eu\/comunicatistampa\/webinar-educazione-e-formazione-con-la-realta-virtuale-e-aumentata\/#article","isPartOf":{"@id":"https:\/\/www.article-marketing.eu\/comunicatistampa\/webinar-educazione-e-formazione-con-la-realta-virtuale-e-aumentata\/"},"author":{"name":"AIFUS","@id":"https:\/\/www.article-marketing.eu\/comunicatistampa\/#\/schema\/person\/d1985c4955ff71a05f49d68e3034b3cd"},"headline":"Webinar: educazione e formazione con la realt\u00e0 virtuale e aumentata","datePublished":"2022-11-17T08:12:30+00:00","mainEntityOfPage":{"@id":"https:\/\/www.article-marketing.eu\/comunicatistampa\/webinar-educazione-e-formazione-con-la-realta-virtuale-e-aumentata\/"},"wordCount":796,"commentCount":0,"keywords":["Aifos","Brescia","Data Analytics","Educazione e formazione con la realt\u00e0 virtuale ed aumentata","Fondazione AiFOS","Formazione Innovativa","Il punto sulla ricerca in materia di salute e sicurezza in Italia: Analisi Analitica degli elaborati della biblioteca tesi sicurezza AiFOS","L\u2019intelligenza artificiale (AI) per la progettazione della formazione","Nuove metodologie per migliorare l\u2019efficacia dell\u2019apprendimento","Realt\u00e0 Aumentata","Universit\u00e0 degli Studi di Milano","webinar"],"articleSection":["Comunicati stampa","Corsi","Eventi","Istruzione"],"inLanguage":"it-IT","potentialAction":[{"@type":"CommentAction","name":"Comment","target":["https:\/\/www.article-marketing.eu\/comunicatistampa\/webinar-educazione-e-formazione-con-la-realta-virtuale-e-aumentata\/#respond"]}]},{"@type":"WebPage","@id":"https:\/\/www.article-marketing.eu\/comunicatistampa\/webinar-educazione-e-formazione-con-la-realta-virtuale-e-aumentata\/","url":"https:\/\/www.article-marketing.eu\/comunicatistampa\/webinar-educazione-e-formazione-con-la-realta-virtuale-e-aumentata\/","name":"Webinar: educazione e formazione con la realt\u00e0 virtuale e aumentata","isPartOf":{"@id":"https:\/\/www.article-marketing.eu\/comunicatistampa\/#website"},"datePublished":"2022-11-17T08:12:30+00:00","author":{"@id":"https:\/\/www.article-marketing.eu\/comunicatistampa\/#\/schema\/person\/d1985c4955ff71a05f49d68e3034b3cd"},"breadcrumb":{"@id":"https:\/\/www.article-marketing.eu\/comunicatistampa\/webinar-educazione-e-formazione-con-la-realta-virtuale-e-aumentata\/#breadcrumb"},"inLanguage":"it-IT","potentialAction":[{"@type":"ReadAction","target":["https:\/\/www.article-marketing.eu\/comunicatistampa\/webinar-educazione-e-formazione-con-la-realta-virtuale-e-aumentata\/"]}]},{"@type":"BreadcrumbList","@id":"https:\/\/www.article-marketing.eu\/comunicatistampa\/webinar-educazione-e-formazione-con-la-realta-virtuale-e-aumentata\/#breadcrumb","itemListElement":[{"@type":"ListItem","position":1,"name":"Home","item":"https:\/\/www.article-marketing.eu\/comunicatistampa\/"},{"@type":"ListItem","position":2,"name":"Webinar: educazione e formazione con la realt\u00e0 virtuale e aumentata"}]},{"@type":"WebSite","@id":"https:\/\/www.article-marketing.eu\/comunicatistampa\/#website","url":"https:\/\/www.article-marketing.eu\/comunicatistampa\/","name":"Article Marketing","description":"article marketing &amp; press release","potentialAction":[{"@type":"SearchAction","target":{"@type":"EntryPoint","urlTemplate":"https:\/\/www.article-marketing.eu\/comunicatistampa\/?s={search_term_string}"},"query-input":{"@type":"PropertyValueSpecification","valueRequired":true,"valueName":"search_term_string"}}],"inLanguage":"it-IT"},{"@type":"Person","@id":"https:\/\/www.article-marketing.eu\/comunicatistampa\/#\/schema\/person\/d1985c4955ff71a05f49d68e3034b3cd","name":"AIFUS","image":{"@type":"ImageObject","inLanguage":"it-IT","@id":"https:\/\/secure.gravatar.com\/avatar\/05cf2a2ba057667571308b94c84f00ff48766ffac95710a87491a9b3ddcee484?s=96&d=mm&r=g","url":"https:\/\/secure.gravatar.com\/avatar\/05cf2a2ba057667571308b94c84f00ff48766ffac95710a87491a9b3ddcee484?s=96&d=mm&r=g","contentUrl":"https:\/\/secure.gravatar.com\/avatar\/05cf2a2ba057667571308b94c84f00ff48766ffac95710a87491a9b3ddcee484?s=96&d=mm&r=g","caption":"AIFUS"},"url":"https:\/\/www.article-marketing.eu\/comunicatistampa\/author\/aifus\/"}]}},"_links":{"self":[{"href":"https:\/\/www.article-marketing.eu\/comunicatistampa\/wp-json\/wp\/v2\/posts\/25407","targetHints":{"allow":["GET"]}}],"collection":[{"href":"https:\/\/www.article-marketing.eu\/comunicatistampa\/wp-json\/wp\/v2\/posts"}],"about":[{"href":"https:\/\/www.article-marketing.eu\/comunicatistampa\/wp-json\/wp\/v2\/types\/post"}],"author":[{"embeddable":true,"href":"https:\/\/www.article-marketing.eu\/comunicatistampa\/wp-json\/wp\/v2\/users\/881"}],"replies":[{"embeddable":true,"href":"https:\/\/www.article-marketing.eu\/comunicatistampa\/wp-json\/wp\/v2\/comments?post=25407"}],"version-history":[{"count":2,"href":"https:\/\/www.article-marketing.eu\/comunicatistampa\/wp-json\/wp\/v2\/posts\/25407\/revisions"}],"predecessor-version":[{"id":25486,"href":"https:\/\/www.article-marketing.eu\/comunicatistampa\/wp-json\/wp\/v2\/posts\/25407\/revisions\/25486"}],"wp:attachment":[{"href":"https:\/\/www.article-marketing.eu\/comunicatistampa\/wp-json\/wp\/v2\/media?parent=25407"}],"wp:term":[{"taxonomy":"category","embeddable":true,"href":"https:\/\/www.article-marketing.eu\/comunicatistampa\/wp-json\/wp\/v2\/categories?post=25407"},{"taxonomy":"post_tag","embeddable":true,"href":"https:\/\/www.article-marketing.eu\/comunicatistampa\/wp-json\/wp\/v2\/tags?post=25407"}],"curies":[{"name":"wp","href":"https:\/\/api.w.org\/{rel}","templated":true}]}}