{"id":25412,"date":"2022-11-16T09:36:53","date_gmt":"2022-11-16T08:36:53","guid":{"rendered":"https:\/\/www.article-marketing.eu\/comunicatistampa\/?p=25412"},"modified":"2022-11-15T16:18:28","modified_gmt":"2022-11-15T15:18:28","slug":"luigi-ferraris-il-cda-del-gruppo-fs-ha-approvato-la-semestrale-al-30-giugno-2022","status":"publish","type":"post","link":"https:\/\/www.article-marketing.eu\/comunicatistampa\/luigi-ferraris-il-cda-del-gruppo-fs-ha-approvato-la-semestrale-al-30-giugno-2022\/","title":{"rendered":"Luigi Ferraris: il CdA del Gruppo FS ha approvato la semestrale al 30 giugno 2022"},"content":{"rendered":"<p><em><strong>Ricavi a +16% rispetto al primo semestre 2021, Ebitda a 909 milioni di euro (+142%): sono i numeri del primo semestre 2022 del Gruppo FS, che documentano la ripresa derivante dall\u2019aumento dei volumi dei passeggeri. L\u2019AD <a title=\"Luigi Ferraris, biografia professionale executive manager\" href=\"https:\/\/www.executivemanager.it\/Luigi-Ferraris\/\">Luigi Ferraris<\/a> ha commentato l\u2019andamento durante InnoTrans.<\/strong><\/em><\/p>\n<p><img loading=\"lazy\" decoding=\"async\" src=\"https:\/\/www.executivemanager.it\/images\/comprofiler\/517_6193f32ef067f.jpg\" alt=\"Luigi Ferraris, AD Gruppo FS\" width=\"200\" height=\"200\" \/><\/p>\n<h2>Luigi Ferraris: Gruppo FS, approvata la semestrale 2022<\/h2>\n<p>Il 28 settembre 2022, il Consiglio di Amministrazione del <strong>Gruppo FS<\/strong> ha approvato la Relazione finanziaria semestrale al 30 giugno 2022. I risultati sono in netto miglioramento per quanto riguarda tutti i margini rispetto al primo semestre 2021, con ricavi operativi a 6,1 miliardi di euro (+16%) e un EBITDA a 909 milioni di euro (+142%). \u00c8 il frutto della forte ripresa dei volumi di passeggeri trasportati, che \u00e8 riuscita a trainare in avanti il Gruppo guidato da <strong>Luigi Ferraris<\/strong>. Resta un clima di incertezza causato dal conflitto in Ucraina e dalle difficolt\u00e0 derivanti dal costo\/disponibilit\u00e0 di energia e delle materie prime. Questa delicata situazione geopolitica ha causato anche uno slittamento nel programma degli investimenti infrastrutturali che, come si legge sul sito ufficiale, \u201c<em>riflettono una diminuzione rispetto alle previsioni e ai consuntivi 2021, in buona parte recuperata a fine anno<\/em>\u201d. Il Gruppo, sotto la guida di <strong>Luigi Ferraris<\/strong>, ha raggiunto un risultato netto di periodo pari a +47 milioni di euro.<\/p>\n<h2>Luigi Ferraris a InnoTrans commenta i risultati del primo semestre<\/h2>\n<p>\u201c<em>C\u2019\u00e8 stato un aumento importante dell\u2019utilizzo del treno sia per l\u2019alta velocit\u00e0 che per il trasporto regionale. Il turismo \u00e8 ripartito e si sente in questo periodo. Questo ci consente di mantenere i prezzi fermi. \u00c8 ovvio che \u00e8 un problema che dovremo affrontare, c\u2019\u00e8 un problema di costo dell\u2019energia per il trasporto di merci e passeggeri<\/em>\u201d: cos\u00ec l\u2019AD <a title=\"Luigi Ferraris, executive manager\" href=\"https:\/\/www.executivemanager.it\/Luigi-Ferraris\/\"><strong>Luigi Ferraris<\/strong><\/a> ha commentato i risultati del <strong>Gruppo FS<\/strong> durante InnoTrans, la pi\u00f9 importante fiera dedicata all\u2019industria ferroviaria internazionale che si svolge a Berlino. \u201c<em>Dal punto di vista dei numeri, siamo soddisfatti<\/em>\u201d, ha commentato l\u2019AD. \u201c<em>L\u2019alta velocit\u00e0 \u00e8 tornata ai livelli del 2019. Quello che \u00e8 cambiato \u00e8 il mix traffico, che vede pi\u00f9 turismo e meno business<\/em>\u201d. <strong>Luigi Ferraris<\/strong> ha spiegato infatti che la parte business non \u00e8 tornata ai livelli del 2019, ma non c\u2019\u00e8 da stupirsi. \u201c<em>Il ricorso allo smart working \u00e8 entrato strutturalmente nelle aziende. Ora ci aspettiamo un finale d\u2019anno con meno turismo e dobbiamo capire bene come evolver\u00e0 la domanda business. Possiamo comunque confermare i target per il 2022<\/em>\u201d.<\/p>\n","protected":false},"excerpt":{"rendered":"<p>Ricavi a +16% rispetto al primo semestre 2021, Ebitda a 909 milioni di euro (+142%): sono i numeri del primo semestre 2022 del Gruppo FS, che documentano la ripresa derivante dall\u2019aumento dei volumi dei passeggeri. L\u2019AD Luigi Ferraris ha commentato l\u2019andamento durante InnoTrans. Luigi Ferraris: Gruppo FS, approvata la semestrale 2022 Il 28 settembre 2022, il Consiglio di Amministrazione del Gruppo FS ha approvato la Relazione finanziaria semestrale al 30<\/p>\n<p><a class=\"continue-reading\" href=\"https:\/\/www.article-marketing.eu\/comunicatistampa\/luigi-ferraris-il-cda-del-gruppo-fs-ha-approvato-la-semestrale-al-30-giugno-2022\/\">Continue reading&#8230;<\/a><\/p>\n","protected":false},"author":7095,"featured_media":0,"comment_status":"open","ping_status":"open","sticky":false,"template":"","format":"standard","meta":{"_monsterinsights_skip_tracking":false,"_monsterinsights_sitenote_active":false,"_monsterinsights_sitenote_note":"","_monsterinsights_sitenote_category":0,"footnotes":""},"categories":[386],"tags":[10013,9540],"class_list":["post-25412","post","type-post","status-publish","format-standard","hentry","category-economia-e-lavoro","tag-gruppo-fs","tag-luigi-ferraris"],"yoast_head":"<!-- This site is optimized with the Yoast SEO plugin v27.3 - https:\/\/yoast.com\/product\/yoast-seo-wordpress\/ -->\n<title>Luigi Ferraris: il CdA del Gruppo FS ha approvato la semestrale al 30 giugno 2022<\/title>\n<meta name=\"robots\" content=\"index, follow, max-snippet:-1, max-image-preview:large, max-video-preview:-1\" \/>\n<link rel=\"canonical\" href=\"https:\/\/www.article-marketing.eu\/comunicatistampa\/luigi-ferraris-il-cda-del-gruppo-fs-ha-approvato-la-semestrale-al-30-giugno-2022\/\" \/>\n<meta property=\"og:locale\" content=\"it_IT\" \/>\n<meta property=\"og:type\" content=\"article\" \/>\n<meta property=\"og:title\" content=\"Luigi Ferraris: il CdA del Gruppo FS ha approvato la semestrale al 30 giugno 2022\" \/>\n<meta property=\"og:description\" content=\"Ricavi a +16% rispetto al primo semestre 2021, Ebitda a 909 milioni di euro (+142%): sono i numeri del primo semestre 2022 del Gruppo FS, che documentano la ripresa derivante dall\u2019aumento dei volumi dei passeggeri. L\u2019AD Luigi Ferraris ha commentato l\u2019andamento durante InnoTrans. Luigi Ferraris: Gruppo FS, approvata la semestrale 2022 Il 28 settembre 2022, il Consiglio di Amministrazione del Gruppo FS ha approvato la Relazione finanziaria semestrale al 30Continue reading...\" \/>\n<meta property=\"og:url\" content=\"https:\/\/www.article-marketing.eu\/comunicatistampa\/luigi-ferraris-il-cda-del-gruppo-fs-ha-approvato-la-semestrale-al-30-giugno-2022\/\" \/>\n<meta property=\"og:site_name\" content=\"Article Marketing\" \/>\n<meta property=\"article:published_time\" content=\"2022-11-16T08:36:53+00:00\" \/>\n<meta property=\"og:image\" content=\"https:\/\/www.executivemanager.it\/images\/comprofiler\/517_6193f32ef067f.jpg\" \/>\n<meta name=\"author\" content=\"bgmediapress\" \/>\n<meta name=\"twitter:card\" content=\"summary_large_image\" \/>\n<meta name=\"twitter:label1\" content=\"Scritto da\" \/>\n\t<meta name=\"twitter:data1\" content=\"bgmediapress\" \/>\n\t<meta name=\"twitter:label2\" content=\"Tempo di lettura stimato\" \/>\n\t<meta name=\"twitter:data2\" content=\"3 minuti\" \/>\n<script type=\"application\/ld+json\" class=\"yoast-schema-graph\">{\"@context\":\"https:\\\/\\\/schema.org\",\"@graph\":[{\"@type\":\"Article\",\"@id\":\"https:\\\/\\\/www.article-marketing.eu\\\/comunicatistampa\\\/luigi-ferraris-il-cda-del-gruppo-fs-ha-approvato-la-semestrale-al-30-giugno-2022\\\/#article\",\"isPartOf\":{\"@id\":\"https:\\\/\\\/www.article-marketing.eu\\\/comunicatistampa\\\/luigi-ferraris-il-cda-del-gruppo-fs-ha-approvato-la-semestrale-al-30-giugno-2022\\\/\"},\"author\":{\"name\":\"bgmediapress\",\"@id\":\"https:\\\/\\\/www.article-marketing.eu\\\/comunicatistampa\\\/#\\\/schema\\\/person\\\/404eb964bc74cb8500542618d935464e\"},\"headline\":\"Luigi Ferraris: il CdA del Gruppo FS ha approvato la semestrale al 30 giugno 2022\",\"datePublished\":\"2022-11-16T08:36:53+00:00\",\"mainEntityOfPage\":{\"@id\":\"https:\\\/\\\/www.article-marketing.eu\\\/comunicatistampa\\\/luigi-ferraris-il-cda-del-gruppo-fs-ha-approvato-la-semestrale-al-30-giugno-2022\\\/\"},\"wordCount\":391,\"commentCount\":0,\"image\":{\"@id\":\"https:\\\/\\\/www.article-marketing.eu\\\/comunicatistampa\\\/luigi-ferraris-il-cda-del-gruppo-fs-ha-approvato-la-semestrale-al-30-giugno-2022\\\/#primaryimage\"},\"thumbnailUrl\":\"https:\\\/\\\/www.executivemanager.it\\\/images\\\/comprofiler\\\/517_6193f32ef067f.jpg\",\"keywords\":[\"Gruppo FS\",\"Luigi Ferraris\"],\"articleSection\":[\"Economia e lavoro\"],\"inLanguage\":\"it-IT\",\"potentialAction\":[{\"@type\":\"CommentAction\",\"name\":\"Comment\",\"target\":[\"https:\\\/\\\/www.article-marketing.eu\\\/comunicatistampa\\\/luigi-ferraris-il-cda-del-gruppo-fs-ha-approvato-la-semestrale-al-30-giugno-2022\\\/#respond\"]}]},{\"@type\":\"WebPage\",\"@id\":\"https:\\\/\\\/www.article-marketing.eu\\\/comunicatistampa\\\/luigi-ferraris-il-cda-del-gruppo-fs-ha-approvato-la-semestrale-al-30-giugno-2022\\\/\",\"url\":\"https:\\\/\\\/www.article-marketing.eu\\\/comunicatistampa\\\/luigi-ferraris-il-cda-del-gruppo-fs-ha-approvato-la-semestrale-al-30-giugno-2022\\\/\",\"name\":\"Luigi Ferraris: il CdA del Gruppo FS ha approvato la semestrale al 30 giugno 2022\",\"isPartOf\":{\"@id\":\"https:\\\/\\\/www.article-marketing.eu\\\/comunicatistampa\\\/#website\"},\"primaryImageOfPage\":{\"@id\":\"https:\\\/\\\/www.article-marketing.eu\\\/comunicatistampa\\\/luigi-ferraris-il-cda-del-gruppo-fs-ha-approvato-la-semestrale-al-30-giugno-2022\\\/#primaryimage\"},\"image\":{\"@id\":\"https:\\\/\\\/www.article-marketing.eu\\\/comunicatistampa\\\/luigi-ferraris-il-cda-del-gruppo-fs-ha-approvato-la-semestrale-al-30-giugno-2022\\\/#primaryimage\"},\"thumbnailUrl\":\"https:\\\/\\\/www.executivemanager.it\\\/images\\\/comprofiler\\\/517_6193f32ef067f.jpg\",\"datePublished\":\"2022-11-16T08:36:53+00:00\",\"author\":{\"@id\":\"https:\\\/\\\/www.article-marketing.eu\\\/comunicatistampa\\\/#\\\/schema\\\/person\\\/404eb964bc74cb8500542618d935464e\"},\"breadcrumb\":{\"@id\":\"https:\\\/\\\/www.article-marketing.eu\\\/comunicatistampa\\\/luigi-ferraris-il-cda-del-gruppo-fs-ha-approvato-la-semestrale-al-30-giugno-2022\\\/#breadcrumb\"},\"inLanguage\":\"it-IT\",\"potentialAction\":[{\"@type\":\"ReadAction\",\"target\":[\"https:\\\/\\\/www.article-marketing.eu\\\/comunicatistampa\\\/luigi-ferraris-il-cda-del-gruppo-fs-ha-approvato-la-semestrale-al-30-giugno-2022\\\/\"]}]},{\"@type\":\"ImageObject\",\"inLanguage\":\"it-IT\",\"@id\":\"https:\\\/\\\/www.article-marketing.eu\\\/comunicatistampa\\\/luigi-ferraris-il-cda-del-gruppo-fs-ha-approvato-la-semestrale-al-30-giugno-2022\\\/#primaryimage\",\"url\":\"https:\\\/\\\/www.executivemanager.it\\\/images\\\/comprofiler\\\/517_6193f32ef067f.jpg\",\"contentUrl\":\"https:\\\/\\\/www.executivemanager.it\\\/images\\\/comprofiler\\\/517_6193f32ef067f.jpg\"},{\"@type\":\"BreadcrumbList\",\"@id\":\"https:\\\/\\\/www.article-marketing.eu\\\/comunicatistampa\\\/luigi-ferraris-il-cda-del-gruppo-fs-ha-approvato-la-semestrale-al-30-giugno-2022\\\/#breadcrumb\",\"itemListElement\":[{\"@type\":\"ListItem\",\"position\":1,\"name\":\"Home\",\"item\":\"https:\\\/\\\/www.article-marketing.eu\\\/comunicatistampa\\\/\"},{\"@type\":\"ListItem\",\"position\":2,\"name\":\"Luigi Ferraris: il CdA del Gruppo FS ha approvato la semestrale al 30 giugno 2022\"}]},{\"@type\":\"WebSite\",\"@id\":\"https:\\\/\\\/www.article-marketing.eu\\\/comunicatistampa\\\/#website\",\"url\":\"https:\\\/\\\/www.article-marketing.eu\\\/comunicatistampa\\\/\",\"name\":\"Article Marketing\",\"description\":\"article marketing &amp; press release\",\"potentialAction\":[{\"@type\":\"SearchAction\",\"target\":{\"@type\":\"EntryPoint\",\"urlTemplate\":\"https:\\\/\\\/www.article-marketing.eu\\\/comunicatistampa\\\/?s={search_term_string}\"},\"query-input\":{\"@type\":\"PropertyValueSpecification\",\"valueRequired\":true,\"valueName\":\"search_term_string\"}}],\"inLanguage\":\"it-IT\"},{\"@type\":\"Person\",\"@id\":\"https:\\\/\\\/www.article-marketing.eu\\\/comunicatistampa\\\/#\\\/schema\\\/person\\\/404eb964bc74cb8500542618d935464e\",\"name\":\"bgmediapress\",\"image\":{\"@type\":\"ImageObject\",\"inLanguage\":\"it-IT\",\"@id\":\"https:\\\/\\\/secure.gravatar.com\\\/avatar\\\/42f75c9f82baff699c42fc56a1917154a05957e73178939d3fe6f017d6f3d0ee?s=96&d=mm&r=g\",\"url\":\"https:\\\/\\\/secure.gravatar.com\\\/avatar\\\/42f75c9f82baff699c42fc56a1917154a05957e73178939d3fe6f017d6f3d0ee?s=96&d=mm&r=g\",\"contentUrl\":\"https:\\\/\\\/secure.gravatar.com\\\/avatar\\\/42f75c9f82baff699c42fc56a1917154a05957e73178939d3fe6f017d6f3d0ee?s=96&d=mm&r=g\",\"caption\":\"bgmediapress\"},\"url\":\"https:\\\/\\\/www.article-marketing.eu\\\/comunicatistampa\\\/author\\\/bgmediapress\\\/\"}]}<\/script>\n<!-- \/ Yoast SEO plugin. -->","yoast_head_json":{"title":"Luigi Ferraris: il CdA del Gruppo FS ha approvato la semestrale al 30 giugno 2022","robots":{"index":"index","follow":"follow","max-snippet":"max-snippet:-1","max-image-preview":"max-image-preview:large","max-video-preview":"max-video-preview:-1"},"canonical":"https:\/\/www.article-marketing.eu\/comunicatistampa\/luigi-ferraris-il-cda-del-gruppo-fs-ha-approvato-la-semestrale-al-30-giugno-2022\/","og_locale":"it_IT","og_type":"article","og_title":"Luigi Ferraris: il CdA del Gruppo FS ha approvato la semestrale al 30 giugno 2022","og_description":"Ricavi a +16% rispetto al primo semestre 2021, Ebitda a 909 milioni di euro (+142%): sono i numeri del primo semestre 2022 del Gruppo FS, che documentano la ripresa derivante dall\u2019aumento dei volumi dei passeggeri. L\u2019AD Luigi Ferraris ha commentato l\u2019andamento durante InnoTrans. Luigi Ferraris: Gruppo FS, approvata la semestrale 2022 Il 28 settembre 2022, il Consiglio di Amministrazione del Gruppo FS ha approvato la Relazione finanziaria semestrale al 30Continue reading...","og_url":"https:\/\/www.article-marketing.eu\/comunicatistampa\/luigi-ferraris-il-cda-del-gruppo-fs-ha-approvato-la-semestrale-al-30-giugno-2022\/","og_site_name":"Article Marketing","article_published_time":"2022-11-16T08:36:53+00:00","og_image":[{"url":"https:\/\/www.executivemanager.it\/images\/comprofiler\/517_6193f32ef067f.jpg","type":"","width":"","height":""}],"author":"bgmediapress","twitter_card":"summary_large_image","twitter_misc":{"Scritto da":"bgmediapress","Tempo di lettura stimato":"3 minuti"},"schema":{"@context":"https:\/\/schema.org","@graph":[{"@type":"Article","@id":"https:\/\/www.article-marketing.eu\/comunicatistampa\/luigi-ferraris-il-cda-del-gruppo-fs-ha-approvato-la-semestrale-al-30-giugno-2022\/#article","isPartOf":{"@id":"https:\/\/www.article-marketing.eu\/comunicatistampa\/luigi-ferraris-il-cda-del-gruppo-fs-ha-approvato-la-semestrale-al-30-giugno-2022\/"},"author":{"name":"bgmediapress","@id":"https:\/\/www.article-marketing.eu\/comunicatistampa\/#\/schema\/person\/404eb964bc74cb8500542618d935464e"},"headline":"Luigi Ferraris: il CdA del Gruppo FS ha approvato la semestrale al 30 giugno 2022","datePublished":"2022-11-16T08:36:53+00:00","mainEntityOfPage":{"@id":"https:\/\/www.article-marketing.eu\/comunicatistampa\/luigi-ferraris-il-cda-del-gruppo-fs-ha-approvato-la-semestrale-al-30-giugno-2022\/"},"wordCount":391,"commentCount":0,"image":{"@id":"https:\/\/www.article-marketing.eu\/comunicatistampa\/luigi-ferraris-il-cda-del-gruppo-fs-ha-approvato-la-semestrale-al-30-giugno-2022\/#primaryimage"},"thumbnailUrl":"https:\/\/www.executivemanager.it\/images\/comprofiler\/517_6193f32ef067f.jpg","keywords":["Gruppo FS","Luigi Ferraris"],"articleSection":["Economia e lavoro"],"inLanguage":"it-IT","potentialAction":[{"@type":"CommentAction","name":"Comment","target":["https:\/\/www.article-marketing.eu\/comunicatistampa\/luigi-ferraris-il-cda-del-gruppo-fs-ha-approvato-la-semestrale-al-30-giugno-2022\/#respond"]}]},{"@type":"WebPage","@id":"https:\/\/www.article-marketing.eu\/comunicatistampa\/luigi-ferraris-il-cda-del-gruppo-fs-ha-approvato-la-semestrale-al-30-giugno-2022\/","url":"https:\/\/www.article-marketing.eu\/comunicatistampa\/luigi-ferraris-il-cda-del-gruppo-fs-ha-approvato-la-semestrale-al-30-giugno-2022\/","name":"Luigi Ferraris: il CdA del Gruppo FS ha approvato la semestrale al 30 giugno 2022","isPartOf":{"@id":"https:\/\/www.article-marketing.eu\/comunicatistampa\/#website"},"primaryImageOfPage":{"@id":"https:\/\/www.article-marketing.eu\/comunicatistampa\/luigi-ferraris-il-cda-del-gruppo-fs-ha-approvato-la-semestrale-al-30-giugno-2022\/#primaryimage"},"image":{"@id":"https:\/\/www.article-marketing.eu\/comunicatistampa\/luigi-ferraris-il-cda-del-gruppo-fs-ha-approvato-la-semestrale-al-30-giugno-2022\/#primaryimage"},"thumbnailUrl":"https:\/\/www.executivemanager.it\/images\/comprofiler\/517_6193f32ef067f.jpg","datePublished":"2022-11-16T08:36:53+00:00","author":{"@id":"https:\/\/www.article-marketing.eu\/comunicatistampa\/#\/schema\/person\/404eb964bc74cb8500542618d935464e"},"breadcrumb":{"@id":"https:\/\/www.article-marketing.eu\/comunicatistampa\/luigi-ferraris-il-cda-del-gruppo-fs-ha-approvato-la-semestrale-al-30-giugno-2022\/#breadcrumb"},"inLanguage":"it-IT","potentialAction":[{"@type":"ReadAction","target":["https:\/\/www.article-marketing.eu\/comunicatistampa\/luigi-ferraris-il-cda-del-gruppo-fs-ha-approvato-la-semestrale-al-30-giugno-2022\/"]}]},{"@type":"ImageObject","inLanguage":"it-IT","@id":"https:\/\/www.article-marketing.eu\/comunicatistampa\/luigi-ferraris-il-cda-del-gruppo-fs-ha-approvato-la-semestrale-al-30-giugno-2022\/#primaryimage","url":"https:\/\/www.executivemanager.it\/images\/comprofiler\/517_6193f32ef067f.jpg","contentUrl":"https:\/\/www.executivemanager.it\/images\/comprofiler\/517_6193f32ef067f.jpg"},{"@type":"BreadcrumbList","@id":"https:\/\/www.article-marketing.eu\/comunicatistampa\/luigi-ferraris-il-cda-del-gruppo-fs-ha-approvato-la-semestrale-al-30-giugno-2022\/#breadcrumb","itemListElement":[{"@type":"ListItem","position":1,"name":"Home","item":"https:\/\/www.article-marketing.eu\/comunicatistampa\/"},{"@type":"ListItem","position":2,"name":"Luigi Ferraris: il CdA del Gruppo FS ha approvato la semestrale al 30 giugno 2022"}]},{"@type":"WebSite","@id":"https:\/\/www.article-marketing.eu\/comunicatistampa\/#website","url":"https:\/\/www.article-marketing.eu\/comunicatistampa\/","name":"Article Marketing","description":"article marketing &amp; press release","potentialAction":[{"@type":"SearchAction","target":{"@type":"EntryPoint","urlTemplate":"https:\/\/www.article-marketing.eu\/comunicatistampa\/?s={search_term_string}"},"query-input":{"@type":"PropertyValueSpecification","valueRequired":true,"valueName":"search_term_string"}}],"inLanguage":"it-IT"},{"@type":"Person","@id":"https:\/\/www.article-marketing.eu\/comunicatistampa\/#\/schema\/person\/404eb964bc74cb8500542618d935464e","name":"bgmediapress","image":{"@type":"ImageObject","inLanguage":"it-IT","@id":"https:\/\/secure.gravatar.com\/avatar\/42f75c9f82baff699c42fc56a1917154a05957e73178939d3fe6f017d6f3d0ee?s=96&d=mm&r=g","url":"https:\/\/secure.gravatar.com\/avatar\/42f75c9f82baff699c42fc56a1917154a05957e73178939d3fe6f017d6f3d0ee?s=96&d=mm&r=g","contentUrl":"https:\/\/secure.gravatar.com\/avatar\/42f75c9f82baff699c42fc56a1917154a05957e73178939d3fe6f017d6f3d0ee?s=96&d=mm&r=g","caption":"bgmediapress"},"url":"https:\/\/www.article-marketing.eu\/comunicatistampa\/author\/bgmediapress\/"}]}},"_links":{"self":[{"href":"https:\/\/www.article-marketing.eu\/comunicatistampa\/wp-json\/wp\/v2\/posts\/25412","targetHints":{"allow":["GET"]}}],"collection":[{"href":"https:\/\/www.article-marketing.eu\/comunicatistampa\/wp-json\/wp\/v2\/posts"}],"about":[{"href":"https:\/\/www.article-marketing.eu\/comunicatistampa\/wp-json\/wp\/v2\/types\/post"}],"author":[{"embeddable":true,"href":"https:\/\/www.article-marketing.eu\/comunicatistampa\/wp-json\/wp\/v2\/users\/7095"}],"replies":[{"embeddable":true,"href":"https:\/\/www.article-marketing.eu\/comunicatistampa\/wp-json\/wp\/v2\/comments?post=25412"}],"version-history":[{"count":2,"href":"https:\/\/www.article-marketing.eu\/comunicatistampa\/wp-json\/wp\/v2\/posts\/25412\/revisions"}],"predecessor-version":[{"id":25480,"href":"https:\/\/www.article-marketing.eu\/comunicatistampa\/wp-json\/wp\/v2\/posts\/25412\/revisions\/25480"}],"wp:attachment":[{"href":"https:\/\/www.article-marketing.eu\/comunicatistampa\/wp-json\/wp\/v2\/media?parent=25412"}],"wp:term":[{"taxonomy":"category","embeddable":true,"href":"https:\/\/www.article-marketing.eu\/comunicatistampa\/wp-json\/wp\/v2\/categories?post=25412"},{"taxonomy":"post_tag","embeddable":true,"href":"https:\/\/www.article-marketing.eu\/comunicatistampa\/wp-json\/wp\/v2\/tags?post=25412"}],"curies":[{"name":"wp","href":"https:\/\/api.w.org\/{rel}","templated":true}]}}