{"id":25414,"date":"2022-11-16T09:25:53","date_gmt":"2022-11-16T08:25:53","guid":{"rendered":"https:\/\/www.article-marketing.eu\/comunicatistampa\/?p=25414"},"modified":"2022-11-15T16:17:51","modified_gmt":"2022-11-15T15:17:51","slug":"attilio-mazzilli-lavvocato-di-orrick-specializzato-in-private-equity-e-venture-capital","status":"publish","type":"post","link":"https:\/\/www.article-marketing.eu\/comunicatistampa\/attilio-mazzilli-lavvocato-di-orrick-specializzato-in-private-equity-e-venture-capital\/","title":{"rendered":"Attilio Mazzilli: l\u2019avvocato di Orrick specializzato in private equity e venture capital"},"content":{"rendered":"<p><em><strong><a title=\"Attilio Mazzilli, professionisti italiani\" href=\"https:\/\/www.professionistiitaliani.it\/Profilo-utente\/771-Attilio-Mazzilli.html\">Attilio Mazzilli<\/a> \u00e8 un avvocato specializzato in private equity e venture capital. Partner dello Studio legale internazionale Orrick, Herrington &amp; Sutcliffe LLP, attualmente \u00e8 anche Responsabile del Tech Group Italiano e membro dell\u2019International Technology Companies Group<\/strong><\/em><\/p>\n<p><a title=\"Attilio Mazzilli, profilo professionale\" href=\"https:\/\/www.professionistiitaliani.it\/Profilo-utente\/771-Attilio-Mazzilli.html\"><em><strong><img loading=\"lazy\" decoding=\"async\" src=\"https:\/\/h2biz.net\/images\/Plats\/crop_min_20220405104147.jpg\" alt=\"Attilio Mazzilli\" width=\"200\" height=\"200\" \/><\/strong><\/em><\/a><\/p>\n<h2>Il ruolo di Attilio Mazzilli in Orrick<\/h2>\n<p><strong>Attilio Mazzilli<\/strong> entra nel noto studio legale Orrick, Herrington &amp; Sutcliffe nel 2015, divenendo cos\u00ec Partner di una realt\u00e0 che collabora con le pi\u00f9 grandi istituzioni finanziarie e societ\u00e0 tecnologiche del mondo. Qui si occupa delle operazioni M&amp;A nel private equity e nel venture capital e di sostenere importanti societ\u00e0 tech, nonch\u00e9 startup e fondi di venture capital, nelle operazioni di finanziamento e in tutto ci\u00f2 che concerne il diritto societario, le M&amp;A e le quotazioni. I successi ottenuti lo portano a ricoprire la carica di Responsabile del Tech Group Italiano e ad essere nominato membro dell\u2019International Technology Companies Group. Fanno parte del suo portfolio clienti realt\u00e0 del calibro di Banca Sella Holding, per la quale ha curato l\u2019accordo di joint venture con Illimity Bank relativo a Hype, e Cerba Healtcare, per cui si \u00e8 occupato dell\u2019acquisizione di Lifebrain. <strong>Attilio Mazzilli<\/strong> \u00e8 stato inoltre tra i protagonisti dell\u2019ultimo round da unicorno di Scalapay.<\/p>\n<h2>Attilio Mazzilli: la formazione e le prime esperienze professionali<\/h2>\n<p><a title=\"Attilio Mazzilli, biografia professionisti italiani\" href=\"https:\/\/www.professionistiitaliani.it\/Profilo-utente\/771-Attilio-Mazzilli.html\"><strong>Attilio Mazzilli<\/strong><\/a> si \u00e8 laureato in Giurisprudenza presso l\u2019Universit\u00e0 degli Studi di Milano, dove ha presentato una tesi dal titolo \u201c<em>The Insurance contracts in private international law<\/em>\u201d. Nel 2000 entra in qualit\u00e0 di Associate nello Studio milanese Pavia e Ansaldo. Ottenuta l\u2019abilitazione all\u2019esercizio della professione legale nel 2003, si trasferisce a Los Angeles per frequentare la University of Southern California School e conseguire nel 2006 un Master of Laws in Business &amp; Corporate Law. Terminata l\u2019esperienza negli Stati Uniti, torna a Milano dove diventa Senior Associate di uno dei pi\u00f9 grandi studi legali d\u2019Italia, lo Studio Chiomenti. Nel 2011 passa invece in un\u2019altra rinomata law firm italiana, lo Studio Carnelutti, divenendo Partner e Head of International Development.<\/p>\n","protected":false},"excerpt":{"rendered":"<p>Attilio Mazzilli \u00e8 un avvocato specializzato in private equity e venture capital. Partner dello Studio legale internazionale Orrick, Herrington &amp; Sutcliffe LLP, attualmente \u00e8 anche Responsabile del Tech Group Italiano e membro dell\u2019International Technology Companies Group Il ruolo di Attilio Mazzilli in Orrick Attilio Mazzilli entra nel noto studio legale Orrick, Herrington &amp; Sutcliffe nel 2015, divenendo cos\u00ec Partner di una realt\u00e0 che collabora con le pi\u00f9 grandi istituzioni finanziarie<\/p>\n<p><a class=\"continue-reading\" href=\"https:\/\/www.article-marketing.eu\/comunicatistampa\/attilio-mazzilli-lavvocato-di-orrick-specializzato-in-private-equity-e-venture-capital\/\">Continue reading&#8230;<\/a><\/p>\n","protected":false},"author":6477,"featured_media":0,"comment_status":"open","ping_status":"open","sticky":false,"template":"","format":"standard","meta":{"_monsterinsights_skip_tracking":false,"_monsterinsights_sitenote_active":false,"_monsterinsights_sitenote_note":"","_monsterinsights_sitenote_category":0,"footnotes":""},"categories":[386],"tags":[9478],"class_list":["post-25414","post","type-post","status-publish","format-standard","hentry","category-economia-e-lavoro","tag-attilio-mazzilli"],"yoast_head":"<!-- This site is optimized with the Yoast SEO plugin v27.3 - https:\/\/yoast.com\/product\/yoast-seo-wordpress\/ -->\n<title>Attilio Mazzilli: l\u2019avvocato di Orrick specializzato in private equity e venture capital<\/title>\n<meta name=\"robots\" content=\"index, follow, max-snippet:-1, max-image-preview:large, max-video-preview:-1\" \/>\n<link rel=\"canonical\" href=\"https:\/\/www.article-marketing.eu\/comunicatistampa\/attilio-mazzilli-lavvocato-di-orrick-specializzato-in-private-equity-e-venture-capital\/\" \/>\n<meta property=\"og:locale\" content=\"it_IT\" \/>\n<meta property=\"og:type\" content=\"article\" \/>\n<meta property=\"og:title\" content=\"Attilio Mazzilli: l\u2019avvocato di Orrick specializzato in private equity e venture capital\" \/>\n<meta property=\"og:description\" content=\"Attilio Mazzilli \u00e8 un avvocato specializzato in private equity e venture capital. Partner dello Studio legale internazionale Orrick, Herrington &amp; Sutcliffe LLP, attualmente \u00e8 anche Responsabile del Tech Group Italiano e membro dell\u2019International Technology Companies Group Il ruolo di Attilio Mazzilli in Orrick Attilio Mazzilli entra nel noto studio legale Orrick, Herrington &amp; Sutcliffe nel 2015, divenendo cos\u00ec Partner di una realt\u00e0 che collabora con le pi\u00f9 grandi istituzioni finanziarieContinue reading...\" \/>\n<meta property=\"og:url\" content=\"https:\/\/www.article-marketing.eu\/comunicatistampa\/attilio-mazzilli-lavvocato-di-orrick-specializzato-in-private-equity-e-venture-capital\/\" \/>\n<meta property=\"og:site_name\" content=\"Article Marketing\" \/>\n<meta property=\"article:published_time\" content=\"2022-11-16T08:25:53+00:00\" \/>\n<meta property=\"og:image\" content=\"https:\/\/h2biz.net\/images\/Plats\/crop_min_20220405104147.jpg\" \/>\n<meta name=\"author\" content=\"articolinews\" \/>\n<meta name=\"twitter:card\" content=\"summary_large_image\" \/>\n<meta name=\"twitter:label1\" content=\"Scritto da\" \/>\n\t<meta name=\"twitter:data1\" content=\"articolinews\" \/>\n\t<meta name=\"twitter:label2\" content=\"Tempo di lettura stimato\" \/>\n\t<meta name=\"twitter:data2\" content=\"2 minuti\" \/>\n<script type=\"application\/ld+json\" class=\"yoast-schema-graph\">{\"@context\":\"https:\\\/\\\/schema.org\",\"@graph\":[{\"@type\":\"Article\",\"@id\":\"https:\\\/\\\/www.article-marketing.eu\\\/comunicatistampa\\\/attilio-mazzilli-lavvocato-di-orrick-specializzato-in-private-equity-e-venture-capital\\\/#article\",\"isPartOf\":{\"@id\":\"https:\\\/\\\/www.article-marketing.eu\\\/comunicatistampa\\\/attilio-mazzilli-lavvocato-di-orrick-specializzato-in-private-equity-e-venture-capital\\\/\"},\"author\":{\"name\":\"articolinews\",\"@id\":\"https:\\\/\\\/www.article-marketing.eu\\\/comunicatistampa\\\/#\\\/schema\\\/person\\\/2fcaf8f8f3a9eef9eb7f27532d3ca458\"},\"headline\":\"Attilio Mazzilli: l\u2019avvocato di Orrick specializzato in private equity e venture capital\",\"datePublished\":\"2022-11-16T08:25:53+00:00\",\"mainEntityOfPage\":{\"@id\":\"https:\\\/\\\/www.article-marketing.eu\\\/comunicatistampa\\\/attilio-mazzilli-lavvocato-di-orrick-specializzato-in-private-equity-e-venture-capital\\\/\"},\"wordCount\":340,\"commentCount\":0,\"image\":{\"@id\":\"https:\\\/\\\/www.article-marketing.eu\\\/comunicatistampa\\\/attilio-mazzilli-lavvocato-di-orrick-specializzato-in-private-equity-e-venture-capital\\\/#primaryimage\"},\"thumbnailUrl\":\"https:\\\/\\\/h2biz.net\\\/images\\\/Plats\\\/crop_min_20220405104147.jpg\",\"keywords\":[\"Attilio Mazzilli\"],\"articleSection\":[\"Economia e lavoro\"],\"inLanguage\":\"it-IT\",\"potentialAction\":[{\"@type\":\"CommentAction\",\"name\":\"Comment\",\"target\":[\"https:\\\/\\\/www.article-marketing.eu\\\/comunicatistampa\\\/attilio-mazzilli-lavvocato-di-orrick-specializzato-in-private-equity-e-venture-capital\\\/#respond\"]}]},{\"@type\":\"WebPage\",\"@id\":\"https:\\\/\\\/www.article-marketing.eu\\\/comunicatistampa\\\/attilio-mazzilli-lavvocato-di-orrick-specializzato-in-private-equity-e-venture-capital\\\/\",\"url\":\"https:\\\/\\\/www.article-marketing.eu\\\/comunicatistampa\\\/attilio-mazzilli-lavvocato-di-orrick-specializzato-in-private-equity-e-venture-capital\\\/\",\"name\":\"Attilio Mazzilli: l\u2019avvocato di Orrick specializzato in private equity e venture capital\",\"isPartOf\":{\"@id\":\"https:\\\/\\\/www.article-marketing.eu\\\/comunicatistampa\\\/#website\"},\"primaryImageOfPage\":{\"@id\":\"https:\\\/\\\/www.article-marketing.eu\\\/comunicatistampa\\\/attilio-mazzilli-lavvocato-di-orrick-specializzato-in-private-equity-e-venture-capital\\\/#primaryimage\"},\"image\":{\"@id\":\"https:\\\/\\\/www.article-marketing.eu\\\/comunicatistampa\\\/attilio-mazzilli-lavvocato-di-orrick-specializzato-in-private-equity-e-venture-capital\\\/#primaryimage\"},\"thumbnailUrl\":\"https:\\\/\\\/h2biz.net\\\/images\\\/Plats\\\/crop_min_20220405104147.jpg\",\"datePublished\":\"2022-11-16T08:25:53+00:00\",\"author\":{\"@id\":\"https:\\\/\\\/www.article-marketing.eu\\\/comunicatistampa\\\/#\\\/schema\\\/person\\\/2fcaf8f8f3a9eef9eb7f27532d3ca458\"},\"breadcrumb\":{\"@id\":\"https:\\\/\\\/www.article-marketing.eu\\\/comunicatistampa\\\/attilio-mazzilli-lavvocato-di-orrick-specializzato-in-private-equity-e-venture-capital\\\/#breadcrumb\"},\"inLanguage\":\"it-IT\",\"potentialAction\":[{\"@type\":\"ReadAction\",\"target\":[\"https:\\\/\\\/www.article-marketing.eu\\\/comunicatistampa\\\/attilio-mazzilli-lavvocato-di-orrick-specializzato-in-private-equity-e-venture-capital\\\/\"]}]},{\"@type\":\"ImageObject\",\"inLanguage\":\"it-IT\",\"@id\":\"https:\\\/\\\/www.article-marketing.eu\\\/comunicatistampa\\\/attilio-mazzilli-lavvocato-di-orrick-specializzato-in-private-equity-e-venture-capital\\\/#primaryimage\",\"url\":\"https:\\\/\\\/h2biz.net\\\/images\\\/Plats\\\/crop_min_20220405104147.jpg\",\"contentUrl\":\"https:\\\/\\\/h2biz.net\\\/images\\\/Plats\\\/crop_min_20220405104147.jpg\"},{\"@type\":\"BreadcrumbList\",\"@id\":\"https:\\\/\\\/www.article-marketing.eu\\\/comunicatistampa\\\/attilio-mazzilli-lavvocato-di-orrick-specializzato-in-private-equity-e-venture-capital\\\/#breadcrumb\",\"itemListElement\":[{\"@type\":\"ListItem\",\"position\":1,\"name\":\"Home\",\"item\":\"https:\\\/\\\/www.article-marketing.eu\\\/comunicatistampa\\\/\"},{\"@type\":\"ListItem\",\"position\":2,\"name\":\"Attilio Mazzilli: l\u2019avvocato di Orrick specializzato in private equity e venture capital\"}]},{\"@type\":\"WebSite\",\"@id\":\"https:\\\/\\\/www.article-marketing.eu\\\/comunicatistampa\\\/#website\",\"url\":\"https:\\\/\\\/www.article-marketing.eu\\\/comunicatistampa\\\/\",\"name\":\"Article Marketing\",\"description\":\"article marketing &amp; press release\",\"potentialAction\":[{\"@type\":\"SearchAction\",\"target\":{\"@type\":\"EntryPoint\",\"urlTemplate\":\"https:\\\/\\\/www.article-marketing.eu\\\/comunicatistampa\\\/?s={search_term_string}\"},\"query-input\":{\"@type\":\"PropertyValueSpecification\",\"valueRequired\":true,\"valueName\":\"search_term_string\"}}],\"inLanguage\":\"it-IT\"},{\"@type\":\"Person\",\"@id\":\"https:\\\/\\\/www.article-marketing.eu\\\/comunicatistampa\\\/#\\\/schema\\\/person\\\/2fcaf8f8f3a9eef9eb7f27532d3ca458\",\"name\":\"articolinews\",\"image\":{\"@type\":\"ImageObject\",\"inLanguage\":\"it-IT\",\"@id\":\"https:\\\/\\\/secure.gravatar.com\\\/avatar\\\/9e2a264bab04e17dea24d937c9956304649a848cb73c46747a692ff1bdeb1cb7?s=96&d=mm&r=g\",\"url\":\"https:\\\/\\\/secure.gravatar.com\\\/avatar\\\/9e2a264bab04e17dea24d937c9956304649a848cb73c46747a692ff1bdeb1cb7?s=96&d=mm&r=g\",\"contentUrl\":\"https:\\\/\\\/secure.gravatar.com\\\/avatar\\\/9e2a264bab04e17dea24d937c9956304649a848cb73c46747a692ff1bdeb1cb7?s=96&d=mm&r=g\",\"caption\":\"articolinews\"},\"url\":\"https:\\\/\\\/www.article-marketing.eu\\\/comunicatistampa\\\/author\\\/articolinews\\\/\"}]}<\/script>\n<!-- \/ Yoast SEO plugin. -->","yoast_head_json":{"title":"Attilio Mazzilli: l\u2019avvocato di Orrick specializzato in private equity e venture capital","robots":{"index":"index","follow":"follow","max-snippet":"max-snippet:-1","max-image-preview":"max-image-preview:large","max-video-preview":"max-video-preview:-1"},"canonical":"https:\/\/www.article-marketing.eu\/comunicatistampa\/attilio-mazzilli-lavvocato-di-orrick-specializzato-in-private-equity-e-venture-capital\/","og_locale":"it_IT","og_type":"article","og_title":"Attilio Mazzilli: l\u2019avvocato di Orrick specializzato in private equity e venture capital","og_description":"Attilio Mazzilli \u00e8 un avvocato specializzato in private equity e venture capital. Partner dello Studio legale internazionale Orrick, Herrington &amp; Sutcliffe LLP, attualmente \u00e8 anche Responsabile del Tech Group Italiano e membro dell\u2019International Technology Companies Group Il ruolo di Attilio Mazzilli in Orrick Attilio Mazzilli entra nel noto studio legale Orrick, Herrington &amp; Sutcliffe nel 2015, divenendo cos\u00ec Partner di una realt\u00e0 che collabora con le pi\u00f9 grandi istituzioni finanziarieContinue reading...","og_url":"https:\/\/www.article-marketing.eu\/comunicatistampa\/attilio-mazzilli-lavvocato-di-orrick-specializzato-in-private-equity-e-venture-capital\/","og_site_name":"Article Marketing","article_published_time":"2022-11-16T08:25:53+00:00","og_image":[{"url":"https:\/\/h2biz.net\/images\/Plats\/crop_min_20220405104147.jpg","type":"","width":"","height":""}],"author":"articolinews","twitter_card":"summary_large_image","twitter_misc":{"Scritto da":"articolinews","Tempo di lettura stimato":"2 minuti"},"schema":{"@context":"https:\/\/schema.org","@graph":[{"@type":"Article","@id":"https:\/\/www.article-marketing.eu\/comunicatistampa\/attilio-mazzilli-lavvocato-di-orrick-specializzato-in-private-equity-e-venture-capital\/#article","isPartOf":{"@id":"https:\/\/www.article-marketing.eu\/comunicatistampa\/attilio-mazzilli-lavvocato-di-orrick-specializzato-in-private-equity-e-venture-capital\/"},"author":{"name":"articolinews","@id":"https:\/\/www.article-marketing.eu\/comunicatistampa\/#\/schema\/person\/2fcaf8f8f3a9eef9eb7f27532d3ca458"},"headline":"Attilio Mazzilli: l\u2019avvocato di Orrick specializzato in private equity e venture capital","datePublished":"2022-11-16T08:25:53+00:00","mainEntityOfPage":{"@id":"https:\/\/www.article-marketing.eu\/comunicatistampa\/attilio-mazzilli-lavvocato-di-orrick-specializzato-in-private-equity-e-venture-capital\/"},"wordCount":340,"commentCount":0,"image":{"@id":"https:\/\/www.article-marketing.eu\/comunicatistampa\/attilio-mazzilli-lavvocato-di-orrick-specializzato-in-private-equity-e-venture-capital\/#primaryimage"},"thumbnailUrl":"https:\/\/h2biz.net\/images\/Plats\/crop_min_20220405104147.jpg","keywords":["Attilio Mazzilli"],"articleSection":["Economia e lavoro"],"inLanguage":"it-IT","potentialAction":[{"@type":"CommentAction","name":"Comment","target":["https:\/\/www.article-marketing.eu\/comunicatistampa\/attilio-mazzilli-lavvocato-di-orrick-specializzato-in-private-equity-e-venture-capital\/#respond"]}]},{"@type":"WebPage","@id":"https:\/\/www.article-marketing.eu\/comunicatistampa\/attilio-mazzilli-lavvocato-di-orrick-specializzato-in-private-equity-e-venture-capital\/","url":"https:\/\/www.article-marketing.eu\/comunicatistampa\/attilio-mazzilli-lavvocato-di-orrick-specializzato-in-private-equity-e-venture-capital\/","name":"Attilio Mazzilli: l\u2019avvocato di Orrick specializzato in private equity e venture capital","isPartOf":{"@id":"https:\/\/www.article-marketing.eu\/comunicatistampa\/#website"},"primaryImageOfPage":{"@id":"https:\/\/www.article-marketing.eu\/comunicatistampa\/attilio-mazzilli-lavvocato-di-orrick-specializzato-in-private-equity-e-venture-capital\/#primaryimage"},"image":{"@id":"https:\/\/www.article-marketing.eu\/comunicatistampa\/attilio-mazzilli-lavvocato-di-orrick-specializzato-in-private-equity-e-venture-capital\/#primaryimage"},"thumbnailUrl":"https:\/\/h2biz.net\/images\/Plats\/crop_min_20220405104147.jpg","datePublished":"2022-11-16T08:25:53+00:00","author":{"@id":"https:\/\/www.article-marketing.eu\/comunicatistampa\/#\/schema\/person\/2fcaf8f8f3a9eef9eb7f27532d3ca458"},"breadcrumb":{"@id":"https:\/\/www.article-marketing.eu\/comunicatistampa\/attilio-mazzilli-lavvocato-di-orrick-specializzato-in-private-equity-e-venture-capital\/#breadcrumb"},"inLanguage":"it-IT","potentialAction":[{"@type":"ReadAction","target":["https:\/\/www.article-marketing.eu\/comunicatistampa\/attilio-mazzilli-lavvocato-di-orrick-specializzato-in-private-equity-e-venture-capital\/"]}]},{"@type":"ImageObject","inLanguage":"it-IT","@id":"https:\/\/www.article-marketing.eu\/comunicatistampa\/attilio-mazzilli-lavvocato-di-orrick-specializzato-in-private-equity-e-venture-capital\/#primaryimage","url":"https:\/\/h2biz.net\/images\/Plats\/crop_min_20220405104147.jpg","contentUrl":"https:\/\/h2biz.net\/images\/Plats\/crop_min_20220405104147.jpg"},{"@type":"BreadcrumbList","@id":"https:\/\/www.article-marketing.eu\/comunicatistampa\/attilio-mazzilli-lavvocato-di-orrick-specializzato-in-private-equity-e-venture-capital\/#breadcrumb","itemListElement":[{"@type":"ListItem","position":1,"name":"Home","item":"https:\/\/www.article-marketing.eu\/comunicatistampa\/"},{"@type":"ListItem","position":2,"name":"Attilio Mazzilli: l\u2019avvocato di Orrick specializzato in private equity e venture capital"}]},{"@type":"WebSite","@id":"https:\/\/www.article-marketing.eu\/comunicatistampa\/#website","url":"https:\/\/www.article-marketing.eu\/comunicatistampa\/","name":"Article Marketing","description":"article marketing &amp; press release","potentialAction":[{"@type":"SearchAction","target":{"@type":"EntryPoint","urlTemplate":"https:\/\/www.article-marketing.eu\/comunicatistampa\/?s={search_term_string}"},"query-input":{"@type":"PropertyValueSpecification","valueRequired":true,"valueName":"search_term_string"}}],"inLanguage":"it-IT"},{"@type":"Person","@id":"https:\/\/www.article-marketing.eu\/comunicatistampa\/#\/schema\/person\/2fcaf8f8f3a9eef9eb7f27532d3ca458","name":"articolinews","image":{"@type":"ImageObject","inLanguage":"it-IT","@id":"https:\/\/secure.gravatar.com\/avatar\/9e2a264bab04e17dea24d937c9956304649a848cb73c46747a692ff1bdeb1cb7?s=96&d=mm&r=g","url":"https:\/\/secure.gravatar.com\/avatar\/9e2a264bab04e17dea24d937c9956304649a848cb73c46747a692ff1bdeb1cb7?s=96&d=mm&r=g","contentUrl":"https:\/\/secure.gravatar.com\/avatar\/9e2a264bab04e17dea24d937c9956304649a848cb73c46747a692ff1bdeb1cb7?s=96&d=mm&r=g","caption":"articolinews"},"url":"https:\/\/www.article-marketing.eu\/comunicatistampa\/author\/articolinews\/"}]}},"_links":{"self":[{"href":"https:\/\/www.article-marketing.eu\/comunicatistampa\/wp-json\/wp\/v2\/posts\/25414","targetHints":{"allow":["GET"]}}],"collection":[{"href":"https:\/\/www.article-marketing.eu\/comunicatistampa\/wp-json\/wp\/v2\/posts"}],"about":[{"href":"https:\/\/www.article-marketing.eu\/comunicatistampa\/wp-json\/wp\/v2\/types\/post"}],"author":[{"embeddable":true,"href":"https:\/\/www.article-marketing.eu\/comunicatistampa\/wp-json\/wp\/v2\/users\/6477"}],"replies":[{"embeddable":true,"href":"https:\/\/www.article-marketing.eu\/comunicatistampa\/wp-json\/wp\/v2\/comments?post=25414"}],"version-history":[{"count":2,"href":"https:\/\/www.article-marketing.eu\/comunicatistampa\/wp-json\/wp\/v2\/posts\/25414\/revisions"}],"predecessor-version":[{"id":25479,"href":"https:\/\/www.article-marketing.eu\/comunicatistampa\/wp-json\/wp\/v2\/posts\/25414\/revisions\/25479"}],"wp:attachment":[{"href":"https:\/\/www.article-marketing.eu\/comunicatistampa\/wp-json\/wp\/v2\/media?parent=25414"}],"wp:term":[{"taxonomy":"category","embeddable":true,"href":"https:\/\/www.article-marketing.eu\/comunicatistampa\/wp-json\/wp\/v2\/categories?post=25414"},{"taxonomy":"post_tag","embeddable":true,"href":"https:\/\/www.article-marketing.eu\/comunicatistampa\/wp-json\/wp\/v2\/tags?post=25414"}],"curies":[{"name":"wp","href":"https:\/\/api.w.org\/{rel}","templated":true}]}}