{"id":25416,"date":"2022-11-15T15:53:33","date_gmt":"2022-11-15T14:53:33","guid":{"rendered":"https:\/\/www.article-marketing.eu\/comunicatistampa\/?p=25416"},"modified":"2022-11-15T15:53:33","modified_gmt":"2022-11-15T14:53:33","slug":"avviata-la-riqualificazione-delledificio-arpa-ats-di-bergamo-fabio-inzani-alla-guida-del-progetto","status":"publish","type":"post","link":"https:\/\/www.article-marketing.eu\/comunicatistampa\/avviata-la-riqualificazione-delledificio-arpa-ats-di-bergamo-fabio-inzani-alla-guida-del-progetto\/","title":{"rendered":"Avviata la riqualificazione dell\u2019edificio ARPA-ATS di Bergamo: Fabio Inzani alla guida del progetto"},"content":{"rendered":"<p><em><strong>La societ\u00e0 Tecnicaer Engineering, guidata da Fabio Inzani ha vinto la gara e ha avviato l\u2019attivit\u00e0 di progettazione per i lavori di <a title=\"Fabio Inzani, riqualificazione ARPA - ATS Bergamo\" href=\"https:\/\/webpressvalue.com\/2022\/10\/10\/tecnicaer-fabio-inzani-partita-la-riqualificazione-dellarpa-ats-di-bergamo\/\">riqualificazione dell\u2019edificio ARPA-ATS di Bergamo<\/a>.<\/strong><\/em><\/p>\n<p><a title=\"Fabio Inzani, focus webpressvalue ARPA - ATS Bergamo\" href=\"https:\/\/webpressvalue.com\/2022\/10\/10\/tecnicaer-fabio-inzani-partita-la-riqualificazione-dellarpa-ats-di-bergamo\/\"><img loading=\"lazy\" decoding=\"async\" src=\"https:\/\/webpressvalue.com\/wp-content\/uploads\/2022\/10\/fabio-inzani-tecnicaer2.jpg\" alt=\"Fabio Inzani, Tecnicaer\" width=\"200\" height=\"111\" \/><\/a><\/p>\n<h2>Il team guidato da Fabio Inzani al lavoro sul progetto<\/h2>\n<p>La riqualificazione dell\u2019edificio sede del Dipartimento di ARPA Lombardia e ATS Bergamo sar\u00e0 curato da Tecnicaer Engineering, la societ\u00e0 di ingegneria integrata innovativa guidata da <strong>Fabio Inzani<\/strong>. L\u2019intervento, che interesser\u00e0 l\u2019immobile sito in Via Clara Maffei di Bergamo, avr\u00e0 lo scopo di razionalizzare e valorizzare le sedi regionali della Regione Lombardia. L\u2019obiettivo sar\u00e0 raggiunto facendo convergere nella stessa sede gli spazi e le funzioni afferenti a pi\u00f9 Enti. Le scelte progettuali, di tipo integrato e coordinato, dovranno rispettare i requisiti di sicurezza, risparmio energetico, efficientamento e recupero energetico nella realizzazione e anche nella successiva vita dell\u2019opera. La dotazione impiantistica dovr\u00e0 inoltre garantire i requisiti di comfort negli ambienti in funzione delle varie destinazioni d\u2019uso.<\/p>\n<h2>Fabio Inzani: gli interventi previsti<\/h2>\n<p>Gli interventi previsti dal team guidato da <a title=\"Fabio Inzani, focus webpressvalue riqualificazione ARPA - ATS Bergamo\" href=\"https:\/\/webpressvalue.com\/2022\/10\/10\/tecnicaer-fabio-inzani-partita-la-riqualificazione-dellarpa-ats-di-bergamo\/\"><strong>Fabio Inzani<\/strong><\/a> avranno come obiettivo primario l\u2019efficientamento e il recupero energetico. Un nuovo cappotto esterno con rivestimento in pannelli garantir\u00e0 protezione agli strati esterni della facciata e un\u2019elevata durata del componente. Tutte le componenti impiantistiche saranno sostituite da altre pi\u00f9 performanti che contribuiranno a ridurre i consumi e le emissioni di CO2 in atmosfera. Un sistema di supervisione domotico a controllo delle utenze verr\u00e0 installato sempre al fine di monitorare e ridurre i consumi. Si prevede infine una nuova configurazione degli spazi interni, raggiunta mediante componenti prefabbricate le quali, oltre ad assicurare una veloce esecuzione, permetteranno di aumentare il grado di flessibilit\u00e0 e adattabilit\u00e0 degli spazi, e renderanno la manutenzione pi\u00f9 intuitiva e agevole.<\/p>\n","protected":false},"excerpt":{"rendered":"<p>La societ\u00e0 Tecnicaer Engineering, guidata da Fabio Inzani ha vinto la gara e ha avviato l\u2019attivit\u00e0 di progettazione per i lavori di riqualificazione dell\u2019edificio ARPA-ATS di Bergamo. Il team guidato da Fabio Inzani al lavoro sul progetto La riqualificazione dell\u2019edificio sede del Dipartimento di ARPA Lombardia e ATS Bergamo sar\u00e0 curato da Tecnicaer Engineering, la societ\u00e0 di ingegneria integrata innovativa guidata da Fabio Inzani. L\u2019intervento, che interesser\u00e0 l\u2019immobile sito in<\/p>\n<p><a class=\"continue-reading\" href=\"https:\/\/www.article-marketing.eu\/comunicatistampa\/avviata-la-riqualificazione-delledificio-arpa-ats-di-bergamo-fabio-inzani-alla-guida-del-progetto\/\">Continue reading&#8230;<\/a><\/p>\n","protected":false},"author":6477,"featured_media":0,"comment_status":"open","ping_status":"open","sticky":false,"template":"","format":"standard","meta":{"_monsterinsights_skip_tracking":false,"_monsterinsights_sitenote_active":false,"_monsterinsights_sitenote_note":"","_monsterinsights_sitenote_category":0,"footnotes":""},"categories":[386],"tags":[9278],"class_list":["post-25416","post","type-post","status-publish","format-standard","hentry","category-economia-e-lavoro","tag-fabio-inzani"],"yoast_head":"<!-- This site is optimized with the Yoast SEO plugin v27.3 - https:\/\/yoast.com\/product\/yoast-seo-wordpress\/ -->\n<title>Avviata la riqualificazione dell\u2019edificio ARPA-ATS di Bergamo: Fabio Inzani alla guida del progetto<\/title>\n<meta name=\"robots\" content=\"index, follow, max-snippet:-1, max-image-preview:large, max-video-preview:-1\" \/>\n<link rel=\"canonical\" href=\"https:\/\/www.article-marketing.eu\/comunicatistampa\/avviata-la-riqualificazione-delledificio-arpa-ats-di-bergamo-fabio-inzani-alla-guida-del-progetto\/\" \/>\n<meta property=\"og:locale\" content=\"it_IT\" \/>\n<meta property=\"og:type\" content=\"article\" \/>\n<meta property=\"og:title\" content=\"Avviata la riqualificazione dell\u2019edificio ARPA-ATS di Bergamo: Fabio Inzani alla guida del progetto\" \/>\n<meta property=\"og:description\" content=\"La societ\u00e0 Tecnicaer Engineering, guidata da Fabio Inzani ha vinto la gara e ha avviato l\u2019attivit\u00e0 di progettazione per i lavori di riqualificazione dell\u2019edificio ARPA-ATS di Bergamo. Il team guidato da Fabio Inzani al lavoro sul progetto La riqualificazione dell\u2019edificio sede del Dipartimento di ARPA Lombardia e ATS Bergamo sar\u00e0 curato da Tecnicaer Engineering, la societ\u00e0 di ingegneria integrata innovativa guidata da Fabio Inzani. L\u2019intervento, che interesser\u00e0 l\u2019immobile sito inContinue reading...\" \/>\n<meta property=\"og:url\" content=\"https:\/\/www.article-marketing.eu\/comunicatistampa\/avviata-la-riqualificazione-delledificio-arpa-ats-di-bergamo-fabio-inzani-alla-guida-del-progetto\/\" \/>\n<meta property=\"og:site_name\" content=\"Article Marketing\" \/>\n<meta property=\"article:published_time\" content=\"2022-11-15T14:53:33+00:00\" \/>\n<meta property=\"og:image\" content=\"https:\/\/webpressvalue.com\/wp-content\/uploads\/2022\/10\/fabio-inzani-tecnicaer2.jpg\" \/>\n<meta name=\"author\" content=\"articolinews\" \/>\n<meta name=\"twitter:card\" content=\"summary_large_image\" \/>\n<meta name=\"twitter:label1\" content=\"Scritto da\" \/>\n\t<meta name=\"twitter:data1\" content=\"articolinews\" \/>\n\t<meta name=\"twitter:label2\" content=\"Tempo di lettura stimato\" \/>\n\t<meta name=\"twitter:data2\" content=\"2 minuti\" \/>\n<script type=\"application\/ld+json\" class=\"yoast-schema-graph\">{\"@context\":\"https:\\\/\\\/schema.org\",\"@graph\":[{\"@type\":\"Article\",\"@id\":\"https:\\\/\\\/www.article-marketing.eu\\\/comunicatistampa\\\/avviata-la-riqualificazione-delledificio-arpa-ats-di-bergamo-fabio-inzani-alla-guida-del-progetto\\\/#article\",\"isPartOf\":{\"@id\":\"https:\\\/\\\/www.article-marketing.eu\\\/comunicatistampa\\\/avviata-la-riqualificazione-delledificio-arpa-ats-di-bergamo-fabio-inzani-alla-guida-del-progetto\\\/\"},\"author\":{\"name\":\"articolinews\",\"@id\":\"https:\\\/\\\/www.article-marketing.eu\\\/comunicatistampa\\\/#\\\/schema\\\/person\\\/2fcaf8f8f3a9eef9eb7f27532d3ca458\"},\"headline\":\"Avviata la riqualificazione dell\u2019edificio ARPA-ATS di Bergamo: Fabio Inzani alla guida del progetto\",\"datePublished\":\"2022-11-15T14:53:33+00:00\",\"mainEntityOfPage\":{\"@id\":\"https:\\\/\\\/www.article-marketing.eu\\\/comunicatistampa\\\/avviata-la-riqualificazione-delledificio-arpa-ats-di-bergamo-fabio-inzani-alla-guida-del-progetto\\\/\"},\"wordCount\":301,\"commentCount\":0,\"image\":{\"@id\":\"https:\\\/\\\/www.article-marketing.eu\\\/comunicatistampa\\\/avviata-la-riqualificazione-delledificio-arpa-ats-di-bergamo-fabio-inzani-alla-guida-del-progetto\\\/#primaryimage\"},\"thumbnailUrl\":\"https:\\\/\\\/webpressvalue.com\\\/wp-content\\\/uploads\\\/2022\\\/10\\\/fabio-inzani-tecnicaer2.jpg\",\"keywords\":[\"Fabio Inzani\"],\"articleSection\":[\"Economia e lavoro\"],\"inLanguage\":\"it-IT\",\"potentialAction\":[{\"@type\":\"CommentAction\",\"name\":\"Comment\",\"target\":[\"https:\\\/\\\/www.article-marketing.eu\\\/comunicatistampa\\\/avviata-la-riqualificazione-delledificio-arpa-ats-di-bergamo-fabio-inzani-alla-guida-del-progetto\\\/#respond\"]}]},{\"@type\":\"WebPage\",\"@id\":\"https:\\\/\\\/www.article-marketing.eu\\\/comunicatistampa\\\/avviata-la-riqualificazione-delledificio-arpa-ats-di-bergamo-fabio-inzani-alla-guida-del-progetto\\\/\",\"url\":\"https:\\\/\\\/www.article-marketing.eu\\\/comunicatistampa\\\/avviata-la-riqualificazione-delledificio-arpa-ats-di-bergamo-fabio-inzani-alla-guida-del-progetto\\\/\",\"name\":\"Avviata la riqualificazione dell\u2019edificio ARPA-ATS di Bergamo: Fabio Inzani alla guida del progetto\",\"isPartOf\":{\"@id\":\"https:\\\/\\\/www.article-marketing.eu\\\/comunicatistampa\\\/#website\"},\"primaryImageOfPage\":{\"@id\":\"https:\\\/\\\/www.article-marketing.eu\\\/comunicatistampa\\\/avviata-la-riqualificazione-delledificio-arpa-ats-di-bergamo-fabio-inzani-alla-guida-del-progetto\\\/#primaryimage\"},\"image\":{\"@id\":\"https:\\\/\\\/www.article-marketing.eu\\\/comunicatistampa\\\/avviata-la-riqualificazione-delledificio-arpa-ats-di-bergamo-fabio-inzani-alla-guida-del-progetto\\\/#primaryimage\"},\"thumbnailUrl\":\"https:\\\/\\\/webpressvalue.com\\\/wp-content\\\/uploads\\\/2022\\\/10\\\/fabio-inzani-tecnicaer2.jpg\",\"datePublished\":\"2022-11-15T14:53:33+00:00\",\"author\":{\"@id\":\"https:\\\/\\\/www.article-marketing.eu\\\/comunicatistampa\\\/#\\\/schema\\\/person\\\/2fcaf8f8f3a9eef9eb7f27532d3ca458\"},\"breadcrumb\":{\"@id\":\"https:\\\/\\\/www.article-marketing.eu\\\/comunicatistampa\\\/avviata-la-riqualificazione-delledificio-arpa-ats-di-bergamo-fabio-inzani-alla-guida-del-progetto\\\/#breadcrumb\"},\"inLanguage\":\"it-IT\",\"potentialAction\":[{\"@type\":\"ReadAction\",\"target\":[\"https:\\\/\\\/www.article-marketing.eu\\\/comunicatistampa\\\/avviata-la-riqualificazione-delledificio-arpa-ats-di-bergamo-fabio-inzani-alla-guida-del-progetto\\\/\"]}]},{\"@type\":\"ImageObject\",\"inLanguage\":\"it-IT\",\"@id\":\"https:\\\/\\\/www.article-marketing.eu\\\/comunicatistampa\\\/avviata-la-riqualificazione-delledificio-arpa-ats-di-bergamo-fabio-inzani-alla-guida-del-progetto\\\/#primaryimage\",\"url\":\"https:\\\/\\\/webpressvalue.com\\\/wp-content\\\/uploads\\\/2022\\\/10\\\/fabio-inzani-tecnicaer2.jpg\",\"contentUrl\":\"https:\\\/\\\/webpressvalue.com\\\/wp-content\\\/uploads\\\/2022\\\/10\\\/fabio-inzani-tecnicaer2.jpg\"},{\"@type\":\"BreadcrumbList\",\"@id\":\"https:\\\/\\\/www.article-marketing.eu\\\/comunicatistampa\\\/avviata-la-riqualificazione-delledificio-arpa-ats-di-bergamo-fabio-inzani-alla-guida-del-progetto\\\/#breadcrumb\",\"itemListElement\":[{\"@type\":\"ListItem\",\"position\":1,\"name\":\"Home\",\"item\":\"https:\\\/\\\/www.article-marketing.eu\\\/comunicatistampa\\\/\"},{\"@type\":\"ListItem\",\"position\":2,\"name\":\"Avviata la riqualificazione dell\u2019edificio ARPA-ATS di Bergamo: Fabio Inzani alla guida del progetto\"}]},{\"@type\":\"WebSite\",\"@id\":\"https:\\\/\\\/www.article-marketing.eu\\\/comunicatistampa\\\/#website\",\"url\":\"https:\\\/\\\/www.article-marketing.eu\\\/comunicatistampa\\\/\",\"name\":\"Article Marketing\",\"description\":\"article marketing &amp; press release\",\"potentialAction\":[{\"@type\":\"SearchAction\",\"target\":{\"@type\":\"EntryPoint\",\"urlTemplate\":\"https:\\\/\\\/www.article-marketing.eu\\\/comunicatistampa\\\/?s={search_term_string}\"},\"query-input\":{\"@type\":\"PropertyValueSpecification\",\"valueRequired\":true,\"valueName\":\"search_term_string\"}}],\"inLanguage\":\"it-IT\"},{\"@type\":\"Person\",\"@id\":\"https:\\\/\\\/www.article-marketing.eu\\\/comunicatistampa\\\/#\\\/schema\\\/person\\\/2fcaf8f8f3a9eef9eb7f27532d3ca458\",\"name\":\"articolinews\",\"image\":{\"@type\":\"ImageObject\",\"inLanguage\":\"it-IT\",\"@id\":\"https:\\\/\\\/secure.gravatar.com\\\/avatar\\\/9e2a264bab04e17dea24d937c9956304649a848cb73c46747a692ff1bdeb1cb7?s=96&d=mm&r=g\",\"url\":\"https:\\\/\\\/secure.gravatar.com\\\/avatar\\\/9e2a264bab04e17dea24d937c9956304649a848cb73c46747a692ff1bdeb1cb7?s=96&d=mm&r=g\",\"contentUrl\":\"https:\\\/\\\/secure.gravatar.com\\\/avatar\\\/9e2a264bab04e17dea24d937c9956304649a848cb73c46747a692ff1bdeb1cb7?s=96&d=mm&r=g\",\"caption\":\"articolinews\"},\"url\":\"https:\\\/\\\/www.article-marketing.eu\\\/comunicatistampa\\\/author\\\/articolinews\\\/\"}]}<\/script>\n<!-- \/ Yoast SEO plugin. -->","yoast_head_json":{"title":"Avviata la riqualificazione dell\u2019edificio ARPA-ATS di Bergamo: Fabio Inzani alla guida del progetto","robots":{"index":"index","follow":"follow","max-snippet":"max-snippet:-1","max-image-preview":"max-image-preview:large","max-video-preview":"max-video-preview:-1"},"canonical":"https:\/\/www.article-marketing.eu\/comunicatistampa\/avviata-la-riqualificazione-delledificio-arpa-ats-di-bergamo-fabio-inzani-alla-guida-del-progetto\/","og_locale":"it_IT","og_type":"article","og_title":"Avviata la riqualificazione dell\u2019edificio ARPA-ATS di Bergamo: Fabio Inzani alla guida del progetto","og_description":"La societ\u00e0 Tecnicaer Engineering, guidata da Fabio Inzani ha vinto la gara e ha avviato l\u2019attivit\u00e0 di progettazione per i lavori di riqualificazione dell\u2019edificio ARPA-ATS di Bergamo. Il team guidato da Fabio Inzani al lavoro sul progetto La riqualificazione dell\u2019edificio sede del Dipartimento di ARPA Lombardia e ATS Bergamo sar\u00e0 curato da Tecnicaer Engineering, la societ\u00e0 di ingegneria integrata innovativa guidata da Fabio Inzani. L\u2019intervento, che interesser\u00e0 l\u2019immobile sito inContinue reading...","og_url":"https:\/\/www.article-marketing.eu\/comunicatistampa\/avviata-la-riqualificazione-delledificio-arpa-ats-di-bergamo-fabio-inzani-alla-guida-del-progetto\/","og_site_name":"Article Marketing","article_published_time":"2022-11-15T14:53:33+00:00","og_image":[{"url":"https:\/\/webpressvalue.com\/wp-content\/uploads\/2022\/10\/fabio-inzani-tecnicaer2.jpg","type":"","width":"","height":""}],"author":"articolinews","twitter_card":"summary_large_image","twitter_misc":{"Scritto da":"articolinews","Tempo di lettura stimato":"2 minuti"},"schema":{"@context":"https:\/\/schema.org","@graph":[{"@type":"Article","@id":"https:\/\/www.article-marketing.eu\/comunicatistampa\/avviata-la-riqualificazione-delledificio-arpa-ats-di-bergamo-fabio-inzani-alla-guida-del-progetto\/#article","isPartOf":{"@id":"https:\/\/www.article-marketing.eu\/comunicatistampa\/avviata-la-riqualificazione-delledificio-arpa-ats-di-bergamo-fabio-inzani-alla-guida-del-progetto\/"},"author":{"name":"articolinews","@id":"https:\/\/www.article-marketing.eu\/comunicatistampa\/#\/schema\/person\/2fcaf8f8f3a9eef9eb7f27532d3ca458"},"headline":"Avviata la riqualificazione dell\u2019edificio ARPA-ATS di Bergamo: Fabio Inzani alla guida del progetto","datePublished":"2022-11-15T14:53:33+00:00","mainEntityOfPage":{"@id":"https:\/\/www.article-marketing.eu\/comunicatistampa\/avviata-la-riqualificazione-delledificio-arpa-ats-di-bergamo-fabio-inzani-alla-guida-del-progetto\/"},"wordCount":301,"commentCount":0,"image":{"@id":"https:\/\/www.article-marketing.eu\/comunicatistampa\/avviata-la-riqualificazione-delledificio-arpa-ats-di-bergamo-fabio-inzani-alla-guida-del-progetto\/#primaryimage"},"thumbnailUrl":"https:\/\/webpressvalue.com\/wp-content\/uploads\/2022\/10\/fabio-inzani-tecnicaer2.jpg","keywords":["Fabio Inzani"],"articleSection":["Economia e lavoro"],"inLanguage":"it-IT","potentialAction":[{"@type":"CommentAction","name":"Comment","target":["https:\/\/www.article-marketing.eu\/comunicatistampa\/avviata-la-riqualificazione-delledificio-arpa-ats-di-bergamo-fabio-inzani-alla-guida-del-progetto\/#respond"]}]},{"@type":"WebPage","@id":"https:\/\/www.article-marketing.eu\/comunicatistampa\/avviata-la-riqualificazione-delledificio-arpa-ats-di-bergamo-fabio-inzani-alla-guida-del-progetto\/","url":"https:\/\/www.article-marketing.eu\/comunicatistampa\/avviata-la-riqualificazione-delledificio-arpa-ats-di-bergamo-fabio-inzani-alla-guida-del-progetto\/","name":"Avviata la riqualificazione dell\u2019edificio ARPA-ATS di Bergamo: Fabio Inzani alla guida del progetto","isPartOf":{"@id":"https:\/\/www.article-marketing.eu\/comunicatistampa\/#website"},"primaryImageOfPage":{"@id":"https:\/\/www.article-marketing.eu\/comunicatistampa\/avviata-la-riqualificazione-delledificio-arpa-ats-di-bergamo-fabio-inzani-alla-guida-del-progetto\/#primaryimage"},"image":{"@id":"https:\/\/www.article-marketing.eu\/comunicatistampa\/avviata-la-riqualificazione-delledificio-arpa-ats-di-bergamo-fabio-inzani-alla-guida-del-progetto\/#primaryimage"},"thumbnailUrl":"https:\/\/webpressvalue.com\/wp-content\/uploads\/2022\/10\/fabio-inzani-tecnicaer2.jpg","datePublished":"2022-11-15T14:53:33+00:00","author":{"@id":"https:\/\/www.article-marketing.eu\/comunicatistampa\/#\/schema\/person\/2fcaf8f8f3a9eef9eb7f27532d3ca458"},"breadcrumb":{"@id":"https:\/\/www.article-marketing.eu\/comunicatistampa\/avviata-la-riqualificazione-delledificio-arpa-ats-di-bergamo-fabio-inzani-alla-guida-del-progetto\/#breadcrumb"},"inLanguage":"it-IT","potentialAction":[{"@type":"ReadAction","target":["https:\/\/www.article-marketing.eu\/comunicatistampa\/avviata-la-riqualificazione-delledificio-arpa-ats-di-bergamo-fabio-inzani-alla-guida-del-progetto\/"]}]},{"@type":"ImageObject","inLanguage":"it-IT","@id":"https:\/\/www.article-marketing.eu\/comunicatistampa\/avviata-la-riqualificazione-delledificio-arpa-ats-di-bergamo-fabio-inzani-alla-guida-del-progetto\/#primaryimage","url":"https:\/\/webpressvalue.com\/wp-content\/uploads\/2022\/10\/fabio-inzani-tecnicaer2.jpg","contentUrl":"https:\/\/webpressvalue.com\/wp-content\/uploads\/2022\/10\/fabio-inzani-tecnicaer2.jpg"},{"@type":"BreadcrumbList","@id":"https:\/\/www.article-marketing.eu\/comunicatistampa\/avviata-la-riqualificazione-delledificio-arpa-ats-di-bergamo-fabio-inzani-alla-guida-del-progetto\/#breadcrumb","itemListElement":[{"@type":"ListItem","position":1,"name":"Home","item":"https:\/\/www.article-marketing.eu\/comunicatistampa\/"},{"@type":"ListItem","position":2,"name":"Avviata la riqualificazione dell\u2019edificio ARPA-ATS di Bergamo: Fabio Inzani alla guida del progetto"}]},{"@type":"WebSite","@id":"https:\/\/www.article-marketing.eu\/comunicatistampa\/#website","url":"https:\/\/www.article-marketing.eu\/comunicatistampa\/","name":"Article Marketing","description":"article marketing &amp; press release","potentialAction":[{"@type":"SearchAction","target":{"@type":"EntryPoint","urlTemplate":"https:\/\/www.article-marketing.eu\/comunicatistampa\/?s={search_term_string}"},"query-input":{"@type":"PropertyValueSpecification","valueRequired":true,"valueName":"search_term_string"}}],"inLanguage":"it-IT"},{"@type":"Person","@id":"https:\/\/www.article-marketing.eu\/comunicatistampa\/#\/schema\/person\/2fcaf8f8f3a9eef9eb7f27532d3ca458","name":"articolinews","image":{"@type":"ImageObject","inLanguage":"it-IT","@id":"https:\/\/secure.gravatar.com\/avatar\/9e2a264bab04e17dea24d937c9956304649a848cb73c46747a692ff1bdeb1cb7?s=96&d=mm&r=g","url":"https:\/\/secure.gravatar.com\/avatar\/9e2a264bab04e17dea24d937c9956304649a848cb73c46747a692ff1bdeb1cb7?s=96&d=mm&r=g","contentUrl":"https:\/\/secure.gravatar.com\/avatar\/9e2a264bab04e17dea24d937c9956304649a848cb73c46747a692ff1bdeb1cb7?s=96&d=mm&r=g","caption":"articolinews"},"url":"https:\/\/www.article-marketing.eu\/comunicatistampa\/author\/articolinews\/"}]}},"_links":{"self":[{"href":"https:\/\/www.article-marketing.eu\/comunicatistampa\/wp-json\/wp\/v2\/posts\/25416","targetHints":{"allow":["GET"]}}],"collection":[{"href":"https:\/\/www.article-marketing.eu\/comunicatistampa\/wp-json\/wp\/v2\/posts"}],"about":[{"href":"https:\/\/www.article-marketing.eu\/comunicatistampa\/wp-json\/wp\/v2\/types\/post"}],"author":[{"embeddable":true,"href":"https:\/\/www.article-marketing.eu\/comunicatistampa\/wp-json\/wp\/v2\/users\/6477"}],"replies":[{"embeddable":true,"href":"https:\/\/www.article-marketing.eu\/comunicatistampa\/wp-json\/wp\/v2\/comments?post=25416"}],"version-history":[{"count":2,"href":"https:\/\/www.article-marketing.eu\/comunicatistampa\/wp-json\/wp\/v2\/posts\/25416\/revisions"}],"predecessor-version":[{"id":25455,"href":"https:\/\/www.article-marketing.eu\/comunicatistampa\/wp-json\/wp\/v2\/posts\/25416\/revisions\/25455"}],"wp:attachment":[{"href":"https:\/\/www.article-marketing.eu\/comunicatistampa\/wp-json\/wp\/v2\/media?parent=25416"}],"wp:term":[{"taxonomy":"category","embeddable":true,"href":"https:\/\/www.article-marketing.eu\/comunicatistampa\/wp-json\/wp\/v2\/categories?post=25416"},{"taxonomy":"post_tag","embeddable":true,"href":"https:\/\/www.article-marketing.eu\/comunicatistampa\/wp-json\/wp\/v2\/tags?post=25416"}],"curies":[{"name":"wp","href":"https:\/\/api.w.org\/{rel}","templated":true}]}}