{"id":25424,"date":"2022-11-16T08:55:40","date_gmt":"2022-11-16T07:55:40","guid":{"rendered":"https:\/\/www.article-marketing.eu\/comunicatistampa\/?p=25424"},"modified":"2022-11-15T16:15:53","modified_gmt":"2022-11-15T15:15:53","slug":"leditoriale-di-giampiero-catone-sui-problemi-del-lavoro-in-italia","status":"publish","type":"post","link":"https:\/\/www.article-marketing.eu\/comunicatistampa\/leditoriale-di-giampiero-catone-sui-problemi-del-lavoro-in-italia\/","title":{"rendered":"L\u2019editoriale di Giampiero Catone sui problemi del lavoro in Italia"},"content":{"rendered":"<p><em><strong>Nell\u2019editoriale pubblicato sul quotidiano \u201cLa Discussione\u201d, <a title=\"Giampiero Catone, crunchbase\" href=\"https:\/\/www.crunchbase.com\/person\/giampiero-catone\">Giampiero Catone<\/a> interviene sulla situazione del mondo del lavoro in Italia, approfondendo alcuni dei principali problemi.<\/strong><\/em><\/p>\n<p><a title=\"Giampiero Catone, crunchbase\" href=\"https:\/\/www.crunchbase.com\/person\/giampiero-catone\"><img loading=\"lazy\" decoding=\"async\" src=\"https:\/\/res.cloudinary.com\/crunchbase-production\/image\/upload\/c_thumb,h_170,w_170,f_auto,g_faces,z_0.7,b_white,q_auto:eco,dpr_1\/zglwiz0co9tm6ys7jgzi\" alt=\"Giampiero Catone\" width=\"170\" height=\"170\" \/><\/a><\/p>\n<h2>Giampiero Catone sul paradosso degli autonomi<\/h2>\n<p>In Italia ci sono circa 5 milioni di lavoratori autonomi, una cifra che fa guadagnare alla nostra Penisola il titolo di Paese europeo con il pi\u00f9 alto numero di occupati in proprio. Molti di questi sono giovani. Su \u201c<em>4 milioni di occupati tra i 25 e i 34 anni, il 16,3% svolge un lavoro autonomo contro una media UE del 9,4%<\/em>\u201d. Il dato che pi\u00f9 lascia perplessi, secondo <strong>Giampiero Catone<\/strong>, \u00e8 che il 72% dei lavoratori autonomi non ha n\u00e9 dipendenti, n\u00e9 collaboratori, con il 14% di autonomi che ha un solo cliente committente. Questo significa che il desiderio di autonomia si trasforma in \u201c<em>una dipendenza vera e propria<\/em>\u201d. Invece di essere professionisti che gestiscono il lavoro con grande soddisfazione, sia sotto l\u2019aspetto del tempo che delle finanze, sono persone che in una buona percentuale di casi \u201c<em>attuerebbe un percorso inverso<\/em>\u201d.<\/p>\n<h2>Giampiero Catone: la fuga del personale specializzato<\/h2>\n<p>L\u2019insoddisfazione non riguarda solo chi lavora in proprio, ma si estende anche ai dipendenti e a ogni tipo di personale specializzato. Medici, ingegneri, infermieri e tecnici di ogni genere fuggono verso altri Paesi dove sentono che il loro lavoro viene pi\u00f9 apprezzato, ovvero pagato meglio. <a title=\"Giampiero Catone, profilo crunchbase\" href=\"https:\/\/www.crunchbase.com\/person\/giampiero-catone\"><strong>Giampiero Catone<\/strong><\/a> cita una considerazione fatta dal professor Vincenzo Ferrante, ordinario di diritto del lavoro all\u2019Universit\u00e0 Cattolica del Sacro Cuore di Milano, il quale non ha dubbi nell\u2019affermare che ci\u00f2 che influenza maggiormente la cosiddetta \u201cfuga di cervelli\u201d \u00e8 \u201c<em>la questione retributiva<\/em>\u201d. \u201c<em>I salari<\/em> \u2013 spiega \u2013 <em>restano nel complesso di livello molto modesto e finiscono cos\u00ec per spingere una parte importante della manodopera pi\u00f9 professionalizzata e pi\u00f9 dinamica verso altri Paesi<\/em>\u201d. Ecco quindi che c\u2019\u00e8 bisogno di \u201c<em>riforme vere e coraggiose, [\u2026] modellate alle nostre necessit\u00e0 con un sistema che offra maggiori tutele e anche una fiscalit\u00e0 sul lavoro diversa, che incentivi chi fa e produce, che sia autonomo, dipendente o impresa<\/em>\u201d.<\/p>\n","protected":false},"excerpt":{"rendered":"<p>Nell\u2019editoriale pubblicato sul quotidiano \u201cLa Discussione\u201d, Giampiero Catone interviene sulla situazione del mondo del lavoro in Italia, approfondendo alcuni dei principali problemi. Giampiero Catone sul paradosso degli autonomi In Italia ci sono circa 5 milioni di lavoratori autonomi, una cifra che fa guadagnare alla nostra Penisola il titolo di Paese europeo con il pi\u00f9 alto numero di occupati in proprio. Molti di questi sono giovani. Su \u201c4 milioni di occupati<\/p>\n<p><a class=\"continue-reading\" href=\"https:\/\/www.article-marketing.eu\/comunicatistampa\/leditoriale-di-giampiero-catone-sui-problemi-del-lavoro-in-italia\/\">Continue reading&#8230;<\/a><\/p>\n","protected":false},"author":6477,"featured_media":0,"comment_status":"open","ping_status":"open","sticky":false,"template":"","format":"standard","meta":{"_monsterinsights_skip_tracking":false,"_monsterinsights_sitenote_active":false,"_monsterinsights_sitenote_note":"","_monsterinsights_sitenote_category":0,"footnotes":""},"categories":[78],"tags":[9329],"class_list":["post-25424","post","type-post","status-publish","format-standard","hentry","category-comunicati-stampa","tag-giampiero-catone"],"yoast_head":"<!-- This site is optimized with the Yoast SEO plugin v27.3 - https:\/\/yoast.com\/product\/yoast-seo-wordpress\/ -->\n<title>L\u2019editoriale di Giampiero Catone sui problemi del lavoro in Italia<\/title>\n<meta name=\"robots\" content=\"index, follow, max-snippet:-1, max-image-preview:large, max-video-preview:-1\" \/>\n<link rel=\"canonical\" href=\"https:\/\/www.article-marketing.eu\/comunicatistampa\/leditoriale-di-giampiero-catone-sui-problemi-del-lavoro-in-italia\/\" \/>\n<meta property=\"og:locale\" content=\"it_IT\" \/>\n<meta property=\"og:type\" content=\"article\" \/>\n<meta property=\"og:title\" content=\"L\u2019editoriale di Giampiero Catone sui problemi del lavoro in Italia\" \/>\n<meta property=\"og:description\" content=\"Nell\u2019editoriale pubblicato sul quotidiano \u201cLa Discussione\u201d, Giampiero Catone interviene sulla situazione del mondo del lavoro in Italia, approfondendo alcuni dei principali problemi. Giampiero Catone sul paradosso degli autonomi In Italia ci sono circa 5 milioni di lavoratori autonomi, una cifra che fa guadagnare alla nostra Penisola il titolo di Paese europeo con il pi\u00f9 alto numero di occupati in proprio. Molti di questi sono giovani. Su \u201c4 milioni di occupatiContinue reading...\" \/>\n<meta property=\"og:url\" content=\"https:\/\/www.article-marketing.eu\/comunicatistampa\/leditoriale-di-giampiero-catone-sui-problemi-del-lavoro-in-italia\/\" \/>\n<meta property=\"og:site_name\" content=\"Article Marketing\" \/>\n<meta property=\"article:published_time\" content=\"2022-11-16T07:55:40+00:00\" \/>\n<meta property=\"og:image\" content=\"https:\/\/res.cloudinary.com\/crunchbase-production\/image\/upload\/c_thumb,h_170,w_170,f_auto,g_faces,z_0.7,b_white,q_auto:eco,dpr_1\/zglwiz0co9tm6ys7jgzi\" \/>\n<meta name=\"author\" content=\"articolinews\" \/>\n<meta name=\"twitter:card\" content=\"summary_large_image\" \/>\n<meta name=\"twitter:label1\" content=\"Scritto da\" \/>\n\t<meta name=\"twitter:data1\" content=\"articolinews\" \/>\n\t<meta name=\"twitter:label2\" content=\"Tempo di lettura stimato\" \/>\n\t<meta name=\"twitter:data2\" content=\"2 minuti\" \/>\n<script type=\"application\/ld+json\" class=\"yoast-schema-graph\">{\"@context\":\"https:\\\/\\\/schema.org\",\"@graph\":[{\"@type\":\"Article\",\"@id\":\"https:\\\/\\\/www.article-marketing.eu\\\/comunicatistampa\\\/leditoriale-di-giampiero-catone-sui-problemi-del-lavoro-in-italia\\\/#article\",\"isPartOf\":{\"@id\":\"https:\\\/\\\/www.article-marketing.eu\\\/comunicatistampa\\\/leditoriale-di-giampiero-catone-sui-problemi-del-lavoro-in-italia\\\/\"},\"author\":{\"name\":\"articolinews\",\"@id\":\"https:\\\/\\\/www.article-marketing.eu\\\/comunicatistampa\\\/#\\\/schema\\\/person\\\/2fcaf8f8f3a9eef9eb7f27532d3ca458\"},\"headline\":\"L\u2019editoriale di Giampiero Catone sui problemi del lavoro in Italia\",\"datePublished\":\"2022-11-16T07:55:40+00:00\",\"mainEntityOfPage\":{\"@id\":\"https:\\\/\\\/www.article-marketing.eu\\\/comunicatistampa\\\/leditoriale-di-giampiero-catone-sui-problemi-del-lavoro-in-italia\\\/\"},\"wordCount\":337,\"commentCount\":0,\"image\":{\"@id\":\"https:\\\/\\\/www.article-marketing.eu\\\/comunicatistampa\\\/leditoriale-di-giampiero-catone-sui-problemi-del-lavoro-in-italia\\\/#primaryimage\"},\"thumbnailUrl\":\"https:\\\/\\\/res.cloudinary.com\\\/crunchbase-production\\\/image\\\/upload\\\/c_thumb,h_170,w_170,f_auto,g_faces,z_0.7,b_white,q_auto:eco,dpr_1\\\/zglwiz0co9tm6ys7jgzi\",\"keywords\":[\"Giampiero Catone\"],\"articleSection\":[\"Comunicati stampa\"],\"inLanguage\":\"it-IT\",\"potentialAction\":[{\"@type\":\"CommentAction\",\"name\":\"Comment\",\"target\":[\"https:\\\/\\\/www.article-marketing.eu\\\/comunicatistampa\\\/leditoriale-di-giampiero-catone-sui-problemi-del-lavoro-in-italia\\\/#respond\"]}]},{\"@type\":\"WebPage\",\"@id\":\"https:\\\/\\\/www.article-marketing.eu\\\/comunicatistampa\\\/leditoriale-di-giampiero-catone-sui-problemi-del-lavoro-in-italia\\\/\",\"url\":\"https:\\\/\\\/www.article-marketing.eu\\\/comunicatistampa\\\/leditoriale-di-giampiero-catone-sui-problemi-del-lavoro-in-italia\\\/\",\"name\":\"L\u2019editoriale di Giampiero Catone sui problemi del lavoro in Italia\",\"isPartOf\":{\"@id\":\"https:\\\/\\\/www.article-marketing.eu\\\/comunicatistampa\\\/#website\"},\"primaryImageOfPage\":{\"@id\":\"https:\\\/\\\/www.article-marketing.eu\\\/comunicatistampa\\\/leditoriale-di-giampiero-catone-sui-problemi-del-lavoro-in-italia\\\/#primaryimage\"},\"image\":{\"@id\":\"https:\\\/\\\/www.article-marketing.eu\\\/comunicatistampa\\\/leditoriale-di-giampiero-catone-sui-problemi-del-lavoro-in-italia\\\/#primaryimage\"},\"thumbnailUrl\":\"https:\\\/\\\/res.cloudinary.com\\\/crunchbase-production\\\/image\\\/upload\\\/c_thumb,h_170,w_170,f_auto,g_faces,z_0.7,b_white,q_auto:eco,dpr_1\\\/zglwiz0co9tm6ys7jgzi\",\"datePublished\":\"2022-11-16T07:55:40+00:00\",\"author\":{\"@id\":\"https:\\\/\\\/www.article-marketing.eu\\\/comunicatistampa\\\/#\\\/schema\\\/person\\\/2fcaf8f8f3a9eef9eb7f27532d3ca458\"},\"breadcrumb\":{\"@id\":\"https:\\\/\\\/www.article-marketing.eu\\\/comunicatistampa\\\/leditoriale-di-giampiero-catone-sui-problemi-del-lavoro-in-italia\\\/#breadcrumb\"},\"inLanguage\":\"it-IT\",\"potentialAction\":[{\"@type\":\"ReadAction\",\"target\":[\"https:\\\/\\\/www.article-marketing.eu\\\/comunicatistampa\\\/leditoriale-di-giampiero-catone-sui-problemi-del-lavoro-in-italia\\\/\"]}]},{\"@type\":\"ImageObject\",\"inLanguage\":\"it-IT\",\"@id\":\"https:\\\/\\\/www.article-marketing.eu\\\/comunicatistampa\\\/leditoriale-di-giampiero-catone-sui-problemi-del-lavoro-in-italia\\\/#primaryimage\",\"url\":\"https:\\\/\\\/res.cloudinary.com\\\/crunchbase-production\\\/image\\\/upload\\\/c_thumb,h_170,w_170,f_auto,g_faces,z_0.7,b_white,q_auto:eco,dpr_1\\\/zglwiz0co9tm6ys7jgzi\",\"contentUrl\":\"https:\\\/\\\/res.cloudinary.com\\\/crunchbase-production\\\/image\\\/upload\\\/c_thumb,h_170,w_170,f_auto,g_faces,z_0.7,b_white,q_auto:eco,dpr_1\\\/zglwiz0co9tm6ys7jgzi\"},{\"@type\":\"BreadcrumbList\",\"@id\":\"https:\\\/\\\/www.article-marketing.eu\\\/comunicatistampa\\\/leditoriale-di-giampiero-catone-sui-problemi-del-lavoro-in-italia\\\/#breadcrumb\",\"itemListElement\":[{\"@type\":\"ListItem\",\"position\":1,\"name\":\"Home\",\"item\":\"https:\\\/\\\/www.article-marketing.eu\\\/comunicatistampa\\\/\"},{\"@type\":\"ListItem\",\"position\":2,\"name\":\"L\u2019editoriale di Giampiero Catone sui problemi del lavoro in Italia\"}]},{\"@type\":\"WebSite\",\"@id\":\"https:\\\/\\\/www.article-marketing.eu\\\/comunicatistampa\\\/#website\",\"url\":\"https:\\\/\\\/www.article-marketing.eu\\\/comunicatistampa\\\/\",\"name\":\"Article Marketing\",\"description\":\"article marketing &amp; press release\",\"potentialAction\":[{\"@type\":\"SearchAction\",\"target\":{\"@type\":\"EntryPoint\",\"urlTemplate\":\"https:\\\/\\\/www.article-marketing.eu\\\/comunicatistampa\\\/?s={search_term_string}\"},\"query-input\":{\"@type\":\"PropertyValueSpecification\",\"valueRequired\":true,\"valueName\":\"search_term_string\"}}],\"inLanguage\":\"it-IT\"},{\"@type\":\"Person\",\"@id\":\"https:\\\/\\\/www.article-marketing.eu\\\/comunicatistampa\\\/#\\\/schema\\\/person\\\/2fcaf8f8f3a9eef9eb7f27532d3ca458\",\"name\":\"articolinews\",\"image\":{\"@type\":\"ImageObject\",\"inLanguage\":\"it-IT\",\"@id\":\"https:\\\/\\\/secure.gravatar.com\\\/avatar\\\/9e2a264bab04e17dea24d937c9956304649a848cb73c46747a692ff1bdeb1cb7?s=96&d=mm&r=g\",\"url\":\"https:\\\/\\\/secure.gravatar.com\\\/avatar\\\/9e2a264bab04e17dea24d937c9956304649a848cb73c46747a692ff1bdeb1cb7?s=96&d=mm&r=g\",\"contentUrl\":\"https:\\\/\\\/secure.gravatar.com\\\/avatar\\\/9e2a264bab04e17dea24d937c9956304649a848cb73c46747a692ff1bdeb1cb7?s=96&d=mm&r=g\",\"caption\":\"articolinews\"},\"url\":\"https:\\\/\\\/www.article-marketing.eu\\\/comunicatistampa\\\/author\\\/articolinews\\\/\"}]}<\/script>\n<!-- \/ Yoast SEO plugin. -->","yoast_head_json":{"title":"L\u2019editoriale di Giampiero Catone sui problemi del lavoro in Italia","robots":{"index":"index","follow":"follow","max-snippet":"max-snippet:-1","max-image-preview":"max-image-preview:large","max-video-preview":"max-video-preview:-1"},"canonical":"https:\/\/www.article-marketing.eu\/comunicatistampa\/leditoriale-di-giampiero-catone-sui-problemi-del-lavoro-in-italia\/","og_locale":"it_IT","og_type":"article","og_title":"L\u2019editoriale di Giampiero Catone sui problemi del lavoro in Italia","og_description":"Nell\u2019editoriale pubblicato sul quotidiano \u201cLa Discussione\u201d, Giampiero Catone interviene sulla situazione del mondo del lavoro in Italia, approfondendo alcuni dei principali problemi. Giampiero Catone sul paradosso degli autonomi In Italia ci sono circa 5 milioni di lavoratori autonomi, una cifra che fa guadagnare alla nostra Penisola il titolo di Paese europeo con il pi\u00f9 alto numero di occupati in proprio. Molti di questi sono giovani. Su \u201c4 milioni di occupatiContinue reading...","og_url":"https:\/\/www.article-marketing.eu\/comunicatistampa\/leditoriale-di-giampiero-catone-sui-problemi-del-lavoro-in-italia\/","og_site_name":"Article Marketing","article_published_time":"2022-11-16T07:55:40+00:00","og_image":[{"url":"https:\/\/res.cloudinary.com\/crunchbase-production\/image\/upload\/c_thumb,h_170,w_170,f_auto,g_faces,z_0.7,b_white,q_auto:eco,dpr_1\/zglwiz0co9tm6ys7jgzi","type":"","width":"","height":""}],"author":"articolinews","twitter_card":"summary_large_image","twitter_misc":{"Scritto da":"articolinews","Tempo di lettura stimato":"2 minuti"},"schema":{"@context":"https:\/\/schema.org","@graph":[{"@type":"Article","@id":"https:\/\/www.article-marketing.eu\/comunicatistampa\/leditoriale-di-giampiero-catone-sui-problemi-del-lavoro-in-italia\/#article","isPartOf":{"@id":"https:\/\/www.article-marketing.eu\/comunicatistampa\/leditoriale-di-giampiero-catone-sui-problemi-del-lavoro-in-italia\/"},"author":{"name":"articolinews","@id":"https:\/\/www.article-marketing.eu\/comunicatistampa\/#\/schema\/person\/2fcaf8f8f3a9eef9eb7f27532d3ca458"},"headline":"L\u2019editoriale di Giampiero Catone sui problemi del lavoro in Italia","datePublished":"2022-11-16T07:55:40+00:00","mainEntityOfPage":{"@id":"https:\/\/www.article-marketing.eu\/comunicatistampa\/leditoriale-di-giampiero-catone-sui-problemi-del-lavoro-in-italia\/"},"wordCount":337,"commentCount":0,"image":{"@id":"https:\/\/www.article-marketing.eu\/comunicatistampa\/leditoriale-di-giampiero-catone-sui-problemi-del-lavoro-in-italia\/#primaryimage"},"thumbnailUrl":"https:\/\/res.cloudinary.com\/crunchbase-production\/image\/upload\/c_thumb,h_170,w_170,f_auto,g_faces,z_0.7,b_white,q_auto:eco,dpr_1\/zglwiz0co9tm6ys7jgzi","keywords":["Giampiero Catone"],"articleSection":["Comunicati stampa"],"inLanguage":"it-IT","potentialAction":[{"@type":"CommentAction","name":"Comment","target":["https:\/\/www.article-marketing.eu\/comunicatistampa\/leditoriale-di-giampiero-catone-sui-problemi-del-lavoro-in-italia\/#respond"]}]},{"@type":"WebPage","@id":"https:\/\/www.article-marketing.eu\/comunicatistampa\/leditoriale-di-giampiero-catone-sui-problemi-del-lavoro-in-italia\/","url":"https:\/\/www.article-marketing.eu\/comunicatistampa\/leditoriale-di-giampiero-catone-sui-problemi-del-lavoro-in-italia\/","name":"L\u2019editoriale di Giampiero Catone sui problemi del lavoro in Italia","isPartOf":{"@id":"https:\/\/www.article-marketing.eu\/comunicatistampa\/#website"},"primaryImageOfPage":{"@id":"https:\/\/www.article-marketing.eu\/comunicatistampa\/leditoriale-di-giampiero-catone-sui-problemi-del-lavoro-in-italia\/#primaryimage"},"image":{"@id":"https:\/\/www.article-marketing.eu\/comunicatistampa\/leditoriale-di-giampiero-catone-sui-problemi-del-lavoro-in-italia\/#primaryimage"},"thumbnailUrl":"https:\/\/res.cloudinary.com\/crunchbase-production\/image\/upload\/c_thumb,h_170,w_170,f_auto,g_faces,z_0.7,b_white,q_auto:eco,dpr_1\/zglwiz0co9tm6ys7jgzi","datePublished":"2022-11-16T07:55:40+00:00","author":{"@id":"https:\/\/www.article-marketing.eu\/comunicatistampa\/#\/schema\/person\/2fcaf8f8f3a9eef9eb7f27532d3ca458"},"breadcrumb":{"@id":"https:\/\/www.article-marketing.eu\/comunicatistampa\/leditoriale-di-giampiero-catone-sui-problemi-del-lavoro-in-italia\/#breadcrumb"},"inLanguage":"it-IT","potentialAction":[{"@type":"ReadAction","target":["https:\/\/www.article-marketing.eu\/comunicatistampa\/leditoriale-di-giampiero-catone-sui-problemi-del-lavoro-in-italia\/"]}]},{"@type":"ImageObject","inLanguage":"it-IT","@id":"https:\/\/www.article-marketing.eu\/comunicatistampa\/leditoriale-di-giampiero-catone-sui-problemi-del-lavoro-in-italia\/#primaryimage","url":"https:\/\/res.cloudinary.com\/crunchbase-production\/image\/upload\/c_thumb,h_170,w_170,f_auto,g_faces,z_0.7,b_white,q_auto:eco,dpr_1\/zglwiz0co9tm6ys7jgzi","contentUrl":"https:\/\/res.cloudinary.com\/crunchbase-production\/image\/upload\/c_thumb,h_170,w_170,f_auto,g_faces,z_0.7,b_white,q_auto:eco,dpr_1\/zglwiz0co9tm6ys7jgzi"},{"@type":"BreadcrumbList","@id":"https:\/\/www.article-marketing.eu\/comunicatistampa\/leditoriale-di-giampiero-catone-sui-problemi-del-lavoro-in-italia\/#breadcrumb","itemListElement":[{"@type":"ListItem","position":1,"name":"Home","item":"https:\/\/www.article-marketing.eu\/comunicatistampa\/"},{"@type":"ListItem","position":2,"name":"L\u2019editoriale di Giampiero Catone sui problemi del lavoro in Italia"}]},{"@type":"WebSite","@id":"https:\/\/www.article-marketing.eu\/comunicatistampa\/#website","url":"https:\/\/www.article-marketing.eu\/comunicatistampa\/","name":"Article Marketing","description":"article marketing &amp; press release","potentialAction":[{"@type":"SearchAction","target":{"@type":"EntryPoint","urlTemplate":"https:\/\/www.article-marketing.eu\/comunicatistampa\/?s={search_term_string}"},"query-input":{"@type":"PropertyValueSpecification","valueRequired":true,"valueName":"search_term_string"}}],"inLanguage":"it-IT"},{"@type":"Person","@id":"https:\/\/www.article-marketing.eu\/comunicatistampa\/#\/schema\/person\/2fcaf8f8f3a9eef9eb7f27532d3ca458","name":"articolinews","image":{"@type":"ImageObject","inLanguage":"it-IT","@id":"https:\/\/secure.gravatar.com\/avatar\/9e2a264bab04e17dea24d937c9956304649a848cb73c46747a692ff1bdeb1cb7?s=96&d=mm&r=g","url":"https:\/\/secure.gravatar.com\/avatar\/9e2a264bab04e17dea24d937c9956304649a848cb73c46747a692ff1bdeb1cb7?s=96&d=mm&r=g","contentUrl":"https:\/\/secure.gravatar.com\/avatar\/9e2a264bab04e17dea24d937c9956304649a848cb73c46747a692ff1bdeb1cb7?s=96&d=mm&r=g","caption":"articolinews"},"url":"https:\/\/www.article-marketing.eu\/comunicatistampa\/author\/articolinews\/"}]}},"_links":{"self":[{"href":"https:\/\/www.article-marketing.eu\/comunicatistampa\/wp-json\/wp\/v2\/posts\/25424","targetHints":{"allow":["GET"]}}],"collection":[{"href":"https:\/\/www.article-marketing.eu\/comunicatistampa\/wp-json\/wp\/v2\/posts"}],"about":[{"href":"https:\/\/www.article-marketing.eu\/comunicatistampa\/wp-json\/wp\/v2\/types\/post"}],"author":[{"embeddable":true,"href":"https:\/\/www.article-marketing.eu\/comunicatistampa\/wp-json\/wp\/v2\/users\/6477"}],"replies":[{"embeddable":true,"href":"https:\/\/www.article-marketing.eu\/comunicatistampa\/wp-json\/wp\/v2\/comments?post=25424"}],"version-history":[{"count":2,"href":"https:\/\/www.article-marketing.eu\/comunicatistampa\/wp-json\/wp\/v2\/posts\/25424\/revisions"}],"predecessor-version":[{"id":25476,"href":"https:\/\/www.article-marketing.eu\/comunicatistampa\/wp-json\/wp\/v2\/posts\/25424\/revisions\/25476"}],"wp:attachment":[{"href":"https:\/\/www.article-marketing.eu\/comunicatistampa\/wp-json\/wp\/v2\/media?parent=25424"}],"wp:term":[{"taxonomy":"category","embeddable":true,"href":"https:\/\/www.article-marketing.eu\/comunicatistampa\/wp-json\/wp\/v2\/categories?post=25424"},{"taxonomy":"post_tag","embeddable":true,"href":"https:\/\/www.article-marketing.eu\/comunicatistampa\/wp-json\/wp\/v2\/tags?post=25424"}],"curies":[{"name":"wp","href":"https:\/\/api.w.org\/{rel}","templated":true}]}}