{"id":25428,"date":"2022-11-16T08:45:36","date_gmt":"2022-11-16T07:45:36","guid":{"rendered":"https:\/\/www.article-marketing.eu\/comunicatistampa\/?p=25428"},"modified":"2022-11-15T16:15:25","modified_gmt":"2022-11-15T15:15:25","slug":"marco-domizio-chi-e-lesperto-del-settore-rifiuti-esperienze-e-iniziative-imprenditoriali","status":"publish","type":"post","link":"https:\/\/www.article-marketing.eu\/comunicatistampa\/marco-domizio-chi-e-lesperto-del-settore-rifiuti-esperienze-e-iniziative-imprenditoriali\/","title":{"rendered":"Marco Domizio, chi \u00e8 l\u2019esperto del settore rifiuti: esperienze e iniziative imprenditoriali"},"content":{"rendered":"<p><strong><em><a title=\"Marco Domizio, profilo linkedin\" href=\"https:\/\/it.linkedin.com\/in\/domiziomarco\">Marco Domizio<\/a>: l\u2019ingresso nel settore dei rifiuti subito dopo il diploma, la crescita professionale e il percorso che ha portato alla nascita di Ares Ambiente.\u00a0<\/em><\/strong><\/p>\n<p><a title=\"Profilo linkedin Marco Domizio\" href=\"https:\/\/it.linkedin.com\/in\/domiziomarco\"><img loading=\"lazy\" decoding=\"async\" src=\"https:\/\/media-exp1.licdn.com\/dms\/image\/C4D03AQH3xC9JS38f8A\/profile-displayphoto-shrink_800_800\/0\/1541565051449?e=2147483647&amp;v=beta&amp;t=x4Op-9EtT9D4VPBMQKGWxm9n7Hewhz5qlloMB7iDF5s\" alt=\"Marco Domizio\" width=\"200\" height=\"200\" \/><\/a><\/p>\n<h2>Marco Domizio: formazione e prime sfide professionali<\/h2>\n<p>L\u2019esordio di <strong>Marco Nicola Domizio<\/strong> nel settore dell\u2019intermediazione dei rifiuti avviene nei primi anni \u201990. Originario di Bergamo, classe 1974, ottenuto il diploma inizia subito a collaborare con un\u2019azienda lombarda specializzata nel settore, esperienza che gli consente di sviluppare competenze anche nell\u2019ambito delle gare di appalto. Il percorso prosegue con l\u2019ingresso in una societ\u00e0 attiva negli spurghi e nelle pulizie industriali. Assunto nel ruolo di Responsabile Commerciale, contribuisce all\u2019espansione della clientela e partecipa attivamente alla realizzazione di un impianto di compostaggio in provincia di Bergamo. Per <strong>Marco Domizio<\/strong> \u00e8 il primo di una lunga serie di traguardi. Con lo stesso incarico passa infatti ad una primaria azienda di Milano, occupandosi con successo dell\u2019installazione di sette impianti di trito-vagliatura nel territorio della regione Campania. Sono anni decisamente fruttuosi per l\u2019imprenditore, che continua ad ampliare le sue competenze occupandosi anche di attivit\u00e0 di trasporto transfrontaliero di rifiuti sia a mezzo gomma\/intermodale che a mezzo nave.<\/p>\n<h2>Marco Nicola Domizio: Ares Ambiente, le origini dell\u2019eccellenza bergamasca<\/h2>\n<p>Terminata l\u2019esperienza milanese, <a title=\"Marco Domizio: linkedin\" href=\"https:\/\/it.linkedin.com\/in\/domiziomarco\"><strong>Marco Domizio<\/strong><\/a> continua a farsi strada nel settore come Responsabile Commerciale di un impianto di compostaggio in provincia di Bergamo. Dopo una parentesi come Responsabile di una cava di estrazione di minerali naturali, porta avanti una collaborazione con due societ\u00e0 specializzate nel settore ambientale. Con oltre 15 anni di competenze maturate sia sotto il profilo del trattamento, del deposito e della conoscenza chimico fisica dei rifiuti che nell\u2019ambito gestionale e autorizzativo, nel 2008 <strong>Marco Nicola Domizio<\/strong> fonda a Treviolo Ares Ambiente. L\u2019iniziativa imprenditoriale si riveler\u00e0 un successo. In pochi anni la societ\u00e0, specializzata nello smaltimento, recupero e trasporto dei rifiuti urbani, nonch\u00e9 nella gestione di impianti autorizzati, espande le sue attivit\u00e0 su tutto il territorio italiano. La crescita e la solidit\u00e0 finanziaria di Ares Ambiente \u00e8 stata riconosciuta anche dal quotidiano \u201cLombardiaPost\u201d, che le ha conferito il titolo di azienda \u201cBest Performer\u201d della provincia di Bergamo.<\/p>\n","protected":false},"excerpt":{"rendered":"<p>Marco Domizio: l\u2019ingresso nel settore dei rifiuti subito dopo il diploma, la crescita professionale e il percorso che ha portato alla nascita di Ares Ambiente.\u00a0 Marco Domizio: formazione e prime sfide professionali L\u2019esordio di Marco Nicola Domizio nel settore dell\u2019intermediazione dei rifiuti avviene nei primi anni \u201990. Originario di Bergamo, classe 1974, ottenuto il diploma inizia subito a collaborare con un\u2019azienda lombarda specializzata nel settore, esperienza che gli consente di<\/p>\n<p><a class=\"continue-reading\" href=\"https:\/\/www.article-marketing.eu\/comunicatistampa\/marco-domizio-chi-e-lesperto-del-settore-rifiuti-esperienze-e-iniziative-imprenditoriali\/\">Continue reading&#8230;<\/a><\/p>\n","protected":false},"author":6477,"featured_media":0,"comment_status":"open","ping_status":"open","sticky":false,"template":"","format":"standard","meta":{"_monsterinsights_skip_tracking":false,"_monsterinsights_sitenote_active":false,"_monsterinsights_sitenote_note":"","_monsterinsights_sitenote_category":0,"footnotes":""},"categories":[386],"tags":[9620],"class_list":["post-25428","post","type-post","status-publish","format-standard","hentry","category-economia-e-lavoro","tag-marco-domizio"],"yoast_head":"<!-- This site is optimized with the Yoast SEO plugin v27.3 - https:\/\/yoast.com\/product\/yoast-seo-wordpress\/ -->\n<title>Marco Domizio, chi \u00e8 l\u2019esperto del settore rifiuti: esperienze e iniziative imprenditoriali<\/title>\n<meta name=\"robots\" content=\"index, follow, max-snippet:-1, max-image-preview:large, max-video-preview:-1\" \/>\n<link rel=\"canonical\" href=\"https:\/\/www.article-marketing.eu\/comunicatistampa\/marco-domizio-chi-e-lesperto-del-settore-rifiuti-esperienze-e-iniziative-imprenditoriali\/\" \/>\n<meta property=\"og:locale\" content=\"it_IT\" \/>\n<meta property=\"og:type\" content=\"article\" \/>\n<meta property=\"og:title\" content=\"Marco Domizio, chi \u00e8 l\u2019esperto del settore rifiuti: esperienze e iniziative imprenditoriali\" \/>\n<meta property=\"og:description\" content=\"Marco Domizio: l\u2019ingresso nel settore dei rifiuti subito dopo il diploma, la crescita professionale e il percorso che ha portato alla nascita di Ares Ambiente.\u00a0 Marco Domizio: formazione e prime sfide professionali L\u2019esordio di Marco Nicola Domizio nel settore dell\u2019intermediazione dei rifiuti avviene nei primi anni \u201990. Originario di Bergamo, classe 1974, ottenuto il diploma inizia subito a collaborare con un\u2019azienda lombarda specializzata nel settore, esperienza che gli consente diContinue reading...\" \/>\n<meta property=\"og:url\" content=\"https:\/\/www.article-marketing.eu\/comunicatistampa\/marco-domizio-chi-e-lesperto-del-settore-rifiuti-esperienze-e-iniziative-imprenditoriali\/\" \/>\n<meta property=\"og:site_name\" content=\"Article Marketing\" \/>\n<meta property=\"article:published_time\" content=\"2022-11-16T07:45:36+00:00\" \/>\n<meta property=\"og:image\" content=\"https:\/\/media-exp1.licdn.com\/dms\/image\/C4D03AQH3xC9JS38f8A\/profile-displayphoto-shrink_800_800\/0\/1541565051449?e=2147483647&amp;v=beta&amp;t=x4Op-9EtT9D4VPBMQKGWxm9n7Hewhz5qlloMB7iDF5s\" \/>\n<meta name=\"author\" content=\"articolinews\" \/>\n<meta name=\"twitter:card\" content=\"summary_large_image\" \/>\n<meta name=\"twitter:label1\" content=\"Scritto da\" \/>\n\t<meta name=\"twitter:data1\" content=\"articolinews\" \/>\n\t<meta name=\"twitter:label2\" content=\"Tempo di lettura stimato\" \/>\n\t<meta name=\"twitter:data2\" content=\"3 minuti\" \/>\n<script type=\"application\/ld+json\" class=\"yoast-schema-graph\">{\"@context\":\"https:\\\/\\\/schema.org\",\"@graph\":[{\"@type\":\"Article\",\"@id\":\"https:\\\/\\\/www.article-marketing.eu\\\/comunicatistampa\\\/marco-domizio-chi-e-lesperto-del-settore-rifiuti-esperienze-e-iniziative-imprenditoriali\\\/#article\",\"isPartOf\":{\"@id\":\"https:\\\/\\\/www.article-marketing.eu\\\/comunicatistampa\\\/marco-domizio-chi-e-lesperto-del-settore-rifiuti-esperienze-e-iniziative-imprenditoriali\\\/\"},\"author\":{\"name\":\"articolinews\",\"@id\":\"https:\\\/\\\/www.article-marketing.eu\\\/comunicatistampa\\\/#\\\/schema\\\/person\\\/2fcaf8f8f3a9eef9eb7f27532d3ca458\"},\"headline\":\"Marco Domizio, chi \u00e8 l\u2019esperto del settore rifiuti: esperienze e iniziative imprenditoriali\",\"datePublished\":\"2022-11-16T07:45:36+00:00\",\"mainEntityOfPage\":{\"@id\":\"https:\\\/\\\/www.article-marketing.eu\\\/comunicatistampa\\\/marco-domizio-chi-e-lesperto-del-settore-rifiuti-esperienze-e-iniziative-imprenditoriali\\\/\"},\"wordCount\":363,\"commentCount\":0,\"image\":{\"@id\":\"https:\\\/\\\/www.article-marketing.eu\\\/comunicatistampa\\\/marco-domizio-chi-e-lesperto-del-settore-rifiuti-esperienze-e-iniziative-imprenditoriali\\\/#primaryimage\"},\"thumbnailUrl\":\"https:\\\/\\\/media-exp1.licdn.com\\\/dms\\\/image\\\/C4D03AQH3xC9JS38f8A\\\/profile-displayphoto-shrink_800_800\\\/0\\\/1541565051449?e=2147483647&amp;v=beta&amp;t=x4Op-9EtT9D4VPBMQKGWxm9n7Hewhz5qlloMB7iDF5s\",\"keywords\":[\"Marco Domizio\"],\"articleSection\":[\"Economia e lavoro\"],\"inLanguage\":\"it-IT\",\"potentialAction\":[{\"@type\":\"CommentAction\",\"name\":\"Comment\",\"target\":[\"https:\\\/\\\/www.article-marketing.eu\\\/comunicatistampa\\\/marco-domizio-chi-e-lesperto-del-settore-rifiuti-esperienze-e-iniziative-imprenditoriali\\\/#respond\"]}]},{\"@type\":\"WebPage\",\"@id\":\"https:\\\/\\\/www.article-marketing.eu\\\/comunicatistampa\\\/marco-domizio-chi-e-lesperto-del-settore-rifiuti-esperienze-e-iniziative-imprenditoriali\\\/\",\"url\":\"https:\\\/\\\/www.article-marketing.eu\\\/comunicatistampa\\\/marco-domizio-chi-e-lesperto-del-settore-rifiuti-esperienze-e-iniziative-imprenditoriali\\\/\",\"name\":\"Marco Domizio, chi \u00e8 l\u2019esperto del settore rifiuti: esperienze e iniziative imprenditoriali\",\"isPartOf\":{\"@id\":\"https:\\\/\\\/www.article-marketing.eu\\\/comunicatistampa\\\/#website\"},\"primaryImageOfPage\":{\"@id\":\"https:\\\/\\\/www.article-marketing.eu\\\/comunicatistampa\\\/marco-domizio-chi-e-lesperto-del-settore-rifiuti-esperienze-e-iniziative-imprenditoriali\\\/#primaryimage\"},\"image\":{\"@id\":\"https:\\\/\\\/www.article-marketing.eu\\\/comunicatistampa\\\/marco-domizio-chi-e-lesperto-del-settore-rifiuti-esperienze-e-iniziative-imprenditoriali\\\/#primaryimage\"},\"thumbnailUrl\":\"https:\\\/\\\/media-exp1.licdn.com\\\/dms\\\/image\\\/C4D03AQH3xC9JS38f8A\\\/profile-displayphoto-shrink_800_800\\\/0\\\/1541565051449?e=2147483647&amp;v=beta&amp;t=x4Op-9EtT9D4VPBMQKGWxm9n7Hewhz5qlloMB7iDF5s\",\"datePublished\":\"2022-11-16T07:45:36+00:00\",\"author\":{\"@id\":\"https:\\\/\\\/www.article-marketing.eu\\\/comunicatistampa\\\/#\\\/schema\\\/person\\\/2fcaf8f8f3a9eef9eb7f27532d3ca458\"},\"breadcrumb\":{\"@id\":\"https:\\\/\\\/www.article-marketing.eu\\\/comunicatistampa\\\/marco-domizio-chi-e-lesperto-del-settore-rifiuti-esperienze-e-iniziative-imprenditoriali\\\/#breadcrumb\"},\"inLanguage\":\"it-IT\",\"potentialAction\":[{\"@type\":\"ReadAction\",\"target\":[\"https:\\\/\\\/www.article-marketing.eu\\\/comunicatistampa\\\/marco-domizio-chi-e-lesperto-del-settore-rifiuti-esperienze-e-iniziative-imprenditoriali\\\/\"]}]},{\"@type\":\"ImageObject\",\"inLanguage\":\"it-IT\",\"@id\":\"https:\\\/\\\/www.article-marketing.eu\\\/comunicatistampa\\\/marco-domizio-chi-e-lesperto-del-settore-rifiuti-esperienze-e-iniziative-imprenditoriali\\\/#primaryimage\",\"url\":\"https:\\\/\\\/media-exp1.licdn.com\\\/dms\\\/image\\\/C4D03AQH3xC9JS38f8A\\\/profile-displayphoto-shrink_800_800\\\/0\\\/1541565051449?e=2147483647&amp;v=beta&amp;t=x4Op-9EtT9D4VPBMQKGWxm9n7Hewhz5qlloMB7iDF5s\",\"contentUrl\":\"https:\\\/\\\/media-exp1.licdn.com\\\/dms\\\/image\\\/C4D03AQH3xC9JS38f8A\\\/profile-displayphoto-shrink_800_800\\\/0\\\/1541565051449?e=2147483647&amp;v=beta&amp;t=x4Op-9EtT9D4VPBMQKGWxm9n7Hewhz5qlloMB7iDF5s\"},{\"@type\":\"BreadcrumbList\",\"@id\":\"https:\\\/\\\/www.article-marketing.eu\\\/comunicatistampa\\\/marco-domizio-chi-e-lesperto-del-settore-rifiuti-esperienze-e-iniziative-imprenditoriali\\\/#breadcrumb\",\"itemListElement\":[{\"@type\":\"ListItem\",\"position\":1,\"name\":\"Home\",\"item\":\"https:\\\/\\\/www.article-marketing.eu\\\/comunicatistampa\\\/\"},{\"@type\":\"ListItem\",\"position\":2,\"name\":\"Marco Domizio, chi \u00e8 l\u2019esperto del settore rifiuti: esperienze e iniziative imprenditoriali\"}]},{\"@type\":\"WebSite\",\"@id\":\"https:\\\/\\\/www.article-marketing.eu\\\/comunicatistampa\\\/#website\",\"url\":\"https:\\\/\\\/www.article-marketing.eu\\\/comunicatistampa\\\/\",\"name\":\"Article Marketing\",\"description\":\"article marketing &amp; press release\",\"potentialAction\":[{\"@type\":\"SearchAction\",\"target\":{\"@type\":\"EntryPoint\",\"urlTemplate\":\"https:\\\/\\\/www.article-marketing.eu\\\/comunicatistampa\\\/?s={search_term_string}\"},\"query-input\":{\"@type\":\"PropertyValueSpecification\",\"valueRequired\":true,\"valueName\":\"search_term_string\"}}],\"inLanguage\":\"it-IT\"},{\"@type\":\"Person\",\"@id\":\"https:\\\/\\\/www.article-marketing.eu\\\/comunicatistampa\\\/#\\\/schema\\\/person\\\/2fcaf8f8f3a9eef9eb7f27532d3ca458\",\"name\":\"articolinews\",\"image\":{\"@type\":\"ImageObject\",\"inLanguage\":\"it-IT\",\"@id\":\"https:\\\/\\\/secure.gravatar.com\\\/avatar\\\/9e2a264bab04e17dea24d937c9956304649a848cb73c46747a692ff1bdeb1cb7?s=96&d=mm&r=g\",\"url\":\"https:\\\/\\\/secure.gravatar.com\\\/avatar\\\/9e2a264bab04e17dea24d937c9956304649a848cb73c46747a692ff1bdeb1cb7?s=96&d=mm&r=g\",\"contentUrl\":\"https:\\\/\\\/secure.gravatar.com\\\/avatar\\\/9e2a264bab04e17dea24d937c9956304649a848cb73c46747a692ff1bdeb1cb7?s=96&d=mm&r=g\",\"caption\":\"articolinews\"},\"url\":\"https:\\\/\\\/www.article-marketing.eu\\\/comunicatistampa\\\/author\\\/articolinews\\\/\"}]}<\/script>\n<!-- \/ Yoast SEO plugin. -->","yoast_head_json":{"title":"Marco Domizio, chi \u00e8 l\u2019esperto del settore rifiuti: esperienze e iniziative imprenditoriali","robots":{"index":"index","follow":"follow","max-snippet":"max-snippet:-1","max-image-preview":"max-image-preview:large","max-video-preview":"max-video-preview:-1"},"canonical":"https:\/\/www.article-marketing.eu\/comunicatistampa\/marco-domizio-chi-e-lesperto-del-settore-rifiuti-esperienze-e-iniziative-imprenditoriali\/","og_locale":"it_IT","og_type":"article","og_title":"Marco Domizio, chi \u00e8 l\u2019esperto del settore rifiuti: esperienze e iniziative imprenditoriali","og_description":"Marco Domizio: l\u2019ingresso nel settore dei rifiuti subito dopo il diploma, la crescita professionale e il percorso che ha portato alla nascita di Ares Ambiente.\u00a0 Marco Domizio: formazione e prime sfide professionali L\u2019esordio di Marco Nicola Domizio nel settore dell\u2019intermediazione dei rifiuti avviene nei primi anni \u201990. Originario di Bergamo, classe 1974, ottenuto il diploma inizia subito a collaborare con un\u2019azienda lombarda specializzata nel settore, esperienza che gli consente diContinue reading...","og_url":"https:\/\/www.article-marketing.eu\/comunicatistampa\/marco-domizio-chi-e-lesperto-del-settore-rifiuti-esperienze-e-iniziative-imprenditoriali\/","og_site_name":"Article Marketing","article_published_time":"2022-11-16T07:45:36+00:00","og_image":[{"url":"https:\/\/media-exp1.licdn.com\/dms\/image\/C4D03AQH3xC9JS38f8A\/profile-displayphoto-shrink_800_800\/0\/1541565051449?e=2147483647&amp;v=beta&amp;t=x4Op-9EtT9D4VPBMQKGWxm9n7Hewhz5qlloMB7iDF5s","type":"","width":"","height":""}],"author":"articolinews","twitter_card":"summary_large_image","twitter_misc":{"Scritto da":"articolinews","Tempo di lettura stimato":"3 minuti"},"schema":{"@context":"https:\/\/schema.org","@graph":[{"@type":"Article","@id":"https:\/\/www.article-marketing.eu\/comunicatistampa\/marco-domizio-chi-e-lesperto-del-settore-rifiuti-esperienze-e-iniziative-imprenditoriali\/#article","isPartOf":{"@id":"https:\/\/www.article-marketing.eu\/comunicatistampa\/marco-domizio-chi-e-lesperto-del-settore-rifiuti-esperienze-e-iniziative-imprenditoriali\/"},"author":{"name":"articolinews","@id":"https:\/\/www.article-marketing.eu\/comunicatistampa\/#\/schema\/person\/2fcaf8f8f3a9eef9eb7f27532d3ca458"},"headline":"Marco Domizio, chi \u00e8 l\u2019esperto del settore rifiuti: esperienze e iniziative imprenditoriali","datePublished":"2022-11-16T07:45:36+00:00","mainEntityOfPage":{"@id":"https:\/\/www.article-marketing.eu\/comunicatistampa\/marco-domizio-chi-e-lesperto-del-settore-rifiuti-esperienze-e-iniziative-imprenditoriali\/"},"wordCount":363,"commentCount":0,"image":{"@id":"https:\/\/www.article-marketing.eu\/comunicatistampa\/marco-domizio-chi-e-lesperto-del-settore-rifiuti-esperienze-e-iniziative-imprenditoriali\/#primaryimage"},"thumbnailUrl":"https:\/\/media-exp1.licdn.com\/dms\/image\/C4D03AQH3xC9JS38f8A\/profile-displayphoto-shrink_800_800\/0\/1541565051449?e=2147483647&amp;v=beta&amp;t=x4Op-9EtT9D4VPBMQKGWxm9n7Hewhz5qlloMB7iDF5s","keywords":["Marco Domizio"],"articleSection":["Economia e lavoro"],"inLanguage":"it-IT","potentialAction":[{"@type":"CommentAction","name":"Comment","target":["https:\/\/www.article-marketing.eu\/comunicatistampa\/marco-domizio-chi-e-lesperto-del-settore-rifiuti-esperienze-e-iniziative-imprenditoriali\/#respond"]}]},{"@type":"WebPage","@id":"https:\/\/www.article-marketing.eu\/comunicatistampa\/marco-domizio-chi-e-lesperto-del-settore-rifiuti-esperienze-e-iniziative-imprenditoriali\/","url":"https:\/\/www.article-marketing.eu\/comunicatistampa\/marco-domizio-chi-e-lesperto-del-settore-rifiuti-esperienze-e-iniziative-imprenditoriali\/","name":"Marco Domizio, chi \u00e8 l\u2019esperto del settore rifiuti: esperienze e iniziative imprenditoriali","isPartOf":{"@id":"https:\/\/www.article-marketing.eu\/comunicatistampa\/#website"},"primaryImageOfPage":{"@id":"https:\/\/www.article-marketing.eu\/comunicatistampa\/marco-domizio-chi-e-lesperto-del-settore-rifiuti-esperienze-e-iniziative-imprenditoriali\/#primaryimage"},"image":{"@id":"https:\/\/www.article-marketing.eu\/comunicatistampa\/marco-domizio-chi-e-lesperto-del-settore-rifiuti-esperienze-e-iniziative-imprenditoriali\/#primaryimage"},"thumbnailUrl":"https:\/\/media-exp1.licdn.com\/dms\/image\/C4D03AQH3xC9JS38f8A\/profile-displayphoto-shrink_800_800\/0\/1541565051449?e=2147483647&amp;v=beta&amp;t=x4Op-9EtT9D4VPBMQKGWxm9n7Hewhz5qlloMB7iDF5s","datePublished":"2022-11-16T07:45:36+00:00","author":{"@id":"https:\/\/www.article-marketing.eu\/comunicatistampa\/#\/schema\/person\/2fcaf8f8f3a9eef9eb7f27532d3ca458"},"breadcrumb":{"@id":"https:\/\/www.article-marketing.eu\/comunicatistampa\/marco-domizio-chi-e-lesperto-del-settore-rifiuti-esperienze-e-iniziative-imprenditoriali\/#breadcrumb"},"inLanguage":"it-IT","potentialAction":[{"@type":"ReadAction","target":["https:\/\/www.article-marketing.eu\/comunicatistampa\/marco-domizio-chi-e-lesperto-del-settore-rifiuti-esperienze-e-iniziative-imprenditoriali\/"]}]},{"@type":"ImageObject","inLanguage":"it-IT","@id":"https:\/\/www.article-marketing.eu\/comunicatistampa\/marco-domizio-chi-e-lesperto-del-settore-rifiuti-esperienze-e-iniziative-imprenditoriali\/#primaryimage","url":"https:\/\/media-exp1.licdn.com\/dms\/image\/C4D03AQH3xC9JS38f8A\/profile-displayphoto-shrink_800_800\/0\/1541565051449?e=2147483647&amp;v=beta&amp;t=x4Op-9EtT9D4VPBMQKGWxm9n7Hewhz5qlloMB7iDF5s","contentUrl":"https:\/\/media-exp1.licdn.com\/dms\/image\/C4D03AQH3xC9JS38f8A\/profile-displayphoto-shrink_800_800\/0\/1541565051449?e=2147483647&amp;v=beta&amp;t=x4Op-9EtT9D4VPBMQKGWxm9n7Hewhz5qlloMB7iDF5s"},{"@type":"BreadcrumbList","@id":"https:\/\/www.article-marketing.eu\/comunicatistampa\/marco-domizio-chi-e-lesperto-del-settore-rifiuti-esperienze-e-iniziative-imprenditoriali\/#breadcrumb","itemListElement":[{"@type":"ListItem","position":1,"name":"Home","item":"https:\/\/www.article-marketing.eu\/comunicatistampa\/"},{"@type":"ListItem","position":2,"name":"Marco Domizio, chi \u00e8 l\u2019esperto del settore rifiuti: esperienze e iniziative imprenditoriali"}]},{"@type":"WebSite","@id":"https:\/\/www.article-marketing.eu\/comunicatistampa\/#website","url":"https:\/\/www.article-marketing.eu\/comunicatistampa\/","name":"Article Marketing","description":"article marketing &amp; press release","potentialAction":[{"@type":"SearchAction","target":{"@type":"EntryPoint","urlTemplate":"https:\/\/www.article-marketing.eu\/comunicatistampa\/?s={search_term_string}"},"query-input":{"@type":"PropertyValueSpecification","valueRequired":true,"valueName":"search_term_string"}}],"inLanguage":"it-IT"},{"@type":"Person","@id":"https:\/\/www.article-marketing.eu\/comunicatistampa\/#\/schema\/person\/2fcaf8f8f3a9eef9eb7f27532d3ca458","name":"articolinews","image":{"@type":"ImageObject","inLanguage":"it-IT","@id":"https:\/\/secure.gravatar.com\/avatar\/9e2a264bab04e17dea24d937c9956304649a848cb73c46747a692ff1bdeb1cb7?s=96&d=mm&r=g","url":"https:\/\/secure.gravatar.com\/avatar\/9e2a264bab04e17dea24d937c9956304649a848cb73c46747a692ff1bdeb1cb7?s=96&d=mm&r=g","contentUrl":"https:\/\/secure.gravatar.com\/avatar\/9e2a264bab04e17dea24d937c9956304649a848cb73c46747a692ff1bdeb1cb7?s=96&d=mm&r=g","caption":"articolinews"},"url":"https:\/\/www.article-marketing.eu\/comunicatistampa\/author\/articolinews\/"}]}},"_links":{"self":[{"href":"https:\/\/www.article-marketing.eu\/comunicatistampa\/wp-json\/wp\/v2\/posts\/25428","targetHints":{"allow":["GET"]}}],"collection":[{"href":"https:\/\/www.article-marketing.eu\/comunicatistampa\/wp-json\/wp\/v2\/posts"}],"about":[{"href":"https:\/\/www.article-marketing.eu\/comunicatistampa\/wp-json\/wp\/v2\/types\/post"}],"author":[{"embeddable":true,"href":"https:\/\/www.article-marketing.eu\/comunicatistampa\/wp-json\/wp\/v2\/users\/6477"}],"replies":[{"embeddable":true,"href":"https:\/\/www.article-marketing.eu\/comunicatistampa\/wp-json\/wp\/v2\/comments?post=25428"}],"version-history":[{"count":2,"href":"https:\/\/www.article-marketing.eu\/comunicatistampa\/wp-json\/wp\/v2\/posts\/25428\/revisions"}],"predecessor-version":[{"id":25475,"href":"https:\/\/www.article-marketing.eu\/comunicatistampa\/wp-json\/wp\/v2\/posts\/25428\/revisions\/25475"}],"wp:attachment":[{"href":"https:\/\/www.article-marketing.eu\/comunicatistampa\/wp-json\/wp\/v2\/media?parent=25428"}],"wp:term":[{"taxonomy":"category","embeddable":true,"href":"https:\/\/www.article-marketing.eu\/comunicatistampa\/wp-json\/wp\/v2\/categories?post=25428"},{"taxonomy":"post_tag","embeddable":true,"href":"https:\/\/www.article-marketing.eu\/comunicatistampa\/wp-json\/wp\/v2\/tags?post=25428"}],"curies":[{"name":"wp","href":"https:\/\/api.w.org\/{rel}","templated":true}]}}